{"id":9855,"date":"2022-02-22T07:57:00","date_gmt":"2022-02-22T07:57:00","guid":{"rendered":"https:\/\/unkorce.edu.al\/?p=9855"},"modified":"2022-02-22T07:57:00","modified_gmt":"2022-02-22T07:57:00","slug":"bashkepunimi-dhe-koordinimi-sa-me-efektiv-midis-universitetit-fan-s-noli-dhe-institucioneve-me-qellim-zhvillimin-e-praktikave-te-studenteve-dhe-jo-vetem-ishte-qellimi-i-nje-tryeze","status":"publish","type":"post","link":"https:\/\/unkorce.edu.al\/en\/bashkepunimi-dhe-koordinimi-sa-me-efektiv-midis-universitetit-fan-s-noli-dhe-institucioneve-me-qellim-zhvillimin-e-praktikave-te-studenteve-dhe-jo-vetem-ishte-qellimi-i-nje-tryeze\/","title":{"rendered":"BASHK\u00cbPUNIMI DHE KOORDINIMI SA M\u00cb EFEKTIV MIDIS UNIVERSITETIT \u201cFAN S. NOLI\u201d DHE INSTITUCIONEVE ME Q\u00cbLLIM ZHVILLIMIN E PRAKTIKAVE T\u00cb STUDENT\u00cbVE, DHE JO VET\u00cbM, ISHTE Q\u00cbLLIMI I NJ\u00cb TRYEZE DISKUTIMESH, ORGANIZUAR NGA DEPARTAMENTI I SHKENCAVE SOCIALE ME P\u00cbRFAQ\u00cbSUES T\u00cb INSTITUCIONEVE T\u00cb NDRYSHME Q\u00cb OPEROJN\u00cb N\u00cb QYTETIN E KOR\u00c7\u00cbS"},"content":{"rendered":"<p>N\u00eb dat\u00ebn 22 shkurt 2022 departamenti i Shkencave Sociale organizoi n\u00eb mjediset e Fakultetit t\u00eb Shkencave Natyrore dhe Shkencave Humane nj\u00eb tryez\u00eb diskutimi, ku ishin t\u00eb pranish\u00ebm drejtues t\u00eb institucioneve, me t\u00eb cil\u00ebt zhvillohen praktikat profesionale t\u00eb student\u00ebve t\u00eb programit t\u00eb studimit Bachelor n\u00eb \u201cAdministrim dhe Politika Sociale\u201d, programit profesional 2-vje\u00e7ar \u201cSh\u00ebrbim Social\u201d dhe t\u00eb programit Master Profesional n\u00eb \u201cAdministrim Publik\u201d. Tema bosht e takimit ishte p\u00ebrmir\u00ebsimi dhe zhvillimi i kurrikulave n\u00eb programet e m\u00ebsip\u00ebrme, duke marr\u00eb n\u00eb konsiderat\u00eb ide dhe mendime nga p\u00ebrfaq\u00ebsues t\u00eb institucioneve, ku student\u00ebt marrin njohuri praktike si specialist\u00eb t\u00eb ardhsh\u00ebm. T\u00eb pranishmit shpreh\u00ebn k\u00ebnaq\u00ebsin\u00eb p\u00ebr organizimin e k\u00ebtij takimi me pedagog\u00eb t\u00eb departamentit t\u00eb Shkencave Sociale, ku u dhan\u00eb mendime t\u00eb vlefshme nga p\u00ebrfaq\u00ebsuesit e Bashkis\u00eb Kor\u00e7\u00eb, Prefektur\u00ebs, Zyr\u00ebs Rajonale t\u00eb Pun\u00ebs, Drejtoris\u00eb Rajonale t\u00eb Sh\u00ebrbimit Social, Qendr\u00ebs Rezidenciale, Kor\u00e7\u00eb, Fondacionit World Vision, Deg\u00ebs s\u00eb Kryqit t\u00eb Kuq, Kor\u00e7\u00eb etj., p\u00ebr nj\u00eb koordinim nd\u00ebrinstitucional sa m\u00eb efektiv p\u00ebr pal\u00ebt.<\/p>\n\n\n\n<figure class=\"wp-block-gallery has-nested-images columns-default is-cropped wp-block-gallery-1 is-layout-flex wp-block-gallery-is-layout-flex\">\n<figure class=\"wp-block-image size-large\"><img decoding=\"async\" data-id=\"9860\" src=\"https:\/\/unkorce.edu.al\/wp-content\/uploads\/2022\/05\/1-11-edited.jpg\" alt=\"\" class=\"wp-image-9860\" \/><\/figure>\n\n\n\n<figure class=\"wp-block-image size-large\"><img decoding=\"async\" data-id=\"9856\" src=\"https:\/\/unkorce.edu.al\/wp-content\/uploads\/2022\/05\/2-12.jpg\" alt=\"\" class=\"wp-image-9856\" \/><\/figure>\n\n\n\n<figure class=\"wp-block-image size-large\"><img decoding=\"async\" data-id=\"9857\" src=\"https:\/\/unkorce.edu.al\/wp-content\/uploads\/2022\/05\/5-7.jpg\" alt=\"\" class=\"wp-image-9857\" \/><\/figure>\n\n\n\n<figure class=\"wp-block-image size-large\"><img decoding=\"async\" data-id=\"9859\" src=\"https:\/\/unkorce.edu.al\/wp-content\/uploads\/2022\/05\/6-2.jpg\" alt=\"\" class=\"wp-image-9859\" \/><\/figure>\n<\/figure>\n\n\n\n<p>Konkretisht nga Zyra e Pun\u00ebs u k\u00ebrkua nj\u00eb databaz\u00eb e student\u00ebve t\u00eb diplomuar dhe kjo me q\u00ebllim q\u00eb t\u2019u ofroj\u00eb atyre mund\u00ebsi t\u00eb ndryshme n\u00eb kuad\u00ebr t\u00eb programeve p\u00ebr nxitjen e pun\u00ebsimit, t\u00eb p\u00ebrkohshme apo afatgjata, duke ndikuar realisht n\u00eb krijimin e vendeve t\u00eb reja t\u00eb pun\u00ebs p\u00ebr ta. Edhe World Vision nga ana tjet\u00ebr ofroi nj\u00eb mund\u00ebsi shum\u00eb t\u00eb mir\u00eb p\u00ebr student\u00ebt, p\u00ebr aft\u00ebsimin e tyre me njohuri mbi hartimin dhe menxhimin e projekteve t\u00eb ndryshme.<\/p>","protected":false},"excerpt":{"rendered":"<p>N\u00eb dat\u00ebn 22 shkurt 2022 departamenti i Shkencave Sociale organizoi n\u00eb mjediset e Fakultetit t\u00eb Shkencave Natyrore dhe Shkencave Humane nj\u00eb tryez\u00eb diskutimi, ku ishin t\u00eb pranish\u00ebm drejtues t\u00eb institucioneve, me t\u00eb cil\u00ebt zhvillohen praktikat profesionale t\u00eb student\u00ebve t\u00eb programit t\u00eb studimit Bachelor n\u00eb \u201cAdministrim dhe Politika Sociale\u201d, programit profesional 2-vje\u00e7ar \u201cSh\u00ebrbim Social\u201d dhe t\u00eb&#8230;<\/p>","protected":false},"author":2,"featured_media":9860,"comment_status":"open","ping_status":"open","sticky":false,"template":"","format":"standard","meta":{"_acf_changed":false,"footnotes":""},"categories":[7],"tags":[],"class_list":["post-9855","post","type-post","status-publish","format-standard","has-post-thumbnail","hentry","category-fakulteti-i-shkencave-natyrore-dhe-shkencave-humane"],"acf":[],"yoast_head":"<!-- This site is optimized with the Yoast SEO plugin v26.9 - https:\/\/yoast.com\/product\/yoast-seo-wordpress\/ -->\n<title>BASHK\u00cbPUNIMI DHE KOORDINIMI SA M\u00cb EFEKTIV MIDIS UNIVERSITETIT \u201cFAN S. NOLI\u201d DHE INSTITUCIONEVE ME Q\u00cbLLIM ZHVILLIMIN E PRAKTIKAVE T\u00cb STUDENT\u00cbVE, DHE JO VET\u00cbM, ISHTE Q\u00cbLLIMI I NJ\u00cb TRYEZE DISKUTIMESH, ORGANIZUAR NGA DEPARTAMENTI I SHKENCAVE SOCIALE ME P\u00cbRFAQ\u00cbSUES T\u00cb INSTITUCIONEVE T\u00cb NDRYSHME Q\u00cb OPEROJN\u00cb N\u00cb QYTETIN E KOR\u00c7\u00cbS - Universiteti &quot;Fan S. Noli&quot;, Kor\u00e7\u00eb<\/title>\n<meta name=\"robots\" content=\"index, follow, max-snippet:-1, max-image-preview:large, max-video-preview:-1\" \/>\n<link rel=\"canonical\" href=\"https:\/\/unkorce.edu.al\/en\/bashkepunimi-dhe-koordinimi-sa-me-efektiv-midis-universitetit-fan-s-noli-dhe-institucioneve-me-qellim-zhvillimin-e-praktikave-te-studenteve-dhe-jo-vetem-ishte-qellimi-i-nje-tryeze\/\" \/>\n<meta property=\"og:locale\" content=\"en_US\" \/>\n<meta property=\"og:type\" content=\"article\" \/>\n<meta property=\"og:title\" content=\"BASHK\u00cbPUNIMI DHE KOORDINIMI SA M\u00cb EFEKTIV MIDIS UNIVERSITETIT \u201cFAN S. NOLI\u201d DHE INSTITUCIONEVE ME Q\u00cbLLIM ZHVILLIMIN E PRAKTIKAVE T\u00cb STUDENT\u00cbVE, DHE JO VET\u00cbM, ISHTE Q\u00cbLLIMI I NJ\u00cb TRYEZE DISKUTIMESH, ORGANIZUAR NGA DEPARTAMENTI I SHKENCAVE SOCIALE ME P\u00cbRFAQ\u00cbSUES T\u00cb INSTITUCIONEVE T\u00cb NDRYSHME Q\u00cb OPEROJN\u00cb N\u00cb QYTETIN E KOR\u00c7\u00cbS - Universiteti &quot;Fan S. Noli&quot;, Kor\u00e7\u00eb\" \/>\n<meta property=\"og:description\" content=\"N\u00eb dat\u00ebn 22 shkurt 2022 departamenti i Shkencave Sociale organizoi n\u00eb mjediset e Fakultetit t\u00eb Shkencave Natyrore dhe Shkencave Humane nj\u00eb tryez\u00eb diskutimi, ku ishin t\u00eb pranish\u00ebm drejtues t\u00eb institucioneve, me t\u00eb cil\u00ebt zhvillohen praktikat profesionale t\u00eb student\u00ebve t\u00eb programit t\u00eb studimit Bachelor n\u00eb \u201cAdministrim dhe Politika Sociale\u201d, programit profesional 2-vje\u00e7ar \u201cSh\u00ebrbim Social\u201d dhe t\u00eb...\" \/>\n<meta property=\"og:url\" content=\"https:\/\/unkorce.edu.al\/en\/bashkepunimi-dhe-koordinimi-sa-me-efektiv-midis-universitetit-fan-s-noli-dhe-institucioneve-me-qellim-zhvillimin-e-praktikave-te-studenteve-dhe-jo-vetem-ishte-qellimi-i-nje-tryeze\/\" \/>\n<meta property=\"og:site_name\" content=\"Universiteti &quot;Fan S. Noli&quot;, Kor\u00e7\u00eb\" \/>\n<meta property=\"article:publisher\" content=\"https:\/\/www.facebook.com\/unkorce\" \/>\n<meta property=\"article:published_time\" content=\"2022-02-22T07:57:00+00:00\" \/>\n<meta name=\"author\" content=\"Brikela Qelemeni\" \/>\n<meta name=\"twitter:card\" content=\"summary_large_image\" \/>\n<meta name=\"twitter:label1\" content=\"Written by\" \/>\n\t<meta name=\"twitter:data1\" content=\"Brikela Qelemeni\" \/>\n\t<meta name=\"twitter:label2\" content=\"Est. reading time\" \/>\n\t<meta name=\"twitter:data2\" content=\"1 minute\" \/>\n<script type=\"application\/ld+json\" class=\"yoast-schema-graph\">{\"@context\":\"https:\/\/schema.org\",\"@graph\":[{\"@type\":\"Article\",\"@id\":\"https:\/\/unkorce.edu.al\/bashkepunimi-dhe-koordinimi-sa-me-efektiv-midis-universitetit-fan-s-noli-dhe-institucioneve-me-qellim-zhvillimin-e-praktikave-te-studenteve-dhe-jo-vetem-ishte-qellimi-i-nje-tryeze\/#article\",\"isPartOf\":{\"@id\":\"https:\/\/unkorce.edu.al\/bashkepunimi-dhe-koordinimi-sa-me-efektiv-midis-universitetit-fan-s-noli-dhe-institucioneve-me-qellim-zhvillimin-e-praktikave-te-studenteve-dhe-jo-vetem-ishte-qellimi-i-nje-tryeze\/\"},\"author\":{\"name\":\"Brikela Qelemeni\",\"@id\":\"https:\/\/unkorce.edu.al\/#\/schema\/person\/faa34c53e1891c174ff76279b528558e\"},\"headline\":\"BASHK\u00cbPUNIMI DHE KOORDINIMI SA M\u00cb EFEKTIV MIDIS UNIVERSITETIT \u201cFAN S. NOLI\u201d DHE INSTITUCIONEVE ME Q\u00cbLLIM ZHVILLIMIN E PRAKTIKAVE T\u00cb STUDENT\u00cbVE, DHE JO VET\u00cbM, ISHTE Q\u00cbLLIMI I NJ\u00cb TRYEZE DISKUTIMESH, ORGANIZUAR NGA DEPARTAMENTI I SHKENCAVE SOCIALE ME P\u00cbRFAQ\u00cbSUES T\u00cb INSTITUCIONEVE T\u00cb NDRYSHME Q\u00cb OPEROJN\u00cb N\u00cb QYTETIN E KOR\u00c7\u00cbS\",\"datePublished\":\"2022-02-22T07:57:00+00:00\",\"mainEntityOfPage\":{\"@id\":\"https:\/\/unkorce.edu.al\/bashkepunimi-dhe-koordinimi-sa-me-efektiv-midis-universitetit-fan-s-noli-dhe-institucioneve-me-qellim-zhvillimin-e-praktikave-te-studenteve-dhe-jo-vetem-ishte-qellimi-i-nje-tryeze\/\"},\"wordCount\":333,\"commentCount\":0,\"publisher\":{\"@id\":\"https:\/\/unkorce.edu.al\/#organization\"},\"image\":{\"@id\":\"https:\/\/unkorce.edu.al\/bashkepunimi-dhe-koordinimi-sa-me-efektiv-midis-universitetit-fan-s-noli-dhe-institucioneve-me-qellim-zhvillimin-e-praktikave-te-studenteve-dhe-jo-vetem-ishte-qellimi-i-nje-tryeze\/#primaryimage\"},\"thumbnailUrl\":\"\",\"articleSection\":[\"Fakulteti i Shkencave Natyrore dhe Shkencave Humane\"],\"inLanguage\":\"en-US\",\"potentialAction\":[{\"@type\":\"CommentAction\",\"name\":\"Comment\",\"target\":[\"https:\/\/unkorce.edu.al\/bashkepunimi-dhe-koordinimi-sa-me-efektiv-midis-universitetit-fan-s-noli-dhe-institucioneve-me-qellim-zhvillimin-e-praktikave-te-studenteve-dhe-jo-vetem-ishte-qellimi-i-nje-tryeze\/#respond\"]}]},{\"@type\":\"WebPage\",\"@id\":\"https:\/\/unkorce.edu.al\/bashkepunimi-dhe-koordinimi-sa-me-efektiv-midis-universitetit-fan-s-noli-dhe-institucioneve-me-qellim-zhvillimin-e-praktikave-te-studenteve-dhe-jo-vetem-ishte-qellimi-i-nje-tryeze\/\",\"url\":\"https:\/\/unkorce.edu.al\/bashkepunimi-dhe-koordinimi-sa-me-efektiv-midis-universitetit-fan-s-noli-dhe-institucioneve-me-qellim-zhvillimin-e-praktikave-te-studenteve-dhe-jo-vetem-ishte-qellimi-i-nje-tryeze\/\",\"name\":\"BASHK\u00cbPUNIMI DHE KOORDINIMI SA M\u00cb EFEKTIV MIDIS UNIVERSITETIT \u201cFAN S. NOLI\u201d DHE INSTITUCIONEVE ME Q\u00cbLLIM ZHVILLIMIN E PRAKTIKAVE T\u00cb STUDENT\u00cbVE, DHE JO VET\u00cbM, ISHTE Q\u00cbLLIMI I NJ\u00cb TRYEZE DISKUTIMESH, ORGANIZUAR NGA DEPARTAMENTI I SHKENCAVE SOCIALE ME P\u00cbRFAQ\u00cbSUES T\u00cb INSTITUCIONEVE T\u00cb NDRYSHME Q\u00cb OPEROJN\u00cb N\u00cb QYTETIN E KOR\u00c7\u00cbS - Universiteti \\\"Fan S. Noli\\\", Kor\u00e7\u00eb\",\"isPartOf\":{\"@id\":\"https:\/\/unkorce.edu.al\/#website\"},\"primaryImageOfPage\":{\"@id\":\"https:\/\/unkorce.edu.al\/bashkepunimi-dhe-koordinimi-sa-me-efektiv-midis-universitetit-fan-s-noli-dhe-institucioneve-me-qellim-zhvillimin-e-praktikave-te-studenteve-dhe-jo-vetem-ishte-qellimi-i-nje-tryeze\/#primaryimage\"},\"image\":{\"@id\":\"https:\/\/unkorce.edu.al\/bashkepunimi-dhe-koordinimi-sa-me-efektiv-midis-universitetit-fan-s-noli-dhe-institucioneve-me-qellim-zhvillimin-e-praktikave-te-studenteve-dhe-jo-vetem-ishte-qellimi-i-nje-tryeze\/#primaryimage\"},\"thumbnailUrl\":\"\",\"datePublished\":\"2022-02-22T07:57:00+00:00\",\"breadcrumb\":{\"@id\":\"https:\/\/unkorce.edu.al\/bashkepunimi-dhe-koordinimi-sa-me-efektiv-midis-universitetit-fan-s-noli-dhe-institucioneve-me-qellim-zhvillimin-e-praktikave-te-studenteve-dhe-jo-vetem-ishte-qellimi-i-nje-tryeze\/#breadcrumb\"},\"inLanguage\":\"en-US\",\"potentialAction\":[{\"@type\":\"ReadAction\",\"target\":[\"https:\/\/unkorce.edu.al\/bashkepunimi-dhe-koordinimi-sa-me-efektiv-midis-universitetit-fan-s-noli-dhe-institucioneve-me-qellim-zhvillimin-e-praktikave-te-studenteve-dhe-jo-vetem-ishte-qellimi-i-nje-tryeze\/\"]}]},{\"@type\":\"ImageObject\",\"inLanguage\":\"en-US\",\"@id\":\"https:\/\/unkorce.edu.al\/bashkepunimi-dhe-koordinimi-sa-me-efektiv-midis-universitetit-fan-s-noli-dhe-institucioneve-me-qellim-zhvillimin-e-praktikave-te-studenteve-dhe-jo-vetem-ishte-qellimi-i-nje-tryeze\/#primaryimage\",\"url\":\"\",\"contentUrl\":\"\"},{\"@type\":\"BreadcrumbList\",\"@id\":\"https:\/\/unkorce.edu.al\/bashkepunimi-dhe-koordinimi-sa-me-efektiv-midis-universitetit-fan-s-noli-dhe-institucioneve-me-qellim-zhvillimin-e-praktikave-te-studenteve-dhe-jo-vetem-ishte-qellimi-i-nje-tryeze\/#breadcrumb\",\"itemListElement\":[{\"@type\":\"ListItem\",\"position\":1,\"name\":\"Home\",\"item\":\"https:\/\/unkorce.edu.al\/\"},{\"@type\":\"ListItem\",\"position\":2,\"name\":\"BASHK\u00cbPUNIMI DHE KOORDINIMI SA M\u00cb EFEKTIV MIDIS UNIVERSITETIT \u201cFAN S. NOLI\u201d DHE INSTITUCIONEVE ME Q\u00cbLLIM ZHVILLIMIN E PRAKTIKAVE T\u00cb STUDENT\u00cbVE, DHE JO VET\u00cbM, ISHTE Q\u00cbLLIMI I NJ\u00cb TRYEZE DISKUTIMESH, ORGANIZUAR NGA DEPARTAMENTI I SHKENCAVE SOCIALE ME P\u00cbRFAQ\u00cbSUES T\u00cb INSTITUCIONEVE T\u00cb NDRYSHME Q\u00cb OPEROJN\u00cb N\u00cb QYTETIN E KOR\u00c7\u00cbS\"}]},{\"@type\":\"WebSite\",\"@id\":\"https:\/\/unkorce.edu.al\/#website\",\"url\":\"https:\/\/unkorce.edu.al\/\",\"name\":\"Universiteti \\\"Fan S. Noli\\\", Kor\u00e7\u00eb\",\"description\":\"Mir&euml;sevini n&euml; faqen zyrtare!\",\"publisher\":{\"@id\":\"https:\/\/unkorce.edu.al\/#organization\"},\"potentialAction\":[{\"@type\":\"SearchAction\",\"target\":{\"@type\":\"EntryPoint\",\"urlTemplate\":\"https:\/\/unkorce.edu.al\/?s={search_term_string}\"},\"query-input\":{\"@type\":\"PropertyValueSpecification\",\"valueRequired\":true,\"valueName\":\"search_term_string\"}}],\"inLanguage\":\"en-US\"},{\"@type\":\"Organization\",\"@id\":\"https:\/\/unkorce.edu.al\/#organization\",\"name\":\"Universiteti \\\"Fan S. Noli\\\", Kor\u00e7\u00eb\",\"url\":\"https:\/\/unkorce.edu.al\/\",\"logo\":{\"@type\":\"ImageObject\",\"inLanguage\":\"en-US\",\"@id\":\"https:\/\/unkorce.edu.al\/#\/schema\/logo\/image\/\",\"url\":\"https:\/\/unkorce.edu.al\/wp-content\/uploads\/2024\/08\/Logo_e_Universitetit__Fan_Noli_-e1726660879862.png\",\"contentUrl\":\"https:\/\/unkorce.edu.al\/wp-content\/uploads\/2024\/08\/Logo_e_Universitetit__Fan_Noli_-e1726660879862.png\",\"width\":200,\"height\":120,\"caption\":\"Universiteti \\\"Fan S. Noli\\\", Kor\u00e7\u00eb\"},\"image\":{\"@id\":\"https:\/\/unkorce.edu.al\/#\/schema\/logo\/image\/\"},\"sameAs\":[\"https:\/\/www.facebook.com\/unkorce\"]},{\"@type\":\"Person\",\"@id\":\"https:\/\/unkorce.edu.al\/#\/schema\/person\/faa34c53e1891c174ff76279b528558e\",\"name\":\"Brikela Qelemeni\",\"image\":{\"@type\":\"ImageObject\",\"inLanguage\":\"en-US\",\"@id\":\"https:\/\/unkorce.edu.al\/#\/schema\/person\/image\/\",\"url\":\"https:\/\/secure.gravatar.com\/avatar\/6c1805558a9218503040c8b9055763822c6184a1cd600127210a9abbc5aaea04?s=96&d=mm&r=g\",\"contentUrl\":\"https:\/\/secure.gravatar.com\/avatar\/6c1805558a9218503040c8b9055763822c6184a1cd600127210a9abbc5aaea04?s=96&d=mm&r=g\",\"caption\":\"Brikela Qelemeni\"},\"url\":\"https:\/\/unkorce.edu.al\/en\/author\/brikela\/\"}]}<\/script>\n<!-- \/ Yoast SEO plugin. -->","yoast_head_json":{"title":"BASHK\u00cbPUNIMI DHE KOORDINIMI SA M\u00cb EFEKTIV MIDIS UNIVERSITETIT \u201cFAN S. NOLI\u201d DHE INSTITUCIONEVE ME Q\u00cbLLIM ZHVILLIMIN E PRAKTIKAVE T\u00cb STUDENT\u00cbVE, DHE JO VET\u00cbM, ISHTE Q\u00cbLLIMI I NJ\u00cb TRYEZE DISKUTIMESH, ORGANIZUAR NGA DEPARTAMENTI I SHKENCAVE SOCIALE ME P\u00cbRFAQ\u00cbSUES T\u00cb INSTITUCIONEVE T\u00cb NDRYSHME Q\u00cb OPEROJN\u00cb N\u00cb QYTETIN E KOR\u00c7\u00cbS - Universiteti \"Fan S. Noli\", Kor\u00e7\u00eb","robots":{"index":"index","follow":"follow","max-snippet":"max-snippet:-1","max-image-preview":"max-image-preview:large","max-video-preview":"max-video-preview:-1"},"canonical":"https:\/\/unkorce.edu.al\/en\/bashkepunimi-dhe-koordinimi-sa-me-efektiv-midis-universitetit-fan-s-noli-dhe-institucioneve-me-qellim-zhvillimin-e-praktikave-te-studenteve-dhe-jo-vetem-ishte-qellimi-i-nje-tryeze\/","og_locale":"en_US","og_type":"article","og_title":"BASHK\u00cbPUNIMI DHE KOORDINIMI SA M\u00cb EFEKTIV MIDIS UNIVERSITETIT \u201cFAN S. NOLI\u201d DHE INSTITUCIONEVE ME Q\u00cbLLIM ZHVILLIMIN E PRAKTIKAVE T\u00cb STUDENT\u00cbVE, DHE JO VET\u00cbM, ISHTE Q\u00cbLLIMI I NJ\u00cb TRYEZE DISKUTIMESH, ORGANIZUAR NGA DEPARTAMENTI I SHKENCAVE SOCIALE ME P\u00cbRFAQ\u00cbSUES T\u00cb INSTITUCIONEVE T\u00cb NDRYSHME Q\u00cb OPEROJN\u00cb N\u00cb QYTETIN E KOR\u00c7\u00cbS - Universiteti \"Fan S. Noli\", Kor\u00e7\u00eb","og_description":"N\u00eb dat\u00ebn 22 shkurt 2022 departamenti i Shkencave Sociale organizoi n\u00eb mjediset e Fakultetit t\u00eb Shkencave Natyrore dhe Shkencave Humane nj\u00eb tryez\u00eb diskutimi, ku ishin t\u00eb pranish\u00ebm drejtues t\u00eb institucioneve, me t\u00eb cil\u00ebt zhvillohen praktikat profesionale t\u00eb student\u00ebve t\u00eb programit t\u00eb studimit Bachelor n\u00eb \u201cAdministrim dhe Politika Sociale\u201d, programit profesional 2-vje\u00e7ar \u201cSh\u00ebrbim Social\u201d dhe t\u00eb...","og_url":"https:\/\/unkorce.edu.al\/en\/bashkepunimi-dhe-koordinimi-sa-me-efektiv-midis-universitetit-fan-s-noli-dhe-institucioneve-me-qellim-zhvillimin-e-praktikave-te-studenteve-dhe-jo-vetem-ishte-qellimi-i-nje-tryeze\/","og_site_name":"Universiteti \"Fan S. Noli\", Kor\u00e7\u00eb","article_publisher":"https:\/\/www.facebook.com\/unkorce","article_published_time":"2022-02-22T07:57:00+00:00","author":"Brikela Qelemeni","twitter_card":"summary_large_image","twitter_misc":{"Written by":"Brikela Qelemeni","Est. reading time":"1 minute"},"schema":{"@context":"https:\/\/schema.org","@graph":[{"@type":"Article","@id":"https:\/\/unkorce.edu.al\/bashkepunimi-dhe-koordinimi-sa-me-efektiv-midis-universitetit-fan-s-noli-dhe-institucioneve-me-qellim-zhvillimin-e-praktikave-te-studenteve-dhe-jo-vetem-ishte-qellimi-i-nje-tryeze\/#article","isPartOf":{"@id":"https:\/\/unkorce.edu.al\/bashkepunimi-dhe-koordinimi-sa-me-efektiv-midis-universitetit-fan-s-noli-dhe-institucioneve-me-qellim-zhvillimin-e-praktikave-te-studenteve-dhe-jo-vetem-ishte-qellimi-i-nje-tryeze\/"},"author":{"name":"Brikela Qelemeni","@id":"https:\/\/unkorce.edu.al\/#\/schema\/person\/faa34c53e1891c174ff76279b528558e"},"headline":"BASHK\u00cbPUNIMI DHE KOORDINIMI SA M\u00cb EFEKTIV MIDIS UNIVERSITETIT \u201cFAN S. NOLI\u201d DHE INSTITUCIONEVE ME Q\u00cbLLIM ZHVILLIMIN E PRAKTIKAVE T\u00cb STUDENT\u00cbVE, DHE JO VET\u00cbM, ISHTE Q\u00cbLLIMI I NJ\u00cb TRYEZE DISKUTIMESH, ORGANIZUAR NGA DEPARTAMENTI I SHKENCAVE SOCIALE ME P\u00cbRFAQ\u00cbSUES T\u00cb INSTITUCIONEVE T\u00cb NDRYSHME Q\u00cb OPEROJN\u00cb N\u00cb QYTETIN E KOR\u00c7\u00cbS","datePublished":"2022-02-22T07:57:00+00:00","mainEntityOfPage":{"@id":"https:\/\/unkorce.edu.al\/bashkepunimi-dhe-koordinimi-sa-me-efektiv-midis-universitetit-fan-s-noli-dhe-institucioneve-me-qellim-zhvillimin-e-praktikave-te-studenteve-dhe-jo-vetem-ishte-qellimi-i-nje-tryeze\/"},"wordCount":333,"commentCount":0,"publisher":{"@id":"https:\/\/unkorce.edu.al\/#organization"},"image":{"@id":"https:\/\/unkorce.edu.al\/bashkepunimi-dhe-koordinimi-sa-me-efektiv-midis-universitetit-fan-s-noli-dhe-institucioneve-me-qellim-zhvillimin-e-praktikave-te-studenteve-dhe-jo-vetem-ishte-qellimi-i-nje-tryeze\/#primaryimage"},"thumbnailUrl":"","articleSection":["Fakulteti i Shkencave Natyrore dhe Shkencave Humane"],"inLanguage":"en-US","potentialAction":[{"@type":"CommentAction","name":"Comment","target":["https:\/\/unkorce.edu.al\/bashkepunimi-dhe-koordinimi-sa-me-efektiv-midis-universitetit-fan-s-noli-dhe-institucioneve-me-qellim-zhvillimin-e-praktikave-te-studenteve-dhe-jo-vetem-ishte-qellimi-i-nje-tryeze\/#respond"]}]},{"@type":"WebPage","@id":"https:\/\/unkorce.edu.al\/bashkepunimi-dhe-koordinimi-sa-me-efektiv-midis-universitetit-fan-s-noli-dhe-institucioneve-me-qellim-zhvillimin-e-praktikave-te-studenteve-dhe-jo-vetem-ishte-qellimi-i-nje-tryeze\/","url":"https:\/\/unkorce.edu.al\/bashkepunimi-dhe-koordinimi-sa-me-efektiv-midis-universitetit-fan-s-noli-dhe-institucioneve-me-qellim-zhvillimin-e-praktikave-te-studenteve-dhe-jo-vetem-ishte-qellimi-i-nje-tryeze\/","name":"BASHK\u00cbPUNIMI DHE KOORDINIMI SA M\u00cb EFEKTIV MIDIS UNIVERSITETIT \u201cFAN S. NOLI\u201d DHE INSTITUCIONEVE ME Q\u00cbLLIM ZHVILLIMIN E PRAKTIKAVE T\u00cb STUDENT\u00cbVE, DHE JO VET\u00cbM, ISHTE Q\u00cbLLIMI I NJ\u00cb TRYEZE DISKUTIMESH, ORGANIZUAR NGA DEPARTAMENTI I SHKENCAVE SOCIALE ME P\u00cbRFAQ\u00cbSUES T\u00cb INSTITUCIONEVE T\u00cb NDRYSHME Q\u00cb OPEROJN\u00cb N\u00cb QYTETIN E KOR\u00c7\u00cbS - Universiteti \"Fan S. Noli\", Kor\u00e7\u00eb","isPartOf":{"@id":"https:\/\/unkorce.edu.al\/#website"},"primaryImageOfPage":{"@id":"https:\/\/unkorce.edu.al\/bashkepunimi-dhe-koordinimi-sa-me-efektiv-midis-universitetit-fan-s-noli-dhe-institucioneve-me-qellim-zhvillimin-e-praktikave-te-studenteve-dhe-jo-vetem-ishte-qellimi-i-nje-tryeze\/#primaryimage"},"image":{"@id":"https:\/\/unkorce.edu.al\/bashkepunimi-dhe-koordinimi-sa-me-efektiv-midis-universitetit-fan-s-noli-dhe-institucioneve-me-qellim-zhvillimin-e-praktikave-te-studenteve-dhe-jo-vetem-ishte-qellimi-i-nje-tryeze\/#primaryimage"},"thumbnailUrl":"","datePublished":"2022-02-22T07:57:00+00:00","breadcrumb":{"@id":"https:\/\/unkorce.edu.al\/bashkepunimi-dhe-koordinimi-sa-me-efektiv-midis-universitetit-fan-s-noli-dhe-institucioneve-me-qellim-zhvillimin-e-praktikave-te-studenteve-dhe-jo-vetem-ishte-qellimi-i-nje-tryeze\/#breadcrumb"},"inLanguage":"en-US","potentialAction":[{"@type":"ReadAction","target":["https:\/\/unkorce.edu.al\/bashkepunimi-dhe-koordinimi-sa-me-efektiv-midis-universitetit-fan-s-noli-dhe-institucioneve-me-qellim-zhvillimin-e-praktikave-te-studenteve-dhe-jo-vetem-ishte-qellimi-i-nje-tryeze\/"]}]},{"@type":"ImageObject","inLanguage":"en-US","@id":"https:\/\/unkorce.edu.al\/bashkepunimi-dhe-koordinimi-sa-me-efektiv-midis-universitetit-fan-s-noli-dhe-institucioneve-me-qellim-zhvillimin-e-praktikave-te-studenteve-dhe-jo-vetem-ishte-qellimi-i-nje-tryeze\/#primaryimage","url":"","contentUrl":""},{"@type":"BreadcrumbList","@id":"https:\/\/unkorce.edu.al\/bashkepunimi-dhe-koordinimi-sa-me-efektiv-midis-universitetit-fan-s-noli-dhe-institucioneve-me-qellim-zhvillimin-e-praktikave-te-studenteve-dhe-jo-vetem-ishte-qellimi-i-nje-tryeze\/#breadcrumb","itemListElement":[{"@type":"ListItem","position":1,"name":"Home","item":"https:\/\/unkorce.edu.al\/"},{"@type":"ListItem","position":2,"name":"BASHK\u00cbPUNIMI DHE KOORDINIMI SA M\u00cb EFEKTIV MIDIS UNIVERSITETIT \u201cFAN S. NOLI\u201d DHE INSTITUCIONEVE ME Q\u00cbLLIM ZHVILLIMIN E PRAKTIKAVE T\u00cb STUDENT\u00cbVE, DHE JO VET\u00cbM, ISHTE Q\u00cbLLIMI I NJ\u00cb TRYEZE DISKUTIMESH, ORGANIZUAR NGA DEPARTAMENTI I SHKENCAVE SOCIALE ME P\u00cbRFAQ\u00cbSUES T\u00cb INSTITUCIONEVE T\u00cb NDRYSHME Q\u00cb OPEROJN\u00cb N\u00cb QYTETIN E KOR\u00c7\u00cbS"}]},{"@type":"WebSite","@id":"https:\/\/unkorce.edu.al\/#website","url":"https:\/\/unkorce.edu.al\/","name":"Universiteti \"Fan S. Noli\", Kor\u00e7\u00eb","description":"Mir&euml;sevini n&euml; faqen zyrtare!","publisher":{"@id":"https:\/\/unkorce.edu.al\/#organization"},"potentialAction":[{"@type":"SearchAction","target":{"@type":"EntryPoint","urlTemplate":"https:\/\/unkorce.edu.al\/?s={search_term_string}"},"query-input":{"@type":"PropertyValueSpecification","valueRequired":true,"valueName":"search_term_string"}}],"inLanguage":"en-US"},{"@type":"Organization","@id":"https:\/\/unkorce.edu.al\/#organization","name":"Universiteti \"Fan S. Noli\", Kor\u00e7\u00eb","url":"https:\/\/unkorce.edu.al\/","logo":{"@type":"ImageObject","inLanguage":"en-US","@id":"https:\/\/unkorce.edu.al\/#\/schema\/logo\/image\/","url":"https:\/\/unkorce.edu.al\/wp-content\/uploads\/2024\/08\/Logo_e_Universitetit__Fan_Noli_-e1726660879862.png","contentUrl":"https:\/\/unkorce.edu.al\/wp-content\/uploads\/2024\/08\/Logo_e_Universitetit__Fan_Noli_-e1726660879862.png","width":200,"height":120,"caption":"Universiteti \"Fan S. Noli\", Kor\u00e7\u00eb"},"image":{"@id":"https:\/\/unkorce.edu.al\/#\/schema\/logo\/image\/"},"sameAs":["https:\/\/www.facebook.com\/unkorce"]},{"@type":"Person","@id":"https:\/\/unkorce.edu.al\/#\/schema\/person\/faa34c53e1891c174ff76279b528558e","name":"Brikela Qelemeni","image":{"@type":"ImageObject","inLanguage":"en-US","@id":"https:\/\/unkorce.edu.al\/#\/schema\/person\/image\/","url":"https:\/\/secure.gravatar.com\/avatar\/6c1805558a9218503040c8b9055763822c6184a1cd600127210a9abbc5aaea04?s=96&d=mm&r=g","contentUrl":"https:\/\/secure.gravatar.com\/avatar\/6c1805558a9218503040c8b9055763822c6184a1cd600127210a9abbc5aaea04?s=96&d=mm&r=g","caption":"Brikela Qelemeni"},"url":"https:\/\/unkorce.edu.al\/en\/author\/brikela\/"}]}},"_links":{"self":[{"href":"https:\/\/unkorce.edu.al\/en\/wp-json\/wp\/v2\/posts\/9855","targetHints":{"allow":["GET"]}}],"collection":[{"href":"https:\/\/unkorce.edu.al\/en\/wp-json\/wp\/v2\/posts"}],"about":[{"href":"https:\/\/unkorce.edu.al\/en\/wp-json\/wp\/v2\/types\/post"}],"author":[{"embeddable":true,"href":"https:\/\/unkorce.edu.al\/en\/wp-json\/wp\/v2\/users\/2"}],"replies":[{"embeddable":true,"href":"https:\/\/unkorce.edu.al\/en\/wp-json\/wp\/v2\/comments?post=9855"}],"version-history":[{"count":0,"href":"https:\/\/unkorce.edu.al\/en\/wp-json\/wp\/v2\/posts\/9855\/revisions"}],"wp:featuredmedia":[{"embeddable":true,"href":"https:\/\/unkorce.edu.al\/en\/wp-json\/"}],"wp:attachment":[{"href":"https:\/\/unkorce.edu.al\/en\/wp-json\/wp\/v2\/media?parent=9855"}],"wp:term":[{"taxonomy":"category","embeddable":true,"href":"https:\/\/unkorce.edu.al\/en\/wp-json\/wp\/v2\/categories?post=9855"},{"taxonomy":"post_tag","embeddable":true,"href":"https:\/\/unkorce.edu.al\/en\/wp-json\/wp\/v2\/tags?post=9855"}],"curies":[{"name":"wp","href":"https:\/\/api.w.org\/{rel}","templated":true}]}}