{"id":7514,"date":"2017-11-02T06:46:21","date_gmt":"2017-11-02T06:46:21","guid":{"rendered":"https:\/\/unkorce.edu.al\/2017\/11\/02\/programi-i-bursave-sur-place-te-fondacionit-konrad-adenauer\/"},"modified":"2017-11-02T06:46:21","modified_gmt":"2017-11-02T06:46:21","slug":"programi-i-bursave-sur-place-te-fondacionit-konrad-adenauer","status":"publish","type":"post","link":"https:\/\/unkorce.edu.al\/en\/programi-i-bursave-sur-place-te-fondacionit-konrad-adenauer\/","title":{"rendered":"PROGRAMI I BURSAVE SUR-PLACE T\u00cb FONDACIONIT KONRAD ADENAUER"},"content":{"rendered":"<p>Fondacioni Konrad Adenauer synon t\u00eb kontribuoj\u00eb n\u00eb nd\u00ebrtimin e nj\u00eb shoq\u00ebrie civile e demokratike n\u00eb Republik\u00ebn e Shqip\u00ebris\u00eb, ku gjith\u00ebsecili respekton t\u00eb drejtat e bashk\u00ebqytetar\u00ebve, ku ata q\u00eb ndihen m\u00eb t\u00eb fort\u00eb kujdesen edhe p\u00ebr nevojat e m\u00eb t\u00eb dobt\u00ebve dhe ku \u00e7dokush e kupton shtetin si nj\u00eb korniz\u00eb mb\u00ebshtet\u00ebse, n\u00ebp\u00ebrmjet t\u00eb cilit \u00e7do individ mund t\u00eb shpalos\u00eb e t\u00eb zhvilloj\u00eb aft\u00ebsit\u00eb e tij n\u00eb m\u00ebnyr\u00eb t\u00eb ndershme, t\u00eb drejt\u00eb e t\u00eb barabart\u00eb.<\/p>\n<p>P\u00ebr k\u00ebt\u00eb q\u00ebllim, Fondacioni Konrad Adenauer, n\u00ebp\u00ebrmjet nj\u00eb programi specifik bursash, ofron mb\u00ebshtetje p\u00ebr student\u00eb t\u00eb cil\u00ebt me p\u00ebrfundimin e studimeve n\u00eb nivelin bachelor d\u00ebshirojn\u00eb t\u00eb p\u00ebrfitojn\u00eb grad\u00ebn shkencore master.<\/p>\n<p>Kandidat\u00ebve u k\u00ebrkohet t\u00eb tregojn\u00eb interes p\u00ebr politiken dhe t\u00eb d\u00ebshmojn\u00eb angazhim social.<\/p>\n<p>Synimi i programit ton\u00eb t\u00eb bursave \u00ebsht\u00eb: identifikimi i personave t\u00eb talentuar dhe mb\u00ebshtetja e tyre gjat\u00eb p\u00ebrgatitjes p\u00ebr t\u00eb marr\u00eb p\u00ebrsip\u00ebr p\u00ebrgjegj\u00ebsi n\u00eb fushat e politik\u00ebs, t\u00eb shkenc\u00ebs, medias, kultur\u00ebs e biznesit si dhe n\u00eb organizimin dhe menaxhimin e veprimtarive t\u00eb shoq\u00ebris\u00eb civile.<\/p>\n<p>P\u00ebr t\u00eb p\u00ebrfituar nj\u00eb burs\u00eb nga programet tona, aplikanti duhet t\u00eb p\u00ebrmbush\u00eb kriteret e m\u00ebposhtme:<\/p>\n<ul>\n<li>T\u00eb ket\u00eb p\u00ebrfunduar ciklin e studimeve bachelor me not\u00eb mesatare mbi 8,5<\/li>\n<li>T\u00eb regjistrohet p\u00ebr ndjekjen e studimeve master pran\u00eb nj\u00eb universiteti publik n\u00eb Republik\u00ebn e Shqip\u00ebris\u00eb<\/li>\n<li>T\u00eb ket\u00eb njohuri t\u00eb mira t\u00eb gjuh\u00ebs angleze ose gjermane<\/li>\n<li>T\u00eb jet\u00eb aktiv n\u00eb jet\u00ebn politike e sociale n\u00eb vend<\/li>\n<li>T\u00eb d\u00ebshmoj\u00eb t\u00eb ardhura mujore modeste<\/li>\n<li>T\u00eb shfaq\u00eb k\u00ebmb\u00ebngulje e motivim p\u00ebr t\u00eb ndikuar pozitivisht n\u00eb form\u00ebsimin e s\u00eb ardhmes politike n\u00eb vend dhe zhvillimin e fushave q\u00eb lidhen me politikat shtet\u00ebrore, duke u identifikuar me vlerat e solidaritetit social<\/li>\n<\/ul>\n<p>Aplikimet mbyllen m\u00eb dat\u00eb 10 N\u00ebntor 2017. Aplikant\u00ebt e p\u00ebrzgjedhur do t\u00eb ftohen p\u00ebr nj\u00eb intervist\u00eb n\u00eb zyrat e Fondacionit Konrad Adenauer.<\/p>\n<p>Formulari i aplikimit mund t\u00eb shkarkohet online k\u00ebtu :<\/p>\n<p><a href=\"http:\/\/www.kas.de\/wf\/doc\/20491-1442-1-30.pdf\">http:\/\/www.kas.de\/wf\/doc\/20491-1442-1-30.pdf<\/a><\/p>\n<p>Formularit t\u00eb aplikimit duhet t\u2019i bashk\u00ebngjiten k\u00ebto dokumenta n\u00eb shqip:<\/p>\n<ol>\n<li>Curriculum Vitae<\/li>\n<li>Dy letra rekomandimi (t\u00eb pakt\u00ebn nj\u00ebra duhet t\u00eb jet\u00eb e firmosur nga nj\u00eb profesor i universitetit ku aplikanti ka p\u00ebrfunduar studimet bachelor)<\/li>\n<li>Nj\u00eb let\u00ebr motivimi<\/li>\n<li>Nj\u00eb kopje e noterizuar e list\u00ebs s\u00eb notave t\u00eb studimeve t\u00eb larta<\/li>\n<li>Nj\u00eb fotografi<\/li>\n<\/ol>\n<p>Ju lutemi dergoni aplikimin me post\u00eb, apo ta dor\u00ebzoni at\u00eb personalisht n\u00eb adres\u00ebn:<\/p>\n<p>Fondacioni Konrad Adenauer<\/p>\n<p>Zheni Kor\u00e7ari<\/p>\n<p>Blv. &#8220;D\u00ebshmor\u00ebt e Kombit&#8221; Kulla Binjake Nr. 1 Kati 11, Tiran\u00eb, Shqip\u00ebri<\/p>\n<p>&nbsp;<\/p>\n<p>P\u00ebr informacione t\u00eb m\u00ebtejshme, ju lutem kontaktoni:<\/p>\n<p>Znj. Zheni Kor\u00e7ari n\u00eb:&nbsp;E-Mail:<a href=\"mailto:Zheni.Korcari@kas.de\">Zheni.Korcari@kas.de<\/a><\/p>\n<p>Tel. +355 4 22 66 525<\/p>","protected":false},"excerpt":{"rendered":"<p>Fondacioni Konrad Adenauer synon t\u00eb kontribuoj\u00eb n\u00eb nd\u00ebrtimin e nj\u00eb shoq\u00ebrie civile e demokratike n\u00eb Republik\u00ebn e Shqip\u00ebris\u00eb, ku gjith\u00ebsecili respekton t\u00eb drejtat e bashk\u00ebqytetar\u00ebve, ku ata q\u00eb ndihen m\u00eb t\u00eb fort\u00eb kujdesen edhe p\u00ebr nevojat e m\u00eb t\u00eb dobt\u00ebve dhe ku \u00e7dokush e kupton shtetin si nj\u00eb korniz\u00eb mb\u00ebshtet\u00ebse, n\u00ebp\u00ebrmjet t\u00eb cilit \u00e7do individ&#8230;<\/p>","protected":false},"author":122,"featured_media":0,"comment_status":"open","ping_status":"open","sticky":false,"template":"","format":"standard","meta":{"_acf_changed":false,"footnotes":""},"categories":[1],"tags":[],"class_list":["post-7514","post","type-post","status-publish","format-standard","hentry","category-uncategorized"],"acf":[],"yoast_head":"<!-- This site is optimized with the Yoast SEO plugin v26.9 - https:\/\/yoast.com\/product\/yoast-seo-wordpress\/ -->\n<title>PROGRAMI I BURSAVE SUR-PLACE T\u00cb FONDACIONIT KONRAD ADENAUER - Universiteti &quot;Fan S. Noli&quot;, Kor\u00e7\u00eb<\/title>\n<meta name=\"robots\" content=\"index, follow, max-snippet:-1, max-image-preview:large, max-video-preview:-1\" \/>\n<link rel=\"canonical\" href=\"https:\/\/unkorce.edu.al\/en\/programi-i-bursave-sur-place-te-fondacionit-konrad-adenauer\/\" \/>\n<meta property=\"og:locale\" content=\"en_US\" \/>\n<meta property=\"og:type\" content=\"article\" \/>\n<meta property=\"og:title\" content=\"PROGRAMI I BURSAVE SUR-PLACE T\u00cb FONDACIONIT KONRAD ADENAUER - Universiteti &quot;Fan S. Noli&quot;, Kor\u00e7\u00eb\" \/>\n<meta property=\"og:description\" content=\"Fondacioni Konrad Adenauer synon t\u00eb kontribuoj\u00eb n\u00eb nd\u00ebrtimin e nj\u00eb shoq\u00ebrie civile e demokratike n\u00eb Republik\u00ebn e Shqip\u00ebris\u00eb, ku gjith\u00ebsecili respekton t\u00eb drejtat e bashk\u00ebqytetar\u00ebve, ku ata q\u00eb ndihen m\u00eb t\u00eb fort\u00eb kujdesen edhe p\u00ebr nevojat e m\u00eb t\u00eb dobt\u00ebve dhe ku \u00e7dokush e kupton shtetin si nj\u00eb korniz\u00eb mb\u00ebshtet\u00ebse, n\u00ebp\u00ebrmjet t\u00eb cilit \u00e7do individ...\" \/>\n<meta property=\"og:url\" content=\"https:\/\/unkorce.edu.al\/en\/programi-i-bursave-sur-place-te-fondacionit-konrad-adenauer\/\" \/>\n<meta property=\"og:site_name\" content=\"Universiteti &quot;Fan S. Noli&quot;, Kor\u00e7\u00eb\" \/>\n<meta property=\"article:publisher\" content=\"https:\/\/www.facebook.com\/unkorce\" \/>\n<meta property=\"article:published_time\" content=\"2017-11-02T06:46:21+00:00\" \/>\n<meta name=\"author\" content=\"admin\" \/>\n<meta name=\"twitter:card\" content=\"summary_large_image\" \/>\n<meta name=\"twitter:label1\" content=\"Written by\" \/>\n\t<meta name=\"twitter:data1\" content=\"admin\" \/>\n\t<meta name=\"twitter:label2\" content=\"Est. reading time\" \/>\n\t<meta name=\"twitter:data2\" content=\"2 minutes\" \/>\n<script type=\"application\/ld+json\" class=\"yoast-schema-graph\">{\"@context\":\"https:\/\/schema.org\",\"@graph\":[{\"@type\":\"Article\",\"@id\":\"https:\/\/unkorce.edu.al\/programi-i-bursave-sur-place-te-fondacionit-konrad-adenauer\/#article\",\"isPartOf\":{\"@id\":\"https:\/\/unkorce.edu.al\/programi-i-bursave-sur-place-te-fondacionit-konrad-adenauer\/\"},\"author\":{\"name\":\"admin\",\"@id\":\"https:\/\/unkorce.edu.al\/#\/schema\/person\/e335f987920788de76832aa7395b35c9\"},\"headline\":\"PROGRAMI I BURSAVE SUR-PLACE T\u00cb FONDACIONIT KONRAD ADENAUER\",\"datePublished\":\"2017-11-02T06:46:21+00:00\",\"mainEntityOfPage\":{\"@id\":\"https:\/\/unkorce.edu.al\/programi-i-bursave-sur-place-te-fondacionit-konrad-adenauer\/\"},\"wordCount\":485,\"commentCount\":0,\"publisher\":{\"@id\":\"https:\/\/unkorce.edu.al\/#organization\"},\"inLanguage\":\"en-US\",\"potentialAction\":[{\"@type\":\"CommentAction\",\"name\":\"Comment\",\"target\":[\"https:\/\/unkorce.edu.al\/programi-i-bursave-sur-place-te-fondacionit-konrad-adenauer\/#respond\"]}]},{\"@type\":\"WebPage\",\"@id\":\"https:\/\/unkorce.edu.al\/programi-i-bursave-sur-place-te-fondacionit-konrad-adenauer\/\",\"url\":\"https:\/\/unkorce.edu.al\/programi-i-bursave-sur-place-te-fondacionit-konrad-adenauer\/\",\"name\":\"PROGRAMI I BURSAVE SUR-PLACE T\u00cb FONDACIONIT KONRAD ADENAUER - Universiteti \\\"Fan S. Noli\\\", Kor\u00e7\u00eb\",\"isPartOf\":{\"@id\":\"https:\/\/unkorce.edu.al\/#website\"},\"datePublished\":\"2017-11-02T06:46:21+00:00\",\"breadcrumb\":{\"@id\":\"https:\/\/unkorce.edu.al\/programi-i-bursave-sur-place-te-fondacionit-konrad-adenauer\/#breadcrumb\"},\"inLanguage\":\"en-US\",\"potentialAction\":[{\"@type\":\"ReadAction\",\"target\":[\"https:\/\/unkorce.edu.al\/programi-i-bursave-sur-place-te-fondacionit-konrad-adenauer\/\"]}]},{\"@type\":\"BreadcrumbList\",\"@id\":\"https:\/\/unkorce.edu.al\/programi-i-bursave-sur-place-te-fondacionit-konrad-adenauer\/#breadcrumb\",\"itemListElement\":[{\"@type\":\"ListItem\",\"position\":1,\"name\":\"Home\",\"item\":\"https:\/\/unkorce.edu.al\/\"},{\"@type\":\"ListItem\",\"position\":2,\"name\":\"PROGRAMI I BURSAVE SUR-PLACE T\u00cb FONDACIONIT KONRAD ADENAUER\"}]},{\"@type\":\"WebSite\",\"@id\":\"https:\/\/unkorce.edu.al\/#website\",\"url\":\"https:\/\/unkorce.edu.al\/\",\"name\":\"Universiteti \\\"Fan S. Noli\\\", Kor\u00e7\u00eb\",\"description\":\"Mir&euml;sevini n&euml; faqen zyrtare!\",\"publisher\":{\"@id\":\"https:\/\/unkorce.edu.al\/#organization\"},\"potentialAction\":[{\"@type\":\"SearchAction\",\"target\":{\"@type\":\"EntryPoint\",\"urlTemplate\":\"https:\/\/unkorce.edu.al\/?s={search_term_string}\"},\"query-input\":{\"@type\":\"PropertyValueSpecification\",\"valueRequired\":true,\"valueName\":\"search_term_string\"}}],\"inLanguage\":\"en-US\"},{\"@type\":\"Organization\",\"@id\":\"https:\/\/unkorce.edu.al\/#organization\",\"name\":\"Universiteti \\\"Fan S. Noli\\\", Kor\u00e7\u00eb\",\"url\":\"https:\/\/unkorce.edu.al\/\",\"logo\":{\"@type\":\"ImageObject\",\"inLanguage\":\"en-US\",\"@id\":\"https:\/\/unkorce.edu.al\/#\/schema\/logo\/image\/\",\"url\":\"https:\/\/unkorce.edu.al\/wp-content\/uploads\/2024\/08\/Logo_e_Universitetit__Fan_Noli_-e1726660879862.png\",\"contentUrl\":\"https:\/\/unkorce.edu.al\/wp-content\/uploads\/2024\/08\/Logo_e_Universitetit__Fan_Noli_-e1726660879862.png\",\"width\":200,\"height\":120,\"caption\":\"Universiteti \\\"Fan S. Noli\\\", Kor\u00e7\u00eb\"},\"image\":{\"@id\":\"https:\/\/unkorce.edu.al\/#\/schema\/logo\/image\/\"},\"sameAs\":[\"https:\/\/www.facebook.com\/unkorce\"]},{\"@type\":\"Person\",\"@id\":\"https:\/\/unkorce.edu.al\/#\/schema\/person\/e335f987920788de76832aa7395b35c9\",\"name\":\"admin\",\"image\":{\"@type\":\"ImageObject\",\"inLanguage\":\"en-US\",\"@id\":\"https:\/\/unkorce.edu.al\/#\/schema\/person\/image\/\",\"url\":\"https:\/\/secure.gravatar.com\/avatar\/d6fa2e689697624268cddf82455237bf01dcca0f1b110a0e0ee6f60a81605cf4?s=96&d=mm&r=g\",\"contentUrl\":\"https:\/\/secure.gravatar.com\/avatar\/d6fa2e689697624268cddf82455237bf01dcca0f1b110a0e0ee6f60a81605cf4?s=96&d=mm&r=g\",\"caption\":\"admin\"},\"sameAs\":[\"http:\/\/unkorce.edu.al\"],\"url\":\"https:\/\/unkorce.edu.al\/en\/author\/unkorce\/\"}]}<\/script>\n<!-- \/ Yoast SEO plugin. -->","yoast_head_json":{"title":"PROGRAMI I BURSAVE SUR-PLACE T\u00cb FONDACIONIT KONRAD ADENAUER - Universiteti \"Fan S. Noli\", Kor\u00e7\u00eb","robots":{"index":"index","follow":"follow","max-snippet":"max-snippet:-1","max-image-preview":"max-image-preview:large","max-video-preview":"max-video-preview:-1"},"canonical":"https:\/\/unkorce.edu.al\/en\/programi-i-bursave-sur-place-te-fondacionit-konrad-adenauer\/","og_locale":"en_US","og_type":"article","og_title":"PROGRAMI I BURSAVE SUR-PLACE T\u00cb FONDACIONIT KONRAD ADENAUER - Universiteti \"Fan S. Noli\", Kor\u00e7\u00eb","og_description":"Fondacioni Konrad Adenauer synon t\u00eb kontribuoj\u00eb n\u00eb nd\u00ebrtimin e nj\u00eb shoq\u00ebrie civile e demokratike n\u00eb Republik\u00ebn e Shqip\u00ebris\u00eb, ku gjith\u00ebsecili respekton t\u00eb drejtat e bashk\u00ebqytetar\u00ebve, ku ata q\u00eb ndihen m\u00eb t\u00eb fort\u00eb kujdesen edhe p\u00ebr nevojat e m\u00eb t\u00eb dobt\u00ebve dhe ku \u00e7dokush e kupton shtetin si nj\u00eb korniz\u00eb mb\u00ebshtet\u00ebse, n\u00ebp\u00ebrmjet t\u00eb cilit \u00e7do individ...","og_url":"https:\/\/unkorce.edu.al\/en\/programi-i-bursave-sur-place-te-fondacionit-konrad-adenauer\/","og_site_name":"Universiteti \"Fan S. Noli\", Kor\u00e7\u00eb","article_publisher":"https:\/\/www.facebook.com\/unkorce","article_published_time":"2017-11-02T06:46:21+00:00","author":"admin","twitter_card":"summary_large_image","twitter_misc":{"Written by":"admin","Est. reading time":"2 minutes"},"schema":{"@context":"https:\/\/schema.org","@graph":[{"@type":"Article","@id":"https:\/\/unkorce.edu.al\/programi-i-bursave-sur-place-te-fondacionit-konrad-adenauer\/#article","isPartOf":{"@id":"https:\/\/unkorce.edu.al\/programi-i-bursave-sur-place-te-fondacionit-konrad-adenauer\/"},"author":{"name":"admin","@id":"https:\/\/unkorce.edu.al\/#\/schema\/person\/e335f987920788de76832aa7395b35c9"},"headline":"PROGRAMI I BURSAVE SUR-PLACE T\u00cb FONDACIONIT KONRAD ADENAUER","datePublished":"2017-11-02T06:46:21+00:00","mainEntityOfPage":{"@id":"https:\/\/unkorce.edu.al\/programi-i-bursave-sur-place-te-fondacionit-konrad-adenauer\/"},"wordCount":485,"commentCount":0,"publisher":{"@id":"https:\/\/unkorce.edu.al\/#organization"},"inLanguage":"en-US","potentialAction":[{"@type":"CommentAction","name":"Comment","target":["https:\/\/unkorce.edu.al\/programi-i-bursave-sur-place-te-fondacionit-konrad-adenauer\/#respond"]}]},{"@type":"WebPage","@id":"https:\/\/unkorce.edu.al\/programi-i-bursave-sur-place-te-fondacionit-konrad-adenauer\/","url":"https:\/\/unkorce.edu.al\/programi-i-bursave-sur-place-te-fondacionit-konrad-adenauer\/","name":"PROGRAMI I BURSAVE SUR-PLACE T\u00cb FONDACIONIT KONRAD ADENAUER - Universiteti \"Fan S. Noli\", Kor\u00e7\u00eb","isPartOf":{"@id":"https:\/\/unkorce.edu.al\/#website"},"datePublished":"2017-11-02T06:46:21+00:00","breadcrumb":{"@id":"https:\/\/unkorce.edu.al\/programi-i-bursave-sur-place-te-fondacionit-konrad-adenauer\/#breadcrumb"},"inLanguage":"en-US","potentialAction":[{"@type":"ReadAction","target":["https:\/\/unkorce.edu.al\/programi-i-bursave-sur-place-te-fondacionit-konrad-adenauer\/"]}]},{"@type":"BreadcrumbList","@id":"https:\/\/unkorce.edu.al\/programi-i-bursave-sur-place-te-fondacionit-konrad-adenauer\/#breadcrumb","itemListElement":[{"@type":"ListItem","position":1,"name":"Home","item":"https:\/\/unkorce.edu.al\/"},{"@type":"ListItem","position":2,"name":"PROGRAMI I BURSAVE SUR-PLACE T\u00cb FONDACIONIT KONRAD ADENAUER"}]},{"@type":"WebSite","@id":"https:\/\/unkorce.edu.al\/#website","url":"https:\/\/unkorce.edu.al\/","name":"Universiteti \"Fan S. Noli\", Kor\u00e7\u00eb","description":"Mir&euml;sevini n&euml; faqen zyrtare!","publisher":{"@id":"https:\/\/unkorce.edu.al\/#organization"},"potentialAction":[{"@type":"SearchAction","target":{"@type":"EntryPoint","urlTemplate":"https:\/\/unkorce.edu.al\/?s={search_term_string}"},"query-input":{"@type":"PropertyValueSpecification","valueRequired":true,"valueName":"search_term_string"}}],"inLanguage":"en-US"},{"@type":"Organization","@id":"https:\/\/unkorce.edu.al\/#organization","name":"Universiteti \"Fan S. Noli\", Kor\u00e7\u00eb","url":"https:\/\/unkorce.edu.al\/","logo":{"@type":"ImageObject","inLanguage":"en-US","@id":"https:\/\/unkorce.edu.al\/#\/schema\/logo\/image\/","url":"https:\/\/unkorce.edu.al\/wp-content\/uploads\/2024\/08\/Logo_e_Universitetit__Fan_Noli_-e1726660879862.png","contentUrl":"https:\/\/unkorce.edu.al\/wp-content\/uploads\/2024\/08\/Logo_e_Universitetit__Fan_Noli_-e1726660879862.png","width":200,"height":120,"caption":"Universiteti \"Fan S. Noli\", Kor\u00e7\u00eb"},"image":{"@id":"https:\/\/unkorce.edu.al\/#\/schema\/logo\/image\/"},"sameAs":["https:\/\/www.facebook.com\/unkorce"]},{"@type":"Person","@id":"https:\/\/unkorce.edu.al\/#\/schema\/person\/e335f987920788de76832aa7395b35c9","name":"admin","image":{"@type":"ImageObject","inLanguage":"en-US","@id":"https:\/\/unkorce.edu.al\/#\/schema\/person\/image\/","url":"https:\/\/secure.gravatar.com\/avatar\/d6fa2e689697624268cddf82455237bf01dcca0f1b110a0e0ee6f60a81605cf4?s=96&d=mm&r=g","contentUrl":"https:\/\/secure.gravatar.com\/avatar\/d6fa2e689697624268cddf82455237bf01dcca0f1b110a0e0ee6f60a81605cf4?s=96&d=mm&r=g","caption":"admin"},"sameAs":["http:\/\/unkorce.edu.al"],"url":"https:\/\/unkorce.edu.al\/en\/author\/unkorce\/"}]}},"_links":{"self":[{"href":"https:\/\/unkorce.edu.al\/en\/wp-json\/wp\/v2\/posts\/7514","targetHints":{"allow":["GET"]}}],"collection":[{"href":"https:\/\/unkorce.edu.al\/en\/wp-json\/wp\/v2\/posts"}],"about":[{"href":"https:\/\/unkorce.edu.al\/en\/wp-json\/wp\/v2\/types\/post"}],"author":[{"embeddable":true,"href":"https:\/\/unkorce.edu.al\/en\/wp-json\/wp\/v2\/users\/122"}],"replies":[{"embeddable":true,"href":"https:\/\/unkorce.edu.al\/en\/wp-json\/wp\/v2\/comments?post=7514"}],"version-history":[{"count":0,"href":"https:\/\/unkorce.edu.al\/en\/wp-json\/wp\/v2\/posts\/7514\/revisions"}],"wp:attachment":[{"href":"https:\/\/unkorce.edu.al\/en\/wp-json\/wp\/v2\/media?parent=7514"}],"wp:term":[{"taxonomy":"category","embeddable":true,"href":"https:\/\/unkorce.edu.al\/en\/wp-json\/wp\/v2\/categories?post=7514"},{"taxonomy":"post_tag","embeddable":true,"href":"https:\/\/unkorce.edu.al\/en\/wp-json\/wp\/v2\/tags?post=7514"}],"curies":[{"name":"wp","href":"https:\/\/api.w.org\/{rel}","templated":true}]}}