{"id":37145,"date":"2026-04-29T07:50:52","date_gmt":"2026-04-29T07:50:52","guid":{"rendered":"https:\/\/unkorce.edu.al\/?p=37145"},"modified":"2026-04-29T07:50:52","modified_gmt":"2026-04-29T07:50:52","slug":"universiteti-fan-s-noli-ne-spring-meeting-te-up-university-bashkepunim-per-te-ardhmen-evropiane-te-arsimit-te-larte","status":"publish","type":"post","link":"https:\/\/unkorce.edu.al\/en\/universiteti-fan-s-noli-ne-spring-meeting-te-up-university-bashkepunim-per-te-ardhmen-evropiane-te-arsimit-te-larte\/","title":{"rendered":"UNIVERSITETI \u201cFAN S. NOLI\u201d N\u00cb SPRING MEETING T\u00cb UP UNIVERSITY: BASHK\u00cbPUNIM P\u00cbR T\u00cb ARDHMEN EVROPIANE T\u00cb ARSIMIT T\u00cb LART\u00cb"},"content":{"rendered":"<p>N\u00eb datat 21-22 prill 2026 Universiteti \u201cFan S. Noli\u201d mori pjes\u00eb n\u00eb takimin e UP University Spring Meeting q\u00eb u zhvillua n\u00eb DOBA University of Applied Sciences, Maribor, Slloveni. \u00a0DOBA University of Applied Sciences<\/p>\n<p>Partner\u00ebt e UP University t\u00eb mbledhur n\u00eb sesione paralele diskutuan n\u00eb lidhje me programet e p\u00ebrbashk\u00ebta t\u00eb studimit, si dhe mbi fushat kryesore t\u00eb zhvillimit dhe prioritetet e p\u00ebrbashk\u00ebta.<\/p>\n<p data-start=\"315\" data-end=\"445\" data-is-last-node=\"\" data-is-only-node=\"\">Takimi pranveror i UP University p\u00ebrfundoi me nj\u00eb sesion t\u00eb p\u00ebrbashk\u00ebt, ku grupet diskutuan hap\u00ebsirat p\u00ebr p\u00ebrafrim t\u00eb m\u00ebtejsh\u00ebm, koordinim dhe shk\u00ebmbim mbi hapat e ardhsh\u00ebm n\u00eb kuad\u00ebr t\u00eb aleanc\u00ebs.<\/p>\n<p>Universiteti \u201cFan S. Noli\u201d \u00ebsht\u00eb pjes\u00eb e k\u00ebsaj aleance n\u00eb t\u00eb cil\u00ebn universitetet evropiane bashk\u00ebpunojn\u00eb p\u00ebr t\u00eb krijuar mund\u00ebsi nd\u00ebrkufitare p\u00ebr student\u00ebt, stafin dhe partner\u00ebt.<\/p>\n<p><a ref=\"magnificPopup\" href=\"https:\/\/unkorce.edu.al\/wp-content\/uploads\/2026\/04\/2-3.jpg\"><img loading=\"lazy\" decoding=\"async\" class=\"alignnone size-medium wp-image-37147\" src=\"https:\/\/unkorce.edu.al\/wp-content\/uploads\/2026\/04\/2-3-300x138.jpg\" alt=\"\" width=\"300\" height=\"138\" srcset=\"https:\/\/unkorce.edu.al\/wp-content\/uploads\/2026\/04\/2-3-300x138.jpg 300w, https:\/\/unkorce.edu.al\/wp-content\/uploads\/2026\/04\/2-3-1024x472.jpg 1024w, https:\/\/unkorce.edu.al\/wp-content\/uploads\/2026\/04\/2-3-18x8.jpg 18w, https:\/\/unkorce.edu.al\/wp-content\/uploads\/2026\/04\/2-3.jpg 1600w\" sizes=\"auto, (max-width: 300px) 100vw, 300px\" \/><\/a> <a ref=\"magnificPopup\" href=\"https:\/\/unkorce.edu.al\/wp-content\/uploads\/2026\/04\/3-3.jpg\"><img loading=\"lazy\" decoding=\"async\" class=\"alignnone size-medium wp-image-37148\" src=\"https:\/\/unkorce.edu.al\/wp-content\/uploads\/2026\/04\/3-3-300x166.jpg\" alt=\"\" width=\"300\" height=\"166\" srcset=\"https:\/\/unkorce.edu.al\/wp-content\/uploads\/2026\/04\/3-3-300x166.jpg 300w, https:\/\/unkorce.edu.al\/wp-content\/uploads\/2026\/04\/3-3-1024x568.jpg 1024w, https:\/\/unkorce.edu.al\/wp-content\/uploads\/2026\/04\/3-3-18x10.jpg 18w, https:\/\/unkorce.edu.al\/wp-content\/uploads\/2026\/04\/3-3.jpg 1170w\" sizes=\"auto, (max-width: 300px) 100vw, 300px\" \/><\/a> <a ref=\"magnificPopup\" href=\"https:\/\/unkorce.edu.al\/wp-content\/uploads\/2026\/04\/4.jpeg\"><img loading=\"lazy\" decoding=\"async\" class=\"alignnone size-medium wp-image-37149\" src=\"https:\/\/unkorce.edu.al\/wp-content\/uploads\/2026\/04\/4-300x200.jpeg\" alt=\"\" width=\"300\" height=\"200\" srcset=\"https:\/\/unkorce.edu.al\/wp-content\/uploads\/2026\/04\/4-300x200.jpeg 300w, https:\/\/unkorce.edu.al\/wp-content\/uploads\/2026\/04\/4-1024x684.jpeg 1024w, https:\/\/unkorce.edu.al\/wp-content\/uploads\/2026\/04\/4-18x12.jpeg 18w, https:\/\/unkorce.edu.al\/wp-content\/uploads\/2026\/04\/4.jpeg 2048w\" sizes=\"auto, (max-width: 300px) 100vw, 300px\" \/><\/a> <a ref=\"magnificPopup\" href=\"https:\/\/unkorce.edu.al\/wp-content\/uploads\/2026\/04\/5.jpeg\"><img loading=\"lazy\" decoding=\"async\" class=\"alignnone size-medium wp-image-37150\" src=\"https:\/\/unkorce.edu.al\/wp-content\/uploads\/2026\/04\/5-300x225.jpeg\" alt=\"\" width=\"300\" height=\"225\" srcset=\"https:\/\/unkorce.edu.al\/wp-content\/uploads\/2026\/04\/5-300x225.jpeg 300w, https:\/\/unkorce.edu.al\/wp-content\/uploads\/2026\/04\/5-1024x768.jpeg 1024w, https:\/\/unkorce.edu.al\/wp-content\/uploads\/2026\/04\/5-16x12.jpeg 16w, https:\/\/unkorce.edu.al\/wp-content\/uploads\/2026\/04\/5.jpeg 2048w\" sizes=\"auto, (max-width: 300px) 100vw, 300px\" \/><\/a> <a ref=\"magnificPopup\" href=\"https:\/\/unkorce.edu.al\/wp-content\/uploads\/2026\/04\/6.jpeg\"><img loading=\"lazy\" decoding=\"async\" class=\"alignnone size-medium wp-image-37151\" src=\"https:\/\/unkorce.edu.al\/wp-content\/uploads\/2026\/04\/6-300x200.jpeg\" alt=\"\" width=\"300\" height=\"200\" srcset=\"https:\/\/unkorce.edu.al\/wp-content\/uploads\/2026\/04\/6-300x200.jpeg 300w, https:\/\/unkorce.edu.al\/wp-content\/uploads\/2026\/04\/6-1024x683.jpeg 1024w, https:\/\/unkorce.edu.al\/wp-content\/uploads\/2026\/04\/6-18x12.jpeg 18w, https:\/\/unkorce.edu.al\/wp-content\/uploads\/2026\/04\/6.jpeg 2048w\" sizes=\"auto, (max-width: 300px) 100vw, 300px\" \/><\/a><a ref=\"magnificPopup\" href=\"https:\/\/unkorce.edu.al\/wp-content\/uploads\/2026\/04\/1.jpeg\"><img loading=\"lazy\" decoding=\"async\" class=\"alignnone size-medium wp-image-37146\" src=\"https:\/\/unkorce.edu.al\/wp-content\/uploads\/2026\/04\/1-300x200.jpeg\" alt=\"\" width=\"300\" height=\"200\" srcset=\"https:\/\/unkorce.edu.al\/wp-content\/uploads\/2026\/04\/1-300x200.jpeg 300w, https:\/\/unkorce.edu.al\/wp-content\/uploads\/2026\/04\/1-1024x684.jpeg 1024w, https:\/\/unkorce.edu.al\/wp-content\/uploads\/2026\/04\/1-18x12.jpeg 18w, https:\/\/unkorce.edu.al\/wp-content\/uploads\/2026\/04\/1.jpeg 2048w\" sizes=\"auto, (max-width: 300px) 100vw, 300px\" \/><\/a><\/p>","protected":false},"excerpt":{"rendered":"<p>N\u00eb datat 21-22 prill 2026 Universiteti \u201cFan S. Noli\u201d mori pjes\u00eb n\u00eb takimin e UP University Spring Meeting q\u00eb u zhvillua n\u00eb DOBA University of Applied Sciences, Maribor, Slloveni. \u00a0DOBA University of Applied Sciences Partner\u00ebt e UP University t\u00eb mbledhur n\u00eb sesione paralele diskutuan n\u00eb lidhje me programet e p\u00ebrbashk\u00ebta t\u00eb studimit, si dhe mbi&#8230;<\/p>","protected":false},"author":2,"featured_media":37146,"comment_status":"open","ping_status":"open","sticky":false,"template":"","format":"standard","meta":{"_acf_changed":false,"footnotes":""},"categories":[26],"tags":[],"class_list":["post-37145","post","type-post","status-publish","format-standard","has-post-thumbnail","hentry","category-uncategorized-sq"],"acf":[],"yoast_head":"<!-- This site is optimized with the Yoast SEO plugin v26.9 - https:\/\/yoast.com\/product\/yoast-seo-wordpress\/ -->\n<title>UNIVERSITETI \u201cFAN S. NOLI\u201d N\u00cb SPRING MEETING T\u00cb UP UNIVERSITY: BASHK\u00cbPUNIM P\u00cbR T\u00cb ARDHMEN EVROPIANE T\u00cb ARSIMIT T\u00cb LART\u00cb - Universiteti &quot;Fan S. Noli&quot;, Kor\u00e7\u00eb<\/title>\n<meta name=\"robots\" content=\"index, follow, max-snippet:-1, max-image-preview:large, max-video-preview:-1\" \/>\n<link rel=\"canonical\" href=\"https:\/\/unkorce.edu.al\/en\/universiteti-fan-s-noli-ne-spring-meeting-te-up-university-bashkepunim-per-te-ardhmen-evropiane-te-arsimit-te-larte\/\" \/>\n<meta property=\"og:locale\" content=\"en_US\" \/>\n<meta property=\"og:type\" content=\"article\" \/>\n<meta property=\"og:title\" content=\"UNIVERSITETI \u201cFAN S. NOLI\u201d N\u00cb SPRING MEETING T\u00cb UP UNIVERSITY: BASHK\u00cbPUNIM P\u00cbR T\u00cb ARDHMEN EVROPIANE T\u00cb ARSIMIT T\u00cb LART\u00cb - Universiteti &quot;Fan S. Noli&quot;, Kor\u00e7\u00eb\" \/>\n<meta property=\"og:description\" content=\"N\u00eb datat 21-22 prill 2026 Universiteti \u201cFan S. Noli\u201d mori pjes\u00eb n\u00eb takimin e UP University Spring Meeting q\u00eb u zhvillua n\u00eb DOBA University of Applied Sciences, Maribor, Slloveni. \u00a0DOBA University of Applied Sciences Partner\u00ebt e UP University t\u00eb mbledhur n\u00eb sesione paralele diskutuan n\u00eb lidhje me programet e p\u00ebrbashk\u00ebta t\u00eb studimit, si dhe mbi...\" \/>\n<meta property=\"og:url\" content=\"https:\/\/unkorce.edu.al\/en\/universiteti-fan-s-noli-ne-spring-meeting-te-up-university-bashkepunim-per-te-ardhmen-evropiane-te-arsimit-te-larte\/\" \/>\n<meta property=\"og:site_name\" content=\"Universiteti &quot;Fan S. Noli&quot;, Kor\u00e7\u00eb\" \/>\n<meta property=\"article:publisher\" content=\"https:\/\/www.facebook.com\/unkorce\" \/>\n<meta property=\"article:published_time\" content=\"2026-04-29T07:50:52+00:00\" \/>\n<meta property=\"og:image\" content=\"https:\/\/unkorce.edu.al\/wp-content\/uploads\/2026\/04\/1.jpeg\" \/>\n\t<meta property=\"og:image:width\" content=\"2048\" \/>\n\t<meta property=\"og:image:height\" content=\"1367\" \/>\n\t<meta property=\"og:image:type\" content=\"image\/jpeg\" \/>\n<meta name=\"author\" content=\"Brikela Qelemeni\" \/>\n<meta name=\"twitter:card\" content=\"summary_large_image\" \/>\n<meta name=\"twitter:label1\" content=\"Written by\" \/>\n\t<meta name=\"twitter:data1\" content=\"Brikela Qelemeni\" \/>\n\t<meta name=\"twitter:label2\" content=\"Est. reading time\" \/>\n\t<meta name=\"twitter:data2\" content=\"2 minutes\" \/>\n<script type=\"application\/ld+json\" class=\"yoast-schema-graph\">{\"@context\":\"https:\/\/schema.org\",\"@graph\":[{\"@type\":\"Article\",\"@id\":\"https:\/\/unkorce.edu.al\/universiteti-fan-s-noli-ne-spring-meeting-te-up-university-bashkepunim-per-te-ardhmen-evropiane-te-arsimit-te-larte\/#article\",\"isPartOf\":{\"@id\":\"https:\/\/unkorce.edu.al\/universiteti-fan-s-noli-ne-spring-meeting-te-up-university-bashkepunim-per-te-ardhmen-evropiane-te-arsimit-te-larte\/\"},\"author\":{\"name\":\"Brikela Qelemeni\",\"@id\":\"https:\/\/unkorce.edu.al\/#\/schema\/person\/faa34c53e1891c174ff76279b528558e\"},\"headline\":\"UNIVERSITETI \u201cFAN S. NOLI\u201d N\u00cb SPRING MEETING T\u00cb UP UNIVERSITY: BASHK\u00cbPUNIM P\u00cbR T\u00cb ARDHMEN EVROPIANE T\u00cb ARSIMIT T\u00cb LART\u00cb\",\"datePublished\":\"2026-04-29T07:50:52+00:00\",\"mainEntityOfPage\":{\"@id\":\"https:\/\/unkorce.edu.al\/universiteti-fan-s-noli-ne-spring-meeting-te-up-university-bashkepunim-per-te-ardhmen-evropiane-te-arsimit-te-larte\/\"},\"wordCount\":164,\"commentCount\":0,\"publisher\":{\"@id\":\"https:\/\/unkorce.edu.al\/#organization\"},\"image\":{\"@id\":\"https:\/\/unkorce.edu.al\/universiteti-fan-s-noli-ne-spring-meeting-te-up-university-bashkepunim-per-te-ardhmen-evropiane-te-arsimit-te-larte\/#primaryimage\"},\"thumbnailUrl\":\"https:\/\/unkorce.edu.al\/wp-content\/uploads\/2026\/04\/1.jpeg\",\"inLanguage\":\"en-US\",\"potentialAction\":[{\"@type\":\"CommentAction\",\"name\":\"Comment\",\"target\":[\"https:\/\/unkorce.edu.al\/universiteti-fan-s-noli-ne-spring-meeting-te-up-university-bashkepunim-per-te-ardhmen-evropiane-te-arsimit-te-larte\/#respond\"]}]},{\"@type\":\"WebPage\",\"@id\":\"https:\/\/unkorce.edu.al\/universiteti-fan-s-noli-ne-spring-meeting-te-up-university-bashkepunim-per-te-ardhmen-evropiane-te-arsimit-te-larte\/\",\"url\":\"https:\/\/unkorce.edu.al\/universiteti-fan-s-noli-ne-spring-meeting-te-up-university-bashkepunim-per-te-ardhmen-evropiane-te-arsimit-te-larte\/\",\"name\":\"UNIVERSITETI \u201cFAN S. NOLI\u201d N\u00cb SPRING MEETING T\u00cb UP UNIVERSITY: BASHK\u00cbPUNIM P\u00cbR T\u00cb ARDHMEN EVROPIANE T\u00cb ARSIMIT T\u00cb LART\u00cb - Universiteti \\\"Fan S. Noli\\\", Kor\u00e7\u00eb\",\"isPartOf\":{\"@id\":\"https:\/\/unkorce.edu.al\/#website\"},\"primaryImageOfPage\":{\"@id\":\"https:\/\/unkorce.edu.al\/universiteti-fan-s-noli-ne-spring-meeting-te-up-university-bashkepunim-per-te-ardhmen-evropiane-te-arsimit-te-larte\/#primaryimage\"},\"image\":{\"@id\":\"https:\/\/unkorce.edu.al\/universiteti-fan-s-noli-ne-spring-meeting-te-up-university-bashkepunim-per-te-ardhmen-evropiane-te-arsimit-te-larte\/#primaryimage\"},\"thumbnailUrl\":\"https:\/\/unkorce.edu.al\/wp-content\/uploads\/2026\/04\/1.jpeg\",\"datePublished\":\"2026-04-29T07:50:52+00:00\",\"breadcrumb\":{\"@id\":\"https:\/\/unkorce.edu.al\/universiteti-fan-s-noli-ne-spring-meeting-te-up-university-bashkepunim-per-te-ardhmen-evropiane-te-arsimit-te-larte\/#breadcrumb\"},\"inLanguage\":\"en-US\",\"potentialAction\":[{\"@type\":\"ReadAction\",\"target\":[\"https:\/\/unkorce.edu.al\/universiteti-fan-s-noli-ne-spring-meeting-te-up-university-bashkepunim-per-te-ardhmen-evropiane-te-arsimit-te-larte\/\"]}]},{\"@type\":\"ImageObject\",\"inLanguage\":\"en-US\",\"@id\":\"https:\/\/unkorce.edu.al\/universiteti-fan-s-noli-ne-spring-meeting-te-up-university-bashkepunim-per-te-ardhmen-evropiane-te-arsimit-te-larte\/#primaryimage\",\"url\":\"https:\/\/unkorce.edu.al\/wp-content\/uploads\/2026\/04\/1.jpeg\",\"contentUrl\":\"https:\/\/unkorce.edu.al\/wp-content\/uploads\/2026\/04\/1.jpeg\",\"width\":2048,\"height\":1367},{\"@type\":\"BreadcrumbList\",\"@id\":\"https:\/\/unkorce.edu.al\/universiteti-fan-s-noli-ne-spring-meeting-te-up-university-bashkepunim-per-te-ardhmen-evropiane-te-arsimit-te-larte\/#breadcrumb\",\"itemListElement\":[{\"@type\":\"ListItem\",\"position\":1,\"name\":\"Home\",\"item\":\"https:\/\/unkorce.edu.al\/\"},{\"@type\":\"ListItem\",\"position\":2,\"name\":\"UNIVERSITETI \u201cFAN S. NOLI\u201d N\u00cb SPRING MEETING T\u00cb UP UNIVERSITY: BASHK\u00cbPUNIM P\u00cbR T\u00cb ARDHMEN EVROPIANE T\u00cb ARSIMIT T\u00cb LART\u00cb\"}]},{\"@type\":\"WebSite\",\"@id\":\"https:\/\/unkorce.edu.al\/#website\",\"url\":\"https:\/\/unkorce.edu.al\/\",\"name\":\"Universiteti \\\"Fan S. Noli\\\", Kor\u00e7\u00eb\",\"description\":\"Mir&euml;sevini n&euml; faqen zyrtare!\",\"publisher\":{\"@id\":\"https:\/\/unkorce.edu.al\/#organization\"},\"potentialAction\":[{\"@type\":\"SearchAction\",\"target\":{\"@type\":\"EntryPoint\",\"urlTemplate\":\"https:\/\/unkorce.edu.al\/?s={search_term_string}\"},\"query-input\":{\"@type\":\"PropertyValueSpecification\",\"valueRequired\":true,\"valueName\":\"search_term_string\"}}],\"inLanguage\":\"en-US\"},{\"@type\":\"Organization\",\"@id\":\"https:\/\/unkorce.edu.al\/#organization\",\"name\":\"Universiteti \\\"Fan S. Noli\\\", Kor\u00e7\u00eb\",\"url\":\"https:\/\/unkorce.edu.al\/\",\"logo\":{\"@type\":\"ImageObject\",\"inLanguage\":\"en-US\",\"@id\":\"https:\/\/unkorce.edu.al\/#\/schema\/logo\/image\/\",\"url\":\"https:\/\/unkorce.edu.al\/wp-content\/uploads\/2024\/08\/Logo_e_Universitetit__Fan_Noli_-e1726660879862.png\",\"contentUrl\":\"https:\/\/unkorce.edu.al\/wp-content\/uploads\/2024\/08\/Logo_e_Universitetit__Fan_Noli_-e1726660879862.png\",\"width\":200,\"height\":120,\"caption\":\"Universiteti \\\"Fan S. Noli\\\", Kor\u00e7\u00eb\"},\"image\":{\"@id\":\"https:\/\/unkorce.edu.al\/#\/schema\/logo\/image\/\"},\"sameAs\":[\"https:\/\/www.facebook.com\/unkorce\"]},{\"@type\":\"Person\",\"@id\":\"https:\/\/unkorce.edu.al\/#\/schema\/person\/faa34c53e1891c174ff76279b528558e\",\"name\":\"Brikela Qelemeni\",\"image\":{\"@type\":\"ImageObject\",\"inLanguage\":\"en-US\",\"@id\":\"https:\/\/unkorce.edu.al\/#\/schema\/person\/image\/\",\"url\":\"https:\/\/secure.gravatar.com\/avatar\/6c1805558a9218503040c8b9055763822c6184a1cd600127210a9abbc5aaea04?s=96&d=mm&r=g\",\"contentUrl\":\"https:\/\/secure.gravatar.com\/avatar\/6c1805558a9218503040c8b9055763822c6184a1cd600127210a9abbc5aaea04?s=96&d=mm&r=g\",\"caption\":\"Brikela Qelemeni\"},\"url\":\"https:\/\/unkorce.edu.al\/en\/author\/brikela\/\"}]}<\/script>\n<!-- \/ Yoast SEO plugin. -->","yoast_head_json":{"title":"UNIVERSITETI \u201cFAN S. NOLI\u201d N\u00cb SPRING MEETING T\u00cb UP UNIVERSITY: BASHK\u00cbPUNIM P\u00cbR T\u00cb ARDHMEN EVROPIANE T\u00cb ARSIMIT T\u00cb LART\u00cb - Universiteti \"Fan S. Noli\", Kor\u00e7\u00eb","robots":{"index":"index","follow":"follow","max-snippet":"max-snippet:-1","max-image-preview":"max-image-preview:large","max-video-preview":"max-video-preview:-1"},"canonical":"https:\/\/unkorce.edu.al\/en\/universiteti-fan-s-noli-ne-spring-meeting-te-up-university-bashkepunim-per-te-ardhmen-evropiane-te-arsimit-te-larte\/","og_locale":"en_US","og_type":"article","og_title":"UNIVERSITETI \u201cFAN S. NOLI\u201d N\u00cb SPRING MEETING T\u00cb UP UNIVERSITY: BASHK\u00cbPUNIM P\u00cbR T\u00cb ARDHMEN EVROPIANE T\u00cb ARSIMIT T\u00cb LART\u00cb - Universiteti \"Fan S. Noli\", Kor\u00e7\u00eb","og_description":"N\u00eb datat 21-22 prill 2026 Universiteti \u201cFan S. Noli\u201d mori pjes\u00eb n\u00eb takimin e UP University Spring Meeting q\u00eb u zhvillua n\u00eb DOBA University of Applied Sciences, Maribor, Slloveni. \u00a0DOBA University of Applied Sciences Partner\u00ebt e UP University t\u00eb mbledhur n\u00eb sesione paralele diskutuan n\u00eb lidhje me programet e p\u00ebrbashk\u00ebta t\u00eb studimit, si dhe mbi...","og_url":"https:\/\/unkorce.edu.al\/en\/universiteti-fan-s-noli-ne-spring-meeting-te-up-university-bashkepunim-per-te-ardhmen-evropiane-te-arsimit-te-larte\/","og_site_name":"Universiteti \"Fan S. Noli\", Kor\u00e7\u00eb","article_publisher":"https:\/\/www.facebook.com\/unkorce","article_published_time":"2026-04-29T07:50:52+00:00","og_image":[{"width":2048,"height":1367,"url":"https:\/\/unkorce.edu.al\/wp-content\/uploads\/2026\/04\/1.jpeg","type":"image\/jpeg"}],"author":"Brikela Qelemeni","twitter_card":"summary_large_image","twitter_misc":{"Written by":"Brikela Qelemeni","Est. reading time":"2 minutes"},"schema":{"@context":"https:\/\/schema.org","@graph":[{"@type":"Article","@id":"https:\/\/unkorce.edu.al\/universiteti-fan-s-noli-ne-spring-meeting-te-up-university-bashkepunim-per-te-ardhmen-evropiane-te-arsimit-te-larte\/#article","isPartOf":{"@id":"https:\/\/unkorce.edu.al\/universiteti-fan-s-noli-ne-spring-meeting-te-up-university-bashkepunim-per-te-ardhmen-evropiane-te-arsimit-te-larte\/"},"author":{"name":"Brikela Qelemeni","@id":"https:\/\/unkorce.edu.al\/#\/schema\/person\/faa34c53e1891c174ff76279b528558e"},"headline":"UNIVERSITETI \u201cFAN S. NOLI\u201d N\u00cb SPRING MEETING T\u00cb UP UNIVERSITY: BASHK\u00cbPUNIM P\u00cbR T\u00cb ARDHMEN EVROPIANE T\u00cb ARSIMIT T\u00cb LART\u00cb","datePublished":"2026-04-29T07:50:52+00:00","mainEntityOfPage":{"@id":"https:\/\/unkorce.edu.al\/universiteti-fan-s-noli-ne-spring-meeting-te-up-university-bashkepunim-per-te-ardhmen-evropiane-te-arsimit-te-larte\/"},"wordCount":164,"commentCount":0,"publisher":{"@id":"https:\/\/unkorce.edu.al\/#organization"},"image":{"@id":"https:\/\/unkorce.edu.al\/universiteti-fan-s-noli-ne-spring-meeting-te-up-university-bashkepunim-per-te-ardhmen-evropiane-te-arsimit-te-larte\/#primaryimage"},"thumbnailUrl":"https:\/\/unkorce.edu.al\/wp-content\/uploads\/2026\/04\/1.jpeg","inLanguage":"en-US","potentialAction":[{"@type":"CommentAction","name":"Comment","target":["https:\/\/unkorce.edu.al\/universiteti-fan-s-noli-ne-spring-meeting-te-up-university-bashkepunim-per-te-ardhmen-evropiane-te-arsimit-te-larte\/#respond"]}]},{"@type":"WebPage","@id":"https:\/\/unkorce.edu.al\/universiteti-fan-s-noli-ne-spring-meeting-te-up-university-bashkepunim-per-te-ardhmen-evropiane-te-arsimit-te-larte\/","url":"https:\/\/unkorce.edu.al\/universiteti-fan-s-noli-ne-spring-meeting-te-up-university-bashkepunim-per-te-ardhmen-evropiane-te-arsimit-te-larte\/","name":"UNIVERSITETI \u201cFAN S. NOLI\u201d N\u00cb SPRING MEETING T\u00cb UP UNIVERSITY: BASHK\u00cbPUNIM P\u00cbR T\u00cb ARDHMEN EVROPIANE T\u00cb ARSIMIT T\u00cb LART\u00cb - Universiteti \"Fan S. Noli\", Kor\u00e7\u00eb","isPartOf":{"@id":"https:\/\/unkorce.edu.al\/#website"},"primaryImageOfPage":{"@id":"https:\/\/unkorce.edu.al\/universiteti-fan-s-noli-ne-spring-meeting-te-up-university-bashkepunim-per-te-ardhmen-evropiane-te-arsimit-te-larte\/#primaryimage"},"image":{"@id":"https:\/\/unkorce.edu.al\/universiteti-fan-s-noli-ne-spring-meeting-te-up-university-bashkepunim-per-te-ardhmen-evropiane-te-arsimit-te-larte\/#primaryimage"},"thumbnailUrl":"https:\/\/unkorce.edu.al\/wp-content\/uploads\/2026\/04\/1.jpeg","datePublished":"2026-04-29T07:50:52+00:00","breadcrumb":{"@id":"https:\/\/unkorce.edu.al\/universiteti-fan-s-noli-ne-spring-meeting-te-up-university-bashkepunim-per-te-ardhmen-evropiane-te-arsimit-te-larte\/#breadcrumb"},"inLanguage":"en-US","potentialAction":[{"@type":"ReadAction","target":["https:\/\/unkorce.edu.al\/universiteti-fan-s-noli-ne-spring-meeting-te-up-university-bashkepunim-per-te-ardhmen-evropiane-te-arsimit-te-larte\/"]}]},{"@type":"ImageObject","inLanguage":"en-US","@id":"https:\/\/unkorce.edu.al\/universiteti-fan-s-noli-ne-spring-meeting-te-up-university-bashkepunim-per-te-ardhmen-evropiane-te-arsimit-te-larte\/#primaryimage","url":"https:\/\/unkorce.edu.al\/wp-content\/uploads\/2026\/04\/1.jpeg","contentUrl":"https:\/\/unkorce.edu.al\/wp-content\/uploads\/2026\/04\/1.jpeg","width":2048,"height":1367},{"@type":"BreadcrumbList","@id":"https:\/\/unkorce.edu.al\/universiteti-fan-s-noli-ne-spring-meeting-te-up-university-bashkepunim-per-te-ardhmen-evropiane-te-arsimit-te-larte\/#breadcrumb","itemListElement":[{"@type":"ListItem","position":1,"name":"Home","item":"https:\/\/unkorce.edu.al\/"},{"@type":"ListItem","position":2,"name":"UNIVERSITETI \u201cFAN S. NOLI\u201d N\u00cb SPRING MEETING T\u00cb UP UNIVERSITY: BASHK\u00cbPUNIM P\u00cbR T\u00cb ARDHMEN EVROPIANE T\u00cb ARSIMIT T\u00cb LART\u00cb"}]},{"@type":"WebSite","@id":"https:\/\/unkorce.edu.al\/#website","url":"https:\/\/unkorce.edu.al\/","name":"Universiteti \"Fan S. Noli\", Kor\u00e7\u00eb","description":"Mir&euml;sevini n&euml; faqen zyrtare!","publisher":{"@id":"https:\/\/unkorce.edu.al\/#organization"},"potentialAction":[{"@type":"SearchAction","target":{"@type":"EntryPoint","urlTemplate":"https:\/\/unkorce.edu.al\/?s={search_term_string}"},"query-input":{"@type":"PropertyValueSpecification","valueRequired":true,"valueName":"search_term_string"}}],"inLanguage":"en-US"},{"@type":"Organization","@id":"https:\/\/unkorce.edu.al\/#organization","name":"Universiteti \"Fan S. Noli\", Kor\u00e7\u00eb","url":"https:\/\/unkorce.edu.al\/","logo":{"@type":"ImageObject","inLanguage":"en-US","@id":"https:\/\/unkorce.edu.al\/#\/schema\/logo\/image\/","url":"https:\/\/unkorce.edu.al\/wp-content\/uploads\/2024\/08\/Logo_e_Universitetit__Fan_Noli_-e1726660879862.png","contentUrl":"https:\/\/unkorce.edu.al\/wp-content\/uploads\/2024\/08\/Logo_e_Universitetit__Fan_Noli_-e1726660879862.png","width":200,"height":120,"caption":"Universiteti \"Fan S. Noli\", Kor\u00e7\u00eb"},"image":{"@id":"https:\/\/unkorce.edu.al\/#\/schema\/logo\/image\/"},"sameAs":["https:\/\/www.facebook.com\/unkorce"]},{"@type":"Person","@id":"https:\/\/unkorce.edu.al\/#\/schema\/person\/faa34c53e1891c174ff76279b528558e","name":"Brikela Qelemeni","image":{"@type":"ImageObject","inLanguage":"en-US","@id":"https:\/\/unkorce.edu.al\/#\/schema\/person\/image\/","url":"https:\/\/secure.gravatar.com\/avatar\/6c1805558a9218503040c8b9055763822c6184a1cd600127210a9abbc5aaea04?s=96&d=mm&r=g","contentUrl":"https:\/\/secure.gravatar.com\/avatar\/6c1805558a9218503040c8b9055763822c6184a1cd600127210a9abbc5aaea04?s=96&d=mm&r=g","caption":"Brikela Qelemeni"},"url":"https:\/\/unkorce.edu.al\/en\/author\/brikela\/"}]}},"_links":{"self":[{"href":"https:\/\/unkorce.edu.al\/en\/wp-json\/wp\/v2\/posts\/37145","targetHints":{"allow":["GET"]}}],"collection":[{"href":"https:\/\/unkorce.edu.al\/en\/wp-json\/wp\/v2\/posts"}],"about":[{"href":"https:\/\/unkorce.edu.al\/en\/wp-json\/wp\/v2\/types\/post"}],"author":[{"embeddable":true,"href":"https:\/\/unkorce.edu.al\/en\/wp-json\/wp\/v2\/users\/2"}],"replies":[{"embeddable":true,"href":"https:\/\/unkorce.edu.al\/en\/wp-json\/wp\/v2\/comments?post=37145"}],"version-history":[{"count":1,"href":"https:\/\/unkorce.edu.al\/en\/wp-json\/wp\/v2\/posts\/37145\/revisions"}],"predecessor-version":[{"id":37152,"href":"https:\/\/unkorce.edu.al\/en\/wp-json\/wp\/v2\/posts\/37145\/revisions\/37152"}],"wp:featuredmedia":[{"embeddable":true,"href":"https:\/\/unkorce.edu.al\/en\/wp-json\/wp\/v2\/media\/37146"}],"wp:attachment":[{"href":"https:\/\/unkorce.edu.al\/en\/wp-json\/wp\/v2\/media?parent=37145"}],"wp:term":[{"taxonomy":"category","embeddable":true,"href":"https:\/\/unkorce.edu.al\/en\/wp-json\/wp\/v2\/categories?post=37145"},{"taxonomy":"post_tag","embeddable":true,"href":"https:\/\/unkorce.edu.al\/en\/wp-json\/wp\/v2\/tags?post=37145"}],"curies":[{"name":"wp","href":"https:\/\/api.w.org\/{rel}","templated":true}]}}