{"id":37129,"date":"2026-04-27T09:35:14","date_gmt":"2026-04-27T09:35:14","guid":{"rendered":"https:\/\/unkorce.edu.al\/?p=37129"},"modified":"2026-04-28T09:46:26","modified_gmt":"2026-04-28T09:46:26","slug":"takim-me-poetin-veprimtari-ne-kuader-te-muajit-te-librit-dhe-te-55-vjetorit-te-universitetit-fan-s-noli","status":"publish","type":"post","link":"https:\/\/unkorce.edu.al\/en\/takim-me-poetin-veprimtari-ne-kuader-te-muajit-te-librit-dhe-te-55-vjetorit-te-universitetit-fan-s-noli\/","title":{"rendered":"\u201cTAKIM ME POETIN\u201d-VEPRIMTARI N\u00cb KUAD\u00cbR T\u00cb MUAJIT T\u00cb LIBRIT DHE T\u00cb 55-VJETORIT T\u00cb UNIVERSITETIT \u201cFAN S. NOLI\u201d"},"content":{"rendered":"<p>N\u00eb dat\u00ebn 27 prill 2026 Universiteti \u201cFan S. Noli\u201d n\u00eb bashk\u00ebpunim me Aleanc\u00ebn Franceze t\u00eb Kor\u00e7\u00ebs organizuan nj\u00eb takim me poetin francez Michel Bur.<\/p>\n<p>Ky takim, i cili vjen n\u00eb kuad\u00ebr t\u00eb muajit t\u00eb librit, si dhe t\u00eb veprimtarive me rastin e 55-vjetorit t\u00eb Universitetit ton\u00eb ishte nj\u00eb p\u00ebrvoj\u00eb e ve\u00e7ant\u00eb p\u00ebr t\u00eb pranishmit, student\u00eb, pedagog\u00eb, staf administartiv e dashamir\u00ebs t\u00eb poezis\u00eb.<\/p>\n<p>Gjat\u00eb k\u00ebtij takimi letrar, pjes\u00ebmarr\u00ebsit pat\u00ebn mund\u00ebsin\u00eb t\u00eb njihen m\u00eb nga af\u00ebr me universin krijues t\u00eb poetit, i njohur p\u00ebr poezin\u00eb moderne, p\u00ebr p\u00ebrdorimin e form\u00ebs s\u00eb haikut, si dhe p\u00ebr nd\u00ebrthurjen e fjal\u00ebs me fotografin\u00eb n\u00eb jet\u00ebn e p\u00ebrditshme.<\/p>\n<p>Me formim n\u00eb m\u00ebsuesi dhe me nj\u00eb p\u00ebrvoj\u00eb t\u00eb pasur profesionale n\u00eb Franc\u00eb dhe n\u00eb shum\u00eb vende t\u00eb bot\u00ebs, i vler\u00ebsuar me titullin e nderit Officier dans l\u2019Ordre des Palmes Acad\u00e9miques, poeti Bur ndau me t\u00eb pranishmit reflektime mbi procesin krijues dhe r\u00ebnd\u00ebsin\u00eb e v\u00ebzhgimit t\u00eb realitetit t\u00eb p\u00ebrditsh\u00ebm.<\/p>\n<p>N\u00eb kuad\u00ebr t\u00eb bashk\u00ebpunimit nd\u00ebrinstitucional n\u00eb takim ishin t\u00eb pranish\u00ebm edhe m\u00ebsues t\u00eb gjuh\u00ebs fr\u00ebnge dhe nx\u00ebn\u00ebs t\u00eb seksionit dygjuh\u00ebsh t\u00eb gjimnazit Raqi Qirinxhi, duke krijuar nj\u00eb hap\u00ebsir\u00eb t\u00eb pasur nd\u00ebrveprimi dhe shk\u00ebmbimi idesh.<\/p>\n<p>Vlen t\u00eb theksohet se Michel Bur gjithashtu \u00ebsht\u00eb i angazhuar edhe n\u00eb trajnimin e m\u00ebsuesve t\u00eb gjuh\u00ebs fr\u00ebnge n\u00eb kuad\u00ebr t\u00eb hapjes s\u00eb Liceut franko-shqiptar t\u00eb Kor\u00e7\u00ebs.<\/p>\n<p>Takimi u shoq\u00ebrua edhe me interpretime poezish shkeputur nga krijimtaria e Bur.<\/p>\n<p><a ref=\"magnificPopup\" href=\"https:\/\/unkorce.edu.al\/wp-content\/uploads\/2026\/04\/WhatsApp-Image-2026-04-27-at-12.07.08-1.jpeg\"><img loading=\"lazy\" decoding=\"async\" class=\"alignnone size-medium wp-image-37130\" src=\"https:\/\/unkorce.edu.al\/wp-content\/uploads\/2026\/04\/WhatsApp-Image-2026-04-27-at-12.07.08-1-300x225.jpeg\" alt=\"\" width=\"300\" height=\"225\" srcset=\"https:\/\/unkorce.edu.al\/wp-content\/uploads\/2026\/04\/WhatsApp-Image-2026-04-27-at-12.07.08-1-300x225.jpeg 300w, https:\/\/unkorce.edu.al\/wp-content\/uploads\/2026\/04\/WhatsApp-Image-2026-04-27-at-12.07.08-1-1024x768.jpeg 1024w, https:\/\/unkorce.edu.al\/wp-content\/uploads\/2026\/04\/WhatsApp-Image-2026-04-27-at-12.07.08-1-16x12.jpeg 16w, https:\/\/unkorce.edu.al\/wp-content\/uploads\/2026\/04\/WhatsApp-Image-2026-04-27-at-12.07.08-1.jpeg 1600w\" sizes=\"auto, (max-width: 300px) 100vw, 300px\" \/><\/a> <a ref=\"magnificPopup\" href=\"https:\/\/unkorce.edu.al\/wp-content\/uploads\/2026\/04\/WhatsApp-Image-2026-04-27-at-12.07.08-2.jpeg\"><img loading=\"lazy\" decoding=\"async\" class=\"alignnone size-medium wp-image-37131\" src=\"https:\/\/unkorce.edu.al\/wp-content\/uploads\/2026\/04\/WhatsApp-Image-2026-04-27-at-12.07.08-2-300x225.jpeg\" alt=\"\" width=\"300\" height=\"225\" srcset=\"https:\/\/unkorce.edu.al\/wp-content\/uploads\/2026\/04\/WhatsApp-Image-2026-04-27-at-12.07.08-2-300x225.jpeg 300w, https:\/\/unkorce.edu.al\/wp-content\/uploads\/2026\/04\/WhatsApp-Image-2026-04-27-at-12.07.08-2-1024x768.jpeg 1024w, https:\/\/unkorce.edu.al\/wp-content\/uploads\/2026\/04\/WhatsApp-Image-2026-04-27-at-12.07.08-2-16x12.jpeg 16w, https:\/\/unkorce.edu.al\/wp-content\/uploads\/2026\/04\/WhatsApp-Image-2026-04-27-at-12.07.08-2.jpeg 1600w\" sizes=\"auto, (max-width: 300px) 100vw, 300px\" \/><\/a> <a ref=\"magnificPopup\" href=\"https:\/\/unkorce.edu.al\/wp-content\/uploads\/2026\/04\/WhatsApp-Image-2026-04-27-at-12.07.08.jpeg\"><img loading=\"lazy\" decoding=\"async\" class=\"alignnone size-medium wp-image-37132\" src=\"https:\/\/unkorce.edu.al\/wp-content\/uploads\/2026\/04\/WhatsApp-Image-2026-04-27-at-12.07.08-300x225.jpeg\" alt=\"\" width=\"300\" height=\"225\" srcset=\"https:\/\/unkorce.edu.al\/wp-content\/uploads\/2026\/04\/WhatsApp-Image-2026-04-27-at-12.07.08-300x225.jpeg 300w, https:\/\/unkorce.edu.al\/wp-content\/uploads\/2026\/04\/WhatsApp-Image-2026-04-27-at-12.07.08-1024x768.jpeg 1024w, https:\/\/unkorce.edu.al\/wp-content\/uploads\/2026\/04\/WhatsApp-Image-2026-04-27-at-12.07.08-16x12.jpeg 16w, https:\/\/unkorce.edu.al\/wp-content\/uploads\/2026\/04\/WhatsApp-Image-2026-04-27-at-12.07.08.jpeg 1280w\" sizes=\"auto, (max-width: 300px) 100vw, 300px\" \/><\/a> <a ref=\"magnificPopup\" href=\"https:\/\/unkorce.edu.al\/wp-content\/uploads\/2026\/04\/WhatsApp-Image-2026-04-27-at-12.07.10-1.jpeg\"><img loading=\"lazy\" decoding=\"async\" class=\"alignnone size-medium wp-image-37133\" src=\"https:\/\/unkorce.edu.al\/wp-content\/uploads\/2026\/04\/WhatsApp-Image-2026-04-27-at-12.07.10-1-300x225.jpeg\" alt=\"\" width=\"300\" height=\"225\" srcset=\"https:\/\/unkorce.edu.al\/wp-content\/uploads\/2026\/04\/WhatsApp-Image-2026-04-27-at-12.07.10-1-300x225.jpeg 300w, https:\/\/unkorce.edu.al\/wp-content\/uploads\/2026\/04\/WhatsApp-Image-2026-04-27-at-12.07.10-1-1024x768.jpeg 1024w, https:\/\/unkorce.edu.al\/wp-content\/uploads\/2026\/04\/WhatsApp-Image-2026-04-27-at-12.07.10-1-16x12.jpeg 16w, https:\/\/unkorce.edu.al\/wp-content\/uploads\/2026\/04\/WhatsApp-Image-2026-04-27-at-12.07.10-1.jpeg 1600w\" sizes=\"auto, (max-width: 300px) 100vw, 300px\" \/><\/a> <a ref=\"magnificPopup\" href=\"https:\/\/unkorce.edu.al\/wp-content\/uploads\/2026\/04\/WhatsApp-Image-2026-04-27-at-12.07.10-2.jpeg\"><img loading=\"lazy\" decoding=\"async\" class=\"alignnone size-medium wp-image-37134\" src=\"https:\/\/unkorce.edu.al\/wp-content\/uploads\/2026\/04\/WhatsApp-Image-2026-04-27-at-12.07.10-2-300x225.jpeg\" alt=\"\" width=\"300\" height=\"225\" srcset=\"https:\/\/unkorce.edu.al\/wp-content\/uploads\/2026\/04\/WhatsApp-Image-2026-04-27-at-12.07.10-2-300x225.jpeg 300w, https:\/\/unkorce.edu.al\/wp-content\/uploads\/2026\/04\/WhatsApp-Image-2026-04-27-at-12.07.10-2-1024x768.jpeg 1024w, https:\/\/unkorce.edu.al\/wp-content\/uploads\/2026\/04\/WhatsApp-Image-2026-04-27-at-12.07.10-2-16x12.jpeg 16w, https:\/\/unkorce.edu.al\/wp-content\/uploads\/2026\/04\/WhatsApp-Image-2026-04-27-at-12.07.10-2.jpeg 1600w\" sizes=\"auto, (max-width: 300px) 100vw, 300px\" \/><\/a> <a ref=\"magnificPopup\" href=\"https:\/\/unkorce.edu.al\/wp-content\/uploads\/2026\/04\/WhatsApp-Image-2026-04-27-at-12.07.13-2.jpeg\"><img loading=\"lazy\" decoding=\"async\" class=\"alignnone size-medium wp-image-37135\" src=\"https:\/\/unkorce.edu.al\/wp-content\/uploads\/2026\/04\/WhatsApp-Image-2026-04-27-at-12.07.13-2-300x225.jpeg\" alt=\"\" width=\"300\" height=\"225\" srcset=\"https:\/\/unkorce.edu.al\/wp-content\/uploads\/2026\/04\/WhatsApp-Image-2026-04-27-at-12.07.13-2-300x225.jpeg 300w, https:\/\/unkorce.edu.al\/wp-content\/uploads\/2026\/04\/WhatsApp-Image-2026-04-27-at-12.07.13-2-1024x768.jpeg 1024w, https:\/\/unkorce.edu.al\/wp-content\/uploads\/2026\/04\/WhatsApp-Image-2026-04-27-at-12.07.13-2-16x12.jpeg 16w, https:\/\/unkorce.edu.al\/wp-content\/uploads\/2026\/04\/WhatsApp-Image-2026-04-27-at-12.07.13-2.jpeg 1600w\" sizes=\"auto, (max-width: 300px) 100vw, 300px\" \/><\/a> <a ref=\"magnificPopup\" href=\"https:\/\/unkorce.edu.al\/wp-content\/uploads\/2026\/04\/WhatsApp-Image-2026-04-27-at-12.07.13.jpeg\"><img loading=\"lazy\" decoding=\"async\" class=\"alignnone size-medium wp-image-37136\" src=\"https:\/\/unkorce.edu.al\/wp-content\/uploads\/2026\/04\/WhatsApp-Image-2026-04-27-at-12.07.13-300x225.jpeg\" alt=\"\" width=\"300\" height=\"225\" srcset=\"https:\/\/unkorce.edu.al\/wp-content\/uploads\/2026\/04\/WhatsApp-Image-2026-04-27-at-12.07.13-300x225.jpeg 300w, https:\/\/unkorce.edu.al\/wp-content\/uploads\/2026\/04\/WhatsApp-Image-2026-04-27-at-12.07.13-1024x768.jpeg 1024w, https:\/\/unkorce.edu.al\/wp-content\/uploads\/2026\/04\/WhatsApp-Image-2026-04-27-at-12.07.13-16x12.jpeg 16w, https:\/\/unkorce.edu.al\/wp-content\/uploads\/2026\/04\/WhatsApp-Image-2026-04-27-at-12.07.13.jpeg 1600w\" sizes=\"auto, (max-width: 300px) 100vw, 300px\" \/><\/a> <a ref=\"magnificPopup\" href=\"https:\/\/unkorce.edu.al\/wp-content\/uploads\/2026\/04\/WhatsApp-Image-2026-04-27-at-12.07.17.jpeg\"><img loading=\"lazy\" decoding=\"async\" class=\"alignnone size-medium wp-image-37137\" src=\"https:\/\/unkorce.edu.al\/wp-content\/uploads\/2026\/04\/WhatsApp-Image-2026-04-27-at-12.07.17-300x225.jpeg\" alt=\"\" width=\"300\" height=\"225\" srcset=\"https:\/\/unkorce.edu.al\/wp-content\/uploads\/2026\/04\/WhatsApp-Image-2026-04-27-at-12.07.17-300x225.jpeg 300w, https:\/\/unkorce.edu.al\/wp-content\/uploads\/2026\/04\/WhatsApp-Image-2026-04-27-at-12.07.17-1024x768.jpeg 1024w, https:\/\/unkorce.edu.al\/wp-content\/uploads\/2026\/04\/WhatsApp-Image-2026-04-27-at-12.07.17-16x12.jpeg 16w, https:\/\/unkorce.edu.al\/wp-content\/uploads\/2026\/04\/WhatsApp-Image-2026-04-27-at-12.07.17.jpeg 1600w\" sizes=\"auto, (max-width: 300px) 100vw, 300px\" \/><\/a> <a ref=\"magnificPopup\" href=\"https:\/\/unkorce.edu.al\/wp-content\/uploads\/2026\/04\/WhatsApp-Image-2026-04-27-at-12.07.23-1.jpeg\"><img loading=\"lazy\" decoding=\"async\" class=\"alignnone size-medium wp-image-37138\" src=\"https:\/\/unkorce.edu.al\/wp-content\/uploads\/2026\/04\/WhatsApp-Image-2026-04-27-at-12.07.23-1-300x225.jpeg\" alt=\"\" width=\"300\" height=\"225\" srcset=\"https:\/\/unkorce.edu.al\/wp-content\/uploads\/2026\/04\/WhatsApp-Image-2026-04-27-at-12.07.23-1-300x225.jpeg 300w, https:\/\/unkorce.edu.al\/wp-content\/uploads\/2026\/04\/WhatsApp-Image-2026-04-27-at-12.07.23-1-1024x768.jpeg 1024w, https:\/\/unkorce.edu.al\/wp-content\/uploads\/2026\/04\/WhatsApp-Image-2026-04-27-at-12.07.23-1-16x12.jpeg 16w, https:\/\/unkorce.edu.al\/wp-content\/uploads\/2026\/04\/WhatsApp-Image-2026-04-27-at-12.07.23-1.jpeg 1600w\" sizes=\"auto, (max-width: 300px) 100vw, 300px\" \/><\/a> <a ref=\"magnificPopup\" href=\"https:\/\/unkorce.edu.al\/wp-content\/uploads\/2026\/04\/WhatsApp-Image-2026-04-27-at-12.07.23.jpeg\"><img loading=\"lazy\" decoding=\"async\" class=\"alignnone size-medium wp-image-37139\" src=\"https:\/\/unkorce.edu.al\/wp-content\/uploads\/2026\/04\/WhatsApp-Image-2026-04-27-at-12.07.23-300x225.jpeg\" alt=\"\" width=\"300\" height=\"225\" srcset=\"https:\/\/unkorce.edu.al\/wp-content\/uploads\/2026\/04\/WhatsApp-Image-2026-04-27-at-12.07.23-300x225.jpeg 300w, https:\/\/unkorce.edu.al\/wp-content\/uploads\/2026\/04\/WhatsApp-Image-2026-04-27-at-12.07.23-1024x768.jpeg 1024w, https:\/\/unkorce.edu.al\/wp-content\/uploads\/2026\/04\/WhatsApp-Image-2026-04-27-at-12.07.23-16x12.jpeg 16w, https:\/\/unkorce.edu.al\/wp-content\/uploads\/2026\/04\/WhatsApp-Image-2026-04-27-at-12.07.23.jpeg 1600w\" sizes=\"auto, (max-width: 300px) 100vw, 300px\" \/><\/a> <a ref=\"magnificPopup\" href=\"https:\/\/unkorce.edu.al\/wp-content\/uploads\/2026\/04\/WhatsApp-Image-2026-04-27-at-12.07.24-2.jpeg\"><img loading=\"lazy\" decoding=\"async\" class=\"alignnone size-medium wp-image-37140\" src=\"https:\/\/unkorce.edu.al\/wp-content\/uploads\/2026\/04\/WhatsApp-Image-2026-04-27-at-12.07.24-2-300x225.jpeg\" alt=\"\" width=\"300\" height=\"225\" srcset=\"https:\/\/unkorce.edu.al\/wp-content\/uploads\/2026\/04\/WhatsApp-Image-2026-04-27-at-12.07.24-2-300x225.jpeg 300w, https:\/\/unkorce.edu.al\/wp-content\/uploads\/2026\/04\/WhatsApp-Image-2026-04-27-at-12.07.24-2-1024x768.jpeg 1024w, https:\/\/unkorce.edu.al\/wp-content\/uploads\/2026\/04\/WhatsApp-Image-2026-04-27-at-12.07.24-2-16x12.jpeg 16w, https:\/\/unkorce.edu.al\/wp-content\/uploads\/2026\/04\/WhatsApp-Image-2026-04-27-at-12.07.24-2.jpeg 1600w\" sizes=\"auto, (max-width: 300px) 100vw, 300px\" \/><\/a> <a ref=\"magnificPopup\" href=\"https:\/\/unkorce.edu.al\/wp-content\/uploads\/2026\/04\/WhatsApp-Image-2026-04-27-at-12.07.25.jpeg\"><img loading=\"lazy\" decoding=\"async\" class=\"alignnone size-medium wp-image-37141\" src=\"https:\/\/unkorce.edu.al\/wp-content\/uploads\/2026\/04\/WhatsApp-Image-2026-04-27-at-12.07.25-300x225.jpeg\" alt=\"\" width=\"300\" height=\"225\" srcset=\"https:\/\/unkorce.edu.al\/wp-content\/uploads\/2026\/04\/WhatsApp-Image-2026-04-27-at-12.07.25-300x225.jpeg 300w, https:\/\/unkorce.edu.al\/wp-content\/uploads\/2026\/04\/WhatsApp-Image-2026-04-27-at-12.07.25-1024x768.jpeg 1024w, https:\/\/unkorce.edu.al\/wp-content\/uploads\/2026\/04\/WhatsApp-Image-2026-04-27-at-12.07.25-16x12.jpeg 16w, https:\/\/unkorce.edu.al\/wp-content\/uploads\/2026\/04\/WhatsApp-Image-2026-04-27-at-12.07.25.jpeg 1600w\" sizes=\"auto, (max-width: 300px) 100vw, 300px\" \/><\/a><\/p>","protected":false},"excerpt":{"rendered":"<p>N\u00eb dat\u00ebn 27 prill 2026 Universiteti \u201cFan S. Noli\u201d n\u00eb bashk\u00ebpunim me Aleanc\u00ebn Franceze t\u00eb Kor\u00e7\u00ebs organizuan nj\u00eb takim me poetin francez Michel Bur. Ky takim, i cili vjen n\u00eb kuad\u00ebr t\u00eb muajit t\u00eb librit, si dhe t\u00eb veprimtarive me rastin e 55-vjetorit t\u00eb Universitetit ton\u00eb ishte nj\u00eb p\u00ebrvoj\u00eb e ve\u00e7ant\u00eb p\u00ebr t\u00eb pranishmit, student\u00eb,&#8230;<\/p>","protected":false},"author":2,"featured_media":37135,"comment_status":"open","ping_status":"open","sticky":false,"template":"","format":"standard","meta":{"_acf_changed":false,"footnotes":""},"categories":[5,26],"tags":[],"class_list":["post-37129","post","type-post","status-publish","format-standard","has-post-thumbnail","hentry","category-fakulteti-i-edukimit-dhe-filologjise","category-uncategorized-sq"],"acf":[],"yoast_head":"<!-- This site is optimized with the Yoast SEO plugin v26.9 - https:\/\/yoast.com\/product\/yoast-seo-wordpress\/ -->\n<title>\u201cTAKIM ME POETIN\u201d-VEPRIMTARI N\u00cb KUAD\u00cbR T\u00cb MUAJIT T\u00cb LIBRIT DHE T\u00cb 55-VJETORIT T\u00cb UNIVERSITETIT \u201cFAN S. NOLI\u201d - Universiteti &quot;Fan S. Noli&quot;, Kor\u00e7\u00eb<\/title>\n<meta name=\"robots\" content=\"index, follow, max-snippet:-1, max-image-preview:large, max-video-preview:-1\" \/>\n<link rel=\"canonical\" href=\"https:\/\/unkorce.edu.al\/en\/takim-me-poetin-veprimtari-ne-kuader-te-muajit-te-librit-dhe-te-55-vjetorit-te-universitetit-fan-s-noli\/\" \/>\n<meta property=\"og:locale\" content=\"en_US\" \/>\n<meta property=\"og:type\" content=\"article\" \/>\n<meta property=\"og:title\" content=\"\u201cTAKIM ME POETIN\u201d-VEPRIMTARI N\u00cb KUAD\u00cbR T\u00cb MUAJIT T\u00cb LIBRIT DHE T\u00cb 55-VJETORIT T\u00cb UNIVERSITETIT \u201cFAN S. NOLI\u201d - Universiteti &quot;Fan S. Noli&quot;, Kor\u00e7\u00eb\" \/>\n<meta property=\"og:description\" content=\"N\u00eb dat\u00ebn 27 prill 2026 Universiteti \u201cFan S. Noli\u201d n\u00eb bashk\u00ebpunim me Aleanc\u00ebn Franceze t\u00eb Kor\u00e7\u00ebs organizuan nj\u00eb takim me poetin francez Michel Bur. Ky takim, i cili vjen n\u00eb kuad\u00ebr t\u00eb muajit t\u00eb librit, si dhe t\u00eb veprimtarive me rastin e 55-vjetorit t\u00eb Universitetit ton\u00eb ishte nj\u00eb p\u00ebrvoj\u00eb e ve\u00e7ant\u00eb p\u00ebr t\u00eb pranishmit, student\u00eb,...\" \/>\n<meta property=\"og:url\" content=\"https:\/\/unkorce.edu.al\/en\/takim-me-poetin-veprimtari-ne-kuader-te-muajit-te-librit-dhe-te-55-vjetorit-te-universitetit-fan-s-noli\/\" \/>\n<meta property=\"og:site_name\" content=\"Universiteti &quot;Fan S. Noli&quot;, Kor\u00e7\u00eb\" \/>\n<meta property=\"article:publisher\" content=\"https:\/\/www.facebook.com\/unkorce\" \/>\n<meta property=\"article:published_time\" content=\"2026-04-27T09:35:14+00:00\" \/>\n<meta property=\"article:modified_time\" content=\"2026-04-28T09:46:26+00:00\" \/>\n<meta property=\"og:image\" content=\"https:\/\/unkorce.edu.al\/wp-content\/uploads\/2026\/04\/WhatsApp-Image-2026-04-27-at-12.07.13-2.jpeg\" \/>\n\t<meta property=\"og:image:width\" content=\"1600\" \/>\n\t<meta property=\"og:image:height\" content=\"1200\" \/>\n\t<meta property=\"og:image:type\" content=\"image\/jpeg\" \/>\n<meta name=\"author\" content=\"Brikela Qelemeni\" \/>\n<meta name=\"twitter:card\" content=\"summary_large_image\" \/>\n<meta name=\"twitter:label1\" content=\"Written by\" \/>\n\t<meta name=\"twitter:data1\" content=\"Brikela Qelemeni\" \/>\n\t<meta name=\"twitter:label2\" content=\"Est. reading time\" \/>\n\t<meta name=\"twitter:data2\" content=\"4 minutes\" \/>\n<script type=\"application\/ld+json\" class=\"yoast-schema-graph\">{\"@context\":\"https:\/\/schema.org\",\"@graph\":[{\"@type\":\"Article\",\"@id\":\"https:\/\/unkorce.edu.al\/takim-me-poetin-veprimtari-ne-kuader-te-muajit-te-librit-dhe-te-55-vjetorit-te-universitetit-fan-s-noli\/#article\",\"isPartOf\":{\"@id\":\"https:\/\/unkorce.edu.al\/takim-me-poetin-veprimtari-ne-kuader-te-muajit-te-librit-dhe-te-55-vjetorit-te-universitetit-fan-s-noli\/\"},\"author\":{\"name\":\"Brikela Qelemeni\",\"@id\":\"https:\/\/unkorce.edu.al\/#\/schema\/person\/faa34c53e1891c174ff76279b528558e\"},\"headline\":\"\u201cTAKIM ME POETIN\u201d-VEPRIMTARI N\u00cb KUAD\u00cbR T\u00cb MUAJIT T\u00cb LIBRIT DHE T\u00cb 55-VJETORIT T\u00cb UNIVERSITETIT \u201cFAN S. NOLI\u201d\",\"datePublished\":\"2026-04-27T09:35:14+00:00\",\"dateModified\":\"2026-04-28T09:46:26+00:00\",\"mainEntityOfPage\":{\"@id\":\"https:\/\/unkorce.edu.al\/takim-me-poetin-veprimtari-ne-kuader-te-muajit-te-librit-dhe-te-55-vjetorit-te-universitetit-fan-s-noli\/\"},\"wordCount\":295,\"commentCount\":0,\"publisher\":{\"@id\":\"https:\/\/unkorce.edu.al\/#organization\"},\"image\":{\"@id\":\"https:\/\/unkorce.edu.al\/takim-me-poetin-veprimtari-ne-kuader-te-muajit-te-librit-dhe-te-55-vjetorit-te-universitetit-fan-s-noli\/#primaryimage\"},\"thumbnailUrl\":\"https:\/\/unkorce.edu.al\/wp-content\/uploads\/2026\/04\/WhatsApp-Image-2026-04-27-at-12.07.13-2.jpeg\",\"articleSection\":[\"Fakulteti i Edukimit dhe Filologjise\"],\"inLanguage\":\"en-US\",\"potentialAction\":[{\"@type\":\"CommentAction\",\"name\":\"Comment\",\"target\":[\"https:\/\/unkorce.edu.al\/takim-me-poetin-veprimtari-ne-kuader-te-muajit-te-librit-dhe-te-55-vjetorit-te-universitetit-fan-s-noli\/#respond\"]}]},{\"@type\":\"WebPage\",\"@id\":\"https:\/\/unkorce.edu.al\/takim-me-poetin-veprimtari-ne-kuader-te-muajit-te-librit-dhe-te-55-vjetorit-te-universitetit-fan-s-noli\/\",\"url\":\"https:\/\/unkorce.edu.al\/takim-me-poetin-veprimtari-ne-kuader-te-muajit-te-librit-dhe-te-55-vjetorit-te-universitetit-fan-s-noli\/\",\"name\":\"\u201cTAKIM ME POETIN\u201d-VEPRIMTARI N\u00cb KUAD\u00cbR T\u00cb MUAJIT T\u00cb LIBRIT DHE T\u00cb 55-VJETORIT T\u00cb UNIVERSITETIT \u201cFAN S. NOLI\u201d - Universiteti \\\"Fan S. Noli\\\", Kor\u00e7\u00eb\",\"isPartOf\":{\"@id\":\"https:\/\/unkorce.edu.al\/#website\"},\"primaryImageOfPage\":{\"@id\":\"https:\/\/unkorce.edu.al\/takim-me-poetin-veprimtari-ne-kuader-te-muajit-te-librit-dhe-te-55-vjetorit-te-universitetit-fan-s-noli\/#primaryimage\"},\"image\":{\"@id\":\"https:\/\/unkorce.edu.al\/takim-me-poetin-veprimtari-ne-kuader-te-muajit-te-librit-dhe-te-55-vjetorit-te-universitetit-fan-s-noli\/#primaryimage\"},\"thumbnailUrl\":\"https:\/\/unkorce.edu.al\/wp-content\/uploads\/2026\/04\/WhatsApp-Image-2026-04-27-at-12.07.13-2.jpeg\",\"datePublished\":\"2026-04-27T09:35:14+00:00\",\"dateModified\":\"2026-04-28T09:46:26+00:00\",\"breadcrumb\":{\"@id\":\"https:\/\/unkorce.edu.al\/takim-me-poetin-veprimtari-ne-kuader-te-muajit-te-librit-dhe-te-55-vjetorit-te-universitetit-fan-s-noli\/#breadcrumb\"},\"inLanguage\":\"en-US\",\"potentialAction\":[{\"@type\":\"ReadAction\",\"target\":[\"https:\/\/unkorce.edu.al\/takim-me-poetin-veprimtari-ne-kuader-te-muajit-te-librit-dhe-te-55-vjetorit-te-universitetit-fan-s-noli\/\"]}]},{\"@type\":\"ImageObject\",\"inLanguage\":\"en-US\",\"@id\":\"https:\/\/unkorce.edu.al\/takim-me-poetin-veprimtari-ne-kuader-te-muajit-te-librit-dhe-te-55-vjetorit-te-universitetit-fan-s-noli\/#primaryimage\",\"url\":\"https:\/\/unkorce.edu.al\/wp-content\/uploads\/2026\/04\/WhatsApp-Image-2026-04-27-at-12.07.13-2.jpeg\",\"contentUrl\":\"https:\/\/unkorce.edu.al\/wp-content\/uploads\/2026\/04\/WhatsApp-Image-2026-04-27-at-12.07.13-2.jpeg\",\"width\":1600,\"height\":1200},{\"@type\":\"BreadcrumbList\",\"@id\":\"https:\/\/unkorce.edu.al\/takim-me-poetin-veprimtari-ne-kuader-te-muajit-te-librit-dhe-te-55-vjetorit-te-universitetit-fan-s-noli\/#breadcrumb\",\"itemListElement\":[{\"@type\":\"ListItem\",\"position\":1,\"name\":\"Home\",\"item\":\"https:\/\/unkorce.edu.al\/\"},{\"@type\":\"ListItem\",\"position\":2,\"name\":\"\u201cTAKIM ME POETIN\u201d-VEPRIMTARI N\u00cb KUAD\u00cbR T\u00cb MUAJIT T\u00cb LIBRIT DHE T\u00cb 55-VJETORIT T\u00cb UNIVERSITETIT \u201cFAN S. NOLI\u201d\"}]},{\"@type\":\"WebSite\",\"@id\":\"https:\/\/unkorce.edu.al\/#website\",\"url\":\"https:\/\/unkorce.edu.al\/\",\"name\":\"Universiteti \\\"Fan S. Noli\\\", Kor\u00e7\u00eb\",\"description\":\"Mir&euml;sevini n&euml; faqen zyrtare!\",\"publisher\":{\"@id\":\"https:\/\/unkorce.edu.al\/#organization\"},\"potentialAction\":[{\"@type\":\"SearchAction\",\"target\":{\"@type\":\"EntryPoint\",\"urlTemplate\":\"https:\/\/unkorce.edu.al\/?s={search_term_string}\"},\"query-input\":{\"@type\":\"PropertyValueSpecification\",\"valueRequired\":true,\"valueName\":\"search_term_string\"}}],\"inLanguage\":\"en-US\"},{\"@type\":\"Organization\",\"@id\":\"https:\/\/unkorce.edu.al\/#organization\",\"name\":\"Universiteti \\\"Fan S. Noli\\\", Kor\u00e7\u00eb\",\"url\":\"https:\/\/unkorce.edu.al\/\",\"logo\":{\"@type\":\"ImageObject\",\"inLanguage\":\"en-US\",\"@id\":\"https:\/\/unkorce.edu.al\/#\/schema\/logo\/image\/\",\"url\":\"https:\/\/unkorce.edu.al\/wp-content\/uploads\/2024\/08\/Logo_e_Universitetit__Fan_Noli_-e1726660879862.png\",\"contentUrl\":\"https:\/\/unkorce.edu.al\/wp-content\/uploads\/2024\/08\/Logo_e_Universitetit__Fan_Noli_-e1726660879862.png\",\"width\":200,\"height\":120,\"caption\":\"Universiteti \\\"Fan S. Noli\\\", Kor\u00e7\u00eb\"},\"image\":{\"@id\":\"https:\/\/unkorce.edu.al\/#\/schema\/logo\/image\/\"},\"sameAs\":[\"https:\/\/www.facebook.com\/unkorce\"]},{\"@type\":\"Person\",\"@id\":\"https:\/\/unkorce.edu.al\/#\/schema\/person\/faa34c53e1891c174ff76279b528558e\",\"name\":\"Brikela Qelemeni\",\"image\":{\"@type\":\"ImageObject\",\"inLanguage\":\"en-US\",\"@id\":\"https:\/\/unkorce.edu.al\/#\/schema\/person\/image\/\",\"url\":\"https:\/\/secure.gravatar.com\/avatar\/6c1805558a9218503040c8b9055763822c6184a1cd600127210a9abbc5aaea04?s=96&d=mm&r=g\",\"contentUrl\":\"https:\/\/secure.gravatar.com\/avatar\/6c1805558a9218503040c8b9055763822c6184a1cd600127210a9abbc5aaea04?s=96&d=mm&r=g\",\"caption\":\"Brikela Qelemeni\"},\"url\":\"https:\/\/unkorce.edu.al\/en\/author\/brikela\/\"}]}<\/script>\n<!-- \/ Yoast SEO plugin. -->","yoast_head_json":{"title":"\u201cTAKIM ME POETIN\u201d-VEPRIMTARI N\u00cb KUAD\u00cbR T\u00cb MUAJIT T\u00cb LIBRIT DHE T\u00cb 55-VJETORIT T\u00cb UNIVERSITETIT \u201cFAN S. NOLI\u201d - Universiteti \"Fan S. Noli\", Kor\u00e7\u00eb","robots":{"index":"index","follow":"follow","max-snippet":"max-snippet:-1","max-image-preview":"max-image-preview:large","max-video-preview":"max-video-preview:-1"},"canonical":"https:\/\/unkorce.edu.al\/en\/takim-me-poetin-veprimtari-ne-kuader-te-muajit-te-librit-dhe-te-55-vjetorit-te-universitetit-fan-s-noli\/","og_locale":"en_US","og_type":"article","og_title":"\u201cTAKIM ME POETIN\u201d-VEPRIMTARI N\u00cb KUAD\u00cbR T\u00cb MUAJIT T\u00cb LIBRIT DHE T\u00cb 55-VJETORIT T\u00cb UNIVERSITETIT \u201cFAN S. NOLI\u201d - Universiteti \"Fan S. Noli\", Kor\u00e7\u00eb","og_description":"N\u00eb dat\u00ebn 27 prill 2026 Universiteti \u201cFan S. Noli\u201d n\u00eb bashk\u00ebpunim me Aleanc\u00ebn Franceze t\u00eb Kor\u00e7\u00ebs organizuan nj\u00eb takim me poetin francez Michel Bur. Ky takim, i cili vjen n\u00eb kuad\u00ebr t\u00eb muajit t\u00eb librit, si dhe t\u00eb veprimtarive me rastin e 55-vjetorit t\u00eb Universitetit ton\u00eb ishte nj\u00eb p\u00ebrvoj\u00eb e ve\u00e7ant\u00eb p\u00ebr t\u00eb pranishmit, student\u00eb,...","og_url":"https:\/\/unkorce.edu.al\/en\/takim-me-poetin-veprimtari-ne-kuader-te-muajit-te-librit-dhe-te-55-vjetorit-te-universitetit-fan-s-noli\/","og_site_name":"Universiteti \"Fan S. Noli\", Kor\u00e7\u00eb","article_publisher":"https:\/\/www.facebook.com\/unkorce","article_published_time":"2026-04-27T09:35:14+00:00","article_modified_time":"2026-04-28T09:46:26+00:00","og_image":[{"width":1600,"height":1200,"url":"https:\/\/unkorce.edu.al\/wp-content\/uploads\/2026\/04\/WhatsApp-Image-2026-04-27-at-12.07.13-2.jpeg","type":"image\/jpeg"}],"author":"Brikela Qelemeni","twitter_card":"summary_large_image","twitter_misc":{"Written by":"Brikela Qelemeni","Est. reading time":"4 minutes"},"schema":{"@context":"https:\/\/schema.org","@graph":[{"@type":"Article","@id":"https:\/\/unkorce.edu.al\/takim-me-poetin-veprimtari-ne-kuader-te-muajit-te-librit-dhe-te-55-vjetorit-te-universitetit-fan-s-noli\/#article","isPartOf":{"@id":"https:\/\/unkorce.edu.al\/takim-me-poetin-veprimtari-ne-kuader-te-muajit-te-librit-dhe-te-55-vjetorit-te-universitetit-fan-s-noli\/"},"author":{"name":"Brikela Qelemeni","@id":"https:\/\/unkorce.edu.al\/#\/schema\/person\/faa34c53e1891c174ff76279b528558e"},"headline":"\u201cTAKIM ME POETIN\u201d-VEPRIMTARI N\u00cb KUAD\u00cbR T\u00cb MUAJIT T\u00cb LIBRIT DHE T\u00cb 55-VJETORIT T\u00cb UNIVERSITETIT \u201cFAN S. NOLI\u201d","datePublished":"2026-04-27T09:35:14+00:00","dateModified":"2026-04-28T09:46:26+00:00","mainEntityOfPage":{"@id":"https:\/\/unkorce.edu.al\/takim-me-poetin-veprimtari-ne-kuader-te-muajit-te-librit-dhe-te-55-vjetorit-te-universitetit-fan-s-noli\/"},"wordCount":295,"commentCount":0,"publisher":{"@id":"https:\/\/unkorce.edu.al\/#organization"},"image":{"@id":"https:\/\/unkorce.edu.al\/takim-me-poetin-veprimtari-ne-kuader-te-muajit-te-librit-dhe-te-55-vjetorit-te-universitetit-fan-s-noli\/#primaryimage"},"thumbnailUrl":"https:\/\/unkorce.edu.al\/wp-content\/uploads\/2026\/04\/WhatsApp-Image-2026-04-27-at-12.07.13-2.jpeg","articleSection":["Fakulteti i Edukimit dhe Filologjise"],"inLanguage":"en-US","potentialAction":[{"@type":"CommentAction","name":"Comment","target":["https:\/\/unkorce.edu.al\/takim-me-poetin-veprimtari-ne-kuader-te-muajit-te-librit-dhe-te-55-vjetorit-te-universitetit-fan-s-noli\/#respond"]}]},{"@type":"WebPage","@id":"https:\/\/unkorce.edu.al\/takim-me-poetin-veprimtari-ne-kuader-te-muajit-te-librit-dhe-te-55-vjetorit-te-universitetit-fan-s-noli\/","url":"https:\/\/unkorce.edu.al\/takim-me-poetin-veprimtari-ne-kuader-te-muajit-te-librit-dhe-te-55-vjetorit-te-universitetit-fan-s-noli\/","name":"\u201cTAKIM ME POETIN\u201d-VEPRIMTARI N\u00cb KUAD\u00cbR T\u00cb MUAJIT T\u00cb LIBRIT DHE T\u00cb 55-VJETORIT T\u00cb UNIVERSITETIT \u201cFAN S. NOLI\u201d - Universiteti \"Fan S. Noli\", Kor\u00e7\u00eb","isPartOf":{"@id":"https:\/\/unkorce.edu.al\/#website"},"primaryImageOfPage":{"@id":"https:\/\/unkorce.edu.al\/takim-me-poetin-veprimtari-ne-kuader-te-muajit-te-librit-dhe-te-55-vjetorit-te-universitetit-fan-s-noli\/#primaryimage"},"image":{"@id":"https:\/\/unkorce.edu.al\/takim-me-poetin-veprimtari-ne-kuader-te-muajit-te-librit-dhe-te-55-vjetorit-te-universitetit-fan-s-noli\/#primaryimage"},"thumbnailUrl":"https:\/\/unkorce.edu.al\/wp-content\/uploads\/2026\/04\/WhatsApp-Image-2026-04-27-at-12.07.13-2.jpeg","datePublished":"2026-04-27T09:35:14+00:00","dateModified":"2026-04-28T09:46:26+00:00","breadcrumb":{"@id":"https:\/\/unkorce.edu.al\/takim-me-poetin-veprimtari-ne-kuader-te-muajit-te-librit-dhe-te-55-vjetorit-te-universitetit-fan-s-noli\/#breadcrumb"},"inLanguage":"en-US","potentialAction":[{"@type":"ReadAction","target":["https:\/\/unkorce.edu.al\/takim-me-poetin-veprimtari-ne-kuader-te-muajit-te-librit-dhe-te-55-vjetorit-te-universitetit-fan-s-noli\/"]}]},{"@type":"ImageObject","inLanguage":"en-US","@id":"https:\/\/unkorce.edu.al\/takim-me-poetin-veprimtari-ne-kuader-te-muajit-te-librit-dhe-te-55-vjetorit-te-universitetit-fan-s-noli\/#primaryimage","url":"https:\/\/unkorce.edu.al\/wp-content\/uploads\/2026\/04\/WhatsApp-Image-2026-04-27-at-12.07.13-2.jpeg","contentUrl":"https:\/\/unkorce.edu.al\/wp-content\/uploads\/2026\/04\/WhatsApp-Image-2026-04-27-at-12.07.13-2.jpeg","width":1600,"height":1200},{"@type":"BreadcrumbList","@id":"https:\/\/unkorce.edu.al\/takim-me-poetin-veprimtari-ne-kuader-te-muajit-te-librit-dhe-te-55-vjetorit-te-universitetit-fan-s-noli\/#breadcrumb","itemListElement":[{"@type":"ListItem","position":1,"name":"Home","item":"https:\/\/unkorce.edu.al\/"},{"@type":"ListItem","position":2,"name":"\u201cTAKIM ME POETIN\u201d-VEPRIMTARI N\u00cb KUAD\u00cbR T\u00cb MUAJIT T\u00cb LIBRIT DHE T\u00cb 55-VJETORIT T\u00cb UNIVERSITETIT \u201cFAN S. NOLI\u201d"}]},{"@type":"WebSite","@id":"https:\/\/unkorce.edu.al\/#website","url":"https:\/\/unkorce.edu.al\/","name":"Universiteti \"Fan S. Noli\", Kor\u00e7\u00eb","description":"Mir&euml;sevini n&euml; faqen zyrtare!","publisher":{"@id":"https:\/\/unkorce.edu.al\/#organization"},"potentialAction":[{"@type":"SearchAction","target":{"@type":"EntryPoint","urlTemplate":"https:\/\/unkorce.edu.al\/?s={search_term_string}"},"query-input":{"@type":"PropertyValueSpecification","valueRequired":true,"valueName":"search_term_string"}}],"inLanguage":"en-US"},{"@type":"Organization","@id":"https:\/\/unkorce.edu.al\/#organization","name":"Universiteti \"Fan S. Noli\", Kor\u00e7\u00eb","url":"https:\/\/unkorce.edu.al\/","logo":{"@type":"ImageObject","inLanguage":"en-US","@id":"https:\/\/unkorce.edu.al\/#\/schema\/logo\/image\/","url":"https:\/\/unkorce.edu.al\/wp-content\/uploads\/2024\/08\/Logo_e_Universitetit__Fan_Noli_-e1726660879862.png","contentUrl":"https:\/\/unkorce.edu.al\/wp-content\/uploads\/2024\/08\/Logo_e_Universitetit__Fan_Noli_-e1726660879862.png","width":200,"height":120,"caption":"Universiteti \"Fan S. Noli\", Kor\u00e7\u00eb"},"image":{"@id":"https:\/\/unkorce.edu.al\/#\/schema\/logo\/image\/"},"sameAs":["https:\/\/www.facebook.com\/unkorce"]},{"@type":"Person","@id":"https:\/\/unkorce.edu.al\/#\/schema\/person\/faa34c53e1891c174ff76279b528558e","name":"Brikela Qelemeni","image":{"@type":"ImageObject","inLanguage":"en-US","@id":"https:\/\/unkorce.edu.al\/#\/schema\/person\/image\/","url":"https:\/\/secure.gravatar.com\/avatar\/6c1805558a9218503040c8b9055763822c6184a1cd600127210a9abbc5aaea04?s=96&d=mm&r=g","contentUrl":"https:\/\/secure.gravatar.com\/avatar\/6c1805558a9218503040c8b9055763822c6184a1cd600127210a9abbc5aaea04?s=96&d=mm&r=g","caption":"Brikela Qelemeni"},"url":"https:\/\/unkorce.edu.al\/en\/author\/brikela\/"}]}},"_links":{"self":[{"href":"https:\/\/unkorce.edu.al\/en\/wp-json\/wp\/v2\/posts\/37129","targetHints":{"allow":["GET"]}}],"collection":[{"href":"https:\/\/unkorce.edu.al\/en\/wp-json\/wp\/v2\/posts"}],"about":[{"href":"https:\/\/unkorce.edu.al\/en\/wp-json\/wp\/v2\/types\/post"}],"author":[{"embeddable":true,"href":"https:\/\/unkorce.edu.al\/en\/wp-json\/wp\/v2\/users\/2"}],"replies":[{"embeddable":true,"href":"https:\/\/unkorce.edu.al\/en\/wp-json\/wp\/v2\/comments?post=37129"}],"version-history":[{"count":1,"href":"https:\/\/unkorce.edu.al\/en\/wp-json\/wp\/v2\/posts\/37129\/revisions"}],"predecessor-version":[{"id":37142,"href":"https:\/\/unkorce.edu.al\/en\/wp-json\/wp\/v2\/posts\/37129\/revisions\/37142"}],"wp:featuredmedia":[{"embeddable":true,"href":"https:\/\/unkorce.edu.al\/en\/wp-json\/wp\/v2\/media\/37135"}],"wp:attachment":[{"href":"https:\/\/unkorce.edu.al\/en\/wp-json\/wp\/v2\/media?parent=37129"}],"wp:term":[{"taxonomy":"category","embeddable":true,"href":"https:\/\/unkorce.edu.al\/en\/wp-json\/wp\/v2\/categories?post=37129"},{"taxonomy":"post_tag","embeddable":true,"href":"https:\/\/unkorce.edu.al\/en\/wp-json\/wp\/v2\/tags?post=37129"}],"curies":[{"name":"wp","href":"https:\/\/api.w.org\/{rel}","templated":true}]}}