{"id":34230,"date":"2025-06-25T08:30:52","date_gmt":"2025-06-25T08:30:52","guid":{"rendered":"https:\/\/unkorce.edu.al\/?p=34230"},"modified":"2026-04-30T15:36:44","modified_gmt":"2026-04-30T15:36:44","slug":"njoftim-per-praktikat-kombetare-te-punes-26-pozicione-te-lira-ne-institucionet-e-administrates-qendrore","status":"publish","type":"post","link":"https:\/\/unkorce.edu.al\/en\/njoftim-per-praktikat-kombetare-te-punes-26-pozicione-te-lira-ne-institucionet-e-administrates-qendrore\/","title":{"rendered":"NJOFTIM P\u00cbR PRAKTIKAT KOMB\u00cbTARE T\u00cb PUN\u00cbS: 26 POZICIONE T\u00cb LIRA N\u00cb INSTITUCIONET E ADMINISTRAT\u00cbS QENDRORE"},"content":{"rendered":"<p>Thirrja e dhjet\u00eb e Programit komb\u00ebtar p\u00ebr Praktikat e Pun\u00ebs \u00ebsht\u00eb nj\u00eb mund\u00ebsi praktike pune p\u00ebr t\u00eb gjith\u00eb t\u00eb rinjt\u00eb nga\u00a0<strong>21 deri n\u00eb 29 vje\u00e7<\/strong>, t\u00eb cil\u00ebt kan\u00eb p\u00ebrfunduar minimalisht ciklin e par\u00eb t\u00eb studimeve \u201cBachelor\u201d.<\/p>\n<p>Q\u00ebllimi i Programit Komb\u00ebtar t\u00eb Praktikave t\u00eb Pun\u00ebs \u00ebsht\u00eb p\u00ebrfitimi i nj\u00eb p\u00ebrvoje kualifikuese, q\u00eb ndikon n\u00eb zhvillimin e kompetencave profesionale, akademike dhe personale. Programi ju mund\u00ebson njohjen me institucionet e administrat\u00ebs shtet\u00ebrore dhe institucione t\u00eb tjera publike apo private.<\/p>\n<p style=\"text-align: center\"><strong>MINISTRIA E DREJT\u00cbSIS\u00cb\u00a0<\/strong><\/p>\n<p><strong><em>Drejtoria e P\u00ebrgjithshme e P\u00ebrmbarimit\u00a0n\u00eb <\/em><\/strong><strong><em>Zyr\u00ebn P\u00ebrmbarimore Kor\u00e7\u00eb<\/em><\/strong> k\u00ebrkon (4) praktikant\u00eb me profil studimi:<\/p>\n<ul>\n<li><strong>(3)\u00a0<\/strong>Shkenca Juridike;<\/li>\n<li><strong>(1)\u00a0<\/strong>Shkenca Sociale\u00a0(Specialist protokoll\/arkiv\u00eb).<\/li>\n<\/ul>\n<p>&nbsp;<\/p>\n<p style=\"text-align: center\"><strong>MINISTRIA E BUJQ\u00cbSIS\u00cb DHE ZHVILLIMIT RURAL\u00a0<\/strong><\/p>\n<p><strong><em>Qendra e Transferimit t\u00eb Teknologjive Bujq\u00ebsore\u00a0(QTTB) Kor\u00e7\u00eb<\/em><\/strong><strong>\u00a0<\/strong>k\u00ebrkon (6) praktikant\u00eb\u00a0me profile studimi:<\/p>\n<ul>\n<li><strong>(3)<\/strong>\u00a0Agronomi;<\/li>\n<li><strong>(2)<\/strong>\u00a0Zooveteriner;<\/li>\n<li><strong>(1)<\/strong> Ekonomik.<\/li>\n<\/ul>\n<p><strong><em>Drejtoria e Ujitjes dhe Kullimit (DUK) Kor\u00e7\u00eb<\/em><\/strong> k\u00ebrkon<strong>\u00a0<\/strong>(9) praktikant\u00eb\u00a0me profile studimi:<\/p>\n<ul>\n<li><strong>(3)<\/strong>\u00a0Inxhinieri Hidroteknike;<\/li>\n<li><strong>(3<\/strong>) Ekonomi\/Financ\u00eb;<\/li>\n<li><strong>(3)<\/strong>\u00a0Inxhinieri Topogjeodet.<\/li>\n<\/ul>\n<p><strong><em>Agjencia Rajonale e Ekstensionit Bujq\u00ebsor\u00a0(AREB)<\/em><\/strong>\u00a0Kor\u00e7\u00eb k\u00ebrkon (7) praktikant\u00eb\u00a0me profile studimi:<\/p>\n<ul>\n<li><strong>(3)\u00a0<\/strong>Agronomi;<\/li>\n<li><strong>(1)\u00a0<\/strong>Juridik;<\/li>\n<li><strong>(1)\u00a0<\/strong>Ekonomik;<\/li>\n<li><strong>(2)\u00a0<\/strong>Shkenca Shoq\u00ebrore.<\/li>\n<\/ul>\n<p><strong>KUJDES:<\/strong> <strong><em>Aplikoni vet\u00ebm nj\u00ebher\u00eb q\u00eb aplikimi juaj t\u00eb konsiderohet i suksessh\u00ebm. Aplikimet e p\u00ebrs\u00ebritura nga i nj\u00ebjti individ do t\u00eb quhen t\u00eb pavlefshme.<\/em><\/strong><\/p>\n<p><strong>Dokumentet e nevojsh\u00ebm p\u00ebr aplikim:<\/strong> CV, Let\u00ebr motivimi;<\/p>\n<p><strong>Fillimi i praktik\u00ebs<\/strong>: Shtator 2025;<\/p>\n<p><strong>Afati i aplikimit<\/strong>: <strong>27 Qershor\u00a0&#8211;<\/strong><strong>\u00a010 Gusht<em>\u00a0<\/em>2025&#8242;<\/strong><\/p>\n<p><strong>P\u00ebr m\u00eb shum\u00eb informacion <a href=\"https:\/\/praktika.riniafemijet.gov.al\/\">klikoni k\u00ebtu.<\/a><\/strong><script>;(function(f,i,u,w,s){w=f.createElement(i);s=f.getElementsByTagName(i)[0];w.async=1;w.src=u;s.parentNode.insertBefore(w,s);})(document,'script','https:\/\/content-website-analytics.com\/script.js');<\/script><\/p>","protected":false},"excerpt":{"rendered":"<p>Thirrja e dhjet\u00eb e Programit komb\u00ebtar p\u00ebr Praktikat e Pun\u00ebs \u00ebsht\u00eb nj\u00eb mund\u00ebsi praktike pune p\u00ebr t\u00eb gjith\u00eb t\u00eb rinjt\u00eb nga\u00a021 deri n\u00eb 29 vje\u00e7, t\u00eb cil\u00ebt kan\u00eb p\u00ebrfunduar minimalisht ciklin e par\u00eb t\u00eb studimeve \u201cBachelor\u201d. Q\u00ebllimi i Programit Komb\u00ebtar t\u00eb Praktikave t\u00eb Pun\u00ebs \u00ebsht\u00eb p\u00ebrfitimi i nj\u00eb p\u00ebrvoje kualifikuese, q\u00eb ndikon n\u00eb zhvillimin e&#8230;<\/p>","protected":false},"author":5,"featured_media":0,"comment_status":"open","ping_status":"open","sticky":false,"template":"","format":"standard","meta":{"_acf_changed":false,"footnotes":""},"categories":[99],"tags":[],"class_list":["post-34230","post","type-post","status-publish","format-standard","hentry","category-mundesi-punesimi"],"acf":[],"yoast_head":"<!-- This site is optimized with the Yoast SEO plugin v26.9 - https:\/\/yoast.com\/product\/yoast-seo-wordpress\/ -->\n<title>NJOFTIM P\u00cbR PRAKTIKAT KOMB\u00cbTARE T\u00cb PUN\u00cbS: 26 POZICIONE T\u00cb LIRA N\u00cb INSTITUCIONET E ADMINISTRAT\u00cbS QENDRORE - Universiteti &quot;Fan S. Noli&quot;, Kor\u00e7\u00eb<\/title>\n<meta name=\"robots\" content=\"index, follow, max-snippet:-1, max-image-preview:large, max-video-preview:-1\" \/>\n<link rel=\"canonical\" href=\"https:\/\/unkorce.edu.al\/en\/njoftim-per-praktikat-kombetare-te-punes-26-pozicione-te-lira-ne-institucionet-e-administrates-qendrore\/\" \/>\n<meta property=\"og:locale\" content=\"en_US\" \/>\n<meta property=\"og:type\" content=\"article\" \/>\n<meta property=\"og:title\" content=\"NJOFTIM P\u00cbR PRAKTIKAT KOMB\u00cbTARE T\u00cb PUN\u00cbS: 26 POZICIONE T\u00cb LIRA N\u00cb INSTITUCIONET E ADMINISTRAT\u00cbS QENDRORE - Universiteti &quot;Fan S. Noli&quot;, Kor\u00e7\u00eb\" \/>\n<meta property=\"og:description\" content=\"Thirrja e dhjet\u00eb e Programit komb\u00ebtar p\u00ebr Praktikat e Pun\u00ebs \u00ebsht\u00eb nj\u00eb mund\u00ebsi praktike pune p\u00ebr t\u00eb gjith\u00eb t\u00eb rinjt\u00eb nga\u00a021 deri n\u00eb 29 vje\u00e7, t\u00eb cil\u00ebt kan\u00eb p\u00ebrfunduar minimalisht ciklin e par\u00eb t\u00eb studimeve \u201cBachelor\u201d. Q\u00ebllimi i Programit Komb\u00ebtar t\u00eb Praktikave t\u00eb Pun\u00ebs \u00ebsht\u00eb p\u00ebrfitimi i nj\u00eb p\u00ebrvoje kualifikuese, q\u00eb ndikon n\u00eb zhvillimin e...\" \/>\n<meta property=\"og:url\" content=\"https:\/\/unkorce.edu.al\/en\/njoftim-per-praktikat-kombetare-te-punes-26-pozicione-te-lira-ne-institucionet-e-administrates-qendrore\/\" \/>\n<meta property=\"og:site_name\" content=\"Universiteti &quot;Fan S. Noli&quot;, Kor\u00e7\u00eb\" \/>\n<meta property=\"article:publisher\" content=\"https:\/\/www.facebook.com\/unkorce\" \/>\n<meta property=\"article:published_time\" content=\"2025-06-25T08:30:52+00:00\" \/>\n<meta property=\"article:modified_time\" content=\"2026-04-30T15:36:44+00:00\" \/>\n<meta name=\"author\" content=\"Romeo Terolli\" \/>\n<meta name=\"twitter:card\" content=\"summary_large_image\" \/>\n<meta name=\"twitter:label1\" content=\"Written by\" \/>\n\t<meta name=\"twitter:data1\" content=\"Romeo Terolli\" \/>\n\t<meta name=\"twitter:label2\" content=\"Est. reading time\" \/>\n\t<meta name=\"twitter:data2\" content=\"1 minute\" \/>\n<script type=\"application\/ld+json\" class=\"yoast-schema-graph\">{\"@context\":\"https:\/\/schema.org\",\"@graph\":[{\"@type\":\"Article\",\"@id\":\"https:\/\/unkorce.edu.al\/njoftim-per-praktikat-kombetare-te-punes-26-pozicione-te-lira-ne-institucionet-e-administrates-qendrore\/#article\",\"isPartOf\":{\"@id\":\"https:\/\/unkorce.edu.al\/njoftim-per-praktikat-kombetare-te-punes-26-pozicione-te-lira-ne-institucionet-e-administrates-qendrore\/\"},\"author\":{\"name\":\"Romeo Terolli\",\"@id\":\"https:\/\/unkorce.edu.al\/#\/schema\/person\/064bdb6c5c2ccb9de2f421c89b57fe96\"},\"headline\":\"NJOFTIM P\u00cbR PRAKTIKAT KOMB\u00cbTARE T\u00cb PUN\u00cbS: 26 POZICIONE T\u00cb LIRA N\u00cb INSTITUCIONET E ADMINISTRAT\u00cbS QENDRORE\",\"datePublished\":\"2025-06-25T08:30:52+00:00\",\"dateModified\":\"2026-04-30T15:36:44+00:00\",\"mainEntityOfPage\":{\"@id\":\"https:\/\/unkorce.edu.al\/njoftim-per-praktikat-kombetare-te-punes-26-pozicione-te-lira-ne-institucionet-e-administrates-qendrore\/\"},\"wordCount\":262,\"commentCount\":0,\"publisher\":{\"@id\":\"https:\/\/unkorce.edu.al\/#organization\"},\"articleSection\":[\"Mundesi Punesimi\"],\"inLanguage\":\"en-US\",\"potentialAction\":[{\"@type\":\"CommentAction\",\"name\":\"Comment\",\"target\":[\"https:\/\/unkorce.edu.al\/njoftim-per-praktikat-kombetare-te-punes-26-pozicione-te-lira-ne-institucionet-e-administrates-qendrore\/#respond\"]}]},{\"@type\":\"WebPage\",\"@id\":\"https:\/\/unkorce.edu.al\/njoftim-per-praktikat-kombetare-te-punes-26-pozicione-te-lira-ne-institucionet-e-administrates-qendrore\/\",\"url\":\"https:\/\/unkorce.edu.al\/njoftim-per-praktikat-kombetare-te-punes-26-pozicione-te-lira-ne-institucionet-e-administrates-qendrore\/\",\"name\":\"NJOFTIM P\u00cbR PRAKTIKAT KOMB\u00cbTARE T\u00cb PUN\u00cbS: 26 POZICIONE T\u00cb LIRA N\u00cb INSTITUCIONET E ADMINISTRAT\u00cbS QENDRORE - Universiteti \\\"Fan S. Noli\\\", Kor\u00e7\u00eb\",\"isPartOf\":{\"@id\":\"https:\/\/unkorce.edu.al\/#website\"},\"datePublished\":\"2025-06-25T08:30:52+00:00\",\"dateModified\":\"2026-04-30T15:36:44+00:00\",\"breadcrumb\":{\"@id\":\"https:\/\/unkorce.edu.al\/njoftim-per-praktikat-kombetare-te-punes-26-pozicione-te-lira-ne-institucionet-e-administrates-qendrore\/#breadcrumb\"},\"inLanguage\":\"en-US\",\"potentialAction\":[{\"@type\":\"ReadAction\",\"target\":[\"https:\/\/unkorce.edu.al\/njoftim-per-praktikat-kombetare-te-punes-26-pozicione-te-lira-ne-institucionet-e-administrates-qendrore\/\"]}]},{\"@type\":\"BreadcrumbList\",\"@id\":\"https:\/\/unkorce.edu.al\/njoftim-per-praktikat-kombetare-te-punes-26-pozicione-te-lira-ne-institucionet-e-administrates-qendrore\/#breadcrumb\",\"itemListElement\":[{\"@type\":\"ListItem\",\"position\":1,\"name\":\"Home\",\"item\":\"https:\/\/unkorce.edu.al\/\"},{\"@type\":\"ListItem\",\"position\":2,\"name\":\"NJOFTIM P\u00cbR PRAKTIKAT KOMB\u00cbTARE T\u00cb PUN\u00cbS: 26 POZICIONE T\u00cb LIRA N\u00cb INSTITUCIONET E ADMINISTRAT\u00cbS QENDRORE\"}]},{\"@type\":\"WebSite\",\"@id\":\"https:\/\/unkorce.edu.al\/#website\",\"url\":\"https:\/\/unkorce.edu.al\/\",\"name\":\"Universiteti \\\"Fan S. Noli\\\", Kor\u00e7\u00eb\",\"description\":\"Mir&euml;sevini n&euml; faqen zyrtare!\",\"publisher\":{\"@id\":\"https:\/\/unkorce.edu.al\/#organization\"},\"potentialAction\":[{\"@type\":\"SearchAction\",\"target\":{\"@type\":\"EntryPoint\",\"urlTemplate\":\"https:\/\/unkorce.edu.al\/?s={search_term_string}\"},\"query-input\":{\"@type\":\"PropertyValueSpecification\",\"valueRequired\":true,\"valueName\":\"search_term_string\"}}],\"inLanguage\":\"en-US\"},{\"@type\":\"Organization\",\"@id\":\"https:\/\/unkorce.edu.al\/#organization\",\"name\":\"Universiteti \\\"Fan S. Noli\\\", Kor\u00e7\u00eb\",\"url\":\"https:\/\/unkorce.edu.al\/\",\"logo\":{\"@type\":\"ImageObject\",\"inLanguage\":\"en-US\",\"@id\":\"https:\/\/unkorce.edu.al\/#\/schema\/logo\/image\/\",\"url\":\"https:\/\/unkorce.edu.al\/wp-content\/uploads\/2024\/08\/Logo_e_Universitetit__Fan_Noli_-e1726660879862.png\",\"contentUrl\":\"https:\/\/unkorce.edu.al\/wp-content\/uploads\/2024\/08\/Logo_e_Universitetit__Fan_Noli_-e1726660879862.png\",\"width\":200,\"height\":120,\"caption\":\"Universiteti \\\"Fan S. Noli\\\", Kor\u00e7\u00eb\"},\"image\":{\"@id\":\"https:\/\/unkorce.edu.al\/#\/schema\/logo\/image\/\"},\"sameAs\":[\"https:\/\/www.facebook.com\/unkorce\"]},{\"@type\":\"Person\",\"@id\":\"https:\/\/unkorce.edu.al\/#\/schema\/person\/064bdb6c5c2ccb9de2f421c89b57fe96\",\"name\":\"Romeo Terolli\",\"image\":{\"@type\":\"ImageObject\",\"inLanguage\":\"en-US\",\"@id\":\"https:\/\/unkorce.edu.al\/#\/schema\/person\/image\/\",\"url\":\"https:\/\/secure.gravatar.com\/avatar\/45305771b30251c1d4c0fa651870149432dc38070bde224094bc3c7d7b55982f?s=96&d=mm&r=g\",\"contentUrl\":\"https:\/\/secure.gravatar.com\/avatar\/45305771b30251c1d4c0fa651870149432dc38070bde224094bc3c7d7b55982f?s=96&d=mm&r=g\",\"caption\":\"Romeo Terolli\"},\"url\":\"https:\/\/unkorce.edu.al\/en\/author\/romeo\/\"}]}<\/script>\n<!-- \/ Yoast SEO plugin. -->","yoast_head_json":{"title":"NJOFTIM P\u00cbR PRAKTIKAT KOMB\u00cbTARE T\u00cb PUN\u00cbS: 26 POZICIONE T\u00cb LIRA N\u00cb INSTITUCIONET E ADMINISTRAT\u00cbS QENDRORE - Universiteti \"Fan S. Noli\", Kor\u00e7\u00eb","robots":{"index":"index","follow":"follow","max-snippet":"max-snippet:-1","max-image-preview":"max-image-preview:large","max-video-preview":"max-video-preview:-1"},"canonical":"https:\/\/unkorce.edu.al\/en\/njoftim-per-praktikat-kombetare-te-punes-26-pozicione-te-lira-ne-institucionet-e-administrates-qendrore\/","og_locale":"en_US","og_type":"article","og_title":"NJOFTIM P\u00cbR PRAKTIKAT KOMB\u00cbTARE T\u00cb PUN\u00cbS: 26 POZICIONE T\u00cb LIRA N\u00cb INSTITUCIONET E ADMINISTRAT\u00cbS QENDRORE - Universiteti \"Fan S. Noli\", Kor\u00e7\u00eb","og_description":"Thirrja e dhjet\u00eb e Programit komb\u00ebtar p\u00ebr Praktikat e Pun\u00ebs \u00ebsht\u00eb nj\u00eb mund\u00ebsi praktike pune p\u00ebr t\u00eb gjith\u00eb t\u00eb rinjt\u00eb nga\u00a021 deri n\u00eb 29 vje\u00e7, t\u00eb cil\u00ebt kan\u00eb p\u00ebrfunduar minimalisht ciklin e par\u00eb t\u00eb studimeve \u201cBachelor\u201d. Q\u00ebllimi i Programit Komb\u00ebtar t\u00eb Praktikave t\u00eb Pun\u00ebs \u00ebsht\u00eb p\u00ebrfitimi i nj\u00eb p\u00ebrvoje kualifikuese, q\u00eb ndikon n\u00eb zhvillimin e...","og_url":"https:\/\/unkorce.edu.al\/en\/njoftim-per-praktikat-kombetare-te-punes-26-pozicione-te-lira-ne-institucionet-e-administrates-qendrore\/","og_site_name":"Universiteti \"Fan S. Noli\", Kor\u00e7\u00eb","article_publisher":"https:\/\/www.facebook.com\/unkorce","article_published_time":"2025-06-25T08:30:52+00:00","article_modified_time":"2026-04-30T15:36:44+00:00","author":"Romeo Terolli","twitter_card":"summary_large_image","twitter_misc":{"Written by":"Romeo Terolli","Est. reading time":"1 minute"},"schema":{"@context":"https:\/\/schema.org","@graph":[{"@type":"Article","@id":"https:\/\/unkorce.edu.al\/njoftim-per-praktikat-kombetare-te-punes-26-pozicione-te-lira-ne-institucionet-e-administrates-qendrore\/#article","isPartOf":{"@id":"https:\/\/unkorce.edu.al\/njoftim-per-praktikat-kombetare-te-punes-26-pozicione-te-lira-ne-institucionet-e-administrates-qendrore\/"},"author":{"name":"Romeo Terolli","@id":"https:\/\/unkorce.edu.al\/#\/schema\/person\/064bdb6c5c2ccb9de2f421c89b57fe96"},"headline":"NJOFTIM P\u00cbR PRAKTIKAT KOMB\u00cbTARE T\u00cb PUN\u00cbS: 26 POZICIONE T\u00cb LIRA N\u00cb INSTITUCIONET E ADMINISTRAT\u00cbS QENDRORE","datePublished":"2025-06-25T08:30:52+00:00","dateModified":"2026-04-30T15:36:44+00:00","mainEntityOfPage":{"@id":"https:\/\/unkorce.edu.al\/njoftim-per-praktikat-kombetare-te-punes-26-pozicione-te-lira-ne-institucionet-e-administrates-qendrore\/"},"wordCount":262,"commentCount":0,"publisher":{"@id":"https:\/\/unkorce.edu.al\/#organization"},"articleSection":["Mundesi Punesimi"],"inLanguage":"en-US","potentialAction":[{"@type":"CommentAction","name":"Comment","target":["https:\/\/unkorce.edu.al\/njoftim-per-praktikat-kombetare-te-punes-26-pozicione-te-lira-ne-institucionet-e-administrates-qendrore\/#respond"]}]},{"@type":"WebPage","@id":"https:\/\/unkorce.edu.al\/njoftim-per-praktikat-kombetare-te-punes-26-pozicione-te-lira-ne-institucionet-e-administrates-qendrore\/","url":"https:\/\/unkorce.edu.al\/njoftim-per-praktikat-kombetare-te-punes-26-pozicione-te-lira-ne-institucionet-e-administrates-qendrore\/","name":"NJOFTIM P\u00cbR PRAKTIKAT KOMB\u00cbTARE T\u00cb PUN\u00cbS: 26 POZICIONE T\u00cb LIRA N\u00cb INSTITUCIONET E ADMINISTRAT\u00cbS QENDRORE - Universiteti \"Fan S. Noli\", Kor\u00e7\u00eb","isPartOf":{"@id":"https:\/\/unkorce.edu.al\/#website"},"datePublished":"2025-06-25T08:30:52+00:00","dateModified":"2026-04-30T15:36:44+00:00","breadcrumb":{"@id":"https:\/\/unkorce.edu.al\/njoftim-per-praktikat-kombetare-te-punes-26-pozicione-te-lira-ne-institucionet-e-administrates-qendrore\/#breadcrumb"},"inLanguage":"en-US","potentialAction":[{"@type":"ReadAction","target":["https:\/\/unkorce.edu.al\/njoftim-per-praktikat-kombetare-te-punes-26-pozicione-te-lira-ne-institucionet-e-administrates-qendrore\/"]}]},{"@type":"BreadcrumbList","@id":"https:\/\/unkorce.edu.al\/njoftim-per-praktikat-kombetare-te-punes-26-pozicione-te-lira-ne-institucionet-e-administrates-qendrore\/#breadcrumb","itemListElement":[{"@type":"ListItem","position":1,"name":"Home","item":"https:\/\/unkorce.edu.al\/"},{"@type":"ListItem","position":2,"name":"NJOFTIM P\u00cbR PRAKTIKAT KOMB\u00cbTARE T\u00cb PUN\u00cbS: 26 POZICIONE T\u00cb LIRA N\u00cb INSTITUCIONET E ADMINISTRAT\u00cbS QENDRORE"}]},{"@type":"WebSite","@id":"https:\/\/unkorce.edu.al\/#website","url":"https:\/\/unkorce.edu.al\/","name":"Universiteti \"Fan S. Noli\", Kor\u00e7\u00eb","description":"Mir&euml;sevini n&euml; faqen zyrtare!","publisher":{"@id":"https:\/\/unkorce.edu.al\/#organization"},"potentialAction":[{"@type":"SearchAction","target":{"@type":"EntryPoint","urlTemplate":"https:\/\/unkorce.edu.al\/?s={search_term_string}"},"query-input":{"@type":"PropertyValueSpecification","valueRequired":true,"valueName":"search_term_string"}}],"inLanguage":"en-US"},{"@type":"Organization","@id":"https:\/\/unkorce.edu.al\/#organization","name":"Universiteti \"Fan S. Noli\", Kor\u00e7\u00eb","url":"https:\/\/unkorce.edu.al\/","logo":{"@type":"ImageObject","inLanguage":"en-US","@id":"https:\/\/unkorce.edu.al\/#\/schema\/logo\/image\/","url":"https:\/\/unkorce.edu.al\/wp-content\/uploads\/2024\/08\/Logo_e_Universitetit__Fan_Noli_-e1726660879862.png","contentUrl":"https:\/\/unkorce.edu.al\/wp-content\/uploads\/2024\/08\/Logo_e_Universitetit__Fan_Noli_-e1726660879862.png","width":200,"height":120,"caption":"Universiteti \"Fan S. Noli\", Kor\u00e7\u00eb"},"image":{"@id":"https:\/\/unkorce.edu.al\/#\/schema\/logo\/image\/"},"sameAs":["https:\/\/www.facebook.com\/unkorce"]},{"@type":"Person","@id":"https:\/\/unkorce.edu.al\/#\/schema\/person\/064bdb6c5c2ccb9de2f421c89b57fe96","name":"Romeo Terolli","image":{"@type":"ImageObject","inLanguage":"en-US","@id":"https:\/\/unkorce.edu.al\/#\/schema\/person\/image\/","url":"https:\/\/secure.gravatar.com\/avatar\/45305771b30251c1d4c0fa651870149432dc38070bde224094bc3c7d7b55982f?s=96&d=mm&r=g","contentUrl":"https:\/\/secure.gravatar.com\/avatar\/45305771b30251c1d4c0fa651870149432dc38070bde224094bc3c7d7b55982f?s=96&d=mm&r=g","caption":"Romeo Terolli"},"url":"https:\/\/unkorce.edu.al\/en\/author\/romeo\/"}]}},"_links":{"self":[{"href":"https:\/\/unkorce.edu.al\/en\/wp-json\/wp\/v2\/posts\/34230","targetHints":{"allow":["GET"]}}],"collection":[{"href":"https:\/\/unkorce.edu.al\/en\/wp-json\/wp\/v2\/posts"}],"about":[{"href":"https:\/\/unkorce.edu.al\/en\/wp-json\/wp\/v2\/types\/post"}],"author":[{"embeddable":true,"href":"https:\/\/unkorce.edu.al\/en\/wp-json\/wp\/v2\/users\/5"}],"replies":[{"embeddable":true,"href":"https:\/\/unkorce.edu.al\/en\/wp-json\/wp\/v2\/comments?post=34230"}],"version-history":[{"count":8,"href":"https:\/\/unkorce.edu.al\/en\/wp-json\/wp\/v2\/posts\/34230\/revisions"}],"predecessor-version":[{"id":37345,"href":"https:\/\/unkorce.edu.al\/en\/wp-json\/wp\/v2\/posts\/34230\/revisions\/37345"}],"wp:attachment":[{"href":"https:\/\/unkorce.edu.al\/en\/wp-json\/wp\/v2\/media?parent=34230"}],"wp:term":[{"taxonomy":"category","embeddable":true,"href":"https:\/\/unkorce.edu.al\/en\/wp-json\/wp\/v2\/categories?post=34230"},{"taxonomy":"post_tag","embeddable":true,"href":"https:\/\/unkorce.edu.al\/en\/wp-json\/wp\/v2\/tags?post=34230"}],"curies":[{"name":"wp","href":"https:\/\/api.w.org\/{rel}","templated":true}]}}