{"id":32922,"date":"2025-04-15T11:10:32","date_gmt":"2025-04-15T11:10:32","guid":{"rendered":"https:\/\/unkorce.edu.al\/?p=32922"},"modified":"2025-04-15T11:10:32","modified_gmt":"2025-04-15T11:10:32","slug":"mundesi-vullnetarizimi-per-te-rinjte-ne-gjermani","status":"publish","type":"post","link":"https:\/\/unkorce.edu.al\/en\/mundesi-vullnetarizimi-per-te-rinjte-ne-gjermani\/","title":{"rendered":"Mund\u00ebsi vullnetarizimi p\u00ebr t\u00eb rinjt\u00eb n\u00eb Gjermani"},"content":{"rendered":"<p> K\u00ebrkohen t\u00eb rinj vullnetar\u00eb p\u00ebr nj\u00eb eskperienc\u00eb unike! Organizata\u00a0nd\u00ebrkomb\u00ebtare e t\u00eb rinjve \u201cSch\u00fcler*innen Helfen Leben\u201d (SHL) dhe rrjeti \u201cSolidarity Action Day Movement Europe\u201d (SAME) hapin thirrjen p\u00ebr aplikime!<\/p>\n<p> Kjo \u00ebsht\u00eb mund\u00ebsia e duhur q\u00eb t\u00eb rinjt\u00eb 18-26 vje\u00e7, t\u00eb angazhohen n\u00eb aktivizmin rinor evropian dhe t\u00eb fitojn\u00eb p\u00ebrvoj\u00eb nd\u00ebrkomb\u00ebtare p\u00ebr 13 muaj (2025\/2026) n\u00eb Gjermani, konkretisht n\u00eb L\u00fcbeck ose Neum\u00fcnster.<\/p>\n<p> P\u00ebrfitoni nga:<\/p>\n<ul>\n<li>Akomodim i mbuluar<\/li>\n<li>Kurse gjermanisht<\/li>\n<li>Para xhepi \u00e7do muaj (\u20ac429)<\/li>\n<li>Shpenzimet e transportit, viz\u00ebs dhe sigurimeve e shum\u00eb benefite t\u00eb tjera.<\/li>\n<\/ul>\n<p> Afati i aplikimit: 27 Prill 2025<br \/>\n Detaje dhe aplikim: <a href=\"https:\/\/solidarityactionday.org\/\" data-auth=\"NotApplicable\">Voluntary Service with SAME<\/a><\/p>\n<p>P\u00ebr \u00e7do pyetje: <a href=\"mailto:janne.kogge@shl.info\">janne.kogge@shl.info<\/a> \/ <a href=\"mailto:tkita@unkorce.edu.al\">tkita@unkorce.edu.al<\/a><\/p>\n<p> Bashkohuni n\u00eb k\u00ebt\u00eb eksperienc\u00eb kuptimplote dhe kontribuoni n\u00eb projekte dometh\u00ebn\u00ebse! <\/p>\n<p>#Sh\u00ebrbimVullnetar #T\u00ebRinj #Mund\u00ebsiGjermani #SHL #SAME<\/p>","protected":false},"excerpt":{"rendered":"<p>K\u00ebrkohen t\u00eb rinj vullnetar\u00eb p\u00ebr nj\u00eb eskperienc\u00eb unike! Organizata\u00a0nd\u00ebrkomb\u00ebtare e t\u00eb rinjve \u201cSch\u00fcler*innen Helfen Leben\u201d (SHL) dhe rrjeti \u201cSolidarity Action Day Movement Europe\u201d (SAME) hapin thirrjen p\u00ebr aplikime! Kjo \u00ebsht\u00eb mund\u00ebsia e duhur q\u00eb t\u00eb rinjt\u00eb 18-26 vje\u00e7, t\u00eb angazhohen n\u00eb aktivizmin rinor evropian dhe t\u00eb fitojn\u00eb p\u00ebrvoj\u00eb nd\u00ebrkomb\u00ebtare p\u00ebr 13 muaj (2025\/2026) n\u00eb Gjermani,&#8230;<\/p>","protected":false},"author":122,"featured_media":0,"comment_status":"open","ping_status":"open","sticky":false,"template":"","format":"standard","meta":{"_acf_changed":false,"footnotes":""},"categories":[100],"tags":[],"class_list":["post-32922","post","type-post","status-publish","format-standard","hentry","category-njoftim"],"acf":[],"yoast_head":"<!-- This site is optimized with the Yoast SEO plugin v26.9 - https:\/\/yoast.com\/product\/yoast-seo-wordpress\/ -->\n<title>Mund\u00ebsi vullnetarizimi p\u00ebr t\u00eb rinjt\u00eb n\u00eb Gjermani - Universiteti &quot;Fan S. Noli&quot;, Kor\u00e7\u00eb<\/title>\n<meta name=\"robots\" content=\"index, follow, max-snippet:-1, max-image-preview:large, max-video-preview:-1\" \/>\n<link rel=\"canonical\" href=\"https:\/\/unkorce.edu.al\/en\/mundesi-vullnetarizimi-per-te-rinjte-ne-gjermani\/\" \/>\n<meta property=\"og:locale\" content=\"en_US\" \/>\n<meta property=\"og:type\" content=\"article\" \/>\n<meta property=\"og:title\" content=\"Mund\u00ebsi vullnetarizimi p\u00ebr t\u00eb rinjt\u00eb n\u00eb Gjermani - Universiteti &quot;Fan S. Noli&quot;, Kor\u00e7\u00eb\" \/>\n<meta property=\"og:description\" content=\"K\u00ebrkohen t\u00eb rinj vullnetar\u00eb p\u00ebr nj\u00eb eskperienc\u00eb unike! Organizata\u00a0nd\u00ebrkomb\u00ebtare e t\u00eb rinjve \u201cSch\u00fcler*innen Helfen Leben\u201d (SHL) dhe rrjeti \u201cSolidarity Action Day Movement Europe\u201d (SAME) hapin thirrjen p\u00ebr aplikime! Kjo \u00ebsht\u00eb mund\u00ebsia e duhur q\u00eb t\u00eb rinjt\u00eb 18-26 vje\u00e7, t\u00eb angazhohen n\u00eb aktivizmin rinor evropian dhe t\u00eb fitojn\u00eb p\u00ebrvoj\u00eb nd\u00ebrkomb\u00ebtare p\u00ebr 13 muaj (2025\/2026) n\u00eb Gjermani,...\" \/>\n<meta property=\"og:url\" content=\"https:\/\/unkorce.edu.al\/en\/mundesi-vullnetarizimi-per-te-rinjte-ne-gjermani\/\" \/>\n<meta property=\"og:site_name\" content=\"Universiteti &quot;Fan S. Noli&quot;, Kor\u00e7\u00eb\" \/>\n<meta property=\"article:publisher\" content=\"https:\/\/www.facebook.com\/unkorce\" \/>\n<meta property=\"article:published_time\" content=\"2025-04-15T11:10:32+00:00\" \/>\n<meta name=\"author\" content=\"admin\" \/>\n<meta name=\"twitter:card\" content=\"summary_large_image\" \/>\n<meta name=\"twitter:label1\" content=\"Written by\" \/>\n\t<meta name=\"twitter:data1\" content=\"admin\" \/>\n\t<meta name=\"twitter:label2\" content=\"Est. reading time\" \/>\n\t<meta name=\"twitter:data2\" content=\"1 minute\" \/>\n<script type=\"application\/ld+json\" class=\"yoast-schema-graph\">{\"@context\":\"https:\/\/schema.org\",\"@graph\":[{\"@type\":\"Article\",\"@id\":\"https:\/\/unkorce.edu.al\/mundesi-vullnetarizimi-per-te-rinjte-ne-gjermani\/#article\",\"isPartOf\":{\"@id\":\"https:\/\/unkorce.edu.al\/mundesi-vullnetarizimi-per-te-rinjte-ne-gjermani\/\"},\"author\":{\"name\":\"admin\",\"@id\":\"https:\/\/unkorce.edu.al\/#\/schema\/person\/e335f987920788de76832aa7395b35c9\"},\"headline\":\"Mund\u00ebsi vullnetarizimi p\u00ebr t\u00eb rinjt\u00eb n\u00eb Gjermani\",\"datePublished\":\"2025-04-15T11:10:32+00:00\",\"mainEntityOfPage\":{\"@id\":\"https:\/\/unkorce.edu.al\/mundesi-vullnetarizimi-per-te-rinjte-ne-gjermani\/\"},\"wordCount\":150,\"commentCount\":0,\"publisher\":{\"@id\":\"https:\/\/unkorce.edu.al\/#organization\"},\"articleSection\":[\"Njoftim\"],\"inLanguage\":\"en-US\",\"potentialAction\":[{\"@type\":\"CommentAction\",\"name\":\"Comment\",\"target\":[\"https:\/\/unkorce.edu.al\/mundesi-vullnetarizimi-per-te-rinjte-ne-gjermani\/#respond\"]}]},{\"@type\":\"WebPage\",\"@id\":\"https:\/\/unkorce.edu.al\/mundesi-vullnetarizimi-per-te-rinjte-ne-gjermani\/\",\"url\":\"https:\/\/unkorce.edu.al\/mundesi-vullnetarizimi-per-te-rinjte-ne-gjermani\/\",\"name\":\"Mund\u00ebsi vullnetarizimi p\u00ebr t\u00eb rinjt\u00eb n\u00eb Gjermani - Universiteti \\\"Fan S. Noli\\\", Kor\u00e7\u00eb\",\"isPartOf\":{\"@id\":\"https:\/\/unkorce.edu.al\/#website\"},\"datePublished\":\"2025-04-15T11:10:32+00:00\",\"breadcrumb\":{\"@id\":\"https:\/\/unkorce.edu.al\/mundesi-vullnetarizimi-per-te-rinjte-ne-gjermani\/#breadcrumb\"},\"inLanguage\":\"en-US\",\"potentialAction\":[{\"@type\":\"ReadAction\",\"target\":[\"https:\/\/unkorce.edu.al\/mundesi-vullnetarizimi-per-te-rinjte-ne-gjermani\/\"]}]},{\"@type\":\"BreadcrumbList\",\"@id\":\"https:\/\/unkorce.edu.al\/mundesi-vullnetarizimi-per-te-rinjte-ne-gjermani\/#breadcrumb\",\"itemListElement\":[{\"@type\":\"ListItem\",\"position\":1,\"name\":\"Home\",\"item\":\"https:\/\/unkorce.edu.al\/\"},{\"@type\":\"ListItem\",\"position\":2,\"name\":\"Mund\u00ebsi vullnetarizimi p\u00ebr t\u00eb rinjt\u00eb n\u00eb Gjermani\"}]},{\"@type\":\"WebSite\",\"@id\":\"https:\/\/unkorce.edu.al\/#website\",\"url\":\"https:\/\/unkorce.edu.al\/\",\"name\":\"Universiteti \\\"Fan S. Noli\\\", Kor\u00e7\u00eb\",\"description\":\"Mir&euml;sevini n&euml; faqen zyrtare!\",\"publisher\":{\"@id\":\"https:\/\/unkorce.edu.al\/#organization\"},\"potentialAction\":[{\"@type\":\"SearchAction\",\"target\":{\"@type\":\"EntryPoint\",\"urlTemplate\":\"https:\/\/unkorce.edu.al\/?s={search_term_string}\"},\"query-input\":{\"@type\":\"PropertyValueSpecification\",\"valueRequired\":true,\"valueName\":\"search_term_string\"}}],\"inLanguage\":\"en-US\"},{\"@type\":\"Organization\",\"@id\":\"https:\/\/unkorce.edu.al\/#organization\",\"name\":\"Universiteti \\\"Fan S. Noli\\\", Kor\u00e7\u00eb\",\"url\":\"https:\/\/unkorce.edu.al\/\",\"logo\":{\"@type\":\"ImageObject\",\"inLanguage\":\"en-US\",\"@id\":\"https:\/\/unkorce.edu.al\/#\/schema\/logo\/image\/\",\"url\":\"https:\/\/unkorce.edu.al\/wp-content\/uploads\/2024\/08\/Logo_e_Universitetit__Fan_Noli_-e1726660879862.png\",\"contentUrl\":\"https:\/\/unkorce.edu.al\/wp-content\/uploads\/2024\/08\/Logo_e_Universitetit__Fan_Noli_-e1726660879862.png\",\"width\":200,\"height\":120,\"caption\":\"Universiteti \\\"Fan S. Noli\\\", Kor\u00e7\u00eb\"},\"image\":{\"@id\":\"https:\/\/unkorce.edu.al\/#\/schema\/logo\/image\/\"},\"sameAs\":[\"https:\/\/www.facebook.com\/unkorce\"]},{\"@type\":\"Person\",\"@id\":\"https:\/\/unkorce.edu.al\/#\/schema\/person\/e335f987920788de76832aa7395b35c9\",\"name\":\"admin\",\"image\":{\"@type\":\"ImageObject\",\"inLanguage\":\"en-US\",\"@id\":\"https:\/\/unkorce.edu.al\/#\/schema\/person\/image\/\",\"url\":\"https:\/\/secure.gravatar.com\/avatar\/d6fa2e689697624268cddf82455237bf01dcca0f1b110a0e0ee6f60a81605cf4?s=96&d=mm&r=g\",\"contentUrl\":\"https:\/\/secure.gravatar.com\/avatar\/d6fa2e689697624268cddf82455237bf01dcca0f1b110a0e0ee6f60a81605cf4?s=96&d=mm&r=g\",\"caption\":\"admin\"},\"sameAs\":[\"http:\/\/unkorce.edu.al\"],\"url\":\"https:\/\/unkorce.edu.al\/en\/author\/unkorce\/\"}]}<\/script>\n<!-- \/ Yoast SEO plugin. -->","yoast_head_json":{"title":"Mund\u00ebsi vullnetarizimi p\u00ebr t\u00eb rinjt\u00eb n\u00eb Gjermani - Universiteti \"Fan S. Noli\", Kor\u00e7\u00eb","robots":{"index":"index","follow":"follow","max-snippet":"max-snippet:-1","max-image-preview":"max-image-preview:large","max-video-preview":"max-video-preview:-1"},"canonical":"https:\/\/unkorce.edu.al\/en\/mundesi-vullnetarizimi-per-te-rinjte-ne-gjermani\/","og_locale":"en_US","og_type":"article","og_title":"Mund\u00ebsi vullnetarizimi p\u00ebr t\u00eb rinjt\u00eb n\u00eb Gjermani - Universiteti \"Fan S. Noli\", Kor\u00e7\u00eb","og_description":"K\u00ebrkohen t\u00eb rinj vullnetar\u00eb p\u00ebr nj\u00eb eskperienc\u00eb unike! Organizata\u00a0nd\u00ebrkomb\u00ebtare e t\u00eb rinjve \u201cSch\u00fcler*innen Helfen Leben\u201d (SHL) dhe rrjeti \u201cSolidarity Action Day Movement Europe\u201d (SAME) hapin thirrjen p\u00ebr aplikime! Kjo \u00ebsht\u00eb mund\u00ebsia e duhur q\u00eb t\u00eb rinjt\u00eb 18-26 vje\u00e7, t\u00eb angazhohen n\u00eb aktivizmin rinor evropian dhe t\u00eb fitojn\u00eb p\u00ebrvoj\u00eb nd\u00ebrkomb\u00ebtare p\u00ebr 13 muaj (2025\/2026) n\u00eb Gjermani,...","og_url":"https:\/\/unkorce.edu.al\/en\/mundesi-vullnetarizimi-per-te-rinjte-ne-gjermani\/","og_site_name":"Universiteti \"Fan S. Noli\", Kor\u00e7\u00eb","article_publisher":"https:\/\/www.facebook.com\/unkorce","article_published_time":"2025-04-15T11:10:32+00:00","author":"admin","twitter_card":"summary_large_image","twitter_misc":{"Written by":"admin","Est. reading time":"1 minute"},"schema":{"@context":"https:\/\/schema.org","@graph":[{"@type":"Article","@id":"https:\/\/unkorce.edu.al\/mundesi-vullnetarizimi-per-te-rinjte-ne-gjermani\/#article","isPartOf":{"@id":"https:\/\/unkorce.edu.al\/mundesi-vullnetarizimi-per-te-rinjte-ne-gjermani\/"},"author":{"name":"admin","@id":"https:\/\/unkorce.edu.al\/#\/schema\/person\/e335f987920788de76832aa7395b35c9"},"headline":"Mund\u00ebsi vullnetarizimi p\u00ebr t\u00eb rinjt\u00eb n\u00eb Gjermani","datePublished":"2025-04-15T11:10:32+00:00","mainEntityOfPage":{"@id":"https:\/\/unkorce.edu.al\/mundesi-vullnetarizimi-per-te-rinjte-ne-gjermani\/"},"wordCount":150,"commentCount":0,"publisher":{"@id":"https:\/\/unkorce.edu.al\/#organization"},"articleSection":["Njoftim"],"inLanguage":"en-US","potentialAction":[{"@type":"CommentAction","name":"Comment","target":["https:\/\/unkorce.edu.al\/mundesi-vullnetarizimi-per-te-rinjte-ne-gjermani\/#respond"]}]},{"@type":"WebPage","@id":"https:\/\/unkorce.edu.al\/mundesi-vullnetarizimi-per-te-rinjte-ne-gjermani\/","url":"https:\/\/unkorce.edu.al\/mundesi-vullnetarizimi-per-te-rinjte-ne-gjermani\/","name":"Mund\u00ebsi vullnetarizimi p\u00ebr t\u00eb rinjt\u00eb n\u00eb Gjermani - Universiteti \"Fan S. Noli\", Kor\u00e7\u00eb","isPartOf":{"@id":"https:\/\/unkorce.edu.al\/#website"},"datePublished":"2025-04-15T11:10:32+00:00","breadcrumb":{"@id":"https:\/\/unkorce.edu.al\/mundesi-vullnetarizimi-per-te-rinjte-ne-gjermani\/#breadcrumb"},"inLanguage":"en-US","potentialAction":[{"@type":"ReadAction","target":["https:\/\/unkorce.edu.al\/mundesi-vullnetarizimi-per-te-rinjte-ne-gjermani\/"]}]},{"@type":"BreadcrumbList","@id":"https:\/\/unkorce.edu.al\/mundesi-vullnetarizimi-per-te-rinjte-ne-gjermani\/#breadcrumb","itemListElement":[{"@type":"ListItem","position":1,"name":"Home","item":"https:\/\/unkorce.edu.al\/"},{"@type":"ListItem","position":2,"name":"Mund\u00ebsi vullnetarizimi p\u00ebr t\u00eb rinjt\u00eb n\u00eb Gjermani"}]},{"@type":"WebSite","@id":"https:\/\/unkorce.edu.al\/#website","url":"https:\/\/unkorce.edu.al\/","name":"Universiteti \"Fan S. Noli\", Kor\u00e7\u00eb","description":"Mir&euml;sevini n&euml; faqen zyrtare!","publisher":{"@id":"https:\/\/unkorce.edu.al\/#organization"},"potentialAction":[{"@type":"SearchAction","target":{"@type":"EntryPoint","urlTemplate":"https:\/\/unkorce.edu.al\/?s={search_term_string}"},"query-input":{"@type":"PropertyValueSpecification","valueRequired":true,"valueName":"search_term_string"}}],"inLanguage":"en-US"},{"@type":"Organization","@id":"https:\/\/unkorce.edu.al\/#organization","name":"Universiteti \"Fan S. Noli\", Kor\u00e7\u00eb","url":"https:\/\/unkorce.edu.al\/","logo":{"@type":"ImageObject","inLanguage":"en-US","@id":"https:\/\/unkorce.edu.al\/#\/schema\/logo\/image\/","url":"https:\/\/unkorce.edu.al\/wp-content\/uploads\/2024\/08\/Logo_e_Universitetit__Fan_Noli_-e1726660879862.png","contentUrl":"https:\/\/unkorce.edu.al\/wp-content\/uploads\/2024\/08\/Logo_e_Universitetit__Fan_Noli_-e1726660879862.png","width":200,"height":120,"caption":"Universiteti \"Fan S. Noli\", Kor\u00e7\u00eb"},"image":{"@id":"https:\/\/unkorce.edu.al\/#\/schema\/logo\/image\/"},"sameAs":["https:\/\/www.facebook.com\/unkorce"]},{"@type":"Person","@id":"https:\/\/unkorce.edu.al\/#\/schema\/person\/e335f987920788de76832aa7395b35c9","name":"admin","image":{"@type":"ImageObject","inLanguage":"en-US","@id":"https:\/\/unkorce.edu.al\/#\/schema\/person\/image\/","url":"https:\/\/secure.gravatar.com\/avatar\/d6fa2e689697624268cddf82455237bf01dcca0f1b110a0e0ee6f60a81605cf4?s=96&d=mm&r=g","contentUrl":"https:\/\/secure.gravatar.com\/avatar\/d6fa2e689697624268cddf82455237bf01dcca0f1b110a0e0ee6f60a81605cf4?s=96&d=mm&r=g","caption":"admin"},"sameAs":["http:\/\/unkorce.edu.al"],"url":"https:\/\/unkorce.edu.al\/en\/author\/unkorce\/"}]}},"_links":{"self":[{"href":"https:\/\/unkorce.edu.al\/en\/wp-json\/wp\/v2\/posts\/32922","targetHints":{"allow":["GET"]}}],"collection":[{"href":"https:\/\/unkorce.edu.al\/en\/wp-json\/wp\/v2\/posts"}],"about":[{"href":"https:\/\/unkorce.edu.al\/en\/wp-json\/wp\/v2\/types\/post"}],"author":[{"embeddable":true,"href":"https:\/\/unkorce.edu.al\/en\/wp-json\/wp\/v2\/users\/122"}],"replies":[{"embeddable":true,"href":"https:\/\/unkorce.edu.al\/en\/wp-json\/wp\/v2\/comments?post=32922"}],"version-history":[{"count":1,"href":"https:\/\/unkorce.edu.al\/en\/wp-json\/wp\/v2\/posts\/32922\/revisions"}],"predecessor-version":[{"id":32924,"href":"https:\/\/unkorce.edu.al\/en\/wp-json\/wp\/v2\/posts\/32922\/revisions\/32924"}],"wp:attachment":[{"href":"https:\/\/unkorce.edu.al\/en\/wp-json\/wp\/v2\/media?parent=32922"}],"wp:term":[{"taxonomy":"category","embeddable":true,"href":"https:\/\/unkorce.edu.al\/en\/wp-json\/wp\/v2\/categories?post=32922"},{"taxonomy":"post_tag","embeddable":true,"href":"https:\/\/unkorce.edu.al\/en\/wp-json\/wp\/v2\/tags?post=32922"}],"curies":[{"name":"wp","href":"https:\/\/api.w.org\/{rel}","templated":true}]}}