{"id":32259,"date":"2025-03-16T14:04:37","date_gmt":"2025-03-16T14:04:37","guid":{"rendered":"https:\/\/unkorce.edu.al\/?p=32259"},"modified":"2025-03-17T14:02:02","modified_gmt":"2025-03-17T14:02:02","slug":"urime-te-sinqerta-kryepeshkopit-te-tiranes-durresit-dhe-gjithe-shqiperise-imzot-joanit-per-detyren-e-larte-dhe-angazhimin-e-tij-te-shenjte","status":"publish","type":"post","link":"https:\/\/unkorce.edu.al\/en\/urime-te-sinqerta-kryepeshkopit-te-tiranes-durresit-dhe-gjithe-shqiperise-imzot-joanit-per-detyren-e-larte-dhe-angazhimin-e-tij-te-shenjte\/","title":{"rendered":"Urime t\u00eb sinqerta Kryepeshkopit t\u00eb Tiran\u00ebs, Durr\u00ebsit dhe gjith\u00eb Shqip\u00ebris\u00eb, Imzot Joanit p\u00ebr detyr\u00ebn e lart\u00eb dhe angazhimin e Tij t\u00eb shenjt\u00eb"},"content":{"rendered":"<p><span style=\"letter-spacing: 0em;\"><img loading=\"lazy\" decoding=\"async\" class=\"alignleft wp-image-32261 size-medium\" src=\"https:\/\/unkorce.edu.al\/wp-content\/uploads\/2025\/03\/e4b013ec-aab8-43db-ad0b-7b83f0706ec7-177x300.jpeg\" alt=\"\" width=\"177\" height=\"300\" srcset=\"https:\/\/unkorce.edu.al\/wp-content\/uploads\/2025\/03\/e4b013ec-aab8-43db-ad0b-7b83f0706ec7-177x300.jpeg 177w, https:\/\/unkorce.edu.al\/wp-content\/uploads\/2025\/03\/e4b013ec-aab8-43db-ad0b-7b83f0706ec7-605x1024.jpeg 605w, https:\/\/unkorce.edu.al\/wp-content\/uploads\/2025\/03\/e4b013ec-aab8-43db-ad0b-7b83f0706ec7.jpeg 945w\" sizes=\"auto, (max-width: 177px) 100vw, 177px\" \/>Urojm\u00eb q\u00eb udh\u00ebheqja e Tij t\u00eb sjell\u00eb paqe, harmoni dhe begati p\u00ebr Kish\u00ebn dhe popullin shqiptar.<\/span><\/p>\n<p>&nbsp;<\/p>\n<p>&nbsp;<\/p>\n<p>&nbsp;<\/p>\n<p>&nbsp;<\/p>\n<p>&nbsp;<\/p>\n<p>&nbsp;<\/p>","protected":false},"excerpt":{"rendered":"<p>Urojm\u00eb q\u00eb udh\u00ebheqja e Tij t\u00eb sjell\u00eb paqe, harmoni dhe begati p\u00ebr Kish\u00ebn dhe popullin shqiptar. &nbsp; &nbsp; &nbsp; &nbsp; &nbsp; &nbsp;<\/p>","protected":false},"author":122,"featured_media":32260,"comment_status":"open","ping_status":"open","sticky":false,"template":"","format":"standard","meta":{"_acf_changed":false,"footnotes":""},"categories":[100],"tags":[],"class_list":["post-32259","post","type-post","status-publish","format-standard","has-post-thumbnail","hentry","category-njoftim"],"acf":[],"yoast_head":"<!-- This site is optimized with the Yoast SEO plugin v26.9 - https:\/\/yoast.com\/product\/yoast-seo-wordpress\/ -->\n<title>Urime t\u00eb sinqerta Kryepeshkopit t\u00eb Tiran\u00ebs, Durr\u00ebsit dhe gjith\u00eb Shqip\u00ebris\u00eb, Imzot Joanit p\u00ebr detyr\u00ebn e lart\u00eb dhe angazhimin e Tij t\u00eb shenjt\u00eb - Universiteti &quot;Fan S. Noli&quot;, Kor\u00e7\u00eb<\/title>\n<meta name=\"robots\" content=\"index, follow, max-snippet:-1, max-image-preview:large, max-video-preview:-1\" \/>\n<link rel=\"canonical\" href=\"https:\/\/unkorce.edu.al\/en\/urime-te-sinqerta-kryepeshkopit-te-tiranes-durresit-dhe-gjithe-shqiperise-imzot-joanit-per-detyren-e-larte-dhe-angazhimin-e-tij-te-shenjte\/\" \/>\n<meta property=\"og:locale\" content=\"en_US\" \/>\n<meta property=\"og:type\" content=\"article\" \/>\n<meta property=\"og:title\" content=\"Urime t\u00eb sinqerta Kryepeshkopit t\u00eb Tiran\u00ebs, Durr\u00ebsit dhe gjith\u00eb Shqip\u00ebris\u00eb, Imzot Joanit p\u00ebr detyr\u00ebn e lart\u00eb dhe angazhimin e Tij t\u00eb shenjt\u00eb - Universiteti &quot;Fan S. Noli&quot;, Kor\u00e7\u00eb\" \/>\n<meta property=\"og:description\" content=\"Urojm\u00eb q\u00eb udh\u00ebheqja e Tij t\u00eb sjell\u00eb paqe, harmoni dhe begati p\u00ebr Kish\u00ebn dhe popullin shqiptar. &nbsp; &nbsp; &nbsp; &nbsp; &nbsp; &nbsp;\" \/>\n<meta property=\"og:url\" content=\"https:\/\/unkorce.edu.al\/en\/urime-te-sinqerta-kryepeshkopit-te-tiranes-durresit-dhe-gjithe-shqiperise-imzot-joanit-per-detyren-e-larte-dhe-angazhimin-e-tij-te-shenjte\/\" \/>\n<meta property=\"og:site_name\" content=\"Universiteti &quot;Fan S. Noli&quot;, Kor\u00e7\u00eb\" \/>\n<meta property=\"article:publisher\" content=\"https:\/\/www.facebook.com\/unkorce\" \/>\n<meta property=\"article:published_time\" content=\"2025-03-16T14:04:37+00:00\" \/>\n<meta property=\"article:modified_time\" content=\"2025-03-17T14:02:02+00:00\" \/>\n<meta property=\"og:image\" content=\"https:\/\/unkorce.edu.al\/wp-content\/uploads\/2025\/03\/5b1a0432-aa4c-456b-928a-9008d0035502.jpeg\" \/>\n\t<meta property=\"og:image:width\" content=\"1024\" \/>\n\t<meta property=\"og:image:height\" content=\"681\" \/>\n\t<meta property=\"og:image:type\" content=\"image\/jpeg\" \/>\n<meta name=\"author\" content=\"admin\" \/>\n<meta name=\"twitter:card\" content=\"summary_large_image\" \/>\n<meta name=\"twitter:label1\" content=\"Written by\" \/>\n\t<meta name=\"twitter:data1\" content=\"admin\" \/>\n\t<meta name=\"twitter:label2\" content=\"Est. reading time\" \/>\n\t<meta name=\"twitter:data2\" content=\"1 minute\" \/>\n<script type=\"application\/ld+json\" class=\"yoast-schema-graph\">{\"@context\":\"https:\/\/schema.org\",\"@graph\":[{\"@type\":\"Article\",\"@id\":\"https:\/\/unkorce.edu.al\/urime-te-sinqerta-kryepeshkopit-te-tiranes-durresit-dhe-gjithe-shqiperise-imzot-joanit-per-detyren-e-larte-dhe-angazhimin-e-tij-te-shenjte\/#article\",\"isPartOf\":{\"@id\":\"https:\/\/unkorce.edu.al\/urime-te-sinqerta-kryepeshkopit-te-tiranes-durresit-dhe-gjithe-shqiperise-imzot-joanit-per-detyren-e-larte-dhe-angazhimin-e-tij-te-shenjte\/\"},\"author\":{\"name\":\"admin\",\"@id\":\"https:\/\/unkorce.edu.al\/#\/schema\/person\/e335f987920788de76832aa7395b35c9\"},\"headline\":\"Urime t\u00eb sinqerta Kryepeshkopit t\u00eb Tiran\u00ebs, Durr\u00ebsit dhe gjith\u00eb Shqip\u00ebris\u00eb, Imzot Joanit p\u00ebr detyr\u00ebn e lart\u00eb dhe angazhimin e Tij t\u00eb shenjt\u00eb\",\"datePublished\":\"2025-03-16T14:04:37+00:00\",\"dateModified\":\"2025-03-17T14:02:02+00:00\",\"mainEntityOfPage\":{\"@id\":\"https:\/\/unkorce.edu.al\/urime-te-sinqerta-kryepeshkopit-te-tiranes-durresit-dhe-gjithe-shqiperise-imzot-joanit-per-detyren-e-larte-dhe-angazhimin-e-tij-te-shenjte\/\"},\"wordCount\":52,\"commentCount\":0,\"publisher\":{\"@id\":\"https:\/\/unkorce.edu.al\/#organization\"},\"image\":{\"@id\":\"https:\/\/unkorce.edu.al\/urime-te-sinqerta-kryepeshkopit-te-tiranes-durresit-dhe-gjithe-shqiperise-imzot-joanit-per-detyren-e-larte-dhe-angazhimin-e-tij-te-shenjte\/#primaryimage\"},\"thumbnailUrl\":\"https:\/\/unkorce.edu.al\/wp-content\/uploads\/2025\/03\/5b1a0432-aa4c-456b-928a-9008d0035502.jpeg\",\"articleSection\":[\"Njoftim\"],\"inLanguage\":\"en-US\",\"potentialAction\":[{\"@type\":\"CommentAction\",\"name\":\"Comment\",\"target\":[\"https:\/\/unkorce.edu.al\/urime-te-sinqerta-kryepeshkopit-te-tiranes-durresit-dhe-gjithe-shqiperise-imzot-joanit-per-detyren-e-larte-dhe-angazhimin-e-tij-te-shenjte\/#respond\"]}]},{\"@type\":\"WebPage\",\"@id\":\"https:\/\/unkorce.edu.al\/urime-te-sinqerta-kryepeshkopit-te-tiranes-durresit-dhe-gjithe-shqiperise-imzot-joanit-per-detyren-e-larte-dhe-angazhimin-e-tij-te-shenjte\/\",\"url\":\"https:\/\/unkorce.edu.al\/urime-te-sinqerta-kryepeshkopit-te-tiranes-durresit-dhe-gjithe-shqiperise-imzot-joanit-per-detyren-e-larte-dhe-angazhimin-e-tij-te-shenjte\/\",\"name\":\"Urime t\u00eb sinqerta Kryepeshkopit t\u00eb Tiran\u00ebs, Durr\u00ebsit dhe gjith\u00eb Shqip\u00ebris\u00eb, Imzot Joanit p\u00ebr detyr\u00ebn e lart\u00eb dhe angazhimin e Tij t\u00eb shenjt\u00eb - Universiteti \\\"Fan S. Noli\\\", Kor\u00e7\u00eb\",\"isPartOf\":{\"@id\":\"https:\/\/unkorce.edu.al\/#website\"},\"primaryImageOfPage\":{\"@id\":\"https:\/\/unkorce.edu.al\/urime-te-sinqerta-kryepeshkopit-te-tiranes-durresit-dhe-gjithe-shqiperise-imzot-joanit-per-detyren-e-larte-dhe-angazhimin-e-tij-te-shenjte\/#primaryimage\"},\"image\":{\"@id\":\"https:\/\/unkorce.edu.al\/urime-te-sinqerta-kryepeshkopit-te-tiranes-durresit-dhe-gjithe-shqiperise-imzot-joanit-per-detyren-e-larte-dhe-angazhimin-e-tij-te-shenjte\/#primaryimage\"},\"thumbnailUrl\":\"https:\/\/unkorce.edu.al\/wp-content\/uploads\/2025\/03\/5b1a0432-aa4c-456b-928a-9008d0035502.jpeg\",\"datePublished\":\"2025-03-16T14:04:37+00:00\",\"dateModified\":\"2025-03-17T14:02:02+00:00\",\"breadcrumb\":{\"@id\":\"https:\/\/unkorce.edu.al\/urime-te-sinqerta-kryepeshkopit-te-tiranes-durresit-dhe-gjithe-shqiperise-imzot-joanit-per-detyren-e-larte-dhe-angazhimin-e-tij-te-shenjte\/#breadcrumb\"},\"inLanguage\":\"en-US\",\"potentialAction\":[{\"@type\":\"ReadAction\",\"target\":[\"https:\/\/unkorce.edu.al\/urime-te-sinqerta-kryepeshkopit-te-tiranes-durresit-dhe-gjithe-shqiperise-imzot-joanit-per-detyren-e-larte-dhe-angazhimin-e-tij-te-shenjte\/\"]}]},{\"@type\":\"ImageObject\",\"inLanguage\":\"en-US\",\"@id\":\"https:\/\/unkorce.edu.al\/urime-te-sinqerta-kryepeshkopit-te-tiranes-durresit-dhe-gjithe-shqiperise-imzot-joanit-per-detyren-e-larte-dhe-angazhimin-e-tij-te-shenjte\/#primaryimage\",\"url\":\"https:\/\/unkorce.edu.al\/wp-content\/uploads\/2025\/03\/5b1a0432-aa4c-456b-928a-9008d0035502.jpeg\",\"contentUrl\":\"https:\/\/unkorce.edu.al\/wp-content\/uploads\/2025\/03\/5b1a0432-aa4c-456b-928a-9008d0035502.jpeg\",\"width\":1024,\"height\":681},{\"@type\":\"BreadcrumbList\",\"@id\":\"https:\/\/unkorce.edu.al\/urime-te-sinqerta-kryepeshkopit-te-tiranes-durresit-dhe-gjithe-shqiperise-imzot-joanit-per-detyren-e-larte-dhe-angazhimin-e-tij-te-shenjte\/#breadcrumb\",\"itemListElement\":[{\"@type\":\"ListItem\",\"position\":1,\"name\":\"Home\",\"item\":\"https:\/\/unkorce.edu.al\/\"},{\"@type\":\"ListItem\",\"position\":2,\"name\":\"Urime t\u00eb sinqerta Kryepeshkopit t\u00eb Tiran\u00ebs, Durr\u00ebsit dhe gjith\u00eb Shqip\u00ebris\u00eb, Imzot Joanit p\u00ebr detyr\u00ebn e lart\u00eb dhe angazhimin e Tij t\u00eb shenjt\u00eb\"}]},{\"@type\":\"WebSite\",\"@id\":\"https:\/\/unkorce.edu.al\/#website\",\"url\":\"https:\/\/unkorce.edu.al\/\",\"name\":\"Universiteti \\\"Fan S. Noli\\\", Kor\u00e7\u00eb\",\"description\":\"Mir&euml;sevini n&euml; faqen zyrtare!\",\"publisher\":{\"@id\":\"https:\/\/unkorce.edu.al\/#organization\"},\"potentialAction\":[{\"@type\":\"SearchAction\",\"target\":{\"@type\":\"EntryPoint\",\"urlTemplate\":\"https:\/\/unkorce.edu.al\/?s={search_term_string}\"},\"query-input\":{\"@type\":\"PropertyValueSpecification\",\"valueRequired\":true,\"valueName\":\"search_term_string\"}}],\"inLanguage\":\"en-US\"},{\"@type\":\"Organization\",\"@id\":\"https:\/\/unkorce.edu.al\/#organization\",\"name\":\"Universiteti \\\"Fan S. Noli\\\", Kor\u00e7\u00eb\",\"url\":\"https:\/\/unkorce.edu.al\/\",\"logo\":{\"@type\":\"ImageObject\",\"inLanguage\":\"en-US\",\"@id\":\"https:\/\/unkorce.edu.al\/#\/schema\/logo\/image\/\",\"url\":\"https:\/\/unkorce.edu.al\/wp-content\/uploads\/2024\/08\/Logo_e_Universitetit__Fan_Noli_-e1726660879862.png\",\"contentUrl\":\"https:\/\/unkorce.edu.al\/wp-content\/uploads\/2024\/08\/Logo_e_Universitetit__Fan_Noli_-e1726660879862.png\",\"width\":200,\"height\":120,\"caption\":\"Universiteti \\\"Fan S. Noli\\\", Kor\u00e7\u00eb\"},\"image\":{\"@id\":\"https:\/\/unkorce.edu.al\/#\/schema\/logo\/image\/\"},\"sameAs\":[\"https:\/\/www.facebook.com\/unkorce\"]},{\"@type\":\"Person\",\"@id\":\"https:\/\/unkorce.edu.al\/#\/schema\/person\/e335f987920788de76832aa7395b35c9\",\"name\":\"admin\",\"image\":{\"@type\":\"ImageObject\",\"inLanguage\":\"en-US\",\"@id\":\"https:\/\/unkorce.edu.al\/#\/schema\/person\/image\/\",\"url\":\"https:\/\/secure.gravatar.com\/avatar\/d6fa2e689697624268cddf82455237bf01dcca0f1b110a0e0ee6f60a81605cf4?s=96&d=mm&r=g\",\"contentUrl\":\"https:\/\/secure.gravatar.com\/avatar\/d6fa2e689697624268cddf82455237bf01dcca0f1b110a0e0ee6f60a81605cf4?s=96&d=mm&r=g\",\"caption\":\"admin\"},\"sameAs\":[\"http:\/\/unkorce.edu.al\"],\"url\":\"https:\/\/unkorce.edu.al\/en\/author\/unkorce\/\"}]}<\/script>\n<!-- \/ Yoast SEO plugin. -->","yoast_head_json":{"title":"Urime t\u00eb sinqerta Kryepeshkopit t\u00eb Tiran\u00ebs, Durr\u00ebsit dhe gjith\u00eb Shqip\u00ebris\u00eb, Imzot Joanit p\u00ebr detyr\u00ebn e lart\u00eb dhe angazhimin e Tij t\u00eb shenjt\u00eb - Universiteti \"Fan S. Noli\", Kor\u00e7\u00eb","robots":{"index":"index","follow":"follow","max-snippet":"max-snippet:-1","max-image-preview":"max-image-preview:large","max-video-preview":"max-video-preview:-1"},"canonical":"https:\/\/unkorce.edu.al\/en\/urime-te-sinqerta-kryepeshkopit-te-tiranes-durresit-dhe-gjithe-shqiperise-imzot-joanit-per-detyren-e-larte-dhe-angazhimin-e-tij-te-shenjte\/","og_locale":"en_US","og_type":"article","og_title":"Urime t\u00eb sinqerta Kryepeshkopit t\u00eb Tiran\u00ebs, Durr\u00ebsit dhe gjith\u00eb Shqip\u00ebris\u00eb, Imzot Joanit p\u00ebr detyr\u00ebn e lart\u00eb dhe angazhimin e Tij t\u00eb shenjt\u00eb - Universiteti \"Fan S. Noli\", Kor\u00e7\u00eb","og_description":"Urojm\u00eb q\u00eb udh\u00ebheqja e Tij t\u00eb sjell\u00eb paqe, harmoni dhe begati p\u00ebr Kish\u00ebn dhe popullin shqiptar. &nbsp; &nbsp; &nbsp; &nbsp; &nbsp; &nbsp;","og_url":"https:\/\/unkorce.edu.al\/en\/urime-te-sinqerta-kryepeshkopit-te-tiranes-durresit-dhe-gjithe-shqiperise-imzot-joanit-per-detyren-e-larte-dhe-angazhimin-e-tij-te-shenjte\/","og_site_name":"Universiteti \"Fan S. Noli\", Kor\u00e7\u00eb","article_publisher":"https:\/\/www.facebook.com\/unkorce","article_published_time":"2025-03-16T14:04:37+00:00","article_modified_time":"2025-03-17T14:02:02+00:00","og_image":[{"width":1024,"height":681,"url":"https:\/\/unkorce.edu.al\/wp-content\/uploads\/2025\/03\/5b1a0432-aa4c-456b-928a-9008d0035502.jpeg","type":"image\/jpeg"}],"author":"admin","twitter_card":"summary_large_image","twitter_misc":{"Written by":"admin","Est. reading time":"1 minute"},"schema":{"@context":"https:\/\/schema.org","@graph":[{"@type":"Article","@id":"https:\/\/unkorce.edu.al\/urime-te-sinqerta-kryepeshkopit-te-tiranes-durresit-dhe-gjithe-shqiperise-imzot-joanit-per-detyren-e-larte-dhe-angazhimin-e-tij-te-shenjte\/#article","isPartOf":{"@id":"https:\/\/unkorce.edu.al\/urime-te-sinqerta-kryepeshkopit-te-tiranes-durresit-dhe-gjithe-shqiperise-imzot-joanit-per-detyren-e-larte-dhe-angazhimin-e-tij-te-shenjte\/"},"author":{"name":"admin","@id":"https:\/\/unkorce.edu.al\/#\/schema\/person\/e335f987920788de76832aa7395b35c9"},"headline":"Urime t\u00eb sinqerta Kryepeshkopit t\u00eb Tiran\u00ebs, Durr\u00ebsit dhe gjith\u00eb Shqip\u00ebris\u00eb, Imzot Joanit p\u00ebr detyr\u00ebn e lart\u00eb dhe angazhimin e Tij t\u00eb shenjt\u00eb","datePublished":"2025-03-16T14:04:37+00:00","dateModified":"2025-03-17T14:02:02+00:00","mainEntityOfPage":{"@id":"https:\/\/unkorce.edu.al\/urime-te-sinqerta-kryepeshkopit-te-tiranes-durresit-dhe-gjithe-shqiperise-imzot-joanit-per-detyren-e-larte-dhe-angazhimin-e-tij-te-shenjte\/"},"wordCount":52,"commentCount":0,"publisher":{"@id":"https:\/\/unkorce.edu.al\/#organization"},"image":{"@id":"https:\/\/unkorce.edu.al\/urime-te-sinqerta-kryepeshkopit-te-tiranes-durresit-dhe-gjithe-shqiperise-imzot-joanit-per-detyren-e-larte-dhe-angazhimin-e-tij-te-shenjte\/#primaryimage"},"thumbnailUrl":"https:\/\/unkorce.edu.al\/wp-content\/uploads\/2025\/03\/5b1a0432-aa4c-456b-928a-9008d0035502.jpeg","articleSection":["Njoftim"],"inLanguage":"en-US","potentialAction":[{"@type":"CommentAction","name":"Comment","target":["https:\/\/unkorce.edu.al\/urime-te-sinqerta-kryepeshkopit-te-tiranes-durresit-dhe-gjithe-shqiperise-imzot-joanit-per-detyren-e-larte-dhe-angazhimin-e-tij-te-shenjte\/#respond"]}]},{"@type":"WebPage","@id":"https:\/\/unkorce.edu.al\/urime-te-sinqerta-kryepeshkopit-te-tiranes-durresit-dhe-gjithe-shqiperise-imzot-joanit-per-detyren-e-larte-dhe-angazhimin-e-tij-te-shenjte\/","url":"https:\/\/unkorce.edu.al\/urime-te-sinqerta-kryepeshkopit-te-tiranes-durresit-dhe-gjithe-shqiperise-imzot-joanit-per-detyren-e-larte-dhe-angazhimin-e-tij-te-shenjte\/","name":"Urime t\u00eb sinqerta Kryepeshkopit t\u00eb Tiran\u00ebs, Durr\u00ebsit dhe gjith\u00eb Shqip\u00ebris\u00eb, Imzot Joanit p\u00ebr detyr\u00ebn e lart\u00eb dhe angazhimin e Tij t\u00eb shenjt\u00eb - Universiteti \"Fan S. Noli\", Kor\u00e7\u00eb","isPartOf":{"@id":"https:\/\/unkorce.edu.al\/#website"},"primaryImageOfPage":{"@id":"https:\/\/unkorce.edu.al\/urime-te-sinqerta-kryepeshkopit-te-tiranes-durresit-dhe-gjithe-shqiperise-imzot-joanit-per-detyren-e-larte-dhe-angazhimin-e-tij-te-shenjte\/#primaryimage"},"image":{"@id":"https:\/\/unkorce.edu.al\/urime-te-sinqerta-kryepeshkopit-te-tiranes-durresit-dhe-gjithe-shqiperise-imzot-joanit-per-detyren-e-larte-dhe-angazhimin-e-tij-te-shenjte\/#primaryimage"},"thumbnailUrl":"https:\/\/unkorce.edu.al\/wp-content\/uploads\/2025\/03\/5b1a0432-aa4c-456b-928a-9008d0035502.jpeg","datePublished":"2025-03-16T14:04:37+00:00","dateModified":"2025-03-17T14:02:02+00:00","breadcrumb":{"@id":"https:\/\/unkorce.edu.al\/urime-te-sinqerta-kryepeshkopit-te-tiranes-durresit-dhe-gjithe-shqiperise-imzot-joanit-per-detyren-e-larte-dhe-angazhimin-e-tij-te-shenjte\/#breadcrumb"},"inLanguage":"en-US","potentialAction":[{"@type":"ReadAction","target":["https:\/\/unkorce.edu.al\/urime-te-sinqerta-kryepeshkopit-te-tiranes-durresit-dhe-gjithe-shqiperise-imzot-joanit-per-detyren-e-larte-dhe-angazhimin-e-tij-te-shenjte\/"]}]},{"@type":"ImageObject","inLanguage":"en-US","@id":"https:\/\/unkorce.edu.al\/urime-te-sinqerta-kryepeshkopit-te-tiranes-durresit-dhe-gjithe-shqiperise-imzot-joanit-per-detyren-e-larte-dhe-angazhimin-e-tij-te-shenjte\/#primaryimage","url":"https:\/\/unkorce.edu.al\/wp-content\/uploads\/2025\/03\/5b1a0432-aa4c-456b-928a-9008d0035502.jpeg","contentUrl":"https:\/\/unkorce.edu.al\/wp-content\/uploads\/2025\/03\/5b1a0432-aa4c-456b-928a-9008d0035502.jpeg","width":1024,"height":681},{"@type":"BreadcrumbList","@id":"https:\/\/unkorce.edu.al\/urime-te-sinqerta-kryepeshkopit-te-tiranes-durresit-dhe-gjithe-shqiperise-imzot-joanit-per-detyren-e-larte-dhe-angazhimin-e-tij-te-shenjte\/#breadcrumb","itemListElement":[{"@type":"ListItem","position":1,"name":"Home","item":"https:\/\/unkorce.edu.al\/"},{"@type":"ListItem","position":2,"name":"Urime t\u00eb sinqerta Kryepeshkopit t\u00eb Tiran\u00ebs, Durr\u00ebsit dhe gjith\u00eb Shqip\u00ebris\u00eb, Imzot Joanit p\u00ebr detyr\u00ebn e lart\u00eb dhe angazhimin e Tij t\u00eb shenjt\u00eb"}]},{"@type":"WebSite","@id":"https:\/\/unkorce.edu.al\/#website","url":"https:\/\/unkorce.edu.al\/","name":"Universiteti \"Fan S. Noli\", Kor\u00e7\u00eb","description":"Mir&euml;sevini n&euml; faqen zyrtare!","publisher":{"@id":"https:\/\/unkorce.edu.al\/#organization"},"potentialAction":[{"@type":"SearchAction","target":{"@type":"EntryPoint","urlTemplate":"https:\/\/unkorce.edu.al\/?s={search_term_string}"},"query-input":{"@type":"PropertyValueSpecification","valueRequired":true,"valueName":"search_term_string"}}],"inLanguage":"en-US"},{"@type":"Organization","@id":"https:\/\/unkorce.edu.al\/#organization","name":"Universiteti \"Fan S. Noli\", Kor\u00e7\u00eb","url":"https:\/\/unkorce.edu.al\/","logo":{"@type":"ImageObject","inLanguage":"en-US","@id":"https:\/\/unkorce.edu.al\/#\/schema\/logo\/image\/","url":"https:\/\/unkorce.edu.al\/wp-content\/uploads\/2024\/08\/Logo_e_Universitetit__Fan_Noli_-e1726660879862.png","contentUrl":"https:\/\/unkorce.edu.al\/wp-content\/uploads\/2024\/08\/Logo_e_Universitetit__Fan_Noli_-e1726660879862.png","width":200,"height":120,"caption":"Universiteti \"Fan S. Noli\", Kor\u00e7\u00eb"},"image":{"@id":"https:\/\/unkorce.edu.al\/#\/schema\/logo\/image\/"},"sameAs":["https:\/\/www.facebook.com\/unkorce"]},{"@type":"Person","@id":"https:\/\/unkorce.edu.al\/#\/schema\/person\/e335f987920788de76832aa7395b35c9","name":"admin","image":{"@type":"ImageObject","inLanguage":"en-US","@id":"https:\/\/unkorce.edu.al\/#\/schema\/person\/image\/","url":"https:\/\/secure.gravatar.com\/avatar\/d6fa2e689697624268cddf82455237bf01dcca0f1b110a0e0ee6f60a81605cf4?s=96&d=mm&r=g","contentUrl":"https:\/\/secure.gravatar.com\/avatar\/d6fa2e689697624268cddf82455237bf01dcca0f1b110a0e0ee6f60a81605cf4?s=96&d=mm&r=g","caption":"admin"},"sameAs":["http:\/\/unkorce.edu.al"],"url":"https:\/\/unkorce.edu.al\/en\/author\/unkorce\/"}]}},"_links":{"self":[{"href":"https:\/\/unkorce.edu.al\/en\/wp-json\/wp\/v2\/posts\/32259","targetHints":{"allow":["GET"]}}],"collection":[{"href":"https:\/\/unkorce.edu.al\/en\/wp-json\/wp\/v2\/posts"}],"about":[{"href":"https:\/\/unkorce.edu.al\/en\/wp-json\/wp\/v2\/types\/post"}],"author":[{"embeddable":true,"href":"https:\/\/unkorce.edu.al\/en\/wp-json\/wp\/v2\/users\/122"}],"replies":[{"embeddable":true,"href":"https:\/\/unkorce.edu.al\/en\/wp-json\/wp\/v2\/comments?post=32259"}],"version-history":[{"count":2,"href":"https:\/\/unkorce.edu.al\/en\/wp-json\/wp\/v2\/posts\/32259\/revisions"}],"predecessor-version":[{"id":32263,"href":"https:\/\/unkorce.edu.al\/en\/wp-json\/wp\/v2\/posts\/32259\/revisions\/32263"}],"wp:featuredmedia":[{"embeddable":true,"href":"https:\/\/unkorce.edu.al\/en\/wp-json\/wp\/v2\/media\/32260"}],"wp:attachment":[{"href":"https:\/\/unkorce.edu.al\/en\/wp-json\/wp\/v2\/media?parent=32259"}],"wp:term":[{"taxonomy":"category","embeddable":true,"href":"https:\/\/unkorce.edu.al\/en\/wp-json\/wp\/v2\/categories?post=32259"},{"taxonomy":"post_tag","embeddable":true,"href":"https:\/\/unkorce.edu.al\/en\/wp-json\/wp\/v2\/tags?post=32259"}],"curies":[{"name":"wp","href":"https:\/\/api.w.org\/{rel}","templated":true}]}}