{"id":29188,"date":"2024-08-30T09:55:40","date_gmt":"2024-08-30T09:55:40","guid":{"rendered":"https:\/\/unkorce.edu.al\/?p=26200"},"modified":"2024-08-30T09:55:40","modified_gmt":"2024-08-30T09:55:40","slug":"konstituohet-senati-akademik-i-universitetit-fan-s-noli","status":"publish","type":"post","link":"https:\/\/unkorce.edu.al\/en\/konstituohet-senati-akademik-i-universitetit-fan-s-noli\/","title":{"rendered":"KONSTITUOHET SENATI AKADEMIK I UNIVERSITETIT \u201cFAN S. NOLI\u201d\u00a0\u00a0\u00a0"},"content":{"rendered":"<p>N\u00eb dat\u00ebn 30 gusht 2024 u zhvillua mbledhja e par\u00eb e Senatit Akademik p\u00ebr konstituimin e tij.<\/p>\n\n\n\n<p>N\u00eb fjal\u00ebn e hapjes rektori i Universitetit, prof. dr. Lorenc Ekonomi u uroi suksese n\u00eb pun\u00ebn e tyre an\u00ebtar\u00ebve t\u00eb Senatit t\u00eb ri Akademik. &nbsp;<\/p>\n\n\n\n<p>Pasi u lexuan emrat e 19 senator\u00ebve fitues n\u00eb zgjedhjet e 21 qershorit 2024, mes tyre edhe dy student\u00eb, u kalua n\u00eb pikat e rendit t\u00eb dit\u00ebs.<\/p>\n\n\n\n<p>Senatit Akademik miratoi n\u00eb postin e n\u00ebnkryetarit t\u00eb k\u00ebtij organi drejtues, propozimin p\u00ebr prof. as. dr. Daniela Stoica, si dhe kandidaturat e propozuara nga Rektori p\u00ebr dr. Aida Mosko si z\u00ebvend\u00ebsrektore p\u00ebr k\u00ebrkimin dhe shkenc\u00ebn dhe prof. as. dr. Lorena Zeqo si z\u00ebvend\u00ebsrektore p\u00ebr m\u00ebsimin n\u00eb Universitetin \u201cFan S. Noli\u201d.<\/p>\n\n\n\n<figure class=\"wp-block-gallery has-nested-images columns-default is-cropped wp-block-gallery-1 is-layout-flex wp-block-gallery-is-layout-flex\">\n<figure class=\"wp-block-image size-large\"><img decoding=\"async\" data-id=\"26201\" src=\"https:\/\/unkorce.edu.al\/wp-content\/uploads\/2024\/08\/IMG_9143-1024x683.jpg\" alt=\"\" class=\"wp-image-26201\"\/><\/figure>\n\n\n\n<figure class=\"wp-block-image size-large\"><img decoding=\"async\" data-id=\"26205\" src=\"https:\/\/unkorce.edu.al\/wp-content\/uploads\/2024\/08\/IMG_9144.jpg\" alt=\"\" class=\"wp-image-26205\"\/><\/figure>\n\n\n\n<figure class=\"wp-block-image size-large\"><img decoding=\"async\" data-id=\"26203\" src=\"https:\/\/unkorce.edu.al\/wp-content\/uploads\/2024\/08\/IMG_9145-1024x683.jpg\" alt=\"\" class=\"wp-image-26203\"\/><\/figure>\n\n\n\n<figure class=\"wp-block-image size-large\"><img decoding=\"async\" data-id=\"26202\" src=\"https:\/\/unkorce.edu.al\/wp-content\/uploads\/2024\/08\/IMG_9148-1024x683.jpg\" alt=\"\" class=\"wp-image-26202\"\/><\/figure>\n\n\n\n<figure class=\"wp-block-image size-large\"><img decoding=\"async\" data-id=\"26206\" src=\"https:\/\/unkorce.edu.al\/wp-content\/uploads\/2024\/08\/IMG_9146-1024x683.jpg\" alt=\"\" class=\"wp-image-26206\"\/><\/figure>\n\n\n\n<figure class=\"wp-block-image size-large\"><img decoding=\"async\" data-id=\"26204\" src=\"https:\/\/unkorce.edu.al\/wp-content\/uploads\/2024\/08\/IMG_9147.jpg\" alt=\"\" class=\"wp-image-26204\"\/><\/figure>\n\n\n\n<figure class=\"wp-block-image size-large\"><img decoding=\"async\" data-id=\"26207\" src=\"https:\/\/unkorce.edu.al\/wp-content\/uploads\/2024\/08\/IMG_9150-1024x683.jpg\" alt=\"\" class=\"wp-image-26207\"\/><\/figure>\n\n\n\n<figure class=\"wp-block-image size-large\"><img decoding=\"async\" data-id=\"26208\" src=\"https:\/\/unkorce.edu.al\/wp-content\/uploads\/2024\/08\/WhatsApp-Image-2024-08-30-at-11.34.36-1-1024x768.jpeg\" alt=\"\" class=\"wp-image-26208\"\/><\/figure>\n\n\n\n<figure class=\"wp-block-image size-large\"><img decoding=\"async\" data-id=\"26218\" src=\"https:\/\/unkorce.edu.al\/wp-content\/uploads\/2024\/08\/WhatsApp-Image-2024-08-30-at-11.34.49-1-1024x768.jpeg\" alt=\"\" class=\"wp-image-26218\"\/><\/figure>\n\n\n\n<figure class=\"wp-block-image size-large\"><img decoding=\"async\" data-id=\"26209\" src=\"https:\/\/unkorce.edu.al\/wp-content\/uploads\/2024\/08\/WhatsApp-Image-2024-08-30-at-11.34.36-1024x768.jpeg\" alt=\"\" class=\"wp-image-26209\"\/><\/figure>\n\n\n\n<figure class=\"wp-block-image size-large\"><img decoding=\"async\" data-id=\"26211\" src=\"https:\/\/unkorce.edu.al\/wp-content\/uploads\/2024\/08\/WhatsApp-Image-2024-08-30-at-11.34.37-1-1024x768.jpeg\" alt=\"\" class=\"wp-image-26211\"\/><\/figure>\n\n\n\n<figure class=\"wp-block-image size-large\"><img decoding=\"async\" data-id=\"26210\" src=\"https:\/\/unkorce.edu.al\/wp-content\/uploads\/2024\/08\/WhatsApp-Image-2024-08-30-at-11.34.37-1024x768.jpeg\" alt=\"\" class=\"wp-image-26210\"\/><\/figure>\n\n\n\n<figure class=\"wp-block-image size-large\"><img decoding=\"async\" data-id=\"26212\" src=\"https:\/\/unkorce.edu.al\/wp-content\/uploads\/2024\/08\/WhatsApp-Image-2024-08-30-at-11.34.38-1-1024x768.jpeg\" alt=\"\" class=\"wp-image-26212\"\/><\/figure>\n\n\n\n<figure class=\"wp-block-image size-large\"><img decoding=\"async\" data-id=\"26222\" src=\"https:\/\/unkorce.edu.al\/wp-content\/uploads\/2024\/08\/WhatsApp-Image-2024-08-30-at-11.56.18-1024x768.jpeg\" alt=\"\" class=\"wp-image-26222\"\/><\/figure>\n\n\n\n<figure class=\"wp-block-image size-large\"><img decoding=\"async\" data-id=\"26214\" src=\"https:\/\/unkorce.edu.al\/wp-content\/uploads\/2024\/08\/WhatsApp-Image-2024-08-30-at-11.34.39-1-1024x768.jpeg\" alt=\"\" class=\"wp-image-26214\"\/><\/figure>\n\n\n\n<figure class=\"wp-block-image size-large\"><img decoding=\"async\" data-id=\"26215\" src=\"https:\/\/unkorce.edu.al\/wp-content\/uploads\/2024\/08\/WhatsApp-Image-2024-08-30-at-11.34.39-1024x768.jpeg\" alt=\"\" class=\"wp-image-26215\"\/><\/figure>\n\n\n\n<figure class=\"wp-block-image size-large\"><img decoding=\"async\" data-id=\"26216\" src=\"https:\/\/unkorce.edu.al\/wp-content\/uploads\/2024\/08\/WhatsApp-Image-2024-08-30-at-11.34.40-1024x768.jpeg\" alt=\"\" class=\"wp-image-26216\"\/><\/figure>\n\n\n\n<figure class=\"wp-block-image size-large\"><img decoding=\"async\" data-id=\"26219\" src=\"https:\/\/unkorce.edu.al\/wp-content\/uploads\/2024\/08\/WhatsApp-Image-2024-08-30-at-11.34.50-1-1024x768.jpeg\" alt=\"\" class=\"wp-image-26219\"\/><\/figure>\n\n\n\n<figure class=\"wp-block-image size-large\"><img decoding=\"async\" data-id=\"26220\" src=\"https:\/\/unkorce.edu.al\/wp-content\/uploads\/2024\/08\/WhatsApp-Image-2024-08-30-at-11.34.50-1024x768.jpeg\" alt=\"\" class=\"wp-image-26220\"\/><\/figure>\n<\/figure>","protected":false},"excerpt":{"rendered":"<p>N\u00eb dat\u00ebn 30 gusht 2024 u zhvillua mbledhja e par\u00eb e Senatit Akademik p\u00ebr konstituimin e tij. N\u00eb fjal\u00ebn e hapjes rektori i Universitetit, prof. dr. Lorenc Ekonomi u uroi suksese n\u00eb pun\u00ebn e tyre an\u00ebtar\u00ebve t\u00eb Senatit t\u00eb ri Akademik. &nbsp; Pasi u lexuan emrat e 19 senator\u00ebve fitues n\u00eb zgjedhjet e 21 qershorit&#8230;<\/p>","protected":false},"author":2,"featured_media":26211,"comment_status":"open","ping_status":"open","sticky":false,"template":"","format":"standard","meta":{"_acf_changed":false,"footnotes":""},"categories":[1],"tags":[],"class_list":["post-29188","post","type-post","status-publish","format-standard","has-post-thumbnail","hentry","category-uncategorized"],"acf":[],"yoast_head":"<!-- This site is optimized with the Yoast SEO plugin v26.9 - https:\/\/yoast.com\/product\/yoast-seo-wordpress\/ -->\n<title>KONSTITUOHET SENATI AKADEMIK I UNIVERSITETIT \u201cFAN S. NOLI\u201d\u00a0\u00a0\u00a0 - Universiteti &quot;Fan S. Noli&quot;, Kor\u00e7\u00eb<\/title>\n<meta name=\"robots\" content=\"index, follow, max-snippet:-1, max-image-preview:large, max-video-preview:-1\" \/>\n<link rel=\"canonical\" href=\"https:\/\/unkorce.edu.al\/en\/konstituohet-senati-akademik-i-universitetit-fan-s-noli\/\" \/>\n<meta property=\"og:locale\" content=\"en_US\" \/>\n<meta property=\"og:type\" content=\"article\" \/>\n<meta property=\"og:title\" content=\"KONSTITUOHET SENATI AKADEMIK I UNIVERSITETIT \u201cFAN S. NOLI\u201d\u00a0\u00a0\u00a0 - Universiteti &quot;Fan S. Noli&quot;, Kor\u00e7\u00eb\" \/>\n<meta property=\"og:description\" content=\"N\u00eb dat\u00ebn 30 gusht 2024 u zhvillua mbledhja e par\u00eb e Senatit Akademik p\u00ebr konstituimin e tij. N\u00eb fjal\u00ebn e hapjes rektori i Universitetit, prof. dr. Lorenc Ekonomi u uroi suksese n\u00eb pun\u00ebn e tyre an\u00ebtar\u00ebve t\u00eb Senatit t\u00eb ri Akademik. &nbsp; Pasi u lexuan emrat e 19 senator\u00ebve fitues n\u00eb zgjedhjet e 21 qershorit...\" \/>\n<meta property=\"og:url\" content=\"https:\/\/unkorce.edu.al\/en\/konstituohet-senati-akademik-i-universitetit-fan-s-noli\/\" \/>\n<meta property=\"og:site_name\" content=\"Universiteti &quot;Fan S. Noli&quot;, Kor\u00e7\u00eb\" \/>\n<meta property=\"article:publisher\" content=\"https:\/\/www.facebook.com\/unkorce\" \/>\n<meta property=\"article:published_time\" content=\"2024-08-30T09:55:40+00:00\" \/>\n<meta property=\"og:image\" content=\"https:\/\/unkorce.edu.al\/wp-content\/uploads\/2024\/08\/WhatsApp-Image-2024-08-30-at-11.34.37-1-1.jpeg\" \/>\n\t<meta property=\"og:image:width\" content=\"1280\" \/>\n\t<meta property=\"og:image:height\" content=\"960\" \/>\n\t<meta property=\"og:image:type\" content=\"image\/jpeg\" \/>\n<meta name=\"author\" content=\"Brikela Qelemeni\" \/>\n<meta name=\"twitter:card\" content=\"summary_large_image\" \/>\n<meta name=\"twitter:label1\" content=\"Written by\" \/>\n\t<meta name=\"twitter:data1\" content=\"Brikela Qelemeni\" \/>\n\t<meta name=\"twitter:label2\" content=\"Est. reading time\" \/>\n\t<meta name=\"twitter:data2\" content=\"1 minute\" \/>\n<script type=\"application\/ld+json\" class=\"yoast-schema-graph\">{\"@context\":\"https:\/\/schema.org\",\"@graph\":[{\"@type\":\"Article\",\"@id\":\"https:\/\/unkorce.edu.al\/konstituohet-senati-akademik-i-universitetit-fan-s-noli\/#article\",\"isPartOf\":{\"@id\":\"https:\/\/unkorce.edu.al\/konstituohet-senati-akademik-i-universitetit-fan-s-noli\/\"},\"author\":{\"name\":\"Brikela Qelemeni\",\"@id\":\"https:\/\/unkorce.edu.al\/#\/schema\/person\/faa34c53e1891c174ff76279b528558e\"},\"headline\":\"KONSTITUOHET SENATI AKADEMIK I UNIVERSITETIT \u201cFAN S. NOLI\u201d\u00a0\u00a0\u00a0\",\"datePublished\":\"2024-08-30T09:55:40+00:00\",\"mainEntityOfPage\":{\"@id\":\"https:\/\/unkorce.edu.al\/konstituohet-senati-akademik-i-universitetit-fan-s-noli\/\"},\"wordCount\":143,\"commentCount\":0,\"publisher\":{\"@id\":\"https:\/\/unkorce.edu.al\/#organization\"},\"image\":{\"@id\":\"https:\/\/unkorce.edu.al\/konstituohet-senati-akademik-i-universitetit-fan-s-noli\/#primaryimage\"},\"thumbnailUrl\":\"https:\/\/unkorce.edu.al\/wp-content\/uploads\/2024\/08\/WhatsApp-Image-2024-08-30-at-11.34.37-1-1.jpeg\",\"inLanguage\":\"en-US\",\"potentialAction\":[{\"@type\":\"CommentAction\",\"name\":\"Comment\",\"target\":[\"https:\/\/unkorce.edu.al\/konstituohet-senati-akademik-i-universitetit-fan-s-noli\/#respond\"]}]},{\"@type\":\"WebPage\",\"@id\":\"https:\/\/unkorce.edu.al\/konstituohet-senati-akademik-i-universitetit-fan-s-noli\/\",\"url\":\"https:\/\/unkorce.edu.al\/konstituohet-senati-akademik-i-universitetit-fan-s-noli\/\",\"name\":\"KONSTITUOHET SENATI AKADEMIK I UNIVERSITETIT \u201cFAN S. NOLI\u201d\u00a0\u00a0\u00a0 - Universiteti \\\"Fan S. Noli\\\", Kor\u00e7\u00eb\",\"isPartOf\":{\"@id\":\"https:\/\/unkorce.edu.al\/#website\"},\"primaryImageOfPage\":{\"@id\":\"https:\/\/unkorce.edu.al\/konstituohet-senati-akademik-i-universitetit-fan-s-noli\/#primaryimage\"},\"image\":{\"@id\":\"https:\/\/unkorce.edu.al\/konstituohet-senati-akademik-i-universitetit-fan-s-noli\/#primaryimage\"},\"thumbnailUrl\":\"https:\/\/unkorce.edu.al\/wp-content\/uploads\/2024\/08\/WhatsApp-Image-2024-08-30-at-11.34.37-1-1.jpeg\",\"datePublished\":\"2024-08-30T09:55:40+00:00\",\"breadcrumb\":{\"@id\":\"https:\/\/unkorce.edu.al\/konstituohet-senati-akademik-i-universitetit-fan-s-noli\/#breadcrumb\"},\"inLanguage\":\"en-US\",\"potentialAction\":[{\"@type\":\"ReadAction\",\"target\":[\"https:\/\/unkorce.edu.al\/konstituohet-senati-akademik-i-universitetit-fan-s-noli\/\"]}]},{\"@type\":\"ImageObject\",\"inLanguage\":\"en-US\",\"@id\":\"https:\/\/unkorce.edu.al\/konstituohet-senati-akademik-i-universitetit-fan-s-noli\/#primaryimage\",\"url\":\"https:\/\/unkorce.edu.al\/wp-content\/uploads\/2024\/08\/WhatsApp-Image-2024-08-30-at-11.34.37-1-1.jpeg\",\"contentUrl\":\"https:\/\/unkorce.edu.al\/wp-content\/uploads\/2024\/08\/WhatsApp-Image-2024-08-30-at-11.34.37-1-1.jpeg\",\"width\":1280,\"height\":960},{\"@type\":\"BreadcrumbList\",\"@id\":\"https:\/\/unkorce.edu.al\/konstituohet-senati-akademik-i-universitetit-fan-s-noli\/#breadcrumb\",\"itemListElement\":[{\"@type\":\"ListItem\",\"position\":1,\"name\":\"Home\",\"item\":\"https:\/\/unkorce.edu.al\/\"},{\"@type\":\"ListItem\",\"position\":2,\"name\":\"KONSTITUOHET SENATI AKADEMIK I UNIVERSITETIT \u201cFAN S. NOLI\u201d\u00a0\u00a0\u00a0\"}]},{\"@type\":\"WebSite\",\"@id\":\"https:\/\/unkorce.edu.al\/#website\",\"url\":\"https:\/\/unkorce.edu.al\/\",\"name\":\"Universiteti \\\"Fan S. Noli\\\", Kor\u00e7\u00eb\",\"description\":\"Mir&euml;sevini n&euml; faqen zyrtare!\",\"publisher\":{\"@id\":\"https:\/\/unkorce.edu.al\/#organization\"},\"potentialAction\":[{\"@type\":\"SearchAction\",\"target\":{\"@type\":\"EntryPoint\",\"urlTemplate\":\"https:\/\/unkorce.edu.al\/?s={search_term_string}\"},\"query-input\":{\"@type\":\"PropertyValueSpecification\",\"valueRequired\":true,\"valueName\":\"search_term_string\"}}],\"inLanguage\":\"en-US\"},{\"@type\":\"Organization\",\"@id\":\"https:\/\/unkorce.edu.al\/#organization\",\"name\":\"Universiteti \\\"Fan S. Noli\\\", Kor\u00e7\u00eb\",\"url\":\"https:\/\/unkorce.edu.al\/\",\"logo\":{\"@type\":\"ImageObject\",\"inLanguage\":\"en-US\",\"@id\":\"https:\/\/unkorce.edu.al\/#\/schema\/logo\/image\/\",\"url\":\"https:\/\/unkorce.edu.al\/wp-content\/uploads\/2024\/08\/Logo_e_Universitetit__Fan_Noli_-e1726660879862.png\",\"contentUrl\":\"https:\/\/unkorce.edu.al\/wp-content\/uploads\/2024\/08\/Logo_e_Universitetit__Fan_Noli_-e1726660879862.png\",\"width\":200,\"height\":120,\"caption\":\"Universiteti \\\"Fan S. Noli\\\", Kor\u00e7\u00eb\"},\"image\":{\"@id\":\"https:\/\/unkorce.edu.al\/#\/schema\/logo\/image\/\"},\"sameAs\":[\"https:\/\/www.facebook.com\/unkorce\"]},{\"@type\":\"Person\",\"@id\":\"https:\/\/unkorce.edu.al\/#\/schema\/person\/faa34c53e1891c174ff76279b528558e\",\"name\":\"Brikela Qelemeni\",\"image\":{\"@type\":\"ImageObject\",\"inLanguage\":\"en-US\",\"@id\":\"https:\/\/unkorce.edu.al\/#\/schema\/person\/image\/\",\"url\":\"https:\/\/secure.gravatar.com\/avatar\/6c1805558a9218503040c8b9055763822c6184a1cd600127210a9abbc5aaea04?s=96&d=mm&r=g\",\"contentUrl\":\"https:\/\/secure.gravatar.com\/avatar\/6c1805558a9218503040c8b9055763822c6184a1cd600127210a9abbc5aaea04?s=96&d=mm&r=g\",\"caption\":\"Brikela Qelemeni\"},\"url\":\"https:\/\/unkorce.edu.al\/en\/author\/brikela\/\"}]}<\/script>\n<!-- \/ Yoast SEO plugin. -->","yoast_head_json":{"title":"KONSTITUOHET SENATI AKADEMIK I UNIVERSITETIT \u201cFAN S. NOLI\u201d\u00a0\u00a0\u00a0 - Universiteti \"Fan S. Noli\", Kor\u00e7\u00eb","robots":{"index":"index","follow":"follow","max-snippet":"max-snippet:-1","max-image-preview":"max-image-preview:large","max-video-preview":"max-video-preview:-1"},"canonical":"https:\/\/unkorce.edu.al\/en\/konstituohet-senati-akademik-i-universitetit-fan-s-noli\/","og_locale":"en_US","og_type":"article","og_title":"KONSTITUOHET SENATI AKADEMIK I UNIVERSITETIT \u201cFAN S. NOLI\u201d\u00a0\u00a0\u00a0 - Universiteti \"Fan S. Noli\", Kor\u00e7\u00eb","og_description":"N\u00eb dat\u00ebn 30 gusht 2024 u zhvillua mbledhja e par\u00eb e Senatit Akademik p\u00ebr konstituimin e tij. N\u00eb fjal\u00ebn e hapjes rektori i Universitetit, prof. dr. Lorenc Ekonomi u uroi suksese n\u00eb pun\u00ebn e tyre an\u00ebtar\u00ebve t\u00eb Senatit t\u00eb ri Akademik. &nbsp; Pasi u lexuan emrat e 19 senator\u00ebve fitues n\u00eb zgjedhjet e 21 qershorit...","og_url":"https:\/\/unkorce.edu.al\/en\/konstituohet-senati-akademik-i-universitetit-fan-s-noli\/","og_site_name":"Universiteti \"Fan S. Noli\", Kor\u00e7\u00eb","article_publisher":"https:\/\/www.facebook.com\/unkorce","article_published_time":"2024-08-30T09:55:40+00:00","og_image":[{"width":1280,"height":960,"url":"https:\/\/unkorce.edu.al\/wp-content\/uploads\/2024\/08\/WhatsApp-Image-2024-08-30-at-11.34.37-1-1.jpeg","type":"image\/jpeg"}],"author":"Brikela Qelemeni","twitter_card":"summary_large_image","twitter_misc":{"Written by":"Brikela Qelemeni","Est. reading time":"1 minute"},"schema":{"@context":"https:\/\/schema.org","@graph":[{"@type":"Article","@id":"https:\/\/unkorce.edu.al\/konstituohet-senati-akademik-i-universitetit-fan-s-noli\/#article","isPartOf":{"@id":"https:\/\/unkorce.edu.al\/konstituohet-senati-akademik-i-universitetit-fan-s-noli\/"},"author":{"name":"Brikela Qelemeni","@id":"https:\/\/unkorce.edu.al\/#\/schema\/person\/faa34c53e1891c174ff76279b528558e"},"headline":"KONSTITUOHET SENATI AKADEMIK I UNIVERSITETIT \u201cFAN S. NOLI\u201d\u00a0\u00a0\u00a0","datePublished":"2024-08-30T09:55:40+00:00","mainEntityOfPage":{"@id":"https:\/\/unkorce.edu.al\/konstituohet-senati-akademik-i-universitetit-fan-s-noli\/"},"wordCount":143,"commentCount":0,"publisher":{"@id":"https:\/\/unkorce.edu.al\/#organization"},"image":{"@id":"https:\/\/unkorce.edu.al\/konstituohet-senati-akademik-i-universitetit-fan-s-noli\/#primaryimage"},"thumbnailUrl":"https:\/\/unkorce.edu.al\/wp-content\/uploads\/2024\/08\/WhatsApp-Image-2024-08-30-at-11.34.37-1-1.jpeg","inLanguage":"en-US","potentialAction":[{"@type":"CommentAction","name":"Comment","target":["https:\/\/unkorce.edu.al\/konstituohet-senati-akademik-i-universitetit-fan-s-noli\/#respond"]}]},{"@type":"WebPage","@id":"https:\/\/unkorce.edu.al\/konstituohet-senati-akademik-i-universitetit-fan-s-noli\/","url":"https:\/\/unkorce.edu.al\/konstituohet-senati-akademik-i-universitetit-fan-s-noli\/","name":"KONSTITUOHET SENATI AKADEMIK I UNIVERSITETIT \u201cFAN S. NOLI\u201d\u00a0\u00a0\u00a0 - Universiteti \"Fan S. Noli\", Kor\u00e7\u00eb","isPartOf":{"@id":"https:\/\/unkorce.edu.al\/#website"},"primaryImageOfPage":{"@id":"https:\/\/unkorce.edu.al\/konstituohet-senati-akademik-i-universitetit-fan-s-noli\/#primaryimage"},"image":{"@id":"https:\/\/unkorce.edu.al\/konstituohet-senati-akademik-i-universitetit-fan-s-noli\/#primaryimage"},"thumbnailUrl":"https:\/\/unkorce.edu.al\/wp-content\/uploads\/2024\/08\/WhatsApp-Image-2024-08-30-at-11.34.37-1-1.jpeg","datePublished":"2024-08-30T09:55:40+00:00","breadcrumb":{"@id":"https:\/\/unkorce.edu.al\/konstituohet-senati-akademik-i-universitetit-fan-s-noli\/#breadcrumb"},"inLanguage":"en-US","potentialAction":[{"@type":"ReadAction","target":["https:\/\/unkorce.edu.al\/konstituohet-senati-akademik-i-universitetit-fan-s-noli\/"]}]},{"@type":"ImageObject","inLanguage":"en-US","@id":"https:\/\/unkorce.edu.al\/konstituohet-senati-akademik-i-universitetit-fan-s-noli\/#primaryimage","url":"https:\/\/unkorce.edu.al\/wp-content\/uploads\/2024\/08\/WhatsApp-Image-2024-08-30-at-11.34.37-1-1.jpeg","contentUrl":"https:\/\/unkorce.edu.al\/wp-content\/uploads\/2024\/08\/WhatsApp-Image-2024-08-30-at-11.34.37-1-1.jpeg","width":1280,"height":960},{"@type":"BreadcrumbList","@id":"https:\/\/unkorce.edu.al\/konstituohet-senati-akademik-i-universitetit-fan-s-noli\/#breadcrumb","itemListElement":[{"@type":"ListItem","position":1,"name":"Home","item":"https:\/\/unkorce.edu.al\/"},{"@type":"ListItem","position":2,"name":"KONSTITUOHET SENATI AKADEMIK I UNIVERSITETIT \u201cFAN S. NOLI\u201d\u00a0\u00a0\u00a0"}]},{"@type":"WebSite","@id":"https:\/\/unkorce.edu.al\/#website","url":"https:\/\/unkorce.edu.al\/","name":"Universiteti \"Fan S. Noli\", Kor\u00e7\u00eb","description":"Mir&euml;sevini n&euml; faqen zyrtare!","publisher":{"@id":"https:\/\/unkorce.edu.al\/#organization"},"potentialAction":[{"@type":"SearchAction","target":{"@type":"EntryPoint","urlTemplate":"https:\/\/unkorce.edu.al\/?s={search_term_string}"},"query-input":{"@type":"PropertyValueSpecification","valueRequired":true,"valueName":"search_term_string"}}],"inLanguage":"en-US"},{"@type":"Organization","@id":"https:\/\/unkorce.edu.al\/#organization","name":"Universiteti \"Fan S. Noli\", Kor\u00e7\u00eb","url":"https:\/\/unkorce.edu.al\/","logo":{"@type":"ImageObject","inLanguage":"en-US","@id":"https:\/\/unkorce.edu.al\/#\/schema\/logo\/image\/","url":"https:\/\/unkorce.edu.al\/wp-content\/uploads\/2024\/08\/Logo_e_Universitetit__Fan_Noli_-e1726660879862.png","contentUrl":"https:\/\/unkorce.edu.al\/wp-content\/uploads\/2024\/08\/Logo_e_Universitetit__Fan_Noli_-e1726660879862.png","width":200,"height":120,"caption":"Universiteti \"Fan S. Noli\", Kor\u00e7\u00eb"},"image":{"@id":"https:\/\/unkorce.edu.al\/#\/schema\/logo\/image\/"},"sameAs":["https:\/\/www.facebook.com\/unkorce"]},{"@type":"Person","@id":"https:\/\/unkorce.edu.al\/#\/schema\/person\/faa34c53e1891c174ff76279b528558e","name":"Brikela Qelemeni","image":{"@type":"ImageObject","inLanguage":"en-US","@id":"https:\/\/unkorce.edu.al\/#\/schema\/person\/image\/","url":"https:\/\/secure.gravatar.com\/avatar\/6c1805558a9218503040c8b9055763822c6184a1cd600127210a9abbc5aaea04?s=96&d=mm&r=g","contentUrl":"https:\/\/secure.gravatar.com\/avatar\/6c1805558a9218503040c8b9055763822c6184a1cd600127210a9abbc5aaea04?s=96&d=mm&r=g","caption":"Brikela Qelemeni"},"url":"https:\/\/unkorce.edu.al\/en\/author\/brikela\/"}]}},"_links":{"self":[{"href":"https:\/\/unkorce.edu.al\/en\/wp-json\/wp\/v2\/posts\/29188","targetHints":{"allow":["GET"]}}],"collection":[{"href":"https:\/\/unkorce.edu.al\/en\/wp-json\/wp\/v2\/posts"}],"about":[{"href":"https:\/\/unkorce.edu.al\/en\/wp-json\/wp\/v2\/types\/post"}],"author":[{"embeddable":true,"href":"https:\/\/unkorce.edu.al\/en\/wp-json\/wp\/v2\/users\/2"}],"replies":[{"embeddable":true,"href":"https:\/\/unkorce.edu.al\/en\/wp-json\/wp\/v2\/comments?post=29188"}],"version-history":[{"count":0,"href":"https:\/\/unkorce.edu.al\/en\/wp-json\/wp\/v2\/posts\/29188\/revisions"}],"wp:featuredmedia":[{"embeddable":true,"href":"https:\/\/unkorce.edu.al\/en\/wp-json\/wp\/v2\/media\/26211"}],"wp:attachment":[{"href":"https:\/\/unkorce.edu.al\/en\/wp-json\/wp\/v2\/media?parent=29188"}],"wp:term":[{"taxonomy":"category","embeddable":true,"href":"https:\/\/unkorce.edu.al\/en\/wp-json\/wp\/v2\/categories?post=29188"},{"taxonomy":"post_tag","embeddable":true,"href":"https:\/\/unkorce.edu.al\/en\/wp-json\/wp\/v2\/tags?post=29188"}],"curies":[{"name":"wp","href":"https:\/\/api.w.org\/{rel}","templated":true}]}}