{"id":29186,"date":"2024-07-23T10:08:48","date_gmt":"2024-07-23T10:08:48","guid":{"rendered":"https:\/\/unkorce.edu.al\/?p=26002"},"modified":"2024-07-23T10:08:48","modified_gmt":"2024-07-23T10:08:48","slug":"dr-virgil-stefan-nitulescu-drejtues-i-muzeut-kombetar-te-fshatarit-rumun-vizitoi-uniko-ku-zhvilloi-nje-takim-edhe-me-drejtues-te-institucionit","status":"publish","type":"post","link":"https:\/\/unkorce.edu.al\/en\/dr-virgil-stefan-nitulescu-drejtues-i-muzeut-kombetar-te-fshatarit-rumun-vizitoi-uniko-ku-zhvilloi-nje-takim-edhe-me-drejtues-te-institucionit\/","title":{"rendered":"DR. VIRGIL STEFAN NITULESCU, DREJTUES I MUZEUT KOMB\u00cbTAR T\u00cb FSHATARIT RUMUN VIZITOI UNIKO, KU ZHVILLOI NJ\u00cb TAKIM EDHE ME DREJTUES T\u00cb INSTITUCIONIT"},"content":{"rendered":"<p>N\u00eb dat\u00ebn 23 korrik 2024, dr. Virgil Stefan Nitulescu, drejtues i Muzeut Komb\u00ebtar t\u00eb Fshatarit Rumun u prit n\u00eb takim nga drejtues t\u00eb Universitetit \u201cFan S. Noli\u201d.<\/p>\n\n\n\n<p>Rektori i zgjedhur i UNIKO, prof. dr. Lorenc Ekonomi dhe z\u00ebvend\u00ebsrektori p\u00ebr shkenc\u00ebn dhe projektet, prof. as. dr. Benita Stavre e njoh\u00ebn dr. Nitulescu-n me veprimtarin\u00eb q\u00eb zhvillon Universiteti yn\u00eb, nd\u00ebrsa u shpreh\u00ebn t\u00eb hapur p\u00ebr bashk\u00ebpunim, duke ve\u00e7uar edhe mund\u00ebsit\u00eb konkrete n\u00eb k\u00ebt\u00eb kuad\u00ebr si\u00e7 \u00ebsht\u00eb bashk\u00ebpunimi me departamentin e Historis\u00eb dhe Gjeografis\u00eb, bashk\u00ebpunim n\u00eb k\u00ebrkim shkencor, p\u00ebr praktika t\u00eb student\u00ebve etj. \u00a0<\/p>\n\n\n\n<p>Dr. Nitulescu fal\u00ebnderoi drejtuesit p\u00ebr pritjen n\u00eb k\u00ebt\u00eb vizit\u00eb t\u00eb par\u00eb n\u00eb Universitetin ton\u00eb dhe n\u00eb kuad\u00ebr t\u00eb bashk\u00ebpunimit ofroi edhe kontributin e tij si historian me nj\u00eb p\u00ebrvoj\u00eb t\u00eb gjat\u00eb n\u00eb administrat\u00ebn publike, politikat kulturore, muzeologjin\u00eb dhe mbrojtjen e trash\u00ebgimis\u00eb kulturore.<\/p>\n\n\n\n<p>N\u00eb takim ishin t\u00eb pranishme edhe znj. Fjoralba Prifti, drejtoresh\u00eb e Muzeut Komb\u00ebtar t\u00eb Artit Mesjetar dhe pedagogia, phd. Daniela Stoica, koordinatore e Qendr\u00ebs Rumune t\u00eb Informimit n\u00eb Kor\u00e7\u00eb q\u00eb gjithashtu e vler\u00ebsuan k\u00ebt\u00eb takim p\u00ebr vijim\u00ebsin\u00eb e bashk\u00ebpunimit edhe n\u00eb fush\u00ebn e trash\u00ebgimis\u00eb kulturore e etnogafis\u00eb.<\/p>\n\n\n\n<p>Muzeu Komb\u00ebtar i Fshatarit Rumun, i vendosur n\u00eb Bukuresht t\u00eb Rumani-s\u00eb \u00ebsht\u00eb nj\u00eb nga muzet\u00eb m\u00eb t\u00eb r\u00ebnd\u00ebsish\u00ebm t\u00eb etnografis\u00eb n\u00eb Evrop\u00eb. U themelua n\u00eb vitin 1906 dhe ka nj\u00eb koleksion t\u00eb madh q\u00eb p\u00ebrfshin objekte tradicionale rumune, si kostume popullore, mjete bujq\u00ebsore, qeramik\u00eb, ikona, mobilje, tekstile etj. \u00a0\u00a0<\/p>\n\n\n\n<figure class=\"wp-block-gallery has-nested-images columns-default is-cropped wp-block-gallery-1 is-layout-flex wp-block-gallery-is-layout-flex\">\n<figure class=\"wp-block-image size-large\"><img decoding=\"async\" data-id=\"26006\" src=\"https:\/\/unkorce.edu.al\/wp-content\/uploads\/2024\/07\/IMG_9127-1024x683.jpg\" alt=\"\" class=\"wp-image-26006\"\/><\/figure>\n\n\n\n<figure class=\"wp-block-image size-large\"><img decoding=\"async\" data-id=\"26012\" src=\"https:\/\/unkorce.edu.al\/wp-content\/uploads\/2024\/07\/IMG_9140-1024x683.jpg\" alt=\"\" class=\"wp-image-26012\"\/><\/figure>\n\n\n\n<figure class=\"wp-block-image size-large\"><img decoding=\"async\" data-id=\"26008\" src=\"https:\/\/unkorce.edu.al\/wp-content\/uploads\/2024\/07\/IMG_9121-1024x683.jpg\" alt=\"\" class=\"wp-image-26008\"\/><\/figure>\n\n\n\n<figure class=\"wp-block-image size-large\"><img decoding=\"async\" data-id=\"26010\" src=\"https:\/\/unkorce.edu.al\/wp-content\/uploads\/2024\/07\/IMG_9133-1024x683.jpg\" alt=\"\" class=\"wp-image-26010\"\/><\/figure>\n\n\n\n<figure class=\"wp-block-image size-large\"><img decoding=\"async\" data-id=\"26004\" src=\"https:\/\/unkorce.edu.al\/wp-content\/uploads\/2024\/07\/IMG_9120-1024x683.jpg\" alt=\"\" class=\"wp-image-26004\"\/><\/figure>\n\n\n\n<figure class=\"wp-block-image size-large\"><img decoding=\"async\" data-id=\"26007\" src=\"https:\/\/unkorce.edu.al\/wp-content\/uploads\/2024\/07\/IMG_9126-1024x683.jpg\" alt=\"\" class=\"wp-image-26007\"\/><\/figure>\n\n\n\n<figure class=\"wp-block-image size-large\"><img decoding=\"async\" data-id=\"26013\" src=\"https:\/\/unkorce.edu.al\/wp-content\/uploads\/2024\/07\/IMG_9142-1024x683.jpg\" alt=\"\" class=\"wp-image-26013\"\/><\/figure>\n\n\n\n<figure class=\"wp-block-image size-large\"><img decoding=\"async\" data-id=\"26009\" src=\"https:\/\/unkorce.edu.al\/wp-content\/uploads\/2024\/07\/IMG_9130-1024x683.jpg\" alt=\"\" class=\"wp-image-26009\"\/><\/figure>\n\n\n\n<figure class=\"wp-block-image size-large\"><img decoding=\"async\" data-id=\"26005\" src=\"https:\/\/unkorce.edu.al\/wp-content\/uploads\/2024\/07\/IMG_9128-1024x683.jpg\" alt=\"\" class=\"wp-image-26005\"\/><\/figure>\n\n\n\n<figure class=\"wp-block-image size-large\"><img decoding=\"async\" data-id=\"26014\" src=\"https:\/\/unkorce.edu.al\/wp-content\/uploads\/2024\/07\/WhatsApp-Image-2024-07-23-at-11.55.44-AM-1-1024x768.jpeg\" alt=\"\" class=\"wp-image-26014\"\/><\/figure>\n\n\n\n<figure class=\"wp-block-image size-large\"><img decoding=\"async\" data-id=\"26011\" src=\"https:\/\/unkorce.edu.al\/wp-content\/uploads\/2024\/07\/IMG_9138-1024x683.jpg\" alt=\"\" class=\"wp-image-26011\"\/><\/figure>\n<\/figure>\n\n\n\n<p><\/p>","protected":false},"excerpt":{"rendered":"<p>N\u00eb dat\u00ebn 23 korrik 2024, dr. Virgil Stefan Nitulescu, drejtues i Muzeut Komb\u00ebtar t\u00eb Fshatarit Rumun u prit n\u00eb takim nga drejtues t\u00eb Universitetit \u201cFan S. Noli\u201d. Rektori i zgjedhur i UNIKO, prof. dr. Lorenc Ekonomi dhe z\u00ebvend\u00ebsrektori p\u00ebr shkenc\u00ebn dhe projektet, prof. as. dr. Benita Stavre e njoh\u00ebn dr. Nitulescu-n me veprimtarin\u00eb q\u00eb zhvillon&#8230;<\/p>","protected":false},"author":2,"featured_media":26006,"comment_status":"open","ping_status":"open","sticky":false,"template":"","format":"standard","meta":{"_acf_changed":false,"footnotes":""},"categories":[26,39],"tags":[],"class_list":["post-29186","post","type-post","status-publish","format-standard","has-post-thumbnail","hentry","category-uncategorized-sq","category-veprimtari-marredheniet-me-jashte-iro"],"acf":[],"yoast_head":"<!-- This site is optimized with the Yoast SEO plugin v26.9 - https:\/\/yoast.com\/product\/yoast-seo-wordpress\/ -->\n<title>DR. VIRGIL STEFAN NITULESCU, DREJTUES I MUZEUT KOMB\u00cbTAR T\u00cb FSHATARIT RUMUN VIZITOI UNIKO, KU ZHVILLOI NJ\u00cb TAKIM EDHE ME DREJTUES T\u00cb INSTITUCIONIT - Universiteti &quot;Fan S. Noli&quot;, Kor\u00e7\u00eb<\/title>\n<meta name=\"robots\" content=\"index, follow, max-snippet:-1, max-image-preview:large, max-video-preview:-1\" \/>\n<link rel=\"canonical\" href=\"https:\/\/unkorce.edu.al\/en\/dr-virgil-stefan-nitulescu-drejtues-i-muzeut-kombetar-te-fshatarit-rumun-vizitoi-uniko-ku-zhvilloi-nje-takim-edhe-me-drejtues-te-institucionit\/\" \/>\n<meta property=\"og:locale\" content=\"en_US\" \/>\n<meta property=\"og:type\" content=\"article\" \/>\n<meta property=\"og:title\" content=\"DR. VIRGIL STEFAN NITULESCU, DREJTUES I MUZEUT KOMB\u00cbTAR T\u00cb FSHATARIT RUMUN VIZITOI UNIKO, KU ZHVILLOI NJ\u00cb TAKIM EDHE ME DREJTUES T\u00cb INSTITUCIONIT - Universiteti &quot;Fan S. Noli&quot;, Kor\u00e7\u00eb\" \/>\n<meta property=\"og:description\" content=\"N\u00eb dat\u00ebn 23 korrik 2024, dr. Virgil Stefan Nitulescu, drejtues i Muzeut Komb\u00ebtar t\u00eb Fshatarit Rumun u prit n\u00eb takim nga drejtues t\u00eb Universitetit \u201cFan S. Noli\u201d. Rektori i zgjedhur i UNIKO, prof. dr. Lorenc Ekonomi dhe z\u00ebvend\u00ebsrektori p\u00ebr shkenc\u00ebn dhe projektet, prof. as. dr. Benita Stavre e njoh\u00ebn dr. Nitulescu-n me veprimtarin\u00eb q\u00eb zhvillon...\" \/>\n<meta property=\"og:url\" content=\"https:\/\/unkorce.edu.al\/en\/dr-virgil-stefan-nitulescu-drejtues-i-muzeut-kombetar-te-fshatarit-rumun-vizitoi-uniko-ku-zhvilloi-nje-takim-edhe-me-drejtues-te-institucionit\/\" \/>\n<meta property=\"og:site_name\" content=\"Universiteti &quot;Fan S. Noli&quot;, Kor\u00e7\u00eb\" \/>\n<meta property=\"article:publisher\" content=\"https:\/\/www.facebook.com\/unkorce\" \/>\n<meta property=\"article:published_time\" content=\"2024-07-23T10:08:48+00:00\" \/>\n<meta name=\"author\" content=\"Brikela Qelemeni\" \/>\n<meta name=\"twitter:card\" content=\"summary_large_image\" \/>\n<meta name=\"twitter:label1\" content=\"Written by\" \/>\n\t<meta name=\"twitter:data1\" content=\"Brikela Qelemeni\" \/>\n\t<meta name=\"twitter:label2\" content=\"Est. reading time\" \/>\n\t<meta name=\"twitter:data2\" content=\"1 minute\" \/>\n<script type=\"application\/ld+json\" class=\"yoast-schema-graph\">{\"@context\":\"https:\/\/schema.org\",\"@graph\":[{\"@type\":\"Article\",\"@id\":\"https:\/\/unkorce.edu.al\/dr-virgil-stefan-nitulescu-drejtues-i-muzeut-kombetar-te-fshatarit-rumun-vizitoi-uniko-ku-zhvilloi-nje-takim-edhe-me-drejtues-te-institucionit\/#article\",\"isPartOf\":{\"@id\":\"https:\/\/unkorce.edu.al\/dr-virgil-stefan-nitulescu-drejtues-i-muzeut-kombetar-te-fshatarit-rumun-vizitoi-uniko-ku-zhvilloi-nje-takim-edhe-me-drejtues-te-institucionit\/\"},\"author\":{\"name\":\"Brikela Qelemeni\",\"@id\":\"https:\/\/unkorce.edu.al\/#\/schema\/person\/faa34c53e1891c174ff76279b528558e\"},\"headline\":\"DR. VIRGIL STEFAN NITULESCU, DREJTUES I MUZEUT KOMB\u00cbTAR T\u00cb FSHATARIT RUMUN VIZITOI UNIKO, KU ZHVILLOI NJ\u00cb TAKIM EDHE ME DREJTUES T\u00cb INSTITUCIONIT\",\"datePublished\":\"2024-07-23T10:08:48+00:00\",\"mainEntityOfPage\":{\"@id\":\"https:\/\/unkorce.edu.al\/dr-virgil-stefan-nitulescu-drejtues-i-muzeut-kombetar-te-fshatarit-rumun-vizitoi-uniko-ku-zhvilloi-nje-takim-edhe-me-drejtues-te-institucionit\/\"},\"wordCount\":290,\"commentCount\":0,\"publisher\":{\"@id\":\"https:\/\/unkorce.edu.al\/#organization\"},\"image\":{\"@id\":\"https:\/\/unkorce.edu.al\/dr-virgil-stefan-nitulescu-drejtues-i-muzeut-kombetar-te-fshatarit-rumun-vizitoi-uniko-ku-zhvilloi-nje-takim-edhe-me-drejtues-te-institucionit\/#primaryimage\"},\"thumbnailUrl\":\"\",\"articleSection\":{\"1\":\"Veprimtari\"},\"inLanguage\":\"en-US\",\"potentialAction\":[{\"@type\":\"CommentAction\",\"name\":\"Comment\",\"target\":[\"https:\/\/unkorce.edu.al\/dr-virgil-stefan-nitulescu-drejtues-i-muzeut-kombetar-te-fshatarit-rumun-vizitoi-uniko-ku-zhvilloi-nje-takim-edhe-me-drejtues-te-institucionit\/#respond\"]}]},{\"@type\":\"WebPage\",\"@id\":\"https:\/\/unkorce.edu.al\/dr-virgil-stefan-nitulescu-drejtues-i-muzeut-kombetar-te-fshatarit-rumun-vizitoi-uniko-ku-zhvilloi-nje-takim-edhe-me-drejtues-te-institucionit\/\",\"url\":\"https:\/\/unkorce.edu.al\/dr-virgil-stefan-nitulescu-drejtues-i-muzeut-kombetar-te-fshatarit-rumun-vizitoi-uniko-ku-zhvilloi-nje-takim-edhe-me-drejtues-te-institucionit\/\",\"name\":\"DR. VIRGIL STEFAN NITULESCU, DREJTUES I MUZEUT KOMB\u00cbTAR T\u00cb FSHATARIT RUMUN VIZITOI UNIKO, KU ZHVILLOI NJ\u00cb TAKIM EDHE ME DREJTUES T\u00cb INSTITUCIONIT - Universiteti \\\"Fan S. Noli\\\", Kor\u00e7\u00eb\",\"isPartOf\":{\"@id\":\"https:\/\/unkorce.edu.al\/#website\"},\"primaryImageOfPage\":{\"@id\":\"https:\/\/unkorce.edu.al\/dr-virgil-stefan-nitulescu-drejtues-i-muzeut-kombetar-te-fshatarit-rumun-vizitoi-uniko-ku-zhvilloi-nje-takim-edhe-me-drejtues-te-institucionit\/#primaryimage\"},\"image\":{\"@id\":\"https:\/\/unkorce.edu.al\/dr-virgil-stefan-nitulescu-drejtues-i-muzeut-kombetar-te-fshatarit-rumun-vizitoi-uniko-ku-zhvilloi-nje-takim-edhe-me-drejtues-te-institucionit\/#primaryimage\"},\"thumbnailUrl\":\"\",\"datePublished\":\"2024-07-23T10:08:48+00:00\",\"breadcrumb\":{\"@id\":\"https:\/\/unkorce.edu.al\/dr-virgil-stefan-nitulescu-drejtues-i-muzeut-kombetar-te-fshatarit-rumun-vizitoi-uniko-ku-zhvilloi-nje-takim-edhe-me-drejtues-te-institucionit\/#breadcrumb\"},\"inLanguage\":\"en-US\",\"potentialAction\":[{\"@type\":\"ReadAction\",\"target\":[\"https:\/\/unkorce.edu.al\/dr-virgil-stefan-nitulescu-drejtues-i-muzeut-kombetar-te-fshatarit-rumun-vizitoi-uniko-ku-zhvilloi-nje-takim-edhe-me-drejtues-te-institucionit\/\"]}]},{\"@type\":\"ImageObject\",\"inLanguage\":\"en-US\",\"@id\":\"https:\/\/unkorce.edu.al\/dr-virgil-stefan-nitulescu-drejtues-i-muzeut-kombetar-te-fshatarit-rumun-vizitoi-uniko-ku-zhvilloi-nje-takim-edhe-me-drejtues-te-institucionit\/#primaryimage\",\"url\":\"\",\"contentUrl\":\"\"},{\"@type\":\"BreadcrumbList\",\"@id\":\"https:\/\/unkorce.edu.al\/dr-virgil-stefan-nitulescu-drejtues-i-muzeut-kombetar-te-fshatarit-rumun-vizitoi-uniko-ku-zhvilloi-nje-takim-edhe-me-drejtues-te-institucionit\/#breadcrumb\",\"itemListElement\":[{\"@type\":\"ListItem\",\"position\":1,\"name\":\"Home\",\"item\":\"https:\/\/unkorce.edu.al\/\"},{\"@type\":\"ListItem\",\"position\":2,\"name\":\"DR. VIRGIL STEFAN NITULESCU, DREJTUES I MUZEUT KOMB\u00cbTAR T\u00cb FSHATARIT RUMUN VIZITOI UNIKO, KU ZHVILLOI NJ\u00cb TAKIM EDHE ME DREJTUES T\u00cb INSTITUCIONIT\"}]},{\"@type\":\"WebSite\",\"@id\":\"https:\/\/unkorce.edu.al\/#website\",\"url\":\"https:\/\/unkorce.edu.al\/\",\"name\":\"Universiteti \\\"Fan S. Noli\\\", Kor\u00e7\u00eb\",\"description\":\"Mir&euml;sevini n&euml; faqen zyrtare!\",\"publisher\":{\"@id\":\"https:\/\/unkorce.edu.al\/#organization\"},\"potentialAction\":[{\"@type\":\"SearchAction\",\"target\":{\"@type\":\"EntryPoint\",\"urlTemplate\":\"https:\/\/unkorce.edu.al\/?s={search_term_string}\"},\"query-input\":{\"@type\":\"PropertyValueSpecification\",\"valueRequired\":true,\"valueName\":\"search_term_string\"}}],\"inLanguage\":\"en-US\"},{\"@type\":\"Organization\",\"@id\":\"https:\/\/unkorce.edu.al\/#organization\",\"name\":\"Universiteti \\\"Fan S. Noli\\\", Kor\u00e7\u00eb\",\"url\":\"https:\/\/unkorce.edu.al\/\",\"logo\":{\"@type\":\"ImageObject\",\"inLanguage\":\"en-US\",\"@id\":\"https:\/\/unkorce.edu.al\/#\/schema\/logo\/image\/\",\"url\":\"https:\/\/unkorce.edu.al\/wp-content\/uploads\/2024\/08\/Logo_e_Universitetit__Fan_Noli_-e1726660879862.png\",\"contentUrl\":\"https:\/\/unkorce.edu.al\/wp-content\/uploads\/2024\/08\/Logo_e_Universitetit__Fan_Noli_-e1726660879862.png\",\"width\":200,\"height\":120,\"caption\":\"Universiteti \\\"Fan S. Noli\\\", Kor\u00e7\u00eb\"},\"image\":{\"@id\":\"https:\/\/unkorce.edu.al\/#\/schema\/logo\/image\/\"},\"sameAs\":[\"https:\/\/www.facebook.com\/unkorce\"]},{\"@type\":\"Person\",\"@id\":\"https:\/\/unkorce.edu.al\/#\/schema\/person\/faa34c53e1891c174ff76279b528558e\",\"name\":\"Brikela Qelemeni\",\"image\":{\"@type\":\"ImageObject\",\"inLanguage\":\"en-US\",\"@id\":\"https:\/\/unkorce.edu.al\/#\/schema\/person\/image\/\",\"url\":\"https:\/\/secure.gravatar.com\/avatar\/6c1805558a9218503040c8b9055763822c6184a1cd600127210a9abbc5aaea04?s=96&d=mm&r=g\",\"contentUrl\":\"https:\/\/secure.gravatar.com\/avatar\/6c1805558a9218503040c8b9055763822c6184a1cd600127210a9abbc5aaea04?s=96&d=mm&r=g\",\"caption\":\"Brikela Qelemeni\"},\"url\":\"https:\/\/unkorce.edu.al\/en\/author\/brikela\/\"}]}<\/script>\n<!-- \/ Yoast SEO plugin. -->","yoast_head_json":{"title":"DR. VIRGIL STEFAN NITULESCU, DREJTUES I MUZEUT KOMB\u00cbTAR T\u00cb FSHATARIT RUMUN VIZITOI UNIKO, KU ZHVILLOI NJ\u00cb TAKIM EDHE ME DREJTUES T\u00cb INSTITUCIONIT - Universiteti \"Fan S. Noli\", Kor\u00e7\u00eb","robots":{"index":"index","follow":"follow","max-snippet":"max-snippet:-1","max-image-preview":"max-image-preview:large","max-video-preview":"max-video-preview:-1"},"canonical":"https:\/\/unkorce.edu.al\/en\/dr-virgil-stefan-nitulescu-drejtues-i-muzeut-kombetar-te-fshatarit-rumun-vizitoi-uniko-ku-zhvilloi-nje-takim-edhe-me-drejtues-te-institucionit\/","og_locale":"en_US","og_type":"article","og_title":"DR. VIRGIL STEFAN NITULESCU, DREJTUES I MUZEUT KOMB\u00cbTAR T\u00cb FSHATARIT RUMUN VIZITOI UNIKO, KU ZHVILLOI NJ\u00cb TAKIM EDHE ME DREJTUES T\u00cb INSTITUCIONIT - Universiteti \"Fan S. Noli\", Kor\u00e7\u00eb","og_description":"N\u00eb dat\u00ebn 23 korrik 2024, dr. Virgil Stefan Nitulescu, drejtues i Muzeut Komb\u00ebtar t\u00eb Fshatarit Rumun u prit n\u00eb takim nga drejtues t\u00eb Universitetit \u201cFan S. Noli\u201d. Rektori i zgjedhur i UNIKO, prof. dr. Lorenc Ekonomi dhe z\u00ebvend\u00ebsrektori p\u00ebr shkenc\u00ebn dhe projektet, prof. as. dr. Benita Stavre e njoh\u00ebn dr. Nitulescu-n me veprimtarin\u00eb q\u00eb zhvillon...","og_url":"https:\/\/unkorce.edu.al\/en\/dr-virgil-stefan-nitulescu-drejtues-i-muzeut-kombetar-te-fshatarit-rumun-vizitoi-uniko-ku-zhvilloi-nje-takim-edhe-me-drejtues-te-institucionit\/","og_site_name":"Universiteti \"Fan S. Noli\", Kor\u00e7\u00eb","article_publisher":"https:\/\/www.facebook.com\/unkorce","article_published_time":"2024-07-23T10:08:48+00:00","author":"Brikela Qelemeni","twitter_card":"summary_large_image","twitter_misc":{"Written by":"Brikela Qelemeni","Est. reading time":"1 minute"},"schema":{"@context":"https:\/\/schema.org","@graph":[{"@type":"Article","@id":"https:\/\/unkorce.edu.al\/dr-virgil-stefan-nitulescu-drejtues-i-muzeut-kombetar-te-fshatarit-rumun-vizitoi-uniko-ku-zhvilloi-nje-takim-edhe-me-drejtues-te-institucionit\/#article","isPartOf":{"@id":"https:\/\/unkorce.edu.al\/dr-virgil-stefan-nitulescu-drejtues-i-muzeut-kombetar-te-fshatarit-rumun-vizitoi-uniko-ku-zhvilloi-nje-takim-edhe-me-drejtues-te-institucionit\/"},"author":{"name":"Brikela Qelemeni","@id":"https:\/\/unkorce.edu.al\/#\/schema\/person\/faa34c53e1891c174ff76279b528558e"},"headline":"DR. VIRGIL STEFAN NITULESCU, DREJTUES I MUZEUT KOMB\u00cbTAR T\u00cb FSHATARIT RUMUN VIZITOI UNIKO, KU ZHVILLOI NJ\u00cb TAKIM EDHE ME DREJTUES T\u00cb INSTITUCIONIT","datePublished":"2024-07-23T10:08:48+00:00","mainEntityOfPage":{"@id":"https:\/\/unkorce.edu.al\/dr-virgil-stefan-nitulescu-drejtues-i-muzeut-kombetar-te-fshatarit-rumun-vizitoi-uniko-ku-zhvilloi-nje-takim-edhe-me-drejtues-te-institucionit\/"},"wordCount":290,"commentCount":0,"publisher":{"@id":"https:\/\/unkorce.edu.al\/#organization"},"image":{"@id":"https:\/\/unkorce.edu.al\/dr-virgil-stefan-nitulescu-drejtues-i-muzeut-kombetar-te-fshatarit-rumun-vizitoi-uniko-ku-zhvilloi-nje-takim-edhe-me-drejtues-te-institucionit\/#primaryimage"},"thumbnailUrl":"","articleSection":{"1":"Veprimtari"},"inLanguage":"en-US","potentialAction":[{"@type":"CommentAction","name":"Comment","target":["https:\/\/unkorce.edu.al\/dr-virgil-stefan-nitulescu-drejtues-i-muzeut-kombetar-te-fshatarit-rumun-vizitoi-uniko-ku-zhvilloi-nje-takim-edhe-me-drejtues-te-institucionit\/#respond"]}]},{"@type":"WebPage","@id":"https:\/\/unkorce.edu.al\/dr-virgil-stefan-nitulescu-drejtues-i-muzeut-kombetar-te-fshatarit-rumun-vizitoi-uniko-ku-zhvilloi-nje-takim-edhe-me-drejtues-te-institucionit\/","url":"https:\/\/unkorce.edu.al\/dr-virgil-stefan-nitulescu-drejtues-i-muzeut-kombetar-te-fshatarit-rumun-vizitoi-uniko-ku-zhvilloi-nje-takim-edhe-me-drejtues-te-institucionit\/","name":"DR. VIRGIL STEFAN NITULESCU, DREJTUES I MUZEUT KOMB\u00cbTAR T\u00cb FSHATARIT RUMUN VIZITOI UNIKO, KU ZHVILLOI NJ\u00cb TAKIM EDHE ME DREJTUES T\u00cb INSTITUCIONIT - Universiteti \"Fan S. Noli\", Kor\u00e7\u00eb","isPartOf":{"@id":"https:\/\/unkorce.edu.al\/#website"},"primaryImageOfPage":{"@id":"https:\/\/unkorce.edu.al\/dr-virgil-stefan-nitulescu-drejtues-i-muzeut-kombetar-te-fshatarit-rumun-vizitoi-uniko-ku-zhvilloi-nje-takim-edhe-me-drejtues-te-institucionit\/#primaryimage"},"image":{"@id":"https:\/\/unkorce.edu.al\/dr-virgil-stefan-nitulescu-drejtues-i-muzeut-kombetar-te-fshatarit-rumun-vizitoi-uniko-ku-zhvilloi-nje-takim-edhe-me-drejtues-te-institucionit\/#primaryimage"},"thumbnailUrl":"","datePublished":"2024-07-23T10:08:48+00:00","breadcrumb":{"@id":"https:\/\/unkorce.edu.al\/dr-virgil-stefan-nitulescu-drejtues-i-muzeut-kombetar-te-fshatarit-rumun-vizitoi-uniko-ku-zhvilloi-nje-takim-edhe-me-drejtues-te-institucionit\/#breadcrumb"},"inLanguage":"en-US","potentialAction":[{"@type":"ReadAction","target":["https:\/\/unkorce.edu.al\/dr-virgil-stefan-nitulescu-drejtues-i-muzeut-kombetar-te-fshatarit-rumun-vizitoi-uniko-ku-zhvilloi-nje-takim-edhe-me-drejtues-te-institucionit\/"]}]},{"@type":"ImageObject","inLanguage":"en-US","@id":"https:\/\/unkorce.edu.al\/dr-virgil-stefan-nitulescu-drejtues-i-muzeut-kombetar-te-fshatarit-rumun-vizitoi-uniko-ku-zhvilloi-nje-takim-edhe-me-drejtues-te-institucionit\/#primaryimage","url":"","contentUrl":""},{"@type":"BreadcrumbList","@id":"https:\/\/unkorce.edu.al\/dr-virgil-stefan-nitulescu-drejtues-i-muzeut-kombetar-te-fshatarit-rumun-vizitoi-uniko-ku-zhvilloi-nje-takim-edhe-me-drejtues-te-institucionit\/#breadcrumb","itemListElement":[{"@type":"ListItem","position":1,"name":"Home","item":"https:\/\/unkorce.edu.al\/"},{"@type":"ListItem","position":2,"name":"DR. VIRGIL STEFAN NITULESCU, DREJTUES I MUZEUT KOMB\u00cbTAR T\u00cb FSHATARIT RUMUN VIZITOI UNIKO, KU ZHVILLOI NJ\u00cb TAKIM EDHE ME DREJTUES T\u00cb INSTITUCIONIT"}]},{"@type":"WebSite","@id":"https:\/\/unkorce.edu.al\/#website","url":"https:\/\/unkorce.edu.al\/","name":"Universiteti \"Fan S. Noli\", Kor\u00e7\u00eb","description":"Mir&euml;sevini n&euml; faqen zyrtare!","publisher":{"@id":"https:\/\/unkorce.edu.al\/#organization"},"potentialAction":[{"@type":"SearchAction","target":{"@type":"EntryPoint","urlTemplate":"https:\/\/unkorce.edu.al\/?s={search_term_string}"},"query-input":{"@type":"PropertyValueSpecification","valueRequired":true,"valueName":"search_term_string"}}],"inLanguage":"en-US"},{"@type":"Organization","@id":"https:\/\/unkorce.edu.al\/#organization","name":"Universiteti \"Fan S. Noli\", Kor\u00e7\u00eb","url":"https:\/\/unkorce.edu.al\/","logo":{"@type":"ImageObject","inLanguage":"en-US","@id":"https:\/\/unkorce.edu.al\/#\/schema\/logo\/image\/","url":"https:\/\/unkorce.edu.al\/wp-content\/uploads\/2024\/08\/Logo_e_Universitetit__Fan_Noli_-e1726660879862.png","contentUrl":"https:\/\/unkorce.edu.al\/wp-content\/uploads\/2024\/08\/Logo_e_Universitetit__Fan_Noli_-e1726660879862.png","width":200,"height":120,"caption":"Universiteti \"Fan S. Noli\", Kor\u00e7\u00eb"},"image":{"@id":"https:\/\/unkorce.edu.al\/#\/schema\/logo\/image\/"},"sameAs":["https:\/\/www.facebook.com\/unkorce"]},{"@type":"Person","@id":"https:\/\/unkorce.edu.al\/#\/schema\/person\/faa34c53e1891c174ff76279b528558e","name":"Brikela Qelemeni","image":{"@type":"ImageObject","inLanguage":"en-US","@id":"https:\/\/unkorce.edu.al\/#\/schema\/person\/image\/","url":"https:\/\/secure.gravatar.com\/avatar\/6c1805558a9218503040c8b9055763822c6184a1cd600127210a9abbc5aaea04?s=96&d=mm&r=g","contentUrl":"https:\/\/secure.gravatar.com\/avatar\/6c1805558a9218503040c8b9055763822c6184a1cd600127210a9abbc5aaea04?s=96&d=mm&r=g","caption":"Brikela Qelemeni"},"url":"https:\/\/unkorce.edu.al\/en\/author\/brikela\/"}]}},"_links":{"self":[{"href":"https:\/\/unkorce.edu.al\/en\/wp-json\/wp\/v2\/posts\/29186","targetHints":{"allow":["GET"]}}],"collection":[{"href":"https:\/\/unkorce.edu.al\/en\/wp-json\/wp\/v2\/posts"}],"about":[{"href":"https:\/\/unkorce.edu.al\/en\/wp-json\/wp\/v2\/types\/post"}],"author":[{"embeddable":true,"href":"https:\/\/unkorce.edu.al\/en\/wp-json\/wp\/v2\/users\/2"}],"replies":[{"embeddable":true,"href":"https:\/\/unkorce.edu.al\/en\/wp-json\/wp\/v2\/comments?post=29186"}],"version-history":[{"count":0,"href":"https:\/\/unkorce.edu.al\/en\/wp-json\/wp\/v2\/posts\/29186\/revisions"}],"wp:featuredmedia":[{"embeddable":true,"href":"https:\/\/unkorce.edu.al\/en\/wp-json\/"}],"wp:attachment":[{"href":"https:\/\/unkorce.edu.al\/en\/wp-json\/wp\/v2\/media?parent=29186"}],"wp:term":[{"taxonomy":"category","embeddable":true,"href":"https:\/\/unkorce.edu.al\/en\/wp-json\/wp\/v2\/categories?post=29186"},{"taxonomy":"post_tag","embeddable":true,"href":"https:\/\/unkorce.edu.al\/en\/wp-json\/wp\/v2\/tags?post=29186"}],"curies":[{"name":"wp","href":"https:\/\/api.w.org\/{rel}","templated":true}]}}