{"id":29177,"date":"2024-07-05T12:02:18","date_gmt":"2024-07-05T12:02:18","guid":{"rendered":"https:\/\/unkorce.edu.al\/?p=25783"},"modified":"2024-07-05T12:02:18","modified_gmt":"2024-07-05T12:02:18","slug":"studentet-e-ekipit-te-futbollit-qe-do-te-perfaqesojne-universitetin-dhe-vendin-tone-ne-lojerat-evropiane-universitare-u-priten-ne-nje-takim-te-vecante-nga-drejtuesit-e-uniko","status":"publish","type":"post","link":"https:\/\/unkorce.edu.al\/en\/studentet-e-ekipit-te-futbollit-qe-do-te-perfaqesojne-universitetin-dhe-vendin-tone-ne-lojerat-evropiane-universitare-u-priten-ne-nje-takim-te-vecante-nga-drejtuesit-e-uniko\/","title":{"rendered":"STUDENT\u00cbT E EKIPIT T\u00cb FUTBOLLIT Q\u00cb DO T\u00cb P\u00cbRFAQ\u00cbSOJN\u00cb UNIVERSITETIN DHE VENDIN TON\u00cb N\u00cb LOJ\u00cbRAT EVROPIANE UNIVERSITARE U PRIT\u00cbN N\u00cb NJ\u00cb TAKIM T\u00cb VE\u00c7ANT\u00cb NGA DREJTUESIT E UNIKO"},"content":{"rendered":"<p>N\u00eb dat\u00ebn 5 korrik 2024, rektori i zgjedhur i Universitetit \u201cFan S. Noli\u201d, prof. dr. Lorenc Ekonomi, z\u00ebvend\u00ebsrektori p\u00ebr shkenc\u00ebn dhe projektet, prof. as. dr. Benita Stavre dhe z\u00ebvend\u00ebsrektori p\u00ebr m\u00ebsimin nj\u00ebher\u00ebsh edhe Kryetar i Shoqat\u00ebs Sportive t\u00eb Universitetit, dr. Arto Adili prit\u00ebn n\u00eb nj\u00eb takim t\u00eb ve\u00e7ant\u00eb student\u00ebt e ekipit t\u00eb futbollit, t\u00eb cil\u00ebt do t\u00eb p\u00ebrfaq\u00ebsojn\u00eb UNIKO dhe vendin ton\u00eb n\u00eb Loj\u00ebrat Evropiane Universitare, &nbsp;Hungari 2024.<\/p>\n\n\n\n<p>Drejtuesit e Universitetit inkurajuan student\u00ebt p\u00ebr nj\u00eb pjes\u00ebmarrje sa m\u00eb dinjitoze, duke dhen\u00eb maksimumin n\u00eb k\u00ebt\u00eb kompeticion, nd\u00ebrsa i siguruan ata se do t\u00eb ken\u00eb gjithmon\u00eb mb\u00ebshtetjen e institucionit p\u00ebr rritjen e tyre profesionale dhe arritje sa m\u00eb t\u00eb larta.<\/p>\n\n\n\n<p>Gjithashtu n\u00eb takim u theksua se vazhdimisht sporti dhe n\u00eb ve\u00e7anti masivizimi i tij do t\u00eb ken\u00eb v\u00ebmendjen dhe mb\u00ebshtetjen e duhur nga Universiteti dhe Shoqata Sportive e UNIKO.<\/p>\n\n\n\n<p>\u00cbsht\u00eb e disata her\u00eb q\u00eb ekipet e student\u00ebve t\u00eb Universitetit \u201cFan S. Noli\u201d na p\u00ebrfaq\u00ebsojn\u00eb denj\u00ebsisht n\u00eb kompeticione t\u00eb r\u00ebnd\u00ebsishme sportive komb\u00ebtare e nd\u00ebrkomb\u00ebtare.<\/p>\n\n\n\n<p>N\u00eb Loj\u00ebrat Evropiane Universitare q\u00eb startojn\u00eb m\u00eb 8 korrik ne p\u00ebrfaq\u00ebsohemi me nj\u00eb ekip prej 18 student\u00ebsh t\u00eb shoq\u00ebruar nga pedagog\u00ebt Pandush Tasellari dhe Julian Shishi.<\/p>\n\n\n\n<p>N\u00eb k\u00ebto loj\u00ebra jan\u00eb 16 Universitete me mbi 4500 student\u00eb, pjes\u00ebmarr\u00ebs n\u00eb 17 disiplina.<\/p>\n\n\n\n<figure class=\"wp-block-gallery has-nested-images columns-default is-cropped wp-block-gallery-1 is-layout-flex wp-block-gallery-is-layout-flex\">\n<figure class=\"wp-block-image size-large\"><img decoding=\"async\" data-id=\"25787\" src=\"https:\/\/unkorce.edu.al\/wp-content\/uploads\/2024\/07\/IMG_9090-1024x683.jpg\" alt=\"\" class=\"wp-image-25787\"\/><\/figure>\n\n\n\n<figure class=\"wp-block-image size-large\"><img decoding=\"async\" data-id=\"25785\" src=\"https:\/\/unkorce.edu.al\/wp-content\/uploads\/2024\/07\/IMG_9094-1024x683.jpg\" alt=\"\" class=\"wp-image-25785\"\/><\/figure>\n\n\n\n<figure class=\"wp-block-image size-large\"><img decoding=\"async\" data-id=\"25786\" src=\"https:\/\/unkorce.edu.al\/wp-content\/uploads\/2024\/07\/IMG_9095-1024x683.jpg\" alt=\"\" class=\"wp-image-25786\"\/><\/figure>\n\n\n\n<figure class=\"wp-block-image size-large\"><img decoding=\"async\" data-id=\"25789\" src=\"https:\/\/unkorce.edu.al\/wp-content\/uploads\/2024\/07\/IMG_9096-1024x683.jpg\" alt=\"\" class=\"wp-image-25789\"\/><\/figure>\n\n\n\n<figure class=\"wp-block-image size-large\"><img decoding=\"async\" data-id=\"25788\" src=\"https:\/\/unkorce.edu.al\/wp-content\/uploads\/2024\/07\/IMG_9099-1024x683.jpg\" alt=\"\" class=\"wp-image-25788\"\/><\/figure>\n\n\n\n<figure class=\"wp-block-image size-large\"><img decoding=\"async\" data-id=\"25790\" src=\"https:\/\/unkorce.edu.al\/wp-content\/uploads\/2024\/07\/IMG_9103-1024x683.jpg\" alt=\"\" class=\"wp-image-25790\"\/><\/figure>\n\n\n\n<figure class=\"wp-block-image size-large\"><img decoding=\"async\" data-id=\"25791\" src=\"https:\/\/unkorce.edu.al\/wp-content\/uploads\/2024\/07\/IMG_9105-1024x683.jpg\" alt=\"\" class=\"wp-image-25791\"\/><\/figure>\n\n\n\n<figure class=\"wp-block-image size-large\"><img decoding=\"async\" data-id=\"25792\" src=\"https:\/\/unkorce.edu.al\/wp-content\/uploads\/2024\/07\/IMG_9106-1024x683.jpg\" alt=\"\" class=\"wp-image-25792\"\/><\/figure>\n\n\n\n<figure class=\"wp-block-image size-large\"><img decoding=\"async\" data-id=\"25794\" src=\"https:\/\/unkorce.edu.al\/wp-content\/uploads\/2024\/07\/IMG_9107-1024x683.jpg\" alt=\"\" class=\"wp-image-25794\"\/><\/figure>\n\n\n\n<figure class=\"wp-block-image size-large\"><img decoding=\"async\" data-id=\"25793\" src=\"https:\/\/unkorce.edu.al\/wp-content\/uploads\/2024\/07\/IMG_9108-1024x683.jpg\" alt=\"\" class=\"wp-image-25793\"\/><\/figure>\n\n\n\n<figure class=\"wp-block-image size-large\"><img decoding=\"async\" data-id=\"25795\" src=\"https:\/\/unkorce.edu.al\/wp-content\/uploads\/2024\/07\/IMG_9109-1024x683.jpg\" alt=\"\" class=\"wp-image-25795\"\/><\/figure>\n<\/figure>","protected":false},"excerpt":{"rendered":"<p>N\u00eb dat\u00ebn 5 korrik 2024, rektori i zgjedhur i Universitetit \u201cFan S. Noli\u201d, prof. dr. Lorenc Ekonomi, z\u00ebvend\u00ebsrektori p\u00ebr shkenc\u00ebn dhe projektet, prof. as. dr. Benita Stavre dhe z\u00ebvend\u00ebsrektori p\u00ebr m\u00ebsimin nj\u00ebher\u00ebsh edhe Kryetar i Shoqat\u00ebs Sportive t\u00eb Universitetit, dr. Arto Adili prit\u00ebn n\u00eb nj\u00eb takim t\u00eb ve\u00e7ant\u00eb student\u00ebt e ekipit t\u00eb futbollit, t\u00eb cil\u00ebt&#8230;<\/p>","protected":false},"author":2,"featured_media":25795,"comment_status":"open","ping_status":"open","sticky":false,"template":"","format":"standard","meta":{"_acf_changed":false,"footnotes":""},"categories":[23,26],"tags":[],"class_list":["post-29177","post","type-post","status-publish","format-standard","has-post-thumbnail","hentry","category-studentet","category-uncategorized-sq"],"acf":[],"yoast_head":"<!-- This site is optimized with the Yoast SEO plugin v26.9 - https:\/\/yoast.com\/product\/yoast-seo-wordpress\/ -->\n<title>STUDENT\u00cbT E EKIPIT T\u00cb FUTBOLLIT Q\u00cb DO T\u00cb P\u00cbRFAQ\u00cbSOJN\u00cb UNIVERSITETIN DHE VENDIN TON\u00cb N\u00cb LOJ\u00cbRAT EVROPIANE UNIVERSITARE U PRIT\u00cbN N\u00cb NJ\u00cb TAKIM T\u00cb VE\u00c7ANT\u00cb NGA DREJTUESIT E UNIKO - Universiteti &quot;Fan S. Noli&quot;, Kor\u00e7\u00eb<\/title>\n<meta name=\"robots\" content=\"index, follow, max-snippet:-1, max-image-preview:large, max-video-preview:-1\" \/>\n<link rel=\"canonical\" href=\"https:\/\/unkorce.edu.al\/en\/studentet-e-ekipit-te-futbollit-qe-do-te-perfaqesojne-universitetin-dhe-vendin-tone-ne-lojerat-evropiane-universitare-u-priten-ne-nje-takim-te-vecante-nga-drejtuesit-e-uniko\/\" \/>\n<meta property=\"og:locale\" content=\"en_US\" \/>\n<meta property=\"og:type\" content=\"article\" \/>\n<meta property=\"og:title\" content=\"STUDENT\u00cbT E EKIPIT T\u00cb FUTBOLLIT Q\u00cb DO T\u00cb P\u00cbRFAQ\u00cbSOJN\u00cb UNIVERSITETIN DHE VENDIN TON\u00cb N\u00cb LOJ\u00cbRAT EVROPIANE UNIVERSITARE U PRIT\u00cbN N\u00cb NJ\u00cb TAKIM T\u00cb VE\u00c7ANT\u00cb NGA DREJTUESIT E UNIKO - Universiteti &quot;Fan S. Noli&quot;, Kor\u00e7\u00eb\" \/>\n<meta property=\"og:description\" content=\"N\u00eb dat\u00ebn 5 korrik 2024, rektori i zgjedhur i Universitetit \u201cFan S. Noli\u201d, prof. dr. Lorenc Ekonomi, z\u00ebvend\u00ebsrektori p\u00ebr shkenc\u00ebn dhe projektet, prof. as. dr. Benita Stavre dhe z\u00ebvend\u00ebsrektori p\u00ebr m\u00ebsimin nj\u00ebher\u00ebsh edhe Kryetar i Shoqat\u00ebs Sportive t\u00eb Universitetit, dr. Arto Adili prit\u00ebn n\u00eb nj\u00eb takim t\u00eb ve\u00e7ant\u00eb student\u00ebt e ekipit t\u00eb futbollit, t\u00eb cil\u00ebt...\" \/>\n<meta property=\"og:url\" content=\"https:\/\/unkorce.edu.al\/en\/studentet-e-ekipit-te-futbollit-qe-do-te-perfaqesojne-universitetin-dhe-vendin-tone-ne-lojerat-evropiane-universitare-u-priten-ne-nje-takim-te-vecante-nga-drejtuesit-e-uniko\/\" \/>\n<meta property=\"og:site_name\" content=\"Universiteti &quot;Fan S. Noli&quot;, Kor\u00e7\u00eb\" \/>\n<meta property=\"article:publisher\" content=\"https:\/\/www.facebook.com\/unkorce\" \/>\n<meta property=\"article:published_time\" content=\"2024-07-05T12:02:18+00:00\" \/>\n<meta name=\"author\" content=\"Brikela Qelemeni\" \/>\n<meta name=\"twitter:card\" content=\"summary_large_image\" \/>\n<meta name=\"twitter:label1\" content=\"Written by\" \/>\n\t<meta name=\"twitter:data1\" content=\"Brikela Qelemeni\" \/>\n\t<meta name=\"twitter:label2\" content=\"Est. reading time\" \/>\n\t<meta name=\"twitter:data2\" content=\"1 minute\" \/>\n<script type=\"application\/ld+json\" class=\"yoast-schema-graph\">{\"@context\":\"https:\/\/schema.org\",\"@graph\":[{\"@type\":\"Article\",\"@id\":\"https:\/\/unkorce.edu.al\/studentet-e-ekipit-te-futbollit-qe-do-te-perfaqesojne-universitetin-dhe-vendin-tone-ne-lojerat-evropiane-universitare-u-priten-ne-nje-takim-te-vecante-nga-drejtuesit-e-uniko\/#article\",\"isPartOf\":{\"@id\":\"https:\/\/unkorce.edu.al\/studentet-e-ekipit-te-futbollit-qe-do-te-perfaqesojne-universitetin-dhe-vendin-tone-ne-lojerat-evropiane-universitare-u-priten-ne-nje-takim-te-vecante-nga-drejtuesit-e-uniko\/\"},\"author\":{\"name\":\"Brikela Qelemeni\",\"@id\":\"https:\/\/unkorce.edu.al\/#\/schema\/person\/faa34c53e1891c174ff76279b528558e\"},\"headline\":\"STUDENT\u00cbT E EKIPIT T\u00cb FUTBOLLIT Q\u00cb DO T\u00cb P\u00cbRFAQ\u00cbSOJN\u00cb UNIVERSITETIN DHE VENDIN TON\u00cb N\u00cb LOJ\u00cbRAT EVROPIANE UNIVERSITARE U PRIT\u00cbN N\u00cb NJ\u00cb TAKIM T\u00cb VE\u00c7ANT\u00cb NGA DREJTUESIT E UNIKO\",\"datePublished\":\"2024-07-05T12:02:18+00:00\",\"mainEntityOfPage\":{\"@id\":\"https:\/\/unkorce.edu.al\/studentet-e-ekipit-te-futbollit-qe-do-te-perfaqesojne-universitetin-dhe-vendin-tone-ne-lojerat-evropiane-universitare-u-priten-ne-nje-takim-te-vecante-nga-drejtuesit-e-uniko\/\"},\"wordCount\":276,\"commentCount\":0,\"publisher\":{\"@id\":\"https:\/\/unkorce.edu.al\/#organization\"},\"image\":{\"@id\":\"https:\/\/unkorce.edu.al\/studentet-e-ekipit-te-futbollit-qe-do-te-perfaqesojne-universitetin-dhe-vendin-tone-ne-lojerat-evropiane-universitare-u-priten-ne-nje-takim-te-vecante-nga-drejtuesit-e-uniko\/#primaryimage\"},\"thumbnailUrl\":\"\",\"articleSection\":[\"Studentet\"],\"inLanguage\":\"en-US\",\"potentialAction\":[{\"@type\":\"CommentAction\",\"name\":\"Comment\",\"target\":[\"https:\/\/unkorce.edu.al\/studentet-e-ekipit-te-futbollit-qe-do-te-perfaqesojne-universitetin-dhe-vendin-tone-ne-lojerat-evropiane-universitare-u-priten-ne-nje-takim-te-vecante-nga-drejtuesit-e-uniko\/#respond\"]}]},{\"@type\":\"WebPage\",\"@id\":\"https:\/\/unkorce.edu.al\/studentet-e-ekipit-te-futbollit-qe-do-te-perfaqesojne-universitetin-dhe-vendin-tone-ne-lojerat-evropiane-universitare-u-priten-ne-nje-takim-te-vecante-nga-drejtuesit-e-uniko\/\",\"url\":\"https:\/\/unkorce.edu.al\/studentet-e-ekipit-te-futbollit-qe-do-te-perfaqesojne-universitetin-dhe-vendin-tone-ne-lojerat-evropiane-universitare-u-priten-ne-nje-takim-te-vecante-nga-drejtuesit-e-uniko\/\",\"name\":\"STUDENT\u00cbT E EKIPIT T\u00cb FUTBOLLIT Q\u00cb DO T\u00cb P\u00cbRFAQ\u00cbSOJN\u00cb UNIVERSITETIN DHE VENDIN TON\u00cb N\u00cb LOJ\u00cbRAT EVROPIANE UNIVERSITARE U PRIT\u00cbN N\u00cb NJ\u00cb TAKIM T\u00cb VE\u00c7ANT\u00cb NGA DREJTUESIT E UNIKO - Universiteti \\\"Fan S. Noli\\\", Kor\u00e7\u00eb\",\"isPartOf\":{\"@id\":\"https:\/\/unkorce.edu.al\/#website\"},\"primaryImageOfPage\":{\"@id\":\"https:\/\/unkorce.edu.al\/studentet-e-ekipit-te-futbollit-qe-do-te-perfaqesojne-universitetin-dhe-vendin-tone-ne-lojerat-evropiane-universitare-u-priten-ne-nje-takim-te-vecante-nga-drejtuesit-e-uniko\/#primaryimage\"},\"image\":{\"@id\":\"https:\/\/unkorce.edu.al\/studentet-e-ekipit-te-futbollit-qe-do-te-perfaqesojne-universitetin-dhe-vendin-tone-ne-lojerat-evropiane-universitare-u-priten-ne-nje-takim-te-vecante-nga-drejtuesit-e-uniko\/#primaryimage\"},\"thumbnailUrl\":\"\",\"datePublished\":\"2024-07-05T12:02:18+00:00\",\"breadcrumb\":{\"@id\":\"https:\/\/unkorce.edu.al\/studentet-e-ekipit-te-futbollit-qe-do-te-perfaqesojne-universitetin-dhe-vendin-tone-ne-lojerat-evropiane-universitare-u-priten-ne-nje-takim-te-vecante-nga-drejtuesit-e-uniko\/#breadcrumb\"},\"inLanguage\":\"en-US\",\"potentialAction\":[{\"@type\":\"ReadAction\",\"target\":[\"https:\/\/unkorce.edu.al\/studentet-e-ekipit-te-futbollit-qe-do-te-perfaqesojne-universitetin-dhe-vendin-tone-ne-lojerat-evropiane-universitare-u-priten-ne-nje-takim-te-vecante-nga-drejtuesit-e-uniko\/\"]}]},{\"@type\":\"ImageObject\",\"inLanguage\":\"en-US\",\"@id\":\"https:\/\/unkorce.edu.al\/studentet-e-ekipit-te-futbollit-qe-do-te-perfaqesojne-universitetin-dhe-vendin-tone-ne-lojerat-evropiane-universitare-u-priten-ne-nje-takim-te-vecante-nga-drejtuesit-e-uniko\/#primaryimage\",\"url\":\"\",\"contentUrl\":\"\"},{\"@type\":\"BreadcrumbList\",\"@id\":\"https:\/\/unkorce.edu.al\/studentet-e-ekipit-te-futbollit-qe-do-te-perfaqesojne-universitetin-dhe-vendin-tone-ne-lojerat-evropiane-universitare-u-priten-ne-nje-takim-te-vecante-nga-drejtuesit-e-uniko\/#breadcrumb\",\"itemListElement\":[{\"@type\":\"ListItem\",\"position\":1,\"name\":\"Home\",\"item\":\"https:\/\/unkorce.edu.al\/\"},{\"@type\":\"ListItem\",\"position\":2,\"name\":\"STUDENT\u00cbT E EKIPIT T\u00cb FUTBOLLIT Q\u00cb DO T\u00cb P\u00cbRFAQ\u00cbSOJN\u00cb UNIVERSITETIN DHE VENDIN TON\u00cb N\u00cb LOJ\u00cbRAT EVROPIANE UNIVERSITARE U PRIT\u00cbN N\u00cb NJ\u00cb TAKIM T\u00cb VE\u00c7ANT\u00cb NGA DREJTUESIT E UNIKO\"}]},{\"@type\":\"WebSite\",\"@id\":\"https:\/\/unkorce.edu.al\/#website\",\"url\":\"https:\/\/unkorce.edu.al\/\",\"name\":\"Universiteti \\\"Fan S. Noli\\\", Kor\u00e7\u00eb\",\"description\":\"Mir&euml;sevini n&euml; faqen zyrtare!\",\"publisher\":{\"@id\":\"https:\/\/unkorce.edu.al\/#organization\"},\"potentialAction\":[{\"@type\":\"SearchAction\",\"target\":{\"@type\":\"EntryPoint\",\"urlTemplate\":\"https:\/\/unkorce.edu.al\/?s={search_term_string}\"},\"query-input\":{\"@type\":\"PropertyValueSpecification\",\"valueRequired\":true,\"valueName\":\"search_term_string\"}}],\"inLanguage\":\"en-US\"},{\"@type\":\"Organization\",\"@id\":\"https:\/\/unkorce.edu.al\/#organization\",\"name\":\"Universiteti \\\"Fan S. Noli\\\", Kor\u00e7\u00eb\",\"url\":\"https:\/\/unkorce.edu.al\/\",\"logo\":{\"@type\":\"ImageObject\",\"inLanguage\":\"en-US\",\"@id\":\"https:\/\/unkorce.edu.al\/#\/schema\/logo\/image\/\",\"url\":\"https:\/\/unkorce.edu.al\/wp-content\/uploads\/2024\/08\/Logo_e_Universitetit__Fan_Noli_-e1726660879862.png\",\"contentUrl\":\"https:\/\/unkorce.edu.al\/wp-content\/uploads\/2024\/08\/Logo_e_Universitetit__Fan_Noli_-e1726660879862.png\",\"width\":200,\"height\":120,\"caption\":\"Universiteti \\\"Fan S. Noli\\\", Kor\u00e7\u00eb\"},\"image\":{\"@id\":\"https:\/\/unkorce.edu.al\/#\/schema\/logo\/image\/\"},\"sameAs\":[\"https:\/\/www.facebook.com\/unkorce\"]},{\"@type\":\"Person\",\"@id\":\"https:\/\/unkorce.edu.al\/#\/schema\/person\/faa34c53e1891c174ff76279b528558e\",\"name\":\"Brikela Qelemeni\",\"image\":{\"@type\":\"ImageObject\",\"inLanguage\":\"en-US\",\"@id\":\"https:\/\/unkorce.edu.al\/#\/schema\/person\/image\/\",\"url\":\"https:\/\/secure.gravatar.com\/avatar\/6c1805558a9218503040c8b9055763822c6184a1cd600127210a9abbc5aaea04?s=96&d=mm&r=g\",\"contentUrl\":\"https:\/\/secure.gravatar.com\/avatar\/6c1805558a9218503040c8b9055763822c6184a1cd600127210a9abbc5aaea04?s=96&d=mm&r=g\",\"caption\":\"Brikela Qelemeni\"},\"url\":\"https:\/\/unkorce.edu.al\/en\/author\/brikela\/\"}]}<\/script>\n<!-- \/ Yoast SEO plugin. -->","yoast_head_json":{"title":"STUDENT\u00cbT E EKIPIT T\u00cb FUTBOLLIT Q\u00cb DO T\u00cb P\u00cbRFAQ\u00cbSOJN\u00cb UNIVERSITETIN DHE VENDIN TON\u00cb N\u00cb LOJ\u00cbRAT EVROPIANE UNIVERSITARE U PRIT\u00cbN N\u00cb NJ\u00cb TAKIM T\u00cb VE\u00c7ANT\u00cb NGA DREJTUESIT E UNIKO - Universiteti \"Fan S. Noli\", Kor\u00e7\u00eb","robots":{"index":"index","follow":"follow","max-snippet":"max-snippet:-1","max-image-preview":"max-image-preview:large","max-video-preview":"max-video-preview:-1"},"canonical":"https:\/\/unkorce.edu.al\/en\/studentet-e-ekipit-te-futbollit-qe-do-te-perfaqesojne-universitetin-dhe-vendin-tone-ne-lojerat-evropiane-universitare-u-priten-ne-nje-takim-te-vecante-nga-drejtuesit-e-uniko\/","og_locale":"en_US","og_type":"article","og_title":"STUDENT\u00cbT E EKIPIT T\u00cb FUTBOLLIT Q\u00cb DO T\u00cb P\u00cbRFAQ\u00cbSOJN\u00cb UNIVERSITETIN DHE VENDIN TON\u00cb N\u00cb LOJ\u00cbRAT EVROPIANE UNIVERSITARE U PRIT\u00cbN N\u00cb NJ\u00cb TAKIM T\u00cb VE\u00c7ANT\u00cb NGA DREJTUESIT E UNIKO - Universiteti \"Fan S. Noli\", Kor\u00e7\u00eb","og_description":"N\u00eb dat\u00ebn 5 korrik 2024, rektori i zgjedhur i Universitetit \u201cFan S. Noli\u201d, prof. dr. Lorenc Ekonomi, z\u00ebvend\u00ebsrektori p\u00ebr shkenc\u00ebn dhe projektet, prof. as. dr. Benita Stavre dhe z\u00ebvend\u00ebsrektori p\u00ebr m\u00ebsimin nj\u00ebher\u00ebsh edhe Kryetar i Shoqat\u00ebs Sportive t\u00eb Universitetit, dr. Arto Adili prit\u00ebn n\u00eb nj\u00eb takim t\u00eb ve\u00e7ant\u00eb student\u00ebt e ekipit t\u00eb futbollit, t\u00eb cil\u00ebt...","og_url":"https:\/\/unkorce.edu.al\/en\/studentet-e-ekipit-te-futbollit-qe-do-te-perfaqesojne-universitetin-dhe-vendin-tone-ne-lojerat-evropiane-universitare-u-priten-ne-nje-takim-te-vecante-nga-drejtuesit-e-uniko\/","og_site_name":"Universiteti \"Fan S. Noli\", Kor\u00e7\u00eb","article_publisher":"https:\/\/www.facebook.com\/unkorce","article_published_time":"2024-07-05T12:02:18+00:00","author":"Brikela Qelemeni","twitter_card":"summary_large_image","twitter_misc":{"Written by":"Brikela Qelemeni","Est. reading time":"1 minute"},"schema":{"@context":"https:\/\/schema.org","@graph":[{"@type":"Article","@id":"https:\/\/unkorce.edu.al\/studentet-e-ekipit-te-futbollit-qe-do-te-perfaqesojne-universitetin-dhe-vendin-tone-ne-lojerat-evropiane-universitare-u-priten-ne-nje-takim-te-vecante-nga-drejtuesit-e-uniko\/#article","isPartOf":{"@id":"https:\/\/unkorce.edu.al\/studentet-e-ekipit-te-futbollit-qe-do-te-perfaqesojne-universitetin-dhe-vendin-tone-ne-lojerat-evropiane-universitare-u-priten-ne-nje-takim-te-vecante-nga-drejtuesit-e-uniko\/"},"author":{"name":"Brikela Qelemeni","@id":"https:\/\/unkorce.edu.al\/#\/schema\/person\/faa34c53e1891c174ff76279b528558e"},"headline":"STUDENT\u00cbT E EKIPIT T\u00cb FUTBOLLIT Q\u00cb DO T\u00cb P\u00cbRFAQ\u00cbSOJN\u00cb UNIVERSITETIN DHE VENDIN TON\u00cb N\u00cb LOJ\u00cbRAT EVROPIANE UNIVERSITARE U PRIT\u00cbN N\u00cb NJ\u00cb TAKIM T\u00cb VE\u00c7ANT\u00cb NGA DREJTUESIT E UNIKO","datePublished":"2024-07-05T12:02:18+00:00","mainEntityOfPage":{"@id":"https:\/\/unkorce.edu.al\/studentet-e-ekipit-te-futbollit-qe-do-te-perfaqesojne-universitetin-dhe-vendin-tone-ne-lojerat-evropiane-universitare-u-priten-ne-nje-takim-te-vecante-nga-drejtuesit-e-uniko\/"},"wordCount":276,"commentCount":0,"publisher":{"@id":"https:\/\/unkorce.edu.al\/#organization"},"image":{"@id":"https:\/\/unkorce.edu.al\/studentet-e-ekipit-te-futbollit-qe-do-te-perfaqesojne-universitetin-dhe-vendin-tone-ne-lojerat-evropiane-universitare-u-priten-ne-nje-takim-te-vecante-nga-drejtuesit-e-uniko\/#primaryimage"},"thumbnailUrl":"","articleSection":["Studentet"],"inLanguage":"en-US","potentialAction":[{"@type":"CommentAction","name":"Comment","target":["https:\/\/unkorce.edu.al\/studentet-e-ekipit-te-futbollit-qe-do-te-perfaqesojne-universitetin-dhe-vendin-tone-ne-lojerat-evropiane-universitare-u-priten-ne-nje-takim-te-vecante-nga-drejtuesit-e-uniko\/#respond"]}]},{"@type":"WebPage","@id":"https:\/\/unkorce.edu.al\/studentet-e-ekipit-te-futbollit-qe-do-te-perfaqesojne-universitetin-dhe-vendin-tone-ne-lojerat-evropiane-universitare-u-priten-ne-nje-takim-te-vecante-nga-drejtuesit-e-uniko\/","url":"https:\/\/unkorce.edu.al\/studentet-e-ekipit-te-futbollit-qe-do-te-perfaqesojne-universitetin-dhe-vendin-tone-ne-lojerat-evropiane-universitare-u-priten-ne-nje-takim-te-vecante-nga-drejtuesit-e-uniko\/","name":"STUDENT\u00cbT E EKIPIT T\u00cb FUTBOLLIT Q\u00cb DO T\u00cb P\u00cbRFAQ\u00cbSOJN\u00cb UNIVERSITETIN DHE VENDIN TON\u00cb N\u00cb LOJ\u00cbRAT EVROPIANE UNIVERSITARE U PRIT\u00cbN N\u00cb NJ\u00cb TAKIM T\u00cb VE\u00c7ANT\u00cb NGA DREJTUESIT E UNIKO - Universiteti \"Fan S. Noli\", Kor\u00e7\u00eb","isPartOf":{"@id":"https:\/\/unkorce.edu.al\/#website"},"primaryImageOfPage":{"@id":"https:\/\/unkorce.edu.al\/studentet-e-ekipit-te-futbollit-qe-do-te-perfaqesojne-universitetin-dhe-vendin-tone-ne-lojerat-evropiane-universitare-u-priten-ne-nje-takim-te-vecante-nga-drejtuesit-e-uniko\/#primaryimage"},"image":{"@id":"https:\/\/unkorce.edu.al\/studentet-e-ekipit-te-futbollit-qe-do-te-perfaqesojne-universitetin-dhe-vendin-tone-ne-lojerat-evropiane-universitare-u-priten-ne-nje-takim-te-vecante-nga-drejtuesit-e-uniko\/#primaryimage"},"thumbnailUrl":"","datePublished":"2024-07-05T12:02:18+00:00","breadcrumb":{"@id":"https:\/\/unkorce.edu.al\/studentet-e-ekipit-te-futbollit-qe-do-te-perfaqesojne-universitetin-dhe-vendin-tone-ne-lojerat-evropiane-universitare-u-priten-ne-nje-takim-te-vecante-nga-drejtuesit-e-uniko\/#breadcrumb"},"inLanguage":"en-US","potentialAction":[{"@type":"ReadAction","target":["https:\/\/unkorce.edu.al\/studentet-e-ekipit-te-futbollit-qe-do-te-perfaqesojne-universitetin-dhe-vendin-tone-ne-lojerat-evropiane-universitare-u-priten-ne-nje-takim-te-vecante-nga-drejtuesit-e-uniko\/"]}]},{"@type":"ImageObject","inLanguage":"en-US","@id":"https:\/\/unkorce.edu.al\/studentet-e-ekipit-te-futbollit-qe-do-te-perfaqesojne-universitetin-dhe-vendin-tone-ne-lojerat-evropiane-universitare-u-priten-ne-nje-takim-te-vecante-nga-drejtuesit-e-uniko\/#primaryimage","url":"","contentUrl":""},{"@type":"BreadcrumbList","@id":"https:\/\/unkorce.edu.al\/studentet-e-ekipit-te-futbollit-qe-do-te-perfaqesojne-universitetin-dhe-vendin-tone-ne-lojerat-evropiane-universitare-u-priten-ne-nje-takim-te-vecante-nga-drejtuesit-e-uniko\/#breadcrumb","itemListElement":[{"@type":"ListItem","position":1,"name":"Home","item":"https:\/\/unkorce.edu.al\/"},{"@type":"ListItem","position":2,"name":"STUDENT\u00cbT E EKIPIT T\u00cb FUTBOLLIT Q\u00cb DO T\u00cb P\u00cbRFAQ\u00cbSOJN\u00cb UNIVERSITETIN DHE VENDIN TON\u00cb N\u00cb LOJ\u00cbRAT EVROPIANE UNIVERSITARE U PRIT\u00cbN N\u00cb NJ\u00cb TAKIM T\u00cb VE\u00c7ANT\u00cb NGA DREJTUESIT E UNIKO"}]},{"@type":"WebSite","@id":"https:\/\/unkorce.edu.al\/#website","url":"https:\/\/unkorce.edu.al\/","name":"Universiteti \"Fan S. Noli\", Kor\u00e7\u00eb","description":"Mir&euml;sevini n&euml; faqen zyrtare!","publisher":{"@id":"https:\/\/unkorce.edu.al\/#organization"},"potentialAction":[{"@type":"SearchAction","target":{"@type":"EntryPoint","urlTemplate":"https:\/\/unkorce.edu.al\/?s={search_term_string}"},"query-input":{"@type":"PropertyValueSpecification","valueRequired":true,"valueName":"search_term_string"}}],"inLanguage":"en-US"},{"@type":"Organization","@id":"https:\/\/unkorce.edu.al\/#organization","name":"Universiteti \"Fan S. Noli\", Kor\u00e7\u00eb","url":"https:\/\/unkorce.edu.al\/","logo":{"@type":"ImageObject","inLanguage":"en-US","@id":"https:\/\/unkorce.edu.al\/#\/schema\/logo\/image\/","url":"https:\/\/unkorce.edu.al\/wp-content\/uploads\/2024\/08\/Logo_e_Universitetit__Fan_Noli_-e1726660879862.png","contentUrl":"https:\/\/unkorce.edu.al\/wp-content\/uploads\/2024\/08\/Logo_e_Universitetit__Fan_Noli_-e1726660879862.png","width":200,"height":120,"caption":"Universiteti \"Fan S. Noli\", Kor\u00e7\u00eb"},"image":{"@id":"https:\/\/unkorce.edu.al\/#\/schema\/logo\/image\/"},"sameAs":["https:\/\/www.facebook.com\/unkorce"]},{"@type":"Person","@id":"https:\/\/unkorce.edu.al\/#\/schema\/person\/faa34c53e1891c174ff76279b528558e","name":"Brikela Qelemeni","image":{"@type":"ImageObject","inLanguage":"en-US","@id":"https:\/\/unkorce.edu.al\/#\/schema\/person\/image\/","url":"https:\/\/secure.gravatar.com\/avatar\/6c1805558a9218503040c8b9055763822c6184a1cd600127210a9abbc5aaea04?s=96&d=mm&r=g","contentUrl":"https:\/\/secure.gravatar.com\/avatar\/6c1805558a9218503040c8b9055763822c6184a1cd600127210a9abbc5aaea04?s=96&d=mm&r=g","caption":"Brikela Qelemeni"},"url":"https:\/\/unkorce.edu.al\/en\/author\/brikela\/"}]}},"_links":{"self":[{"href":"https:\/\/unkorce.edu.al\/en\/wp-json\/wp\/v2\/posts\/29177","targetHints":{"allow":["GET"]}}],"collection":[{"href":"https:\/\/unkorce.edu.al\/en\/wp-json\/wp\/v2\/posts"}],"about":[{"href":"https:\/\/unkorce.edu.al\/en\/wp-json\/wp\/v2\/types\/post"}],"author":[{"embeddable":true,"href":"https:\/\/unkorce.edu.al\/en\/wp-json\/wp\/v2\/users\/2"}],"replies":[{"embeddable":true,"href":"https:\/\/unkorce.edu.al\/en\/wp-json\/wp\/v2\/comments?post=29177"}],"version-history":[{"count":0,"href":"https:\/\/unkorce.edu.al\/en\/wp-json\/wp\/v2\/posts\/29177\/revisions"}],"wp:featuredmedia":[{"embeddable":true,"href":"https:\/\/unkorce.edu.al\/en\/wp-json\/wp\/v2\/menu-items\/25795"}],"wp:attachment":[{"href":"https:\/\/unkorce.edu.al\/en\/wp-json\/wp\/v2\/media?parent=29177"}],"wp:term":[{"taxonomy":"category","embeddable":true,"href":"https:\/\/unkorce.edu.al\/en\/wp-json\/wp\/v2\/categories?post=29177"},{"taxonomy":"post_tag","embeddable":true,"href":"https:\/\/unkorce.edu.al\/en\/wp-json\/wp\/v2\/tags?post=29177"}],"curies":[{"name":"wp","href":"https:\/\/api.w.org\/{rel}","templated":true}]}}