{"id":26802,"date":"2024-10-18T12:03:06","date_gmt":"2024-10-18T12:03:06","guid":{"rendered":"https:\/\/unkorce.edu.al\/?p=26802"},"modified":"2024-10-27T08:53:54","modified_gmt":"2024-10-27T08:53:54","slug":"nje-delegacion-nga-akademia-e-shkencave-e-lituanise-vizitoi-universitetin-fan-s-noli","status":"publish","type":"post","link":"https:\/\/unkorce.edu.al\/en\/nje-delegacion-nga-akademia-e-shkencave-e-lituanise-vizitoi-universitetin-fan-s-noli\/","title":{"rendered":"NJ\u00cb DELEGACION NGA AKADEMIA E SHKENCAVE E LITUANIS\u00cb VIZITOI UNIVERSITETIN \u201cFAN S. NOLI\u201d"},"content":{"rendered":"<p>N\u00eb dat\u00ebn 18 tetor 2024 nj\u00eb delegacion nga Akademia e Shkencave e Lituanis\u00eb i kryesuar nga kryetari, akad. J\u016bras Banys zhvilloi nj\u00eb vizit\u00eb n\u00eb Universitetin \u201cFan S. Noli\u201d.<\/p>\r\n\r\n\r\n\r\n<p>Delegacioni lituanez, i ftuar nga Akademia e Shkencave t\u00eb Shqip\u00ebris\u00eb vjen n\u00eb k\u00ebt\u00eb vizit\u00eb n\u00eb Universitetin ton\u00eb i shoq\u00ebruar edhe nga akad. Gezim Hoxha, drejtues i Seksionit t\u00eb Shkencave Shoq\u00ebrore; akad. Nazim Gruda dhe akad. Anila Hoda.<\/p>\r\n\r\n\r\n\r\n<p>N\u00eb takimin me drejtues t\u00eb UNIKO, si dhe n\u00eb prani t\u00eb akademik\u00ebve e studiuesve nga Shqip\u00ebria e Lituania, rektori, prof. dr. Lorenc Ekonomi u uroi mir\u00ebseardhjen, duke i njohur edhe me organizimin, ofert\u00ebn akademike dhe veprimtarin\u00eb q\u00eb zhvillon Universiteti yn\u00eb.<\/p>\r\n\r\n\r\n\r\n<p><br>Kryetari i Akademis\u00eb s\u00eb Shkencave t\u00eb Lituanis\u00eb, akad. J\u016bras Banys shprehu fal\u00ebnderimet p\u00ebr mikpritjen n\u00eb k\u00ebt\u00eb vizit\u00eb t\u00eb par\u00eb n\u00eb Universitetin \u201cFan S. Noli\u201d, nd\u00ebrsa b\u00ebr\u00eb nj\u00eb prezantim t\u00eb p\u00ebrgjithsh\u00ebm t\u00eb sistemit arsimor n\u00eb Lituani.<\/p>\r\n\r\n\r\n\r\n<p>T\u00eb pranishmit diskutuan m\u00eb pas p\u00ebr hap\u00ebsira dhe mund\u00ebsi bashk\u00ebpunimi n\u00eb kuad\u00ebr projektesh t\u00eb p\u00ebrbashk\u00ebta k\u00ebrkimore, konferenca e veprimtari t\u00eb ndryshme.<\/p>\r\n\r\n\r\n\r\n<figure class=\"wp-block-gallery has-nested-images columns-default is-cropped wp-block-gallery-1 is-layout-flex wp-block-gallery-is-layout-flex\">\r\n<figure class=\"wp-block-image size-large\"><img decoding=\"async\" data-id=\"26808\" src=\"https:\/\/unkorce.edu.al\/wp-content\/uploads\/2024\/10\/IMG_9337-1024x683.jpg\" alt=\"\" class=\"wp-image-26808\"\/><\/figure>\r\n\r\n\r\n\r\n<figure class=\"wp-block-image size-large\"><img decoding=\"async\" data-id=\"26805\" src=\"https:\/\/unkorce.edu.al\/wp-content\/uploads\/2024\/10\/IMG_9340-1024x683.jpg\" alt=\"\" class=\"wp-image-26805\"\/><\/figure>\r\n\r\n\r\n\r\n<figure class=\"wp-block-image size-large\"><img decoding=\"async\" data-id=\"26806\" src=\"https:\/\/unkorce.edu.al\/wp-content\/uploads\/2024\/10\/IMG_9343-1024x683.jpg\" alt=\"\" class=\"wp-image-26806\"\/><\/figure>\r\n\r\n\r\n\r\n<figure class=\"wp-block-image size-large\"><img decoding=\"async\" data-id=\"26803\" src=\"https:\/\/unkorce.edu.al\/wp-content\/uploads\/2024\/10\/IMG_9344-1024x683.jpg\" alt=\"\" class=\"wp-image-26803\"\/><\/figure>\r\n\r\n\r\n\r\n<figure class=\"wp-block-image size-large\"><img decoding=\"async\" data-id=\"26807\" src=\"https:\/\/unkorce.edu.al\/wp-content\/uploads\/2024\/10\/IMG_9345-1024x683.jpg\" alt=\"\" class=\"wp-image-26807\"\/><\/figure>\r\n\r\n\r\n\r\n<figure class=\"wp-block-image size-large\"><img decoding=\"async\" data-id=\"26804\" src=\"https:\/\/unkorce.edu.al\/wp-content\/uploads\/2024\/10\/IMG_9346-1024x683.jpg\" alt=\"\" class=\"wp-image-26804\"\/><\/figure>\r\n\r\n\r\n\r\n<figure class=\"wp-block-image size-large\"><img decoding=\"async\" data-id=\"26810\" src=\"https:\/\/unkorce.edu.al\/wp-content\/uploads\/2024\/10\/IMG_9347-1024x683.jpg\" alt=\"\" class=\"wp-image-26810\"\/><\/figure>\r\n\r\n\r\n\r\n<figure class=\"wp-block-image size-large\"><img decoding=\"async\" data-id=\"26809\" src=\"https:\/\/unkorce.edu.al\/wp-content\/uploads\/2024\/10\/IMG_9348-1024x683.jpg\" alt=\"\" class=\"wp-image-26809\"\/><\/figure>\r\n\r\n\r\n\r\n<figure class=\"wp-block-image size-large\"><img decoding=\"async\" data-id=\"26811\" src=\"https:\/\/unkorce.edu.al\/wp-content\/uploads\/2024\/10\/IMG_9349-1024x683.jpg\" alt=\"\" class=\"wp-image-26811\"\/><\/figure>\r\n\r\n\r\n\r\n<figure class=\"wp-block-image size-large\"><img decoding=\"async\" data-id=\"26812\" src=\"https:\/\/unkorce.edu.al\/wp-content\/uploads\/2024\/10\/IMG_9351-1024x683.jpg\" alt=\"\" class=\"wp-image-26812\"\/><\/figure>\r\n\r\n\r\n\r\n<figure class=\"wp-block-image size-large\"><img decoding=\"async\" data-id=\"26813\" src=\"https:\/\/unkorce.edu.al\/wp-content\/uploads\/2024\/10\/IMG_9354-1024x683.jpg\" alt=\"\" class=\"wp-image-26813\"\/><\/figure>\r\n\r\n\r\n\r\n<figure class=\"wp-block-image size-large\"><img decoding=\"async\" data-id=\"26814\" src=\"https:\/\/unkorce.edu.al\/wp-content\/uploads\/2024\/10\/IMG_9356-1024x683.jpg\" alt=\"\" class=\"wp-image-26814\"\/><\/figure>\r\n\r\n\r\n\r\n<figure class=\"wp-block-image size-large\"><img decoding=\"async\" data-id=\"26815\" src=\"https:\/\/unkorce.edu.al\/wp-content\/uploads\/2024\/10\/IMG_9358-1024x683.jpg\" alt=\"\" class=\"wp-image-26815\"\/><\/figure>\r\n\r\n\r\n\r\n<figure class=\"wp-block-image size-large\"><img decoding=\"async\" data-id=\"26816\" src=\"https:\/\/unkorce.edu.al\/wp-content\/uploads\/2024\/10\/IMG_9360-1024x683.jpg\" alt=\"\" class=\"wp-image-26816\"\/><\/figure>\r\n<\/figure>","protected":false},"excerpt":{"rendered":"<p>N\u00eb dat\u00ebn 18 tetor 2024 nj\u00eb delegacion nga Akademia e Shkencave e Lituanis\u00eb i kryesuar nga kryetari, akad. J\u016bras Banys zhvilloi nj\u00eb vizit\u00eb n\u00eb Universitetin \u201cFan S. Noli\u201d. Delegacioni lituanez, i ftuar nga Akademia e Shkencave t\u00eb Shqip\u00ebris\u00eb vjen n\u00eb k\u00ebt\u00eb vizit\u00eb n\u00eb Universitetin ton\u00eb i shoq\u00ebruar edhe nga akad. Gezim Hoxha, drejtues i Seksionit&#8230;<\/p>","protected":false},"author":2,"featured_media":29197,"comment_status":"open","ping_status":"open","sticky":false,"template":"","format":"standard","meta":{"_acf_changed":false,"footnotes":""},"categories":[26,39],"tags":[],"class_list":["post-26802","post","type-post","status-publish","format-standard","has-post-thumbnail","hentry","category-uncategorized-sq","category-veprimtari-marredheniet-me-jashte-iro"],"acf":[],"yoast_head":"<!-- This site is optimized with the Yoast SEO plugin v26.9 - https:\/\/yoast.com\/product\/yoast-seo-wordpress\/ -->\n<title>NJ\u00cb DELEGACION NGA AKADEMIA E SHKENCAVE E LITUANIS\u00cb VIZITOI UNIVERSITETIN \u201cFAN S. NOLI\u201d - Universiteti &quot;Fan S. Noli&quot;, Kor\u00e7\u00eb<\/title>\n<meta name=\"robots\" content=\"index, follow, max-snippet:-1, max-image-preview:large, max-video-preview:-1\" \/>\n<link rel=\"canonical\" href=\"https:\/\/unkorce.edu.al\/en\/nje-delegacion-nga-akademia-e-shkencave-e-lituanise-vizitoi-universitetin-fan-s-noli\/\" \/>\n<meta property=\"og:locale\" content=\"en_US\" \/>\n<meta property=\"og:type\" content=\"article\" \/>\n<meta property=\"og:title\" content=\"NJ\u00cb DELEGACION NGA AKADEMIA E SHKENCAVE E LITUANIS\u00cb VIZITOI UNIVERSITETIN \u201cFAN S. NOLI\u201d - Universiteti &quot;Fan S. Noli&quot;, Kor\u00e7\u00eb\" \/>\n<meta property=\"og:description\" content=\"N\u00eb dat\u00ebn 18 tetor 2024 nj\u00eb delegacion nga Akademia e Shkencave e Lituanis\u00eb i kryesuar nga kryetari, akad. J\u016bras Banys zhvilloi nj\u00eb vizit\u00eb n\u00eb Universitetin \u201cFan S. Noli\u201d. Delegacioni lituanez, i ftuar nga Akademia e Shkencave t\u00eb Shqip\u00ebris\u00eb vjen n\u00eb k\u00ebt\u00eb vizit\u00eb n\u00eb Universitetin ton\u00eb i shoq\u00ebruar edhe nga akad. Gezim Hoxha, drejtues i Seksionit...\" \/>\n<meta property=\"og:url\" content=\"https:\/\/unkorce.edu.al\/en\/nje-delegacion-nga-akademia-e-shkencave-e-lituanise-vizitoi-universitetin-fan-s-noli\/\" \/>\n<meta property=\"og:site_name\" content=\"Universiteti &quot;Fan S. Noli&quot;, Kor\u00e7\u00eb\" \/>\n<meta property=\"article:publisher\" content=\"https:\/\/www.facebook.com\/unkorce\" \/>\n<meta property=\"article:published_time\" content=\"2024-10-18T12:03:06+00:00\" \/>\n<meta property=\"article:modified_time\" content=\"2024-10-27T08:53:54+00:00\" \/>\n<meta property=\"og:image\" content=\"https:\/\/unkorce.edu.al\/wp-content\/uploads\/2024\/10\/IMG_9337-1024x683-1.jpg\" \/>\n\t<meta property=\"og:image:width\" content=\"1024\" \/>\n\t<meta property=\"og:image:height\" content=\"683\" \/>\n\t<meta property=\"og:image:type\" content=\"image\/jpeg\" \/>\n<meta name=\"author\" content=\"Brikela Qelemeni\" \/>\n<meta name=\"twitter:card\" content=\"summary_large_image\" \/>\n<meta name=\"twitter:label1\" content=\"Written by\" \/>\n\t<meta name=\"twitter:data1\" content=\"Brikela Qelemeni\" \/>\n\t<meta name=\"twitter:label2\" content=\"Est. reading time\" \/>\n\t<meta name=\"twitter:data2\" content=\"1 minute\" \/>\n<script type=\"application\/ld+json\" class=\"yoast-schema-graph\">{\"@context\":\"https:\/\/schema.org\",\"@graph\":[{\"@type\":\"Article\",\"@id\":\"https:\/\/unkorce.edu.al\/nje-delegacion-nga-akademia-e-shkencave-e-lituanise-vizitoi-universitetin-fan-s-noli\/#article\",\"isPartOf\":{\"@id\":\"https:\/\/unkorce.edu.al\/nje-delegacion-nga-akademia-e-shkencave-e-lituanise-vizitoi-universitetin-fan-s-noli\/\"},\"author\":{\"name\":\"Brikela Qelemeni\",\"@id\":\"https:\/\/unkorce.edu.al\/#\/schema\/person\/faa34c53e1891c174ff76279b528558e\"},\"headline\":\"NJ\u00cb DELEGACION NGA AKADEMIA E SHKENCAVE E LITUANIS\u00cb VIZITOI UNIVERSITETIN \u201cFAN S. NOLI\u201d\",\"datePublished\":\"2024-10-18T12:03:06+00:00\",\"dateModified\":\"2024-10-27T08:53:54+00:00\",\"mainEntityOfPage\":{\"@id\":\"https:\/\/unkorce.edu.al\/nje-delegacion-nga-akademia-e-shkencave-e-lituanise-vizitoi-universitetin-fan-s-noli\/\"},\"wordCount\":198,\"commentCount\":0,\"publisher\":{\"@id\":\"https:\/\/unkorce.edu.al\/#organization\"},\"image\":{\"@id\":\"https:\/\/unkorce.edu.al\/nje-delegacion-nga-akademia-e-shkencave-e-lituanise-vizitoi-universitetin-fan-s-noli\/#primaryimage\"},\"thumbnailUrl\":\"https:\/\/unkorce.edu.al\/wp-content\/uploads\/2024\/10\/IMG_9337-1024x683-1.jpg\",\"articleSection\":{\"1\":\"Veprimtari\"},\"inLanguage\":\"en-US\",\"potentialAction\":[{\"@type\":\"CommentAction\",\"name\":\"Comment\",\"target\":[\"https:\/\/unkorce.edu.al\/nje-delegacion-nga-akademia-e-shkencave-e-lituanise-vizitoi-universitetin-fan-s-noli\/#respond\"]}]},{\"@type\":\"WebPage\",\"@id\":\"https:\/\/unkorce.edu.al\/nje-delegacion-nga-akademia-e-shkencave-e-lituanise-vizitoi-universitetin-fan-s-noli\/\",\"url\":\"https:\/\/unkorce.edu.al\/nje-delegacion-nga-akademia-e-shkencave-e-lituanise-vizitoi-universitetin-fan-s-noli\/\",\"name\":\"NJ\u00cb DELEGACION NGA AKADEMIA E SHKENCAVE E LITUANIS\u00cb VIZITOI UNIVERSITETIN \u201cFAN S. NOLI\u201d - Universiteti \\\"Fan S. Noli\\\", Kor\u00e7\u00eb\",\"isPartOf\":{\"@id\":\"https:\/\/unkorce.edu.al\/#website\"},\"primaryImageOfPage\":{\"@id\":\"https:\/\/unkorce.edu.al\/nje-delegacion-nga-akademia-e-shkencave-e-lituanise-vizitoi-universitetin-fan-s-noli\/#primaryimage\"},\"image\":{\"@id\":\"https:\/\/unkorce.edu.al\/nje-delegacion-nga-akademia-e-shkencave-e-lituanise-vizitoi-universitetin-fan-s-noli\/#primaryimage\"},\"thumbnailUrl\":\"https:\/\/unkorce.edu.al\/wp-content\/uploads\/2024\/10\/IMG_9337-1024x683-1.jpg\",\"datePublished\":\"2024-10-18T12:03:06+00:00\",\"dateModified\":\"2024-10-27T08:53:54+00:00\",\"breadcrumb\":{\"@id\":\"https:\/\/unkorce.edu.al\/nje-delegacion-nga-akademia-e-shkencave-e-lituanise-vizitoi-universitetin-fan-s-noli\/#breadcrumb\"},\"inLanguage\":\"en-US\",\"potentialAction\":[{\"@type\":\"ReadAction\",\"target\":[\"https:\/\/unkorce.edu.al\/nje-delegacion-nga-akademia-e-shkencave-e-lituanise-vizitoi-universitetin-fan-s-noli\/\"]}]},{\"@type\":\"ImageObject\",\"inLanguage\":\"en-US\",\"@id\":\"https:\/\/unkorce.edu.al\/nje-delegacion-nga-akademia-e-shkencave-e-lituanise-vizitoi-universitetin-fan-s-noli\/#primaryimage\",\"url\":\"https:\/\/unkorce.edu.al\/wp-content\/uploads\/2024\/10\/IMG_9337-1024x683-1.jpg\",\"contentUrl\":\"https:\/\/unkorce.edu.al\/wp-content\/uploads\/2024\/10\/IMG_9337-1024x683-1.jpg\",\"width\":1024,\"height\":683},{\"@type\":\"BreadcrumbList\",\"@id\":\"https:\/\/unkorce.edu.al\/nje-delegacion-nga-akademia-e-shkencave-e-lituanise-vizitoi-universitetin-fan-s-noli\/#breadcrumb\",\"itemListElement\":[{\"@type\":\"ListItem\",\"position\":1,\"name\":\"Home\",\"item\":\"https:\/\/unkorce.edu.al\/\"},{\"@type\":\"ListItem\",\"position\":2,\"name\":\"NJ\u00cb DELEGACION NGA AKADEMIA E SHKENCAVE E LITUANIS\u00cb VIZITOI UNIVERSITETIN \u201cFAN S. NOLI\u201d\"}]},{\"@type\":\"WebSite\",\"@id\":\"https:\/\/unkorce.edu.al\/#website\",\"url\":\"https:\/\/unkorce.edu.al\/\",\"name\":\"Universiteti \\\"Fan S. Noli\\\", Kor\u00e7\u00eb\",\"description\":\"Mir&euml;sevini n&euml; faqen zyrtare!\",\"publisher\":{\"@id\":\"https:\/\/unkorce.edu.al\/#organization\"},\"potentialAction\":[{\"@type\":\"SearchAction\",\"target\":{\"@type\":\"EntryPoint\",\"urlTemplate\":\"https:\/\/unkorce.edu.al\/?s={search_term_string}\"},\"query-input\":{\"@type\":\"PropertyValueSpecification\",\"valueRequired\":true,\"valueName\":\"search_term_string\"}}],\"inLanguage\":\"en-US\"},{\"@type\":\"Organization\",\"@id\":\"https:\/\/unkorce.edu.al\/#organization\",\"name\":\"Universiteti \\\"Fan S. Noli\\\", Kor\u00e7\u00eb\",\"url\":\"https:\/\/unkorce.edu.al\/\",\"logo\":{\"@type\":\"ImageObject\",\"inLanguage\":\"en-US\",\"@id\":\"https:\/\/unkorce.edu.al\/#\/schema\/logo\/image\/\",\"url\":\"https:\/\/unkorce.edu.al\/wp-content\/uploads\/2024\/08\/Logo_e_Universitetit__Fan_Noli_-e1726660879862.png\",\"contentUrl\":\"https:\/\/unkorce.edu.al\/wp-content\/uploads\/2024\/08\/Logo_e_Universitetit__Fan_Noli_-e1726660879862.png\",\"width\":200,\"height\":120,\"caption\":\"Universiteti \\\"Fan S. Noli\\\", Kor\u00e7\u00eb\"},\"image\":{\"@id\":\"https:\/\/unkorce.edu.al\/#\/schema\/logo\/image\/\"},\"sameAs\":[\"https:\/\/www.facebook.com\/unkorce\"]},{\"@type\":\"Person\",\"@id\":\"https:\/\/unkorce.edu.al\/#\/schema\/person\/faa34c53e1891c174ff76279b528558e\",\"name\":\"Brikela Qelemeni\",\"image\":{\"@type\":\"ImageObject\",\"inLanguage\":\"en-US\",\"@id\":\"https:\/\/unkorce.edu.al\/#\/schema\/person\/image\/\",\"url\":\"https:\/\/secure.gravatar.com\/avatar\/6c1805558a9218503040c8b9055763822c6184a1cd600127210a9abbc5aaea04?s=96&d=mm&r=g\",\"contentUrl\":\"https:\/\/secure.gravatar.com\/avatar\/6c1805558a9218503040c8b9055763822c6184a1cd600127210a9abbc5aaea04?s=96&d=mm&r=g\",\"caption\":\"Brikela Qelemeni\"},\"url\":\"https:\/\/unkorce.edu.al\/en\/author\/brikela\/\"}]}<\/script>\n<!-- \/ Yoast SEO plugin. -->","yoast_head_json":{"title":"NJ\u00cb DELEGACION NGA AKADEMIA E SHKENCAVE E LITUANIS\u00cb VIZITOI UNIVERSITETIN \u201cFAN S. NOLI\u201d - Universiteti \"Fan S. Noli\", Kor\u00e7\u00eb","robots":{"index":"index","follow":"follow","max-snippet":"max-snippet:-1","max-image-preview":"max-image-preview:large","max-video-preview":"max-video-preview:-1"},"canonical":"https:\/\/unkorce.edu.al\/en\/nje-delegacion-nga-akademia-e-shkencave-e-lituanise-vizitoi-universitetin-fan-s-noli\/","og_locale":"en_US","og_type":"article","og_title":"NJ\u00cb DELEGACION NGA AKADEMIA E SHKENCAVE E LITUANIS\u00cb VIZITOI UNIVERSITETIN \u201cFAN S. NOLI\u201d - Universiteti \"Fan S. Noli\", Kor\u00e7\u00eb","og_description":"N\u00eb dat\u00ebn 18 tetor 2024 nj\u00eb delegacion nga Akademia e Shkencave e Lituanis\u00eb i kryesuar nga kryetari, akad. J\u016bras Banys zhvilloi nj\u00eb vizit\u00eb n\u00eb Universitetin \u201cFan S. Noli\u201d. Delegacioni lituanez, i ftuar nga Akademia e Shkencave t\u00eb Shqip\u00ebris\u00eb vjen n\u00eb k\u00ebt\u00eb vizit\u00eb n\u00eb Universitetin ton\u00eb i shoq\u00ebruar edhe nga akad. Gezim Hoxha, drejtues i Seksionit...","og_url":"https:\/\/unkorce.edu.al\/en\/nje-delegacion-nga-akademia-e-shkencave-e-lituanise-vizitoi-universitetin-fan-s-noli\/","og_site_name":"Universiteti \"Fan S. Noli\", Kor\u00e7\u00eb","article_publisher":"https:\/\/www.facebook.com\/unkorce","article_published_time":"2024-10-18T12:03:06+00:00","article_modified_time":"2024-10-27T08:53:54+00:00","og_image":[{"width":1024,"height":683,"url":"https:\/\/unkorce.edu.al\/wp-content\/uploads\/2024\/10\/IMG_9337-1024x683-1.jpg","type":"image\/jpeg"}],"author":"Brikela Qelemeni","twitter_card":"summary_large_image","twitter_misc":{"Written by":"Brikela Qelemeni","Est. reading time":"1 minute"},"schema":{"@context":"https:\/\/schema.org","@graph":[{"@type":"Article","@id":"https:\/\/unkorce.edu.al\/nje-delegacion-nga-akademia-e-shkencave-e-lituanise-vizitoi-universitetin-fan-s-noli\/#article","isPartOf":{"@id":"https:\/\/unkorce.edu.al\/nje-delegacion-nga-akademia-e-shkencave-e-lituanise-vizitoi-universitetin-fan-s-noli\/"},"author":{"name":"Brikela Qelemeni","@id":"https:\/\/unkorce.edu.al\/#\/schema\/person\/faa34c53e1891c174ff76279b528558e"},"headline":"NJ\u00cb DELEGACION NGA AKADEMIA E SHKENCAVE E LITUANIS\u00cb VIZITOI UNIVERSITETIN \u201cFAN S. NOLI\u201d","datePublished":"2024-10-18T12:03:06+00:00","dateModified":"2024-10-27T08:53:54+00:00","mainEntityOfPage":{"@id":"https:\/\/unkorce.edu.al\/nje-delegacion-nga-akademia-e-shkencave-e-lituanise-vizitoi-universitetin-fan-s-noli\/"},"wordCount":198,"commentCount":0,"publisher":{"@id":"https:\/\/unkorce.edu.al\/#organization"},"image":{"@id":"https:\/\/unkorce.edu.al\/nje-delegacion-nga-akademia-e-shkencave-e-lituanise-vizitoi-universitetin-fan-s-noli\/#primaryimage"},"thumbnailUrl":"https:\/\/unkorce.edu.al\/wp-content\/uploads\/2024\/10\/IMG_9337-1024x683-1.jpg","articleSection":{"1":"Veprimtari"},"inLanguage":"en-US","potentialAction":[{"@type":"CommentAction","name":"Comment","target":["https:\/\/unkorce.edu.al\/nje-delegacion-nga-akademia-e-shkencave-e-lituanise-vizitoi-universitetin-fan-s-noli\/#respond"]}]},{"@type":"WebPage","@id":"https:\/\/unkorce.edu.al\/nje-delegacion-nga-akademia-e-shkencave-e-lituanise-vizitoi-universitetin-fan-s-noli\/","url":"https:\/\/unkorce.edu.al\/nje-delegacion-nga-akademia-e-shkencave-e-lituanise-vizitoi-universitetin-fan-s-noli\/","name":"NJ\u00cb DELEGACION NGA AKADEMIA E SHKENCAVE E LITUANIS\u00cb VIZITOI UNIVERSITETIN \u201cFAN S. NOLI\u201d - Universiteti \"Fan S. Noli\", Kor\u00e7\u00eb","isPartOf":{"@id":"https:\/\/unkorce.edu.al\/#website"},"primaryImageOfPage":{"@id":"https:\/\/unkorce.edu.al\/nje-delegacion-nga-akademia-e-shkencave-e-lituanise-vizitoi-universitetin-fan-s-noli\/#primaryimage"},"image":{"@id":"https:\/\/unkorce.edu.al\/nje-delegacion-nga-akademia-e-shkencave-e-lituanise-vizitoi-universitetin-fan-s-noli\/#primaryimage"},"thumbnailUrl":"https:\/\/unkorce.edu.al\/wp-content\/uploads\/2024\/10\/IMG_9337-1024x683-1.jpg","datePublished":"2024-10-18T12:03:06+00:00","dateModified":"2024-10-27T08:53:54+00:00","breadcrumb":{"@id":"https:\/\/unkorce.edu.al\/nje-delegacion-nga-akademia-e-shkencave-e-lituanise-vizitoi-universitetin-fan-s-noli\/#breadcrumb"},"inLanguage":"en-US","potentialAction":[{"@type":"ReadAction","target":["https:\/\/unkorce.edu.al\/nje-delegacion-nga-akademia-e-shkencave-e-lituanise-vizitoi-universitetin-fan-s-noli\/"]}]},{"@type":"ImageObject","inLanguage":"en-US","@id":"https:\/\/unkorce.edu.al\/nje-delegacion-nga-akademia-e-shkencave-e-lituanise-vizitoi-universitetin-fan-s-noli\/#primaryimage","url":"https:\/\/unkorce.edu.al\/wp-content\/uploads\/2024\/10\/IMG_9337-1024x683-1.jpg","contentUrl":"https:\/\/unkorce.edu.al\/wp-content\/uploads\/2024\/10\/IMG_9337-1024x683-1.jpg","width":1024,"height":683},{"@type":"BreadcrumbList","@id":"https:\/\/unkorce.edu.al\/nje-delegacion-nga-akademia-e-shkencave-e-lituanise-vizitoi-universitetin-fan-s-noli\/#breadcrumb","itemListElement":[{"@type":"ListItem","position":1,"name":"Home","item":"https:\/\/unkorce.edu.al\/"},{"@type":"ListItem","position":2,"name":"NJ\u00cb DELEGACION NGA AKADEMIA E SHKENCAVE E LITUANIS\u00cb VIZITOI UNIVERSITETIN \u201cFAN S. NOLI\u201d"}]},{"@type":"WebSite","@id":"https:\/\/unkorce.edu.al\/#website","url":"https:\/\/unkorce.edu.al\/","name":"Universiteti \"Fan S. Noli\", Kor\u00e7\u00eb","description":"Mir&euml;sevini n&euml; faqen zyrtare!","publisher":{"@id":"https:\/\/unkorce.edu.al\/#organization"},"potentialAction":[{"@type":"SearchAction","target":{"@type":"EntryPoint","urlTemplate":"https:\/\/unkorce.edu.al\/?s={search_term_string}"},"query-input":{"@type":"PropertyValueSpecification","valueRequired":true,"valueName":"search_term_string"}}],"inLanguage":"en-US"},{"@type":"Organization","@id":"https:\/\/unkorce.edu.al\/#organization","name":"Universiteti \"Fan S. Noli\", Kor\u00e7\u00eb","url":"https:\/\/unkorce.edu.al\/","logo":{"@type":"ImageObject","inLanguage":"en-US","@id":"https:\/\/unkorce.edu.al\/#\/schema\/logo\/image\/","url":"https:\/\/unkorce.edu.al\/wp-content\/uploads\/2024\/08\/Logo_e_Universitetit__Fan_Noli_-e1726660879862.png","contentUrl":"https:\/\/unkorce.edu.al\/wp-content\/uploads\/2024\/08\/Logo_e_Universitetit__Fan_Noli_-e1726660879862.png","width":200,"height":120,"caption":"Universiteti \"Fan S. Noli\", Kor\u00e7\u00eb"},"image":{"@id":"https:\/\/unkorce.edu.al\/#\/schema\/logo\/image\/"},"sameAs":["https:\/\/www.facebook.com\/unkorce"]},{"@type":"Person","@id":"https:\/\/unkorce.edu.al\/#\/schema\/person\/faa34c53e1891c174ff76279b528558e","name":"Brikela Qelemeni","image":{"@type":"ImageObject","inLanguage":"en-US","@id":"https:\/\/unkorce.edu.al\/#\/schema\/person\/image\/","url":"https:\/\/secure.gravatar.com\/avatar\/6c1805558a9218503040c8b9055763822c6184a1cd600127210a9abbc5aaea04?s=96&d=mm&r=g","contentUrl":"https:\/\/secure.gravatar.com\/avatar\/6c1805558a9218503040c8b9055763822c6184a1cd600127210a9abbc5aaea04?s=96&d=mm&r=g","caption":"Brikela Qelemeni"},"url":"https:\/\/unkorce.edu.al\/en\/author\/brikela\/"}]}},"_links":{"self":[{"href":"https:\/\/unkorce.edu.al\/en\/wp-json\/wp\/v2\/posts\/26802","targetHints":{"allow":["GET"]}}],"collection":[{"href":"https:\/\/unkorce.edu.al\/en\/wp-json\/wp\/v2\/posts"}],"about":[{"href":"https:\/\/unkorce.edu.al\/en\/wp-json\/wp\/v2\/types\/post"}],"author":[{"embeddable":true,"href":"https:\/\/unkorce.edu.al\/en\/wp-json\/wp\/v2\/users\/2"}],"replies":[{"embeddable":true,"href":"https:\/\/unkorce.edu.al\/en\/wp-json\/wp\/v2\/comments?post=26802"}],"version-history":[{"count":1,"href":"https:\/\/unkorce.edu.al\/en\/wp-json\/wp\/v2\/posts\/26802\/revisions"}],"predecessor-version":[{"id":29198,"href":"https:\/\/unkorce.edu.al\/en\/wp-json\/wp\/v2\/posts\/26802\/revisions\/29198"}],"wp:featuredmedia":[{"embeddable":true,"href":"https:\/\/unkorce.edu.al\/en\/wp-json\/wp\/v2\/media\/29197"}],"wp:attachment":[{"href":"https:\/\/unkorce.edu.al\/en\/wp-json\/wp\/v2\/media?parent=26802"}],"wp:term":[{"taxonomy":"category","embeddable":true,"href":"https:\/\/unkorce.edu.al\/en\/wp-json\/wp\/v2\/categories?post=26802"},{"taxonomy":"post_tag","embeddable":true,"href":"https:\/\/unkorce.edu.al\/en\/wp-json\/wp\/v2\/tags?post=26802"}],"curies":[{"name":"wp","href":"https:\/\/api.w.org\/{rel}","templated":true}]}}