{"id":26758,"date":"2024-10-21T09:12:57","date_gmt":"2024-10-21T09:12:57","guid":{"rendered":"https:\/\/unkorce.edu.al\/?p=26758"},"modified":"2024-10-27T08:54:55","modified_gmt":"2024-10-27T08:54:55","slug":"stigma-studim-krahasues-i-stigmatizimit-ne-diskursin-mediatik-ne-gjuhen-shqipe-dhe-angleze-nepermjet-teknologjise-se-informacionit-dhe-digjitalizimit-eshte-titulli-i-projekt","status":"publish","type":"post","link":"https:\/\/unkorce.edu.al\/en\/stigma-studim-krahasues-i-stigmatizimit-ne-diskursin-mediatik-ne-gjuhen-shqipe-dhe-angleze-nepermjet-teknologjise-se-informacionit-dhe-digjitalizimit-eshte-titulli-i-projekt\/","title":{"rendered":"\u00a0\u201cSTI(G)MA: STUDIM KRAHASUES I STIGMATIZIMIT N\u00cb DISKURSIN MEDIATIK N\u00cb GJUH\u00cbN SHQIPE DHE ANGLEZE N\u00cbP\u00cbRMJET TEKNOLOGJIS\u00cb S\u00cb INFORMACIONIT DHE DIGJITALIZIMIT\u201d \u00cbSHT\u00cb TITULLI I PROJEKTIT KOMB\u00cbTAR T\u00cb PREZANTUAR N\u00cb UNIVERSITETIN \u201cFAN S. NOLI\u201d"},"content":{"rendered":"<p>N\u00eb dat\u00ebn 21 tetor 2024 n\u00eb mjediset e Rektoratit u prezantua projekti komb\u00ebtar \u201cSti(g)ma: Studim Krahasues i Stigmatizimit n\u00eb Diskursin Mediatik n\u00eb Gjuh\u00ebn Shqipe dhe Angleze n\u00ebp\u00ebrmjet Teknologjis\u00eb s\u00eb Informacionit dhe Digjitalizimit\u201d.<\/p>\r\n\r\n\r\n\r\n<p>Sipas koordinator\u00ebs, prof. as. dr. Eriola&nbsp; Qafzezi, p\u00ebrgjegj\u00ebse e departamentit t\u00eb Gjuh\u00ebve t\u00eb Huaja, ky \u00ebsht\u00eb nj\u00eb projekt nd\u00ebrdisiplinor, i cili mb\u00ebshtetet nga AKKSHI (Agjencia Komb\u00ebtare e K\u00ebrkimit Shkencor dhe Inovacionit) dhe Universiteti \u201cFan S. Noli\u201d dhe \u00ebsht\u00eb miratuar si projekt fitues n\u00eb Programin e K\u00ebrkimit dhe Zhvillimit p\u00ebr vitin 2024-2025.<\/p>\r\n\r\n\r\n\r\n<p>N\u00eb prani t\u00eb grupit t\u00eb pun\u00ebs dhe pal\u00ebve t\u00eb interesuara solli me detaje disa nga pikat kryesore t\u00eb projekti si\u00e7 jan\u00eb: q\u00ebllimi, objektvat, argumentimi shkencor etj.<\/p>\r\n\r\n\r\n\r\n<p>Me theks, ajo u ndal n\u00eb risit\u00eb e k\u00ebtij projekti q\u00eb lidhen me zbatimin e teknologjis\u00eb s\u00eb informacionit dhe digjitalizimit n\u00eb grumbullimin, trajtimin dhe analizimin e t\u00eb dh\u00ebnave, si dhe n\u00eb ngritjen e korporave elektronike t\u00eb krahasueshme n\u00eb t\u00eb dyja gjuh\u00ebt. Gjithashtu, edhe n\u00eb mir\u00ebqenien mendore dhe shoq\u00ebrore, shmangien e stigmatizimit p\u00ebr grupe t\u00eb caktuara, si dhe rrit nd\u00ebrgjegj\u00ebsimin n\u00eb lidhje me q\u00ebndrimet shoq\u00ebrore ndaj \u00e7\u00ebshtjeve t\u00eb ndryshme.<\/p>\r\n\r\n\r\n\r\n<p>Takimi vijoi me diskutime t\u00eb ndryshme n\u00eb lidhje me zbatimin e k\u00ebtij projekti dhe veprimtarite q\u00eb do t\u00eb zhvillohen n\u00eb k\u00ebt\u00eb kuad\u00ebr gjat\u00eb k\u00ebtyre 2 viteve.<\/p>\r\n\r\n\r\n\r\n<figure class=\"wp-block-gallery has-nested-images columns-default is-cropped wp-block-gallery-1 is-layout-flex wp-block-gallery-is-layout-flex\">\r\n<figure class=\"wp-block-image size-large\"><img decoding=\"async\" data-id=\"26763\" src=\"https:\/\/unkorce.edu.al\/wp-content\/uploads\/2024\/10\/WhatsApp-Image-2024-10-21-at-14.03.20-1-1024x768.jpeg\" alt=\"\" class=\"wp-image-26763\"\/><\/figure>\r\n\r\n\r\n\r\n<figure class=\"wp-block-image size-large\"><img decoding=\"async\" data-id=\"26764\" src=\"https:\/\/unkorce.edu.al\/wp-content\/uploads\/2024\/10\/WhatsApp-Image-2024-10-21-at-14.03.20-2-1024x768.jpeg\" alt=\"\" class=\"wp-image-26764\"\/><\/figure>\r\n\r\n\r\n\r\n<figure class=\"wp-block-image size-large\"><img decoding=\"async\" data-id=\"26765\" src=\"https:\/\/unkorce.edu.al\/wp-content\/uploads\/2024\/10\/WhatsApp-Image-2024-10-21-at-14.03.20-3-1024x768.jpeg\" alt=\"\" class=\"wp-image-26765\"\/><\/figure>\r\n\r\n\r\n\r\n<figure class=\"wp-block-image size-large\"><img decoding=\"async\" data-id=\"26762\" src=\"https:\/\/unkorce.edu.al\/wp-content\/uploads\/2024\/10\/WhatsApp-Image-2024-10-21-at-14.03.20-4-1024x768.jpeg\" alt=\"\" class=\"wp-image-26762\"\/><\/figure>\r\n\r\n\r\n\r\n<figure class=\"wp-block-image size-large\"><img decoding=\"async\" data-id=\"26761\" src=\"https:\/\/unkorce.edu.al\/wp-content\/uploads\/2024\/10\/WhatsApp-Image-2024-10-21-at-14.03.20-5-1024x768.jpeg\" alt=\"\" class=\"wp-image-26761\"\/><\/figure>\r\n\r\n\r\n\r\n<figure class=\"wp-block-image size-large\"><img decoding=\"async\" data-id=\"26760\" src=\"https:\/\/unkorce.edu.al\/wp-content\/uploads\/2024\/10\/WhatsApp-Image-2024-10-21-at-14.03.20-1024x768.jpeg\" alt=\"\" class=\"wp-image-26760\"\/><\/figure>\r\n\r\n\r\n\r\n<figure class=\"wp-block-image size-large\"><img decoding=\"async\" data-id=\"26766\" src=\"https:\/\/unkorce.edu.al\/wp-content\/uploads\/2024\/10\/WhatsApp-Image-2024-10-21-at-14.03.21-1-1024x768.jpeg\" alt=\"\" class=\"wp-image-26766\"\/><\/figure>\r\n\r\n\r\n\r\n<figure class=\"wp-block-image size-large\"><img decoding=\"async\" data-id=\"26767\" src=\"https:\/\/unkorce.edu.al\/wp-content\/uploads\/2024\/10\/WhatsApp-Image-2024-10-21-at-14.03.21-2-1024x768.jpeg\" alt=\"\" class=\"wp-image-26767\"\/><\/figure>\r\n\r\n\r\n\r\n<figure class=\"wp-block-image size-large\"><img decoding=\"async\" data-id=\"26768\" src=\"https:\/\/unkorce.edu.al\/wp-content\/uploads\/2024\/10\/WhatsApp-Image-2024-10-21-at-14.03.21-3-1024x768.jpeg\" alt=\"\" class=\"wp-image-26768\"\/><\/figure>\r\n\r\n\r\n\r\n<figure class=\"wp-block-image size-large\"><img decoding=\"async\" data-id=\"26769\" src=\"https:\/\/unkorce.edu.al\/wp-content\/uploads\/2024\/10\/WhatsApp-Image-2024-10-21-at-14.03.21-4-1024x768.jpeg\" alt=\"\" class=\"wp-image-26769\"\/><\/figure>\r\n\r\n\r\n\r\n<figure class=\"wp-block-image size-large\"><img decoding=\"async\" data-id=\"26770\" src=\"https:\/\/unkorce.edu.al\/wp-content\/uploads\/2024\/10\/WhatsApp-Image-2024-10-21-at-14.03.21-1024x768.jpeg\" alt=\"\" class=\"wp-image-26770\"\/><\/figure>\r\n\r\n\r\n\r\n<figure class=\"wp-block-image size-large\"><img decoding=\"async\" data-id=\"26771\" src=\"https:\/\/unkorce.edu.al\/wp-content\/uploads\/2024\/10\/WhatsApp-Image-2024-10-21-at-14.03.39-768x1024.jpeg\" alt=\"\" class=\"wp-image-26771\"\/><\/figure>\r\n\r\n\r\n\r\n<figure class=\"wp-block-image size-large\"><img decoding=\"async\" data-id=\"26772\" src=\"https:\/\/unkorce.edu.al\/wp-content\/uploads\/2024\/10\/WhatsApp-Image-2024-10-21-at-14.08.56-1-1-768x1024.jpeg\" alt=\"\" class=\"wp-image-26772\"\/><\/figure>\r\n<\/figure>","protected":false},"excerpt":{"rendered":"<p>N\u00eb dat\u00ebn 21 tetor 2024 n\u00eb mjediset e Rektoratit u prezantua projekti komb\u00ebtar \u201cSti(g)ma: Studim Krahasues i Stigmatizimit n\u00eb Diskursin Mediatik n\u00eb Gjuh\u00ebn Shqipe dhe Angleze n\u00ebp\u00ebrmjet Teknologjis\u00eb s\u00eb Informacionit dhe Digjitalizimit\u201d. Sipas koordinator\u00ebs, prof. as. dr. Eriola&nbsp; Qafzezi, p\u00ebrgjegj\u00ebse e departamentit t\u00eb Gjuh\u00ebve t\u00eb Huaja, ky \u00ebsht\u00eb nj\u00eb projekt nd\u00ebrdisiplinor, i cili mb\u00ebshtetet nga&#8230;<\/p>","protected":false},"author":2,"featured_media":29201,"comment_status":"open","ping_status":"open","sticky":false,"template":"","format":"standard","meta":{"_acf_changed":false,"footnotes":""},"categories":[5,26],"tags":[],"class_list":["post-26758","post","type-post","status-publish","format-standard","has-post-thumbnail","hentry","category-fakulteti-i-edukimit-dhe-filologjise","category-uncategorized-sq"],"acf":[],"yoast_head":"<!-- This site is optimized with the Yoast SEO plugin v26.9 - https:\/\/yoast.com\/product\/yoast-seo-wordpress\/ -->\n<title>\u00a0\u201cSTI(G)MA: STUDIM KRAHASUES I STIGMATIZIMIT N\u00cb DISKURSIN MEDIATIK N\u00cb GJUH\u00cbN SHQIPE DHE ANGLEZE N\u00cbP\u00cbRMJET TEKNOLOGJIS\u00cb S\u00cb INFORMACIONIT DHE DIGJITALIZIMIT\u201d \u00cbSHT\u00cb TITULLI I PROJEKTIT KOMB\u00cbTAR T\u00cb PREZANTUAR N\u00cb UNIVERSITETIN \u201cFAN S. NOLI\u201d - Universiteti &quot;Fan S. Noli&quot;, Kor\u00e7\u00eb<\/title>\n<meta name=\"robots\" content=\"index, follow, max-snippet:-1, max-image-preview:large, max-video-preview:-1\" \/>\n<link rel=\"canonical\" href=\"https:\/\/unkorce.edu.al\/en\/stigma-studim-krahasues-i-stigmatizimit-ne-diskursin-mediatik-ne-gjuhen-shqipe-dhe-angleze-nepermjet-teknologjise-se-informacionit-dhe-digjitalizimit-eshte-titulli-i-projekt\/\" \/>\n<meta property=\"og:locale\" content=\"en_US\" \/>\n<meta property=\"og:type\" content=\"article\" \/>\n<meta property=\"og:title\" content=\"\u00a0\u201cSTI(G)MA: STUDIM KRAHASUES I STIGMATIZIMIT N\u00cb DISKURSIN MEDIATIK N\u00cb GJUH\u00cbN SHQIPE DHE ANGLEZE N\u00cbP\u00cbRMJET TEKNOLOGJIS\u00cb S\u00cb INFORMACIONIT DHE DIGJITALIZIMIT\u201d \u00cbSHT\u00cb TITULLI I PROJEKTIT KOMB\u00cbTAR T\u00cb PREZANTUAR N\u00cb UNIVERSITETIN \u201cFAN S. NOLI\u201d - Universiteti &quot;Fan S. Noli&quot;, Kor\u00e7\u00eb\" \/>\n<meta property=\"og:description\" content=\"N\u00eb dat\u00ebn 21 tetor 2024 n\u00eb mjediset e Rektoratit u prezantua projekti komb\u00ebtar \u201cSti(g)ma: Studim Krahasues i Stigmatizimit n\u00eb Diskursin Mediatik n\u00eb Gjuh\u00ebn Shqipe dhe Angleze n\u00ebp\u00ebrmjet Teknologjis\u00eb s\u00eb Informacionit dhe Digjitalizimit\u201d. Sipas koordinator\u00ebs, prof. as. dr. Eriola&nbsp; Qafzezi, p\u00ebrgjegj\u00ebse e departamentit t\u00eb Gjuh\u00ebve t\u00eb Huaja, ky \u00ebsht\u00eb nj\u00eb projekt nd\u00ebrdisiplinor, i cili mb\u00ebshtetet nga...\" \/>\n<meta property=\"og:url\" content=\"https:\/\/unkorce.edu.al\/en\/stigma-studim-krahasues-i-stigmatizimit-ne-diskursin-mediatik-ne-gjuhen-shqipe-dhe-angleze-nepermjet-teknologjise-se-informacionit-dhe-digjitalizimit-eshte-titulli-i-projekt\/\" \/>\n<meta property=\"og:site_name\" content=\"Universiteti &quot;Fan S. Noli&quot;, Kor\u00e7\u00eb\" \/>\n<meta property=\"article:publisher\" content=\"https:\/\/www.facebook.com\/unkorce\" \/>\n<meta property=\"article:published_time\" content=\"2024-10-21T09:12:57+00:00\" \/>\n<meta property=\"article:modified_time\" content=\"2024-10-27T08:54:55+00:00\" \/>\n<meta property=\"og:image\" content=\"https:\/\/unkorce.edu.al\/wp-content\/uploads\/2024\/10\/WhatsApp-Image-2024-10-21-at-14.03.20-1-1024x768-2.jpeg\" \/>\n\t<meta property=\"og:image:width\" content=\"1024\" \/>\n\t<meta property=\"og:image:height\" content=\"768\" \/>\n\t<meta property=\"og:image:type\" content=\"image\/jpeg\" \/>\n<meta name=\"author\" content=\"Brikela Qelemeni\" \/>\n<meta name=\"twitter:card\" content=\"summary_large_image\" \/>\n<meta name=\"twitter:label1\" content=\"Written by\" \/>\n\t<meta name=\"twitter:data1\" content=\"Brikela Qelemeni\" \/>\n\t<meta name=\"twitter:label2\" content=\"Est. reading time\" \/>\n\t<meta name=\"twitter:data2\" content=\"1 minute\" \/>\n<script type=\"application\/ld+json\" class=\"yoast-schema-graph\">{\"@context\":\"https:\/\/schema.org\",\"@graph\":[{\"@type\":\"Article\",\"@id\":\"https:\/\/unkorce.edu.al\/stigma-studim-krahasues-i-stigmatizimit-ne-diskursin-mediatik-ne-gjuhen-shqipe-dhe-angleze-nepermjet-teknologjise-se-informacionit-dhe-digjitalizimit-eshte-titulli-i-projekt\/#article\",\"isPartOf\":{\"@id\":\"https:\/\/unkorce.edu.al\/stigma-studim-krahasues-i-stigmatizimit-ne-diskursin-mediatik-ne-gjuhen-shqipe-dhe-angleze-nepermjet-teknologjise-se-informacionit-dhe-digjitalizimit-eshte-titulli-i-projekt\/\"},\"author\":{\"name\":\"Brikela Qelemeni\",\"@id\":\"https:\/\/unkorce.edu.al\/#\/schema\/person\/faa34c53e1891c174ff76279b528558e\"},\"headline\":\"\u00a0\u201cSTI(G)MA: STUDIM KRAHASUES I STIGMATIZIMIT N\u00cb DISKURSIN MEDIATIK N\u00cb GJUH\u00cbN SHQIPE DHE ANGLEZE N\u00cbP\u00cbRMJET TEKNOLOGJIS\u00cb S\u00cb INFORMACIONIT DHE DIGJITALIZIMIT\u201d \u00cbSHT\u00cb TITULLI I PROJEKTIT KOMB\u00cbTAR T\u00cb PREZANTUAR N\u00cb UNIVERSITETIN \u201cFAN S. NOLI\u201d\",\"datePublished\":\"2024-10-21T09:12:57+00:00\",\"dateModified\":\"2024-10-27T08:54:55+00:00\",\"mainEntityOfPage\":{\"@id\":\"https:\/\/unkorce.edu.al\/stigma-studim-krahasues-i-stigmatizimit-ne-diskursin-mediatik-ne-gjuhen-shqipe-dhe-angleze-nepermjet-teknologjise-se-informacionit-dhe-digjitalizimit-eshte-titulli-i-projekt\/\"},\"wordCount\":272,\"commentCount\":0,\"publisher\":{\"@id\":\"https:\/\/unkorce.edu.al\/#organization\"},\"image\":{\"@id\":\"https:\/\/unkorce.edu.al\/stigma-studim-krahasues-i-stigmatizimit-ne-diskursin-mediatik-ne-gjuhen-shqipe-dhe-angleze-nepermjet-teknologjise-se-informacionit-dhe-digjitalizimit-eshte-titulli-i-projekt\/#primaryimage\"},\"thumbnailUrl\":\"https:\/\/unkorce.edu.al\/wp-content\/uploads\/2024\/10\/WhatsApp-Image-2024-10-21-at-14.03.20-1-1024x768-2.jpeg\",\"articleSection\":[\"Fakulteti i Edukimit dhe Filologjise\"],\"inLanguage\":\"en-US\",\"potentialAction\":[{\"@type\":\"CommentAction\",\"name\":\"Comment\",\"target\":[\"https:\/\/unkorce.edu.al\/stigma-studim-krahasues-i-stigmatizimit-ne-diskursin-mediatik-ne-gjuhen-shqipe-dhe-angleze-nepermjet-teknologjise-se-informacionit-dhe-digjitalizimit-eshte-titulli-i-projekt\/#respond\"]}]},{\"@type\":\"WebPage\",\"@id\":\"https:\/\/unkorce.edu.al\/stigma-studim-krahasues-i-stigmatizimit-ne-diskursin-mediatik-ne-gjuhen-shqipe-dhe-angleze-nepermjet-teknologjise-se-informacionit-dhe-digjitalizimit-eshte-titulli-i-projekt\/\",\"url\":\"https:\/\/unkorce.edu.al\/stigma-studim-krahasues-i-stigmatizimit-ne-diskursin-mediatik-ne-gjuhen-shqipe-dhe-angleze-nepermjet-teknologjise-se-informacionit-dhe-digjitalizimit-eshte-titulli-i-projekt\/\",\"name\":\"\u00a0\u201cSTI(G)MA: STUDIM KRAHASUES I STIGMATIZIMIT N\u00cb DISKURSIN MEDIATIK N\u00cb GJUH\u00cbN SHQIPE DHE ANGLEZE N\u00cbP\u00cbRMJET TEKNOLOGJIS\u00cb S\u00cb INFORMACIONIT DHE DIGJITALIZIMIT\u201d \u00cbSHT\u00cb TITULLI I PROJEKTIT KOMB\u00cbTAR T\u00cb PREZANTUAR N\u00cb UNIVERSITETIN \u201cFAN S. NOLI\u201d - Universiteti \\\"Fan S. Noli\\\", Kor\u00e7\u00eb\",\"isPartOf\":{\"@id\":\"https:\/\/unkorce.edu.al\/#website\"},\"primaryImageOfPage\":{\"@id\":\"https:\/\/unkorce.edu.al\/stigma-studim-krahasues-i-stigmatizimit-ne-diskursin-mediatik-ne-gjuhen-shqipe-dhe-angleze-nepermjet-teknologjise-se-informacionit-dhe-digjitalizimit-eshte-titulli-i-projekt\/#primaryimage\"},\"image\":{\"@id\":\"https:\/\/unkorce.edu.al\/stigma-studim-krahasues-i-stigmatizimit-ne-diskursin-mediatik-ne-gjuhen-shqipe-dhe-angleze-nepermjet-teknologjise-se-informacionit-dhe-digjitalizimit-eshte-titulli-i-projekt\/#primaryimage\"},\"thumbnailUrl\":\"https:\/\/unkorce.edu.al\/wp-content\/uploads\/2024\/10\/WhatsApp-Image-2024-10-21-at-14.03.20-1-1024x768-2.jpeg\",\"datePublished\":\"2024-10-21T09:12:57+00:00\",\"dateModified\":\"2024-10-27T08:54:55+00:00\",\"breadcrumb\":{\"@id\":\"https:\/\/unkorce.edu.al\/stigma-studim-krahasues-i-stigmatizimit-ne-diskursin-mediatik-ne-gjuhen-shqipe-dhe-angleze-nepermjet-teknologjise-se-informacionit-dhe-digjitalizimit-eshte-titulli-i-projekt\/#breadcrumb\"},\"inLanguage\":\"en-US\",\"potentialAction\":[{\"@type\":\"ReadAction\",\"target\":[\"https:\/\/unkorce.edu.al\/stigma-studim-krahasues-i-stigmatizimit-ne-diskursin-mediatik-ne-gjuhen-shqipe-dhe-angleze-nepermjet-teknologjise-se-informacionit-dhe-digjitalizimit-eshte-titulli-i-projekt\/\"]}]},{\"@type\":\"ImageObject\",\"inLanguage\":\"en-US\",\"@id\":\"https:\/\/unkorce.edu.al\/stigma-studim-krahasues-i-stigmatizimit-ne-diskursin-mediatik-ne-gjuhen-shqipe-dhe-angleze-nepermjet-teknologjise-se-informacionit-dhe-digjitalizimit-eshte-titulli-i-projekt\/#primaryimage\",\"url\":\"https:\/\/unkorce.edu.al\/wp-content\/uploads\/2024\/10\/WhatsApp-Image-2024-10-21-at-14.03.20-1-1024x768-2.jpeg\",\"contentUrl\":\"https:\/\/unkorce.edu.al\/wp-content\/uploads\/2024\/10\/WhatsApp-Image-2024-10-21-at-14.03.20-1-1024x768-2.jpeg\",\"width\":1024,\"height\":768},{\"@type\":\"BreadcrumbList\",\"@id\":\"https:\/\/unkorce.edu.al\/stigma-studim-krahasues-i-stigmatizimit-ne-diskursin-mediatik-ne-gjuhen-shqipe-dhe-angleze-nepermjet-teknologjise-se-informacionit-dhe-digjitalizimit-eshte-titulli-i-projekt\/#breadcrumb\",\"itemListElement\":[{\"@type\":\"ListItem\",\"position\":1,\"name\":\"Home\",\"item\":\"https:\/\/unkorce.edu.al\/\"},{\"@type\":\"ListItem\",\"position\":2,\"name\":\"\u00a0\u201cSTI(G)MA: STUDIM KRAHASUES I STIGMATIZIMIT N\u00cb DISKURSIN MEDIATIK N\u00cb GJUH\u00cbN SHQIPE DHE ANGLEZE N\u00cbP\u00cbRMJET TEKNOLOGJIS\u00cb S\u00cb INFORMACIONIT DHE DIGJITALIZIMIT\u201d \u00cbSHT\u00cb TITULLI I PROJEKTIT KOMB\u00cbTAR T\u00cb PREZANTUAR N\u00cb UNIVERSITETIN \u201cFAN S. NOLI\u201d\"}]},{\"@type\":\"WebSite\",\"@id\":\"https:\/\/unkorce.edu.al\/#website\",\"url\":\"https:\/\/unkorce.edu.al\/\",\"name\":\"Universiteti \\\"Fan S. Noli\\\", Kor\u00e7\u00eb\",\"description\":\"Mir&euml;sevini n&euml; faqen zyrtare!\",\"publisher\":{\"@id\":\"https:\/\/unkorce.edu.al\/#organization\"},\"potentialAction\":[{\"@type\":\"SearchAction\",\"target\":{\"@type\":\"EntryPoint\",\"urlTemplate\":\"https:\/\/unkorce.edu.al\/?s={search_term_string}\"},\"query-input\":{\"@type\":\"PropertyValueSpecification\",\"valueRequired\":true,\"valueName\":\"search_term_string\"}}],\"inLanguage\":\"en-US\"},{\"@type\":\"Organization\",\"@id\":\"https:\/\/unkorce.edu.al\/#organization\",\"name\":\"Universiteti \\\"Fan S. Noli\\\", Kor\u00e7\u00eb\",\"url\":\"https:\/\/unkorce.edu.al\/\",\"logo\":{\"@type\":\"ImageObject\",\"inLanguage\":\"en-US\",\"@id\":\"https:\/\/unkorce.edu.al\/#\/schema\/logo\/image\/\",\"url\":\"https:\/\/unkorce.edu.al\/wp-content\/uploads\/2024\/08\/Logo_e_Universitetit__Fan_Noli_-e1726660879862.png\",\"contentUrl\":\"https:\/\/unkorce.edu.al\/wp-content\/uploads\/2024\/08\/Logo_e_Universitetit__Fan_Noli_-e1726660879862.png\",\"width\":200,\"height\":120,\"caption\":\"Universiteti \\\"Fan S. Noli\\\", Kor\u00e7\u00eb\"},\"image\":{\"@id\":\"https:\/\/unkorce.edu.al\/#\/schema\/logo\/image\/\"},\"sameAs\":[\"https:\/\/www.facebook.com\/unkorce\"]},{\"@type\":\"Person\",\"@id\":\"https:\/\/unkorce.edu.al\/#\/schema\/person\/faa34c53e1891c174ff76279b528558e\",\"name\":\"Brikela Qelemeni\",\"image\":{\"@type\":\"ImageObject\",\"inLanguage\":\"en-US\",\"@id\":\"https:\/\/unkorce.edu.al\/#\/schema\/person\/image\/\",\"url\":\"https:\/\/secure.gravatar.com\/avatar\/6c1805558a9218503040c8b9055763822c6184a1cd600127210a9abbc5aaea04?s=96&d=mm&r=g\",\"contentUrl\":\"https:\/\/secure.gravatar.com\/avatar\/6c1805558a9218503040c8b9055763822c6184a1cd600127210a9abbc5aaea04?s=96&d=mm&r=g\",\"caption\":\"Brikela Qelemeni\"},\"url\":\"https:\/\/unkorce.edu.al\/en\/author\/brikela\/\"}]}<\/script>\n<!-- \/ Yoast SEO plugin. -->","yoast_head_json":{"title":"\u00a0\u201cSTI(G)MA: STUDIM KRAHASUES I STIGMATIZIMIT N\u00cb DISKURSIN MEDIATIK N\u00cb GJUH\u00cbN SHQIPE DHE ANGLEZE N\u00cbP\u00cbRMJET TEKNOLOGJIS\u00cb S\u00cb INFORMACIONIT DHE DIGJITALIZIMIT\u201d \u00cbSHT\u00cb TITULLI I PROJEKTIT KOMB\u00cbTAR T\u00cb PREZANTUAR N\u00cb UNIVERSITETIN \u201cFAN S. NOLI\u201d - Universiteti \"Fan S. Noli\", Kor\u00e7\u00eb","robots":{"index":"index","follow":"follow","max-snippet":"max-snippet:-1","max-image-preview":"max-image-preview:large","max-video-preview":"max-video-preview:-1"},"canonical":"https:\/\/unkorce.edu.al\/en\/stigma-studim-krahasues-i-stigmatizimit-ne-diskursin-mediatik-ne-gjuhen-shqipe-dhe-angleze-nepermjet-teknologjise-se-informacionit-dhe-digjitalizimit-eshte-titulli-i-projekt\/","og_locale":"en_US","og_type":"article","og_title":"\u00a0\u201cSTI(G)MA: STUDIM KRAHASUES I STIGMATIZIMIT N\u00cb DISKURSIN MEDIATIK N\u00cb GJUH\u00cbN SHQIPE DHE ANGLEZE N\u00cbP\u00cbRMJET TEKNOLOGJIS\u00cb S\u00cb INFORMACIONIT DHE DIGJITALIZIMIT\u201d \u00cbSHT\u00cb TITULLI I PROJEKTIT KOMB\u00cbTAR T\u00cb PREZANTUAR N\u00cb UNIVERSITETIN \u201cFAN S. NOLI\u201d - Universiteti \"Fan S. Noli\", Kor\u00e7\u00eb","og_description":"N\u00eb dat\u00ebn 21 tetor 2024 n\u00eb mjediset e Rektoratit u prezantua projekti komb\u00ebtar \u201cSti(g)ma: Studim Krahasues i Stigmatizimit n\u00eb Diskursin Mediatik n\u00eb Gjuh\u00ebn Shqipe dhe Angleze n\u00ebp\u00ebrmjet Teknologjis\u00eb s\u00eb Informacionit dhe Digjitalizimit\u201d. Sipas koordinator\u00ebs, prof. as. dr. Eriola&nbsp; Qafzezi, p\u00ebrgjegj\u00ebse e departamentit t\u00eb Gjuh\u00ebve t\u00eb Huaja, ky \u00ebsht\u00eb nj\u00eb projekt nd\u00ebrdisiplinor, i cili mb\u00ebshtetet nga...","og_url":"https:\/\/unkorce.edu.al\/en\/stigma-studim-krahasues-i-stigmatizimit-ne-diskursin-mediatik-ne-gjuhen-shqipe-dhe-angleze-nepermjet-teknologjise-se-informacionit-dhe-digjitalizimit-eshte-titulli-i-projekt\/","og_site_name":"Universiteti \"Fan S. Noli\", Kor\u00e7\u00eb","article_publisher":"https:\/\/www.facebook.com\/unkorce","article_published_time":"2024-10-21T09:12:57+00:00","article_modified_time":"2024-10-27T08:54:55+00:00","og_image":[{"width":1024,"height":768,"url":"https:\/\/unkorce.edu.al\/wp-content\/uploads\/2024\/10\/WhatsApp-Image-2024-10-21-at-14.03.20-1-1024x768-2.jpeg","type":"image\/jpeg"}],"author":"Brikela Qelemeni","twitter_card":"summary_large_image","twitter_misc":{"Written by":"Brikela Qelemeni","Est. reading time":"1 minute"},"schema":{"@context":"https:\/\/schema.org","@graph":[{"@type":"Article","@id":"https:\/\/unkorce.edu.al\/stigma-studim-krahasues-i-stigmatizimit-ne-diskursin-mediatik-ne-gjuhen-shqipe-dhe-angleze-nepermjet-teknologjise-se-informacionit-dhe-digjitalizimit-eshte-titulli-i-projekt\/#article","isPartOf":{"@id":"https:\/\/unkorce.edu.al\/stigma-studim-krahasues-i-stigmatizimit-ne-diskursin-mediatik-ne-gjuhen-shqipe-dhe-angleze-nepermjet-teknologjise-se-informacionit-dhe-digjitalizimit-eshte-titulli-i-projekt\/"},"author":{"name":"Brikela Qelemeni","@id":"https:\/\/unkorce.edu.al\/#\/schema\/person\/faa34c53e1891c174ff76279b528558e"},"headline":"\u00a0\u201cSTI(G)MA: STUDIM KRAHASUES I STIGMATIZIMIT N\u00cb DISKURSIN MEDIATIK N\u00cb GJUH\u00cbN SHQIPE DHE ANGLEZE N\u00cbP\u00cbRMJET TEKNOLOGJIS\u00cb S\u00cb INFORMACIONIT DHE DIGJITALIZIMIT\u201d \u00cbSHT\u00cb TITULLI I PROJEKTIT KOMB\u00cbTAR T\u00cb PREZANTUAR N\u00cb UNIVERSITETIN \u201cFAN S. NOLI\u201d","datePublished":"2024-10-21T09:12:57+00:00","dateModified":"2024-10-27T08:54:55+00:00","mainEntityOfPage":{"@id":"https:\/\/unkorce.edu.al\/stigma-studim-krahasues-i-stigmatizimit-ne-diskursin-mediatik-ne-gjuhen-shqipe-dhe-angleze-nepermjet-teknologjise-se-informacionit-dhe-digjitalizimit-eshte-titulli-i-projekt\/"},"wordCount":272,"commentCount":0,"publisher":{"@id":"https:\/\/unkorce.edu.al\/#organization"},"image":{"@id":"https:\/\/unkorce.edu.al\/stigma-studim-krahasues-i-stigmatizimit-ne-diskursin-mediatik-ne-gjuhen-shqipe-dhe-angleze-nepermjet-teknologjise-se-informacionit-dhe-digjitalizimit-eshte-titulli-i-projekt\/#primaryimage"},"thumbnailUrl":"https:\/\/unkorce.edu.al\/wp-content\/uploads\/2024\/10\/WhatsApp-Image-2024-10-21-at-14.03.20-1-1024x768-2.jpeg","articleSection":["Fakulteti i Edukimit dhe Filologjise"],"inLanguage":"en-US","potentialAction":[{"@type":"CommentAction","name":"Comment","target":["https:\/\/unkorce.edu.al\/stigma-studim-krahasues-i-stigmatizimit-ne-diskursin-mediatik-ne-gjuhen-shqipe-dhe-angleze-nepermjet-teknologjise-se-informacionit-dhe-digjitalizimit-eshte-titulli-i-projekt\/#respond"]}]},{"@type":"WebPage","@id":"https:\/\/unkorce.edu.al\/stigma-studim-krahasues-i-stigmatizimit-ne-diskursin-mediatik-ne-gjuhen-shqipe-dhe-angleze-nepermjet-teknologjise-se-informacionit-dhe-digjitalizimit-eshte-titulli-i-projekt\/","url":"https:\/\/unkorce.edu.al\/stigma-studim-krahasues-i-stigmatizimit-ne-diskursin-mediatik-ne-gjuhen-shqipe-dhe-angleze-nepermjet-teknologjise-se-informacionit-dhe-digjitalizimit-eshte-titulli-i-projekt\/","name":"\u00a0\u201cSTI(G)MA: STUDIM KRAHASUES I STIGMATIZIMIT N\u00cb DISKURSIN MEDIATIK N\u00cb GJUH\u00cbN SHQIPE DHE ANGLEZE N\u00cbP\u00cbRMJET TEKNOLOGJIS\u00cb S\u00cb INFORMACIONIT DHE DIGJITALIZIMIT\u201d \u00cbSHT\u00cb TITULLI I PROJEKTIT KOMB\u00cbTAR T\u00cb PREZANTUAR N\u00cb UNIVERSITETIN \u201cFAN S. NOLI\u201d - Universiteti \"Fan S. Noli\", Kor\u00e7\u00eb","isPartOf":{"@id":"https:\/\/unkorce.edu.al\/#website"},"primaryImageOfPage":{"@id":"https:\/\/unkorce.edu.al\/stigma-studim-krahasues-i-stigmatizimit-ne-diskursin-mediatik-ne-gjuhen-shqipe-dhe-angleze-nepermjet-teknologjise-se-informacionit-dhe-digjitalizimit-eshte-titulli-i-projekt\/#primaryimage"},"image":{"@id":"https:\/\/unkorce.edu.al\/stigma-studim-krahasues-i-stigmatizimit-ne-diskursin-mediatik-ne-gjuhen-shqipe-dhe-angleze-nepermjet-teknologjise-se-informacionit-dhe-digjitalizimit-eshte-titulli-i-projekt\/#primaryimage"},"thumbnailUrl":"https:\/\/unkorce.edu.al\/wp-content\/uploads\/2024\/10\/WhatsApp-Image-2024-10-21-at-14.03.20-1-1024x768-2.jpeg","datePublished":"2024-10-21T09:12:57+00:00","dateModified":"2024-10-27T08:54:55+00:00","breadcrumb":{"@id":"https:\/\/unkorce.edu.al\/stigma-studim-krahasues-i-stigmatizimit-ne-diskursin-mediatik-ne-gjuhen-shqipe-dhe-angleze-nepermjet-teknologjise-se-informacionit-dhe-digjitalizimit-eshte-titulli-i-projekt\/#breadcrumb"},"inLanguage":"en-US","potentialAction":[{"@type":"ReadAction","target":["https:\/\/unkorce.edu.al\/stigma-studim-krahasues-i-stigmatizimit-ne-diskursin-mediatik-ne-gjuhen-shqipe-dhe-angleze-nepermjet-teknologjise-se-informacionit-dhe-digjitalizimit-eshte-titulli-i-projekt\/"]}]},{"@type":"ImageObject","inLanguage":"en-US","@id":"https:\/\/unkorce.edu.al\/stigma-studim-krahasues-i-stigmatizimit-ne-diskursin-mediatik-ne-gjuhen-shqipe-dhe-angleze-nepermjet-teknologjise-se-informacionit-dhe-digjitalizimit-eshte-titulli-i-projekt\/#primaryimage","url":"https:\/\/unkorce.edu.al\/wp-content\/uploads\/2024\/10\/WhatsApp-Image-2024-10-21-at-14.03.20-1-1024x768-2.jpeg","contentUrl":"https:\/\/unkorce.edu.al\/wp-content\/uploads\/2024\/10\/WhatsApp-Image-2024-10-21-at-14.03.20-1-1024x768-2.jpeg","width":1024,"height":768},{"@type":"BreadcrumbList","@id":"https:\/\/unkorce.edu.al\/stigma-studim-krahasues-i-stigmatizimit-ne-diskursin-mediatik-ne-gjuhen-shqipe-dhe-angleze-nepermjet-teknologjise-se-informacionit-dhe-digjitalizimit-eshte-titulli-i-projekt\/#breadcrumb","itemListElement":[{"@type":"ListItem","position":1,"name":"Home","item":"https:\/\/unkorce.edu.al\/"},{"@type":"ListItem","position":2,"name":"\u00a0\u201cSTI(G)MA: STUDIM KRAHASUES I STIGMATIZIMIT N\u00cb DISKURSIN MEDIATIK N\u00cb GJUH\u00cbN SHQIPE DHE ANGLEZE N\u00cbP\u00cbRMJET TEKNOLOGJIS\u00cb S\u00cb INFORMACIONIT DHE DIGJITALIZIMIT\u201d \u00cbSHT\u00cb TITULLI I PROJEKTIT KOMB\u00cbTAR T\u00cb PREZANTUAR N\u00cb UNIVERSITETIN \u201cFAN S. NOLI\u201d"}]},{"@type":"WebSite","@id":"https:\/\/unkorce.edu.al\/#website","url":"https:\/\/unkorce.edu.al\/","name":"Universiteti \"Fan S. Noli\", Kor\u00e7\u00eb","description":"Mir&euml;sevini n&euml; faqen zyrtare!","publisher":{"@id":"https:\/\/unkorce.edu.al\/#organization"},"potentialAction":[{"@type":"SearchAction","target":{"@type":"EntryPoint","urlTemplate":"https:\/\/unkorce.edu.al\/?s={search_term_string}"},"query-input":{"@type":"PropertyValueSpecification","valueRequired":true,"valueName":"search_term_string"}}],"inLanguage":"en-US"},{"@type":"Organization","@id":"https:\/\/unkorce.edu.al\/#organization","name":"Universiteti \"Fan S. Noli\", Kor\u00e7\u00eb","url":"https:\/\/unkorce.edu.al\/","logo":{"@type":"ImageObject","inLanguage":"en-US","@id":"https:\/\/unkorce.edu.al\/#\/schema\/logo\/image\/","url":"https:\/\/unkorce.edu.al\/wp-content\/uploads\/2024\/08\/Logo_e_Universitetit__Fan_Noli_-e1726660879862.png","contentUrl":"https:\/\/unkorce.edu.al\/wp-content\/uploads\/2024\/08\/Logo_e_Universitetit__Fan_Noli_-e1726660879862.png","width":200,"height":120,"caption":"Universiteti \"Fan S. Noli\", Kor\u00e7\u00eb"},"image":{"@id":"https:\/\/unkorce.edu.al\/#\/schema\/logo\/image\/"},"sameAs":["https:\/\/www.facebook.com\/unkorce"]},{"@type":"Person","@id":"https:\/\/unkorce.edu.al\/#\/schema\/person\/faa34c53e1891c174ff76279b528558e","name":"Brikela Qelemeni","image":{"@type":"ImageObject","inLanguage":"en-US","@id":"https:\/\/unkorce.edu.al\/#\/schema\/person\/image\/","url":"https:\/\/secure.gravatar.com\/avatar\/6c1805558a9218503040c8b9055763822c6184a1cd600127210a9abbc5aaea04?s=96&d=mm&r=g","contentUrl":"https:\/\/secure.gravatar.com\/avatar\/6c1805558a9218503040c8b9055763822c6184a1cd600127210a9abbc5aaea04?s=96&d=mm&r=g","caption":"Brikela Qelemeni"},"url":"https:\/\/unkorce.edu.al\/en\/author\/brikela\/"}]}},"_links":{"self":[{"href":"https:\/\/unkorce.edu.al\/en\/wp-json\/wp\/v2\/posts\/26758","targetHints":{"allow":["GET"]}}],"collection":[{"href":"https:\/\/unkorce.edu.al\/en\/wp-json\/wp\/v2\/posts"}],"about":[{"href":"https:\/\/unkorce.edu.al\/en\/wp-json\/wp\/v2\/types\/post"}],"author":[{"embeddable":true,"href":"https:\/\/unkorce.edu.al\/en\/wp-json\/wp\/v2\/users\/2"}],"replies":[{"embeddable":true,"href":"https:\/\/unkorce.edu.al\/en\/wp-json\/wp\/v2\/comments?post=26758"}],"version-history":[{"count":1,"href":"https:\/\/unkorce.edu.al\/en\/wp-json\/wp\/v2\/posts\/26758\/revisions"}],"predecessor-version":[{"id":29202,"href":"https:\/\/unkorce.edu.al\/en\/wp-json\/wp\/v2\/posts\/26758\/revisions\/29202"}],"wp:featuredmedia":[{"embeddable":true,"href":"https:\/\/unkorce.edu.al\/en\/wp-json\/wp\/v2\/media\/29201"}],"wp:attachment":[{"href":"https:\/\/unkorce.edu.al\/en\/wp-json\/wp\/v2\/media?parent=26758"}],"wp:term":[{"taxonomy":"category","embeddable":true,"href":"https:\/\/unkorce.edu.al\/en\/wp-json\/wp\/v2\/categories?post=26758"},{"taxonomy":"post_tag","embeddable":true,"href":"https:\/\/unkorce.edu.al\/en\/wp-json\/wp\/v2\/tags?post=26758"}],"curies":[{"name":"wp","href":"https:\/\/api.w.org\/{rel}","templated":true}]}}