{"id":26629,"date":"2024-10-02T07:20:20","date_gmt":"2024-10-02T07:20:20","guid":{"rendered":"https:\/\/unkorce.edu.al\/?p=26629"},"modified":"2024-10-02T07:20:20","modified_gmt":"2024-10-02T07:20:20","slug":"informimi-dhe-njohja-e-studenteve-me-sherbimet-dhe-mundesite-qe-u-ofrohen-per-formimin-profesional-dhe-punesimin-ishin-ne-fokus-te-nje-takimi-midis-perfaqesuesve-nga-drejtoria-rajonale-e-punesimit-kor","status":"publish","type":"post","link":"https:\/\/unkorce.edu.al\/en\/informimi-dhe-njohja-e-studenteve-me-sherbimet-dhe-mundesite-qe-u-ofrohen-per-formimin-profesional-dhe-punesimin-ishin-ne-fokus-te-nje-takimi-midis-perfaqesuesve-nga-drejtoria-rajonale-e-punesimit-kor\/","title":{"rendered":"INFORMIMI DHE NJOHJA E STUDENT\u00cbVE ME SH\u00cbRBIMET DHE MUND\u00cbSIT\u00cb Q\u00cb U OFROHEN P\u00cbR FORMIMIN PROFESIONAL DHE PUN\u00cbSIMIN ISHIN N\u00cb FOKUS T\u00cb NJ\u00cb TAKIMI MIDIS P\u00cbRFAQ\u00cbSUESVE NGA DREJTORIA RAJONALE E PUN\u00cbSIMIT KOR\u00c7\u00cb DHE UNIKO"},"content":{"rendered":"<p>N\u00eb dat\u00ebn 2 tetor 2024 n\u00eb mjediset e Rektoratit u zhvillua nj\u00eb takim midis drejtuesve t\u00eb Universitetit \u201cFan S. Noli\u201d dhe Zyr\u00ebs s\u00eb Pun\u00ebs Kor\u00e7\u00eb me q\u00ebllim thellimin e bashk\u00ebpunimit n\u00eb kuad\u00ebr t\u00eb mb\u00ebshtetjes s\u00eb t\u00eb rinjve dhe konkretisht t\u00eb student\u00ebve me sh\u00ebrbime t\u00eb Formimit Profesional dhe pun\u00ebsimit me cil\u00ebsi t\u00eb lart\u00eb.<\/p>\n\n\n\n<p>Rektori, prof. dr. Lorenc Ekonomi, drejtorja e Drejtoris\u00eb rajonale t\u00eb Pun\u00ebs Kor\u00e7\u00eb, zjn. Denada Manoku, si dhe p\u00ebrfaq\u00ebsues t\u00eb tjer\u00eb t\u00eb t\u00eb dy institucioneve t\u00eb pranish\u00ebm n\u00eb takim diskutuan p\u00ebr m\u00ebnyrat e njohjes dhe t\u00eb informimit t\u00eb student\u00ebve me sh\u00ebrbimet, programet dhe n\u00eb p\u00ebrgjith\u00ebsi me mund\u00ebsit\u00eb q\u00eb kjo zyr\u00eb u ofron n\u00eb drejtim t\u00eb aft\u00ebsimit dhe pun\u00ebsimit t\u00eb tyre. &nbsp;<\/p>\n\n\n\n<p>N\u00eb k\u00ebt\u00eb kuad\u00ebr u soll\u00ebn edhe disa histori suksesi t\u00eb student\u00ebve t\u00eb cil\u00ebt pasi kan\u00eb purfunduar praktikat profesionale 6-mujore kan\u00eb arritur t\u00eb lidhin edhe kontrata t\u00eb rregullta pune me pun\u00ebdh\u00ebn\u00ebsit e tyre, kjo fal\u00eb p\u00ebrvoj\u00ebs s\u00eb fituar dhe aft\u00ebsive t\u00eb treguara n\u00eb pun\u00eb. &nbsp;<\/p>\n\n\n\n<figure class=\"wp-block-gallery has-nested-images columns-default is-cropped wp-block-gallery-1 is-layout-flex wp-block-gallery-is-layout-flex\">\n<figure class=\"wp-block-image size-large\"><img decoding=\"async\" data-id=\"26630\" src=\"https:\/\/unkorce.edu.al\/wp-content\/uploads\/2024\/10\/WhatsApp-Image-2024-10-04-at-09.17.42-1-1024x768.jpeg\" alt=\"\" class=\"wp-image-26630\"\/><\/figure>\n\n\n\n<figure class=\"wp-block-image size-large\"><img decoding=\"async\" data-id=\"26633\" src=\"https:\/\/unkorce.edu.al\/wp-content\/uploads\/2024\/10\/WhatsApp-Image-2024-10-04-at-09.17.42-5-1024x768.jpeg\" alt=\"\" class=\"wp-image-26633\"\/><\/figure>\n\n\n\n<figure class=\"wp-block-image size-large\"><img decoding=\"async\" data-id=\"26632\" src=\"https:\/\/unkorce.edu.al\/wp-content\/uploads\/2024\/10\/WhatsApp-Image-2024-10-04-at-09.17.42-6-1024x768.jpeg\" alt=\"\" class=\"wp-image-26632\"\/><\/figure>\n\n\n\n<figure class=\"wp-block-image size-large\"><img decoding=\"async\" data-id=\"26631\" src=\"https:\/\/unkorce.edu.al\/wp-content\/uploads\/2024\/10\/WhatsApp-Image-2024-10-04-at-09.17.42-8-1024x768.jpeg\" alt=\"\" class=\"wp-image-26631\"\/><\/figure>\n\n\n\n<figure class=\"wp-block-image size-large\"><img decoding=\"async\" data-id=\"26634\" src=\"https:\/\/unkorce.edu.al\/wp-content\/uploads\/2024\/10\/WhatsApp-Image-2024-10-04-at-09.17.42-10-1024x768.jpeg\" alt=\"\" class=\"wp-image-26634\"\/><\/figure>\n\n\n\n<figure class=\"wp-block-image size-large\"><img decoding=\"async\" data-id=\"26635\" src=\"https:\/\/unkorce.edu.al\/wp-content\/uploads\/2024\/10\/WhatsApp-Image-2024-10-04-at-09.17.42-13-1024x768.jpeg\" alt=\"\" class=\"wp-image-26635\"\/><\/figure>\n<\/figure>","protected":false},"excerpt":{"rendered":"<p>N\u00eb dat\u00ebn 2 tetor 2024 n\u00eb mjediset e Rektoratit u zhvillua nj\u00eb takim midis drejtuesve t\u00eb Universitetit \u201cFan S. Noli\u201d dhe Zyr\u00ebs s\u00eb Pun\u00ebs Kor\u00e7\u00eb me q\u00ebllim thellimin e bashk\u00ebpunimit n\u00eb kuad\u00ebr t\u00eb mb\u00ebshtetjes s\u00eb t\u00eb rinjve dhe konkretisht t\u00eb student\u00ebve me sh\u00ebrbime t\u00eb Formimit Profesional dhe pun\u00ebsimit me cil\u00ebsi t\u00eb lart\u00eb. Rektori, prof. dr&#8230;.<\/p>","protected":false},"author":2,"featured_media":26630,"comment_status":"open","ping_status":"open","sticky":false,"template":"","format":"standard","meta":{"_acf_changed":false,"footnotes":""},"categories":[26,39],"tags":[],"class_list":["post-26629","post","type-post","status-publish","format-standard","has-post-thumbnail","hentry","category-uncategorized-sq","category-veprimtari-marredheniet-me-jashte-iro"],"acf":[],"yoast_head":"<!-- This site is optimized with the Yoast SEO plugin v26.9 - https:\/\/yoast.com\/product\/yoast-seo-wordpress\/ -->\n<title>INFORMIMI DHE NJOHJA E STUDENT\u00cbVE ME SH\u00cbRBIMET DHE MUND\u00cbSIT\u00cb Q\u00cb U OFROHEN P\u00cbR FORMIMIN PROFESIONAL DHE PUN\u00cbSIMIN ISHIN N\u00cb FOKUS T\u00cb NJ\u00cb TAKIMI MIDIS P\u00cbRFAQ\u00cbSUESVE NGA DREJTORIA RAJONALE E PUN\u00cbSIMIT KOR\u00c7\u00cb DHE UNIKO - Universiteti &quot;Fan S. Noli&quot;, Kor\u00e7\u00eb<\/title>\n<meta name=\"robots\" content=\"index, follow, max-snippet:-1, max-image-preview:large, max-video-preview:-1\" \/>\n<link rel=\"canonical\" href=\"https:\/\/unkorce.edu.al\/en\/informimi-dhe-njohja-e-studenteve-me-sherbimet-dhe-mundesite-qe-u-ofrohen-per-formimin-profesional-dhe-punesimin-ishin-ne-fokus-te-nje-takimi-midis-perfaqesuesve-nga-drejtoria-rajonale-e-punesimit-kor\/\" \/>\n<meta property=\"og:locale\" content=\"en_US\" \/>\n<meta property=\"og:type\" content=\"article\" \/>\n<meta property=\"og:title\" content=\"INFORMIMI DHE NJOHJA E STUDENT\u00cbVE ME SH\u00cbRBIMET DHE MUND\u00cbSIT\u00cb Q\u00cb U OFROHEN P\u00cbR FORMIMIN PROFESIONAL DHE PUN\u00cbSIMIN ISHIN N\u00cb FOKUS T\u00cb NJ\u00cb TAKIMI MIDIS P\u00cbRFAQ\u00cbSUESVE NGA DREJTORIA RAJONALE E PUN\u00cbSIMIT KOR\u00c7\u00cb DHE UNIKO - Universiteti &quot;Fan S. Noli&quot;, Kor\u00e7\u00eb\" \/>\n<meta property=\"og:description\" content=\"N\u00eb dat\u00ebn 2 tetor 2024 n\u00eb mjediset e Rektoratit u zhvillua nj\u00eb takim midis drejtuesve t\u00eb Universitetit \u201cFan S. Noli\u201d dhe Zyr\u00ebs s\u00eb Pun\u00ebs Kor\u00e7\u00eb me q\u00ebllim thellimin e bashk\u00ebpunimit n\u00eb kuad\u00ebr t\u00eb mb\u00ebshtetjes s\u00eb t\u00eb rinjve dhe konkretisht t\u00eb student\u00ebve me sh\u00ebrbime t\u00eb Formimit Profesional dhe pun\u00ebsimit me cil\u00ebsi t\u00eb lart\u00eb. Rektori, prof. dr....\" \/>\n<meta property=\"og:url\" content=\"https:\/\/unkorce.edu.al\/en\/informimi-dhe-njohja-e-studenteve-me-sherbimet-dhe-mundesite-qe-u-ofrohen-per-formimin-profesional-dhe-punesimin-ishin-ne-fokus-te-nje-takimi-midis-perfaqesuesve-nga-drejtoria-rajonale-e-punesimit-kor\/\" \/>\n<meta property=\"og:site_name\" content=\"Universiteti &quot;Fan S. Noli&quot;, Kor\u00e7\u00eb\" \/>\n<meta property=\"article:publisher\" content=\"https:\/\/www.facebook.com\/unkorce\" \/>\n<meta property=\"article:published_time\" content=\"2024-10-02T07:20:20+00:00\" \/>\n<meta property=\"og:image\" content=\"https:\/\/unkorce.edu.al\/wp-content\/uploads\/2024\/10\/WhatsApp-Image-2024-10-04-at-09.17.42-1-1.jpeg\" \/>\n\t<meta property=\"og:image:width\" content=\"1280\" \/>\n\t<meta property=\"og:image:height\" content=\"960\" \/>\n\t<meta property=\"og:image:type\" content=\"image\/jpeg\" \/>\n<meta name=\"author\" content=\"Brikela Qelemeni\" \/>\n<meta name=\"twitter:card\" content=\"summary_large_image\" \/>\n<meta name=\"twitter:label1\" content=\"Written by\" \/>\n\t<meta name=\"twitter:data1\" content=\"Brikela Qelemeni\" \/>\n\t<meta name=\"twitter:label2\" content=\"Est. reading time\" \/>\n\t<meta name=\"twitter:data2\" content=\"1 minute\" \/>\n<script type=\"application\/ld+json\" class=\"yoast-schema-graph\">{\"@context\":\"https:\/\/schema.org\",\"@graph\":[{\"@type\":\"Article\",\"@id\":\"https:\/\/unkorce.edu.al\/informimi-dhe-njohja-e-studenteve-me-sherbimet-dhe-mundesite-qe-u-ofrohen-per-formimin-profesional-dhe-punesimin-ishin-ne-fokus-te-nje-takimi-midis-perfaqesuesve-nga-drejtoria-rajonale-e-punesimit-kor\/#article\",\"isPartOf\":{\"@id\":\"https:\/\/unkorce.edu.al\/informimi-dhe-njohja-e-studenteve-me-sherbimet-dhe-mundesite-qe-u-ofrohen-per-formimin-profesional-dhe-punesimin-ishin-ne-fokus-te-nje-takimi-midis-perfaqesuesve-nga-drejtoria-rajonale-e-punesimit-kor\/\"},\"author\":{\"name\":\"Brikela Qelemeni\",\"@id\":\"https:\/\/unkorce.edu.al\/#\/schema\/person\/faa34c53e1891c174ff76279b528558e\"},\"headline\":\"INFORMIMI DHE NJOHJA E STUDENT\u00cbVE ME SH\u00cbRBIMET DHE MUND\u00cbSIT\u00cb Q\u00cb U OFROHEN P\u00cbR FORMIMIN PROFESIONAL DHE PUN\u00cbSIMIN ISHIN N\u00cb FOKUS T\u00cb NJ\u00cb TAKIMI MIDIS P\u00cbRFAQ\u00cbSUESVE NGA DREJTORIA RAJONALE E PUN\u00cbSIMIT KOR\u00c7\u00cb DHE UNIKO\",\"datePublished\":\"2024-10-02T07:20:20+00:00\",\"mainEntityOfPage\":{\"@id\":\"https:\/\/unkorce.edu.al\/informimi-dhe-njohja-e-studenteve-me-sherbimet-dhe-mundesite-qe-u-ofrohen-per-formimin-profesional-dhe-punesimin-ishin-ne-fokus-te-nje-takimi-midis-perfaqesuesve-nga-drejtoria-rajonale-e-punesimit-kor\/\"},\"wordCount\":230,\"commentCount\":0,\"publisher\":{\"@id\":\"https:\/\/unkorce.edu.al\/#organization\"},\"image\":{\"@id\":\"https:\/\/unkorce.edu.al\/informimi-dhe-njohja-e-studenteve-me-sherbimet-dhe-mundesite-qe-u-ofrohen-per-formimin-profesional-dhe-punesimin-ishin-ne-fokus-te-nje-takimi-midis-perfaqesuesve-nga-drejtoria-rajonale-e-punesimit-kor\/#primaryimage\"},\"thumbnailUrl\":\"https:\/\/unkorce.edu.al\/wp-content\/uploads\/2024\/10\/WhatsApp-Image-2024-10-04-at-09.17.42-1-1.jpeg\",\"articleSection\":{\"1\":\"Veprimtari\"},\"inLanguage\":\"en-US\",\"potentialAction\":[{\"@type\":\"CommentAction\",\"name\":\"Comment\",\"target\":[\"https:\/\/unkorce.edu.al\/informimi-dhe-njohja-e-studenteve-me-sherbimet-dhe-mundesite-qe-u-ofrohen-per-formimin-profesional-dhe-punesimin-ishin-ne-fokus-te-nje-takimi-midis-perfaqesuesve-nga-drejtoria-rajonale-e-punesimit-kor\/#respond\"]}]},{\"@type\":\"WebPage\",\"@id\":\"https:\/\/unkorce.edu.al\/informimi-dhe-njohja-e-studenteve-me-sherbimet-dhe-mundesite-qe-u-ofrohen-per-formimin-profesional-dhe-punesimin-ishin-ne-fokus-te-nje-takimi-midis-perfaqesuesve-nga-drejtoria-rajonale-e-punesimit-kor\/\",\"url\":\"https:\/\/unkorce.edu.al\/informimi-dhe-njohja-e-studenteve-me-sherbimet-dhe-mundesite-qe-u-ofrohen-per-formimin-profesional-dhe-punesimin-ishin-ne-fokus-te-nje-takimi-midis-perfaqesuesve-nga-drejtoria-rajonale-e-punesimit-kor\/\",\"name\":\"INFORMIMI DHE NJOHJA E STUDENT\u00cbVE ME SH\u00cbRBIMET DHE MUND\u00cbSIT\u00cb Q\u00cb U OFROHEN P\u00cbR FORMIMIN PROFESIONAL DHE PUN\u00cbSIMIN ISHIN N\u00cb FOKUS T\u00cb NJ\u00cb TAKIMI MIDIS P\u00cbRFAQ\u00cbSUESVE NGA DREJTORIA RAJONALE E PUN\u00cbSIMIT KOR\u00c7\u00cb DHE UNIKO - Universiteti \\\"Fan S. Noli\\\", Kor\u00e7\u00eb\",\"isPartOf\":{\"@id\":\"https:\/\/unkorce.edu.al\/#website\"},\"primaryImageOfPage\":{\"@id\":\"https:\/\/unkorce.edu.al\/informimi-dhe-njohja-e-studenteve-me-sherbimet-dhe-mundesite-qe-u-ofrohen-per-formimin-profesional-dhe-punesimin-ishin-ne-fokus-te-nje-takimi-midis-perfaqesuesve-nga-drejtoria-rajonale-e-punesimit-kor\/#primaryimage\"},\"image\":{\"@id\":\"https:\/\/unkorce.edu.al\/informimi-dhe-njohja-e-studenteve-me-sherbimet-dhe-mundesite-qe-u-ofrohen-per-formimin-profesional-dhe-punesimin-ishin-ne-fokus-te-nje-takimi-midis-perfaqesuesve-nga-drejtoria-rajonale-e-punesimit-kor\/#primaryimage\"},\"thumbnailUrl\":\"https:\/\/unkorce.edu.al\/wp-content\/uploads\/2024\/10\/WhatsApp-Image-2024-10-04-at-09.17.42-1-1.jpeg\",\"datePublished\":\"2024-10-02T07:20:20+00:00\",\"breadcrumb\":{\"@id\":\"https:\/\/unkorce.edu.al\/informimi-dhe-njohja-e-studenteve-me-sherbimet-dhe-mundesite-qe-u-ofrohen-per-formimin-profesional-dhe-punesimin-ishin-ne-fokus-te-nje-takimi-midis-perfaqesuesve-nga-drejtoria-rajonale-e-punesimit-kor\/#breadcrumb\"},\"inLanguage\":\"en-US\",\"potentialAction\":[{\"@type\":\"ReadAction\",\"target\":[\"https:\/\/unkorce.edu.al\/informimi-dhe-njohja-e-studenteve-me-sherbimet-dhe-mundesite-qe-u-ofrohen-per-formimin-profesional-dhe-punesimin-ishin-ne-fokus-te-nje-takimi-midis-perfaqesuesve-nga-drejtoria-rajonale-e-punesimit-kor\/\"]}]},{\"@type\":\"ImageObject\",\"inLanguage\":\"en-US\",\"@id\":\"https:\/\/unkorce.edu.al\/informimi-dhe-njohja-e-studenteve-me-sherbimet-dhe-mundesite-qe-u-ofrohen-per-formimin-profesional-dhe-punesimin-ishin-ne-fokus-te-nje-takimi-midis-perfaqesuesve-nga-drejtoria-rajonale-e-punesimit-kor\/#primaryimage\",\"url\":\"https:\/\/unkorce.edu.al\/wp-content\/uploads\/2024\/10\/WhatsApp-Image-2024-10-04-at-09.17.42-1-1.jpeg\",\"contentUrl\":\"https:\/\/unkorce.edu.al\/wp-content\/uploads\/2024\/10\/WhatsApp-Image-2024-10-04-at-09.17.42-1-1.jpeg\",\"width\":1280,\"height\":960},{\"@type\":\"BreadcrumbList\",\"@id\":\"https:\/\/unkorce.edu.al\/informimi-dhe-njohja-e-studenteve-me-sherbimet-dhe-mundesite-qe-u-ofrohen-per-formimin-profesional-dhe-punesimin-ishin-ne-fokus-te-nje-takimi-midis-perfaqesuesve-nga-drejtoria-rajonale-e-punesimit-kor\/#breadcrumb\",\"itemListElement\":[{\"@type\":\"ListItem\",\"position\":1,\"name\":\"Home\",\"item\":\"https:\/\/unkorce.edu.al\/\"},{\"@type\":\"ListItem\",\"position\":2,\"name\":\"INFORMIMI DHE NJOHJA E STUDENT\u00cbVE ME SH\u00cbRBIMET DHE MUND\u00cbSIT\u00cb Q\u00cb U OFROHEN P\u00cbR FORMIMIN PROFESIONAL DHE PUN\u00cbSIMIN ISHIN N\u00cb FOKUS T\u00cb NJ\u00cb TAKIMI MIDIS P\u00cbRFAQ\u00cbSUESVE NGA DREJTORIA RAJONALE E PUN\u00cbSIMIT KOR\u00c7\u00cb DHE UNIKO\"}]},{\"@type\":\"WebSite\",\"@id\":\"https:\/\/unkorce.edu.al\/#website\",\"url\":\"https:\/\/unkorce.edu.al\/\",\"name\":\"Universiteti \\\"Fan S. Noli\\\", Kor\u00e7\u00eb\",\"description\":\"Mir&euml;sevini n&euml; faqen zyrtare!\",\"publisher\":{\"@id\":\"https:\/\/unkorce.edu.al\/#organization\"},\"potentialAction\":[{\"@type\":\"SearchAction\",\"target\":{\"@type\":\"EntryPoint\",\"urlTemplate\":\"https:\/\/unkorce.edu.al\/?s={search_term_string}\"},\"query-input\":{\"@type\":\"PropertyValueSpecification\",\"valueRequired\":true,\"valueName\":\"search_term_string\"}}],\"inLanguage\":\"en-US\"},{\"@type\":\"Organization\",\"@id\":\"https:\/\/unkorce.edu.al\/#organization\",\"name\":\"Universiteti \\\"Fan S. Noli\\\", Kor\u00e7\u00eb\",\"url\":\"https:\/\/unkorce.edu.al\/\",\"logo\":{\"@type\":\"ImageObject\",\"inLanguage\":\"en-US\",\"@id\":\"https:\/\/unkorce.edu.al\/#\/schema\/logo\/image\/\",\"url\":\"https:\/\/unkorce.edu.al\/wp-content\/uploads\/2024\/08\/Logo_e_Universitetit__Fan_Noli_-e1726660879862.png\",\"contentUrl\":\"https:\/\/unkorce.edu.al\/wp-content\/uploads\/2024\/08\/Logo_e_Universitetit__Fan_Noli_-e1726660879862.png\",\"width\":200,\"height\":120,\"caption\":\"Universiteti \\\"Fan S. Noli\\\", Kor\u00e7\u00eb\"},\"image\":{\"@id\":\"https:\/\/unkorce.edu.al\/#\/schema\/logo\/image\/\"},\"sameAs\":[\"https:\/\/www.facebook.com\/unkorce\"]},{\"@type\":\"Person\",\"@id\":\"https:\/\/unkorce.edu.al\/#\/schema\/person\/faa34c53e1891c174ff76279b528558e\",\"name\":\"Brikela Qelemeni\",\"image\":{\"@type\":\"ImageObject\",\"inLanguage\":\"en-US\",\"@id\":\"https:\/\/unkorce.edu.al\/#\/schema\/person\/image\/\",\"url\":\"https:\/\/secure.gravatar.com\/avatar\/6c1805558a9218503040c8b9055763822c6184a1cd600127210a9abbc5aaea04?s=96&d=mm&r=g\",\"contentUrl\":\"https:\/\/secure.gravatar.com\/avatar\/6c1805558a9218503040c8b9055763822c6184a1cd600127210a9abbc5aaea04?s=96&d=mm&r=g\",\"caption\":\"Brikela Qelemeni\"},\"url\":\"https:\/\/unkorce.edu.al\/en\/author\/brikela\/\"}]}<\/script>\n<!-- \/ Yoast SEO plugin. -->","yoast_head_json":{"title":"INFORMIMI DHE NJOHJA E STUDENT\u00cbVE ME SH\u00cbRBIMET DHE MUND\u00cbSIT\u00cb Q\u00cb U OFROHEN P\u00cbR FORMIMIN PROFESIONAL DHE PUN\u00cbSIMIN ISHIN N\u00cb FOKUS T\u00cb NJ\u00cb TAKIMI MIDIS P\u00cbRFAQ\u00cbSUESVE NGA DREJTORIA RAJONALE E PUN\u00cbSIMIT KOR\u00c7\u00cb DHE UNIKO - Universiteti \"Fan S. Noli\", Kor\u00e7\u00eb","robots":{"index":"index","follow":"follow","max-snippet":"max-snippet:-1","max-image-preview":"max-image-preview:large","max-video-preview":"max-video-preview:-1"},"canonical":"https:\/\/unkorce.edu.al\/en\/informimi-dhe-njohja-e-studenteve-me-sherbimet-dhe-mundesite-qe-u-ofrohen-per-formimin-profesional-dhe-punesimin-ishin-ne-fokus-te-nje-takimi-midis-perfaqesuesve-nga-drejtoria-rajonale-e-punesimit-kor\/","og_locale":"en_US","og_type":"article","og_title":"INFORMIMI DHE NJOHJA E STUDENT\u00cbVE ME SH\u00cbRBIMET DHE MUND\u00cbSIT\u00cb Q\u00cb U OFROHEN P\u00cbR FORMIMIN PROFESIONAL DHE PUN\u00cbSIMIN ISHIN N\u00cb FOKUS T\u00cb NJ\u00cb TAKIMI MIDIS P\u00cbRFAQ\u00cbSUESVE NGA DREJTORIA RAJONALE E PUN\u00cbSIMIT KOR\u00c7\u00cb DHE UNIKO - Universiteti \"Fan S. Noli\", Kor\u00e7\u00eb","og_description":"N\u00eb dat\u00ebn 2 tetor 2024 n\u00eb mjediset e Rektoratit u zhvillua nj\u00eb takim midis drejtuesve t\u00eb Universitetit \u201cFan S. Noli\u201d dhe Zyr\u00ebs s\u00eb Pun\u00ebs Kor\u00e7\u00eb me q\u00ebllim thellimin e bashk\u00ebpunimit n\u00eb kuad\u00ebr t\u00eb mb\u00ebshtetjes s\u00eb t\u00eb rinjve dhe konkretisht t\u00eb student\u00ebve me sh\u00ebrbime t\u00eb Formimit Profesional dhe pun\u00ebsimit me cil\u00ebsi t\u00eb lart\u00eb. Rektori, prof. dr....","og_url":"https:\/\/unkorce.edu.al\/en\/informimi-dhe-njohja-e-studenteve-me-sherbimet-dhe-mundesite-qe-u-ofrohen-per-formimin-profesional-dhe-punesimin-ishin-ne-fokus-te-nje-takimi-midis-perfaqesuesve-nga-drejtoria-rajonale-e-punesimit-kor\/","og_site_name":"Universiteti \"Fan S. Noli\", Kor\u00e7\u00eb","article_publisher":"https:\/\/www.facebook.com\/unkorce","article_published_time":"2024-10-02T07:20:20+00:00","og_image":[{"width":1280,"height":960,"url":"https:\/\/unkorce.edu.al\/wp-content\/uploads\/2024\/10\/WhatsApp-Image-2024-10-04-at-09.17.42-1-1.jpeg","type":"image\/jpeg"}],"author":"Brikela Qelemeni","twitter_card":"summary_large_image","twitter_misc":{"Written by":"Brikela Qelemeni","Est. reading time":"1 minute"},"schema":{"@context":"https:\/\/schema.org","@graph":[{"@type":"Article","@id":"https:\/\/unkorce.edu.al\/informimi-dhe-njohja-e-studenteve-me-sherbimet-dhe-mundesite-qe-u-ofrohen-per-formimin-profesional-dhe-punesimin-ishin-ne-fokus-te-nje-takimi-midis-perfaqesuesve-nga-drejtoria-rajonale-e-punesimit-kor\/#article","isPartOf":{"@id":"https:\/\/unkorce.edu.al\/informimi-dhe-njohja-e-studenteve-me-sherbimet-dhe-mundesite-qe-u-ofrohen-per-formimin-profesional-dhe-punesimin-ishin-ne-fokus-te-nje-takimi-midis-perfaqesuesve-nga-drejtoria-rajonale-e-punesimit-kor\/"},"author":{"name":"Brikela Qelemeni","@id":"https:\/\/unkorce.edu.al\/#\/schema\/person\/faa34c53e1891c174ff76279b528558e"},"headline":"INFORMIMI DHE NJOHJA E STUDENT\u00cbVE ME SH\u00cbRBIMET DHE MUND\u00cbSIT\u00cb Q\u00cb U OFROHEN P\u00cbR FORMIMIN PROFESIONAL DHE PUN\u00cbSIMIN ISHIN N\u00cb FOKUS T\u00cb NJ\u00cb TAKIMI MIDIS P\u00cbRFAQ\u00cbSUESVE NGA DREJTORIA RAJONALE E PUN\u00cbSIMIT KOR\u00c7\u00cb DHE UNIKO","datePublished":"2024-10-02T07:20:20+00:00","mainEntityOfPage":{"@id":"https:\/\/unkorce.edu.al\/informimi-dhe-njohja-e-studenteve-me-sherbimet-dhe-mundesite-qe-u-ofrohen-per-formimin-profesional-dhe-punesimin-ishin-ne-fokus-te-nje-takimi-midis-perfaqesuesve-nga-drejtoria-rajonale-e-punesimit-kor\/"},"wordCount":230,"commentCount":0,"publisher":{"@id":"https:\/\/unkorce.edu.al\/#organization"},"image":{"@id":"https:\/\/unkorce.edu.al\/informimi-dhe-njohja-e-studenteve-me-sherbimet-dhe-mundesite-qe-u-ofrohen-per-formimin-profesional-dhe-punesimin-ishin-ne-fokus-te-nje-takimi-midis-perfaqesuesve-nga-drejtoria-rajonale-e-punesimit-kor\/#primaryimage"},"thumbnailUrl":"https:\/\/unkorce.edu.al\/wp-content\/uploads\/2024\/10\/WhatsApp-Image-2024-10-04-at-09.17.42-1-1.jpeg","articleSection":{"1":"Veprimtari"},"inLanguage":"en-US","potentialAction":[{"@type":"CommentAction","name":"Comment","target":["https:\/\/unkorce.edu.al\/informimi-dhe-njohja-e-studenteve-me-sherbimet-dhe-mundesite-qe-u-ofrohen-per-formimin-profesional-dhe-punesimin-ishin-ne-fokus-te-nje-takimi-midis-perfaqesuesve-nga-drejtoria-rajonale-e-punesimit-kor\/#respond"]}]},{"@type":"WebPage","@id":"https:\/\/unkorce.edu.al\/informimi-dhe-njohja-e-studenteve-me-sherbimet-dhe-mundesite-qe-u-ofrohen-per-formimin-profesional-dhe-punesimin-ishin-ne-fokus-te-nje-takimi-midis-perfaqesuesve-nga-drejtoria-rajonale-e-punesimit-kor\/","url":"https:\/\/unkorce.edu.al\/informimi-dhe-njohja-e-studenteve-me-sherbimet-dhe-mundesite-qe-u-ofrohen-per-formimin-profesional-dhe-punesimin-ishin-ne-fokus-te-nje-takimi-midis-perfaqesuesve-nga-drejtoria-rajonale-e-punesimit-kor\/","name":"INFORMIMI DHE NJOHJA E STUDENT\u00cbVE ME SH\u00cbRBIMET DHE MUND\u00cbSIT\u00cb Q\u00cb U OFROHEN P\u00cbR FORMIMIN PROFESIONAL DHE PUN\u00cbSIMIN ISHIN N\u00cb FOKUS T\u00cb NJ\u00cb TAKIMI MIDIS P\u00cbRFAQ\u00cbSUESVE NGA DREJTORIA RAJONALE E PUN\u00cbSIMIT KOR\u00c7\u00cb DHE UNIKO - Universiteti \"Fan S. Noli\", Kor\u00e7\u00eb","isPartOf":{"@id":"https:\/\/unkorce.edu.al\/#website"},"primaryImageOfPage":{"@id":"https:\/\/unkorce.edu.al\/informimi-dhe-njohja-e-studenteve-me-sherbimet-dhe-mundesite-qe-u-ofrohen-per-formimin-profesional-dhe-punesimin-ishin-ne-fokus-te-nje-takimi-midis-perfaqesuesve-nga-drejtoria-rajonale-e-punesimit-kor\/#primaryimage"},"image":{"@id":"https:\/\/unkorce.edu.al\/informimi-dhe-njohja-e-studenteve-me-sherbimet-dhe-mundesite-qe-u-ofrohen-per-formimin-profesional-dhe-punesimin-ishin-ne-fokus-te-nje-takimi-midis-perfaqesuesve-nga-drejtoria-rajonale-e-punesimit-kor\/#primaryimage"},"thumbnailUrl":"https:\/\/unkorce.edu.al\/wp-content\/uploads\/2024\/10\/WhatsApp-Image-2024-10-04-at-09.17.42-1-1.jpeg","datePublished":"2024-10-02T07:20:20+00:00","breadcrumb":{"@id":"https:\/\/unkorce.edu.al\/informimi-dhe-njohja-e-studenteve-me-sherbimet-dhe-mundesite-qe-u-ofrohen-per-formimin-profesional-dhe-punesimin-ishin-ne-fokus-te-nje-takimi-midis-perfaqesuesve-nga-drejtoria-rajonale-e-punesimit-kor\/#breadcrumb"},"inLanguage":"en-US","potentialAction":[{"@type":"ReadAction","target":["https:\/\/unkorce.edu.al\/informimi-dhe-njohja-e-studenteve-me-sherbimet-dhe-mundesite-qe-u-ofrohen-per-formimin-profesional-dhe-punesimin-ishin-ne-fokus-te-nje-takimi-midis-perfaqesuesve-nga-drejtoria-rajonale-e-punesimit-kor\/"]}]},{"@type":"ImageObject","inLanguage":"en-US","@id":"https:\/\/unkorce.edu.al\/informimi-dhe-njohja-e-studenteve-me-sherbimet-dhe-mundesite-qe-u-ofrohen-per-formimin-profesional-dhe-punesimin-ishin-ne-fokus-te-nje-takimi-midis-perfaqesuesve-nga-drejtoria-rajonale-e-punesimit-kor\/#primaryimage","url":"https:\/\/unkorce.edu.al\/wp-content\/uploads\/2024\/10\/WhatsApp-Image-2024-10-04-at-09.17.42-1-1.jpeg","contentUrl":"https:\/\/unkorce.edu.al\/wp-content\/uploads\/2024\/10\/WhatsApp-Image-2024-10-04-at-09.17.42-1-1.jpeg","width":1280,"height":960},{"@type":"BreadcrumbList","@id":"https:\/\/unkorce.edu.al\/informimi-dhe-njohja-e-studenteve-me-sherbimet-dhe-mundesite-qe-u-ofrohen-per-formimin-profesional-dhe-punesimin-ishin-ne-fokus-te-nje-takimi-midis-perfaqesuesve-nga-drejtoria-rajonale-e-punesimit-kor\/#breadcrumb","itemListElement":[{"@type":"ListItem","position":1,"name":"Home","item":"https:\/\/unkorce.edu.al\/"},{"@type":"ListItem","position":2,"name":"INFORMIMI DHE NJOHJA E STUDENT\u00cbVE ME SH\u00cbRBIMET DHE MUND\u00cbSIT\u00cb Q\u00cb U OFROHEN P\u00cbR FORMIMIN PROFESIONAL DHE PUN\u00cbSIMIN ISHIN N\u00cb FOKUS T\u00cb NJ\u00cb TAKIMI MIDIS P\u00cbRFAQ\u00cbSUESVE NGA DREJTORIA RAJONALE E PUN\u00cbSIMIT KOR\u00c7\u00cb DHE UNIKO"}]},{"@type":"WebSite","@id":"https:\/\/unkorce.edu.al\/#website","url":"https:\/\/unkorce.edu.al\/","name":"Universiteti \"Fan S. Noli\", Kor\u00e7\u00eb","description":"Mir&euml;sevini n&euml; faqen zyrtare!","publisher":{"@id":"https:\/\/unkorce.edu.al\/#organization"},"potentialAction":[{"@type":"SearchAction","target":{"@type":"EntryPoint","urlTemplate":"https:\/\/unkorce.edu.al\/?s={search_term_string}"},"query-input":{"@type":"PropertyValueSpecification","valueRequired":true,"valueName":"search_term_string"}}],"inLanguage":"en-US"},{"@type":"Organization","@id":"https:\/\/unkorce.edu.al\/#organization","name":"Universiteti \"Fan S. Noli\", Kor\u00e7\u00eb","url":"https:\/\/unkorce.edu.al\/","logo":{"@type":"ImageObject","inLanguage":"en-US","@id":"https:\/\/unkorce.edu.al\/#\/schema\/logo\/image\/","url":"https:\/\/unkorce.edu.al\/wp-content\/uploads\/2024\/08\/Logo_e_Universitetit__Fan_Noli_-e1726660879862.png","contentUrl":"https:\/\/unkorce.edu.al\/wp-content\/uploads\/2024\/08\/Logo_e_Universitetit__Fan_Noli_-e1726660879862.png","width":200,"height":120,"caption":"Universiteti \"Fan S. Noli\", Kor\u00e7\u00eb"},"image":{"@id":"https:\/\/unkorce.edu.al\/#\/schema\/logo\/image\/"},"sameAs":["https:\/\/www.facebook.com\/unkorce"]},{"@type":"Person","@id":"https:\/\/unkorce.edu.al\/#\/schema\/person\/faa34c53e1891c174ff76279b528558e","name":"Brikela Qelemeni","image":{"@type":"ImageObject","inLanguage":"en-US","@id":"https:\/\/unkorce.edu.al\/#\/schema\/person\/image\/","url":"https:\/\/secure.gravatar.com\/avatar\/6c1805558a9218503040c8b9055763822c6184a1cd600127210a9abbc5aaea04?s=96&d=mm&r=g","contentUrl":"https:\/\/secure.gravatar.com\/avatar\/6c1805558a9218503040c8b9055763822c6184a1cd600127210a9abbc5aaea04?s=96&d=mm&r=g","caption":"Brikela Qelemeni"},"url":"https:\/\/unkorce.edu.al\/en\/author\/brikela\/"}]}},"_links":{"self":[{"href":"https:\/\/unkorce.edu.al\/en\/wp-json\/wp\/v2\/posts\/26629","targetHints":{"allow":["GET"]}}],"collection":[{"href":"https:\/\/unkorce.edu.al\/en\/wp-json\/wp\/v2\/posts"}],"about":[{"href":"https:\/\/unkorce.edu.al\/en\/wp-json\/wp\/v2\/types\/post"}],"author":[{"embeddable":true,"href":"https:\/\/unkorce.edu.al\/en\/wp-json\/wp\/v2\/users\/2"}],"replies":[{"embeddable":true,"href":"https:\/\/unkorce.edu.al\/en\/wp-json\/wp\/v2\/comments?post=26629"}],"version-history":[{"count":0,"href":"https:\/\/unkorce.edu.al\/en\/wp-json\/wp\/v2\/posts\/26629\/revisions"}],"wp:featuredmedia":[{"embeddable":true,"href":"https:\/\/unkorce.edu.al\/en\/wp-json\/wp\/v2\/media\/26630"}],"wp:attachment":[{"href":"https:\/\/unkorce.edu.al\/en\/wp-json\/wp\/v2\/media?parent=26629"}],"wp:term":[{"taxonomy":"category","embeddable":true,"href":"https:\/\/unkorce.edu.al\/en\/wp-json\/wp\/v2\/categories?post=26629"},{"taxonomy":"post_tag","embeddable":true,"href":"https:\/\/unkorce.edu.al\/en\/wp-json\/wp\/v2\/tags?post=26629"}],"curies":[{"name":"wp","href":"https:\/\/api.w.org\/{rel}","templated":true}]}}