{"id":26332,"date":"2024-09-30T12:10:33","date_gmt":"2024-09-30T12:10:33","guid":{"rendered":"https:\/\/unkorce.edu.al\/?p=26332"},"modified":"2024-09-30T12:10:33","modified_gmt":"2024-09-30T12:10:33","slug":"u-prezantua-ne-universitetin-fan-s-noli-projekti-trashegimia-kulturore-e-pakicave-etnike-dhe-linguistike-ne-qarkun-e-korces","status":"publish","type":"post","link":"https:\/\/unkorce.edu.al\/en\/u-prezantua-ne-universitetin-fan-s-noli-projekti-trashegimia-kulturore-e-pakicave-etnike-dhe-linguistike-ne-qarkun-e-korces\/","title":{"rendered":"U PREZANTUA N\u00cb UNIVERSITETIN \u201cFAN S. NOLI\u201d PROJEKTI \u201cTRASH\u00cbGIMIA KULTURORE E PAKICAVE ETNIKE DHE LINGUISTIKE N\u00cb QARKUN E KOR\u00c7\u00cbS\u201d"},"content":{"rendered":"<p>N\u00eb dat\u00ebn 30 shtator 2024 n\u00eb Universitetin \u201cFan S. Noli\u201d u prezantua projekti \u201cTrash\u00ebgimia kulturore e pakicave etnike dhe linguistike n\u00eb qarkun e Kor\u00e7\u00ebs\u201d, n\u00eb kuad\u00ebr t\u00eb projekteve t\u00eb fituara nga AKKSH-i. &nbsp;<\/p>\n\n\n\n<p>Gjat\u00eb takimit, ku ishin t\u00eb pranish\u00ebm pedagog\u00eb e k\u00ebrkues shkencor\u00eb t\u00eb UNIKO, si dhe p\u00ebrfaq\u00ebsues t\u00eb komuniteteve, u b\u00eb prezantimi i grupit t\u00eb pun\u00ebs dhe objektivave t\u00eb projektit.<\/p>\n\n\n\n<p>Takimi p\u00ebrkoi me Dit\u00ebn Komb\u00ebtare t\u00eb Trash\u00ebgimis\u00eb Kulturore.<\/p>\n\n\n\n<figure class=\"wp-block-gallery has-nested-images columns-default is-cropped wp-block-gallery-1 is-layout-flex wp-block-gallery-is-layout-flex\">\n<figure class=\"wp-block-image size-large\"><img decoding=\"async\" data-id=\"26335\" src=\"https:\/\/unkorce.edu.al\/wp-content\/uploads\/2024\/09\/1-1024x768.jpg\" alt=\"\" class=\"wp-image-26335\"\/><\/figure>\n\n\n\n<figure class=\"wp-block-image size-large\"><img decoding=\"async\" data-id=\"26333\" src=\"https:\/\/unkorce.edu.al\/wp-content\/uploads\/2024\/09\/2-1024x768.jpg\" alt=\"\" class=\"wp-image-26333\"\/><\/figure>\n\n\n\n<figure class=\"wp-block-image size-large\"><img decoding=\"async\" data-id=\"26338\" src=\"https:\/\/unkorce.edu.al\/wp-content\/uploads\/2024\/09\/3-1024x768.jpg\" alt=\"\" class=\"wp-image-26338\"\/><\/figure>\n\n\n\n<figure class=\"wp-block-image size-large\"><img decoding=\"async\" data-id=\"26337\" src=\"https:\/\/unkorce.edu.al\/wp-content\/uploads\/2024\/09\/4-1024x768.jpg\" alt=\"\" class=\"wp-image-26337\"\/><\/figure>\n\n\n\n<figure class=\"wp-block-image size-large\"><img decoding=\"async\" data-id=\"26334\" src=\"https:\/\/unkorce.edu.al\/wp-content\/uploads\/2024\/09\/5-1024x768.jpg\" alt=\"\" class=\"wp-image-26334\"\/><\/figure>\n\n\n\n<figure class=\"wp-block-image size-large\"><img decoding=\"async\" data-id=\"26336\" src=\"https:\/\/unkorce.edu.al\/wp-content\/uploads\/2024\/09\/6-1024x768.jpg\" alt=\"\" class=\"wp-image-26336\"\/><\/figure>\n\n\n\n<figure class=\"wp-block-image size-large\"><img decoding=\"async\" data-id=\"26339\" src=\"https:\/\/unkorce.edu.al\/wp-content\/uploads\/2024\/09\/7-1024x768.jpg\" alt=\"\" class=\"wp-image-26339\"\/><\/figure>\n\n\n\n<figure class=\"wp-block-image size-large\"><img decoding=\"async\" data-id=\"26341\" src=\"https:\/\/unkorce.edu.al\/wp-content\/uploads\/2024\/09\/8-1024x768.jpg\" alt=\"\" class=\"wp-image-26341\"\/><\/figure>\n\n\n\n<figure class=\"wp-block-image size-large\"><img decoding=\"async\" data-id=\"26340\" src=\"https:\/\/unkorce.edu.al\/wp-content\/uploads\/2024\/09\/9-1024x768.jpg\" alt=\"\" class=\"wp-image-26340\"\/><\/figure>\n\n\n\n<figure class=\"wp-block-image size-large\"><img decoding=\"async\" data-id=\"26342\" src=\"https:\/\/unkorce.edu.al\/wp-content\/uploads\/2024\/09\/10-1024x768.jpg\" alt=\"\" class=\"wp-image-26342\"\/><\/figure>\n<\/figure>","protected":false},"excerpt":{"rendered":"<p>N\u00eb dat\u00ebn 30 shtator 2024 n\u00eb Universitetin \u201cFan S. Noli\u201d u prezantua projekti \u201cTrash\u00ebgimia kulturore e pakicave etnike dhe linguistike n\u00eb qarkun e Kor\u00e7\u00ebs\u201d, n\u00eb kuad\u00ebr t\u00eb projekteve t\u00eb fituara nga AKKSH-i. &nbsp; Gjat\u00eb takimit, ku ishin t\u00eb pranish\u00ebm pedagog\u00eb e k\u00ebrkues shkencor\u00eb t\u00eb UNIKO, si dhe p\u00ebrfaq\u00ebsues t\u00eb komuniteteve, u b\u00eb prezantimi i grupit&#8230;<\/p>","protected":false},"author":2,"featured_media":26343,"comment_status":"open","ping_status":"open","sticky":false,"template":"","format":"standard","meta":{"_acf_changed":false,"footnotes":""},"categories":[26,39],"tags":[],"class_list":["post-26332","post","type-post","status-publish","format-standard","has-post-thumbnail","hentry","category-uncategorized-sq","category-veprimtari-marredheniet-me-jashte-iro"],"acf":[],"yoast_head":"<!-- This site is optimized with the Yoast SEO plugin v26.9 - https:\/\/yoast.com\/product\/yoast-seo-wordpress\/ -->\n<title>U PREZANTUA N\u00cb UNIVERSITETIN \u201cFAN S. NOLI\u201d PROJEKTI \u201cTRASH\u00cbGIMIA KULTURORE E PAKICAVE ETNIKE DHE LINGUISTIKE N\u00cb QARKUN E KOR\u00c7\u00cbS\u201d - Universiteti &quot;Fan S. Noli&quot;, Kor\u00e7\u00eb<\/title>\n<meta name=\"robots\" content=\"index, follow, max-snippet:-1, max-image-preview:large, max-video-preview:-1\" \/>\n<link rel=\"canonical\" href=\"https:\/\/unkorce.edu.al\/en\/u-prezantua-ne-universitetin-fan-s-noli-projekti-trashegimia-kulturore-e-pakicave-etnike-dhe-linguistike-ne-qarkun-e-korces\/\" \/>\n<meta property=\"og:locale\" content=\"en_US\" \/>\n<meta property=\"og:type\" content=\"article\" \/>\n<meta property=\"og:title\" content=\"U PREZANTUA N\u00cb UNIVERSITETIN \u201cFAN S. NOLI\u201d PROJEKTI \u201cTRASH\u00cbGIMIA KULTURORE E PAKICAVE ETNIKE DHE LINGUISTIKE N\u00cb QARKUN E KOR\u00c7\u00cbS\u201d - Universiteti &quot;Fan S. Noli&quot;, Kor\u00e7\u00eb\" \/>\n<meta property=\"og:description\" content=\"N\u00eb dat\u00ebn 30 shtator 2024 n\u00eb Universitetin \u201cFan S. Noli\u201d u prezantua projekti \u201cTrash\u00ebgimia kulturore e pakicave etnike dhe linguistike n\u00eb qarkun e Kor\u00e7\u00ebs\u201d, n\u00eb kuad\u00ebr t\u00eb projekteve t\u00eb fituara nga AKKSH-i. &nbsp; Gjat\u00eb takimit, ku ishin t\u00eb pranish\u00ebm pedagog\u00eb e k\u00ebrkues shkencor\u00eb t\u00eb UNIKO, si dhe p\u00ebrfaq\u00ebsues t\u00eb komuniteteve, u b\u00eb prezantimi i grupit...\" \/>\n<meta property=\"og:url\" content=\"https:\/\/unkorce.edu.al\/en\/u-prezantua-ne-universitetin-fan-s-noli-projekti-trashegimia-kulturore-e-pakicave-etnike-dhe-linguistike-ne-qarkun-e-korces\/\" \/>\n<meta property=\"og:site_name\" content=\"Universiteti &quot;Fan S. Noli&quot;, Kor\u00e7\u00eb\" \/>\n<meta property=\"article:publisher\" content=\"https:\/\/www.facebook.com\/unkorce\" \/>\n<meta property=\"article:published_time\" content=\"2024-09-30T12:10:33+00:00\" \/>\n<meta property=\"og:image\" content=\"https:\/\/unkorce.edu.al\/wp-content\/uploads\/2024\/09\/1-1-1.jpg\" \/>\n\t<meta property=\"og:image:width\" content=\"1280\" \/>\n\t<meta property=\"og:image:height\" content=\"960\" \/>\n\t<meta property=\"og:image:type\" content=\"image\/jpeg\" \/>\n<meta name=\"author\" content=\"Brikela Qelemeni\" \/>\n<meta name=\"twitter:card\" content=\"summary_large_image\" \/>\n<meta name=\"twitter:label1\" content=\"Written by\" \/>\n\t<meta name=\"twitter:data1\" content=\"Brikela Qelemeni\" \/>\n<script type=\"application\/ld+json\" class=\"yoast-schema-graph\">{\"@context\":\"https:\/\/schema.org\",\"@graph\":[{\"@type\":\"Article\",\"@id\":\"https:\/\/unkorce.edu.al\/u-prezantua-ne-universitetin-fan-s-noli-projekti-trashegimia-kulturore-e-pakicave-etnike-dhe-linguistike-ne-qarkun-e-korces\/#article\",\"isPartOf\":{\"@id\":\"https:\/\/unkorce.edu.al\/u-prezantua-ne-universitetin-fan-s-noli-projekti-trashegimia-kulturore-e-pakicave-etnike-dhe-linguistike-ne-qarkun-e-korces\/\"},\"author\":{\"name\":\"Brikela Qelemeni\",\"@id\":\"https:\/\/unkorce.edu.al\/#\/schema\/person\/faa34c53e1891c174ff76279b528558e\"},\"headline\":\"U PREZANTUA N\u00cb UNIVERSITETIN \u201cFAN S. NOLI\u201d PROJEKTI \u201cTRASH\u00cbGIMIA KULTURORE E PAKICAVE ETNIKE DHE LINGUISTIKE N\u00cb QARKUN E KOR\u00c7\u00cbS\u201d\",\"datePublished\":\"2024-09-30T12:10:33+00:00\",\"mainEntityOfPage\":{\"@id\":\"https:\/\/unkorce.edu.al\/u-prezantua-ne-universitetin-fan-s-noli-projekti-trashegimia-kulturore-e-pakicave-etnike-dhe-linguistike-ne-qarkun-e-korces\/\"},\"wordCount\":101,\"commentCount\":0,\"publisher\":{\"@id\":\"https:\/\/unkorce.edu.al\/#organization\"},\"image\":{\"@id\":\"https:\/\/unkorce.edu.al\/u-prezantua-ne-universitetin-fan-s-noli-projekti-trashegimia-kulturore-e-pakicave-etnike-dhe-linguistike-ne-qarkun-e-korces\/#primaryimage\"},\"thumbnailUrl\":\"https:\/\/unkorce.edu.al\/wp-content\/uploads\/2024\/09\/1-1-1.jpg\",\"articleSection\":{\"1\":\"Veprimtari\"},\"inLanguage\":\"en-US\",\"potentialAction\":[{\"@type\":\"CommentAction\",\"name\":\"Comment\",\"target\":[\"https:\/\/unkorce.edu.al\/u-prezantua-ne-universitetin-fan-s-noli-projekti-trashegimia-kulturore-e-pakicave-etnike-dhe-linguistike-ne-qarkun-e-korces\/#respond\"]}]},{\"@type\":\"WebPage\",\"@id\":\"https:\/\/unkorce.edu.al\/u-prezantua-ne-universitetin-fan-s-noli-projekti-trashegimia-kulturore-e-pakicave-etnike-dhe-linguistike-ne-qarkun-e-korces\/\",\"url\":\"https:\/\/unkorce.edu.al\/u-prezantua-ne-universitetin-fan-s-noli-projekti-trashegimia-kulturore-e-pakicave-etnike-dhe-linguistike-ne-qarkun-e-korces\/\",\"name\":\"U PREZANTUA N\u00cb UNIVERSITETIN \u201cFAN S. NOLI\u201d PROJEKTI \u201cTRASH\u00cbGIMIA KULTURORE E PAKICAVE ETNIKE DHE LINGUISTIKE N\u00cb QARKUN E KOR\u00c7\u00cbS\u201d - Universiteti \\\"Fan S. Noli\\\", Kor\u00e7\u00eb\",\"isPartOf\":{\"@id\":\"https:\/\/unkorce.edu.al\/#website\"},\"primaryImageOfPage\":{\"@id\":\"https:\/\/unkorce.edu.al\/u-prezantua-ne-universitetin-fan-s-noli-projekti-trashegimia-kulturore-e-pakicave-etnike-dhe-linguistike-ne-qarkun-e-korces\/#primaryimage\"},\"image\":{\"@id\":\"https:\/\/unkorce.edu.al\/u-prezantua-ne-universitetin-fan-s-noli-projekti-trashegimia-kulturore-e-pakicave-etnike-dhe-linguistike-ne-qarkun-e-korces\/#primaryimage\"},\"thumbnailUrl\":\"https:\/\/unkorce.edu.al\/wp-content\/uploads\/2024\/09\/1-1-1.jpg\",\"datePublished\":\"2024-09-30T12:10:33+00:00\",\"breadcrumb\":{\"@id\":\"https:\/\/unkorce.edu.al\/u-prezantua-ne-universitetin-fan-s-noli-projekti-trashegimia-kulturore-e-pakicave-etnike-dhe-linguistike-ne-qarkun-e-korces\/#breadcrumb\"},\"inLanguage\":\"en-US\",\"potentialAction\":[{\"@type\":\"ReadAction\",\"target\":[\"https:\/\/unkorce.edu.al\/u-prezantua-ne-universitetin-fan-s-noli-projekti-trashegimia-kulturore-e-pakicave-etnike-dhe-linguistike-ne-qarkun-e-korces\/\"]}]},{\"@type\":\"ImageObject\",\"inLanguage\":\"en-US\",\"@id\":\"https:\/\/unkorce.edu.al\/u-prezantua-ne-universitetin-fan-s-noli-projekti-trashegimia-kulturore-e-pakicave-etnike-dhe-linguistike-ne-qarkun-e-korces\/#primaryimage\",\"url\":\"https:\/\/unkorce.edu.al\/wp-content\/uploads\/2024\/09\/1-1-1.jpg\",\"contentUrl\":\"https:\/\/unkorce.edu.al\/wp-content\/uploads\/2024\/09\/1-1-1.jpg\",\"width\":1280,\"height\":960},{\"@type\":\"BreadcrumbList\",\"@id\":\"https:\/\/unkorce.edu.al\/u-prezantua-ne-universitetin-fan-s-noli-projekti-trashegimia-kulturore-e-pakicave-etnike-dhe-linguistike-ne-qarkun-e-korces\/#breadcrumb\",\"itemListElement\":[{\"@type\":\"ListItem\",\"position\":1,\"name\":\"Home\",\"item\":\"https:\/\/unkorce.edu.al\/\"},{\"@type\":\"ListItem\",\"position\":2,\"name\":\"U PREZANTUA N\u00cb UNIVERSITETIN \u201cFAN S. NOLI\u201d PROJEKTI \u201cTRASH\u00cbGIMIA KULTURORE E PAKICAVE ETNIKE DHE LINGUISTIKE N\u00cb QARKUN E KOR\u00c7\u00cbS\u201d\"}]},{\"@type\":\"WebSite\",\"@id\":\"https:\/\/unkorce.edu.al\/#website\",\"url\":\"https:\/\/unkorce.edu.al\/\",\"name\":\"Universiteti \\\"Fan S. Noli\\\", Kor\u00e7\u00eb\",\"description\":\"Mir&euml;sevini n&euml; faqen zyrtare!\",\"publisher\":{\"@id\":\"https:\/\/unkorce.edu.al\/#organization\"},\"potentialAction\":[{\"@type\":\"SearchAction\",\"target\":{\"@type\":\"EntryPoint\",\"urlTemplate\":\"https:\/\/unkorce.edu.al\/?s={search_term_string}\"},\"query-input\":{\"@type\":\"PropertyValueSpecification\",\"valueRequired\":true,\"valueName\":\"search_term_string\"}}],\"inLanguage\":\"en-US\"},{\"@type\":\"Organization\",\"@id\":\"https:\/\/unkorce.edu.al\/#organization\",\"name\":\"Universiteti \\\"Fan S. Noli\\\", Kor\u00e7\u00eb\",\"url\":\"https:\/\/unkorce.edu.al\/\",\"logo\":{\"@type\":\"ImageObject\",\"inLanguage\":\"en-US\",\"@id\":\"https:\/\/unkorce.edu.al\/#\/schema\/logo\/image\/\",\"url\":\"https:\/\/unkorce.edu.al\/wp-content\/uploads\/2024\/08\/Logo_e_Universitetit__Fan_Noli_-e1726660879862.png\",\"contentUrl\":\"https:\/\/unkorce.edu.al\/wp-content\/uploads\/2024\/08\/Logo_e_Universitetit__Fan_Noli_-e1726660879862.png\",\"width\":200,\"height\":120,\"caption\":\"Universiteti \\\"Fan S. Noli\\\", Kor\u00e7\u00eb\"},\"image\":{\"@id\":\"https:\/\/unkorce.edu.al\/#\/schema\/logo\/image\/\"},\"sameAs\":[\"https:\/\/www.facebook.com\/unkorce\"]},{\"@type\":\"Person\",\"@id\":\"https:\/\/unkorce.edu.al\/#\/schema\/person\/faa34c53e1891c174ff76279b528558e\",\"name\":\"Brikela Qelemeni\",\"image\":{\"@type\":\"ImageObject\",\"inLanguage\":\"en-US\",\"@id\":\"https:\/\/unkorce.edu.al\/#\/schema\/person\/image\/\",\"url\":\"https:\/\/secure.gravatar.com\/avatar\/6c1805558a9218503040c8b9055763822c6184a1cd600127210a9abbc5aaea04?s=96&d=mm&r=g\",\"contentUrl\":\"https:\/\/secure.gravatar.com\/avatar\/6c1805558a9218503040c8b9055763822c6184a1cd600127210a9abbc5aaea04?s=96&d=mm&r=g\",\"caption\":\"Brikela Qelemeni\"},\"url\":\"https:\/\/unkorce.edu.al\/en\/author\/brikela\/\"}]}<\/script>\n<!-- \/ Yoast SEO plugin. -->","yoast_head_json":{"title":"U PREZANTUA N\u00cb UNIVERSITETIN \u201cFAN S. NOLI\u201d PROJEKTI \u201cTRASH\u00cbGIMIA KULTURORE E PAKICAVE ETNIKE DHE LINGUISTIKE N\u00cb QARKUN E KOR\u00c7\u00cbS\u201d - Universiteti \"Fan S. Noli\", Kor\u00e7\u00eb","robots":{"index":"index","follow":"follow","max-snippet":"max-snippet:-1","max-image-preview":"max-image-preview:large","max-video-preview":"max-video-preview:-1"},"canonical":"https:\/\/unkorce.edu.al\/en\/u-prezantua-ne-universitetin-fan-s-noli-projekti-trashegimia-kulturore-e-pakicave-etnike-dhe-linguistike-ne-qarkun-e-korces\/","og_locale":"en_US","og_type":"article","og_title":"U PREZANTUA N\u00cb UNIVERSITETIN \u201cFAN S. NOLI\u201d PROJEKTI \u201cTRASH\u00cbGIMIA KULTURORE E PAKICAVE ETNIKE DHE LINGUISTIKE N\u00cb QARKUN E KOR\u00c7\u00cbS\u201d - Universiteti \"Fan S. Noli\", Kor\u00e7\u00eb","og_description":"N\u00eb dat\u00ebn 30 shtator 2024 n\u00eb Universitetin \u201cFan S. Noli\u201d u prezantua projekti \u201cTrash\u00ebgimia kulturore e pakicave etnike dhe linguistike n\u00eb qarkun e Kor\u00e7\u00ebs\u201d, n\u00eb kuad\u00ebr t\u00eb projekteve t\u00eb fituara nga AKKSH-i. &nbsp; Gjat\u00eb takimit, ku ishin t\u00eb pranish\u00ebm pedagog\u00eb e k\u00ebrkues shkencor\u00eb t\u00eb UNIKO, si dhe p\u00ebrfaq\u00ebsues t\u00eb komuniteteve, u b\u00eb prezantimi i grupit...","og_url":"https:\/\/unkorce.edu.al\/en\/u-prezantua-ne-universitetin-fan-s-noli-projekti-trashegimia-kulturore-e-pakicave-etnike-dhe-linguistike-ne-qarkun-e-korces\/","og_site_name":"Universiteti \"Fan S. Noli\", Kor\u00e7\u00eb","article_publisher":"https:\/\/www.facebook.com\/unkorce","article_published_time":"2024-09-30T12:10:33+00:00","og_image":[{"width":1280,"height":960,"url":"https:\/\/unkorce.edu.al\/wp-content\/uploads\/2024\/09\/1-1-1.jpg","type":"image\/jpeg"}],"author":"Brikela Qelemeni","twitter_card":"summary_large_image","twitter_misc":{"Written by":"Brikela Qelemeni"},"schema":{"@context":"https:\/\/schema.org","@graph":[{"@type":"Article","@id":"https:\/\/unkorce.edu.al\/u-prezantua-ne-universitetin-fan-s-noli-projekti-trashegimia-kulturore-e-pakicave-etnike-dhe-linguistike-ne-qarkun-e-korces\/#article","isPartOf":{"@id":"https:\/\/unkorce.edu.al\/u-prezantua-ne-universitetin-fan-s-noli-projekti-trashegimia-kulturore-e-pakicave-etnike-dhe-linguistike-ne-qarkun-e-korces\/"},"author":{"name":"Brikela Qelemeni","@id":"https:\/\/unkorce.edu.al\/#\/schema\/person\/faa34c53e1891c174ff76279b528558e"},"headline":"U PREZANTUA N\u00cb UNIVERSITETIN \u201cFAN S. NOLI\u201d PROJEKTI \u201cTRASH\u00cbGIMIA KULTURORE E PAKICAVE ETNIKE DHE LINGUISTIKE N\u00cb QARKUN E KOR\u00c7\u00cbS\u201d","datePublished":"2024-09-30T12:10:33+00:00","mainEntityOfPage":{"@id":"https:\/\/unkorce.edu.al\/u-prezantua-ne-universitetin-fan-s-noli-projekti-trashegimia-kulturore-e-pakicave-etnike-dhe-linguistike-ne-qarkun-e-korces\/"},"wordCount":101,"commentCount":0,"publisher":{"@id":"https:\/\/unkorce.edu.al\/#organization"},"image":{"@id":"https:\/\/unkorce.edu.al\/u-prezantua-ne-universitetin-fan-s-noli-projekti-trashegimia-kulturore-e-pakicave-etnike-dhe-linguistike-ne-qarkun-e-korces\/#primaryimage"},"thumbnailUrl":"https:\/\/unkorce.edu.al\/wp-content\/uploads\/2024\/09\/1-1-1.jpg","articleSection":{"1":"Veprimtari"},"inLanguage":"en-US","potentialAction":[{"@type":"CommentAction","name":"Comment","target":["https:\/\/unkorce.edu.al\/u-prezantua-ne-universitetin-fan-s-noli-projekti-trashegimia-kulturore-e-pakicave-etnike-dhe-linguistike-ne-qarkun-e-korces\/#respond"]}]},{"@type":"WebPage","@id":"https:\/\/unkorce.edu.al\/u-prezantua-ne-universitetin-fan-s-noli-projekti-trashegimia-kulturore-e-pakicave-etnike-dhe-linguistike-ne-qarkun-e-korces\/","url":"https:\/\/unkorce.edu.al\/u-prezantua-ne-universitetin-fan-s-noli-projekti-trashegimia-kulturore-e-pakicave-etnike-dhe-linguistike-ne-qarkun-e-korces\/","name":"U PREZANTUA N\u00cb UNIVERSITETIN \u201cFAN S. NOLI\u201d PROJEKTI \u201cTRASH\u00cbGIMIA KULTURORE E PAKICAVE ETNIKE DHE LINGUISTIKE N\u00cb QARKUN E KOR\u00c7\u00cbS\u201d - Universiteti \"Fan S. Noli\", Kor\u00e7\u00eb","isPartOf":{"@id":"https:\/\/unkorce.edu.al\/#website"},"primaryImageOfPage":{"@id":"https:\/\/unkorce.edu.al\/u-prezantua-ne-universitetin-fan-s-noli-projekti-trashegimia-kulturore-e-pakicave-etnike-dhe-linguistike-ne-qarkun-e-korces\/#primaryimage"},"image":{"@id":"https:\/\/unkorce.edu.al\/u-prezantua-ne-universitetin-fan-s-noli-projekti-trashegimia-kulturore-e-pakicave-etnike-dhe-linguistike-ne-qarkun-e-korces\/#primaryimage"},"thumbnailUrl":"https:\/\/unkorce.edu.al\/wp-content\/uploads\/2024\/09\/1-1-1.jpg","datePublished":"2024-09-30T12:10:33+00:00","breadcrumb":{"@id":"https:\/\/unkorce.edu.al\/u-prezantua-ne-universitetin-fan-s-noli-projekti-trashegimia-kulturore-e-pakicave-etnike-dhe-linguistike-ne-qarkun-e-korces\/#breadcrumb"},"inLanguage":"en-US","potentialAction":[{"@type":"ReadAction","target":["https:\/\/unkorce.edu.al\/u-prezantua-ne-universitetin-fan-s-noli-projekti-trashegimia-kulturore-e-pakicave-etnike-dhe-linguistike-ne-qarkun-e-korces\/"]}]},{"@type":"ImageObject","inLanguage":"en-US","@id":"https:\/\/unkorce.edu.al\/u-prezantua-ne-universitetin-fan-s-noli-projekti-trashegimia-kulturore-e-pakicave-etnike-dhe-linguistike-ne-qarkun-e-korces\/#primaryimage","url":"https:\/\/unkorce.edu.al\/wp-content\/uploads\/2024\/09\/1-1-1.jpg","contentUrl":"https:\/\/unkorce.edu.al\/wp-content\/uploads\/2024\/09\/1-1-1.jpg","width":1280,"height":960},{"@type":"BreadcrumbList","@id":"https:\/\/unkorce.edu.al\/u-prezantua-ne-universitetin-fan-s-noli-projekti-trashegimia-kulturore-e-pakicave-etnike-dhe-linguistike-ne-qarkun-e-korces\/#breadcrumb","itemListElement":[{"@type":"ListItem","position":1,"name":"Home","item":"https:\/\/unkorce.edu.al\/"},{"@type":"ListItem","position":2,"name":"U PREZANTUA N\u00cb UNIVERSITETIN \u201cFAN S. NOLI\u201d PROJEKTI \u201cTRASH\u00cbGIMIA KULTURORE E PAKICAVE ETNIKE DHE LINGUISTIKE N\u00cb QARKUN E KOR\u00c7\u00cbS\u201d"}]},{"@type":"WebSite","@id":"https:\/\/unkorce.edu.al\/#website","url":"https:\/\/unkorce.edu.al\/","name":"Universiteti \"Fan S. Noli\", Kor\u00e7\u00eb","description":"Mir&euml;sevini n&euml; faqen zyrtare!","publisher":{"@id":"https:\/\/unkorce.edu.al\/#organization"},"potentialAction":[{"@type":"SearchAction","target":{"@type":"EntryPoint","urlTemplate":"https:\/\/unkorce.edu.al\/?s={search_term_string}"},"query-input":{"@type":"PropertyValueSpecification","valueRequired":true,"valueName":"search_term_string"}}],"inLanguage":"en-US"},{"@type":"Organization","@id":"https:\/\/unkorce.edu.al\/#organization","name":"Universiteti \"Fan S. Noli\", Kor\u00e7\u00eb","url":"https:\/\/unkorce.edu.al\/","logo":{"@type":"ImageObject","inLanguage":"en-US","@id":"https:\/\/unkorce.edu.al\/#\/schema\/logo\/image\/","url":"https:\/\/unkorce.edu.al\/wp-content\/uploads\/2024\/08\/Logo_e_Universitetit__Fan_Noli_-e1726660879862.png","contentUrl":"https:\/\/unkorce.edu.al\/wp-content\/uploads\/2024\/08\/Logo_e_Universitetit__Fan_Noli_-e1726660879862.png","width":200,"height":120,"caption":"Universiteti \"Fan S. Noli\", Kor\u00e7\u00eb"},"image":{"@id":"https:\/\/unkorce.edu.al\/#\/schema\/logo\/image\/"},"sameAs":["https:\/\/www.facebook.com\/unkorce"]},{"@type":"Person","@id":"https:\/\/unkorce.edu.al\/#\/schema\/person\/faa34c53e1891c174ff76279b528558e","name":"Brikela Qelemeni","image":{"@type":"ImageObject","inLanguage":"en-US","@id":"https:\/\/unkorce.edu.al\/#\/schema\/person\/image\/","url":"https:\/\/secure.gravatar.com\/avatar\/6c1805558a9218503040c8b9055763822c6184a1cd600127210a9abbc5aaea04?s=96&d=mm&r=g","contentUrl":"https:\/\/secure.gravatar.com\/avatar\/6c1805558a9218503040c8b9055763822c6184a1cd600127210a9abbc5aaea04?s=96&d=mm&r=g","caption":"Brikela Qelemeni"},"url":"https:\/\/unkorce.edu.al\/en\/author\/brikela\/"}]}},"_links":{"self":[{"href":"https:\/\/unkorce.edu.al\/en\/wp-json\/wp\/v2\/posts\/26332","targetHints":{"allow":["GET"]}}],"collection":[{"href":"https:\/\/unkorce.edu.al\/en\/wp-json\/wp\/v2\/posts"}],"about":[{"href":"https:\/\/unkorce.edu.al\/en\/wp-json\/wp\/v2\/types\/post"}],"author":[{"embeddable":true,"href":"https:\/\/unkorce.edu.al\/en\/wp-json\/wp\/v2\/users\/2"}],"replies":[{"embeddable":true,"href":"https:\/\/unkorce.edu.al\/en\/wp-json\/wp\/v2\/comments?post=26332"}],"version-history":[{"count":0,"href":"https:\/\/unkorce.edu.al\/en\/wp-json\/wp\/v2\/posts\/26332\/revisions"}],"wp:featuredmedia":[{"embeddable":true,"href":"https:\/\/unkorce.edu.al\/en\/wp-json\/wp\/v2\/media\/26343"}],"wp:attachment":[{"href":"https:\/\/unkorce.edu.al\/en\/wp-json\/wp\/v2\/media?parent=26332"}],"wp:term":[{"taxonomy":"category","embeddable":true,"href":"https:\/\/unkorce.edu.al\/en\/wp-json\/wp\/v2\/categories?post=26332"},{"taxonomy":"post_tag","embeddable":true,"href":"https:\/\/unkorce.edu.al\/en\/wp-json\/wp\/v2\/tags?post=26332"}],"curies":[{"name":"wp","href":"https:\/\/api.w.org\/{rel}","templated":true}]}}