{"id":25079,"date":"2024-06-06T12:45:53","date_gmt":"2024-06-06T12:45:53","guid":{"rendered":"https:\/\/unkorce.edu.al\/?p=25079"},"modified":"2024-06-06T12:45:53","modified_gmt":"2024-06-06T12:45:53","slug":"qeverisja-e-shqiperise-gjate-luftes-ii-boterore-1939-1944-u-paraqit-ne-universitetin-fan-s-noli-ne-nje-veprimtari-te-organizuar-nga-departamenti-i-historise-dhe","status":"publish","type":"post","link":"https:\/\/unkorce.edu.al\/en\/qeverisja-e-shqiperise-gjate-luftes-ii-boterore-1939-1944-u-paraqit-ne-universitetin-fan-s-noli-ne-nje-veprimtari-te-organizuar-nga-departamenti-i-historise-dhe\/","title":{"rendered":"\u201cQEVERISJA E SHQIP\u00cbRIS\u00cb\u201d- GJAT\u00cb LUFT\u00cbS II BOT\u00cbRORE (1939-1944) U PARAQIT N\u00cb UNIVERSITETIN \u201cFAN S. NOLI\u201d N\u00cb NJ\u00cb VEPRIMTARI T\u00cb ORGANIZUAR NGA DEPARTAMENTI I HISTORIS\u00cb DHE GJEOGRAFIS\u00cb"},"content":{"rendered":"<p>N\u00eb dat\u00ebn 6 qershor 2024 departamenti i Historis\u00eb dhe Gjeografis\u00eb organizoi nj\u00eb veprimtari n\u00eb t\u00eb cil\u00ebn u paraqit libri i autorit Gjet Ndoj \u201cQeverisja e Shqip\u00ebris\u00eb\u201d- Gjat\u00eb Luft\u00ebs II Bot\u00ebrore (1939-1944).<\/p>\n\n\n\n<p>N\u00eb takimin, ku ishin t\u00eb pranish\u00ebm pedagog\u00eb, student\u00eb dhe studiues u theksua se libri b\u00ebn fjal\u00eb p\u00ebr periudh\u00ebn e Luft\u00ebs II Bot\u00ebrore, por q\u00eb sipas autorit ndryshe nga librat dhe botimet q\u00eb n\u00eb p\u00ebrgjith\u00ebsi jan\u00eb botuar p\u00ebr k\u00ebt\u00eb periudhe, ky lib\u00ebr i referohet kryesisht administrimit dhe qeverisjes s\u00eb Shqip\u00ebris\u00eb.<\/p>\n\n\n\n<p>Vler\u00ebsime dhe opinione p\u00ebr librin, si dhe p\u00ebr krijimtarin\u00eb n\u00eb p\u00ebrgjith\u00ebis t\u00eb autorit Ndoj u dhan\u00eb nga prof. as. dr. Jonela Spaho, dekan i FEF, phd. Metin Venxha, p\u00ebrgjegj\u00ebs i departamentit t\u00eb Historis\u00eb dhe Gjeografis\u00eb, nga z\u00ebvend\u00ebsdekani i FEF, dr. Orion Ago etj. &nbsp;<\/p>\n\n\n\n<p>N\u00eb mbyllje t\u00eb takimit autori Gjet Ndoj fal\u00ebnderoi organizator\u00ebt e k\u00ebtij promovimi dhe t\u00eb gjith\u00eb t\u00eb pranishmit, nd\u00ebrsa b\u00ebri edhe nj\u00eb p\u00ebrmbledhje t\u00eb shkurt\u00ebr t\u00eb kapitujve q\u00eb ka trajtuar n\u00eb k\u00ebt\u00eb botim. &nbsp;&nbsp;&nbsp;&nbsp;&nbsp;<\/p>\n\n\n\n<figure class=\"wp-block-gallery has-nested-images columns-default is-cropped wp-block-gallery-1 is-layout-flex wp-block-gallery-is-layout-flex\">\n<figure class=\"wp-block-image size-large\"><img decoding=\"async\" data-id=\"25081\" src=\"https:\/\/unkorce.edu.al\/wp-content\/uploads\/2024\/06\/1-2-1024x768.jpg\" alt=\"\" class=\"wp-image-25081\"\/><\/figure>\n\n\n\n<figure class=\"wp-block-image size-large\"><img decoding=\"async\" data-id=\"25084\" src=\"https:\/\/unkorce.edu.al\/wp-content\/uploads\/2024\/06\/2-2-1024x768.jpg\" alt=\"\" class=\"wp-image-25084\"\/><\/figure>\n\n\n\n<figure class=\"wp-block-image size-large\"><img decoding=\"async\" data-id=\"25082\" src=\"https:\/\/unkorce.edu.al\/wp-content\/uploads\/2024\/06\/3-2-1024x768.jpg\" alt=\"\" class=\"wp-image-25082\"\/><\/figure>\n\n\n\n<figure class=\"wp-block-image size-large\"><img decoding=\"async\" data-id=\"25083\" src=\"https:\/\/unkorce.edu.al\/wp-content\/uploads\/2024\/06\/4-2-768x1024.jpg\" alt=\"\" class=\"wp-image-25083\"\/><\/figure>\n\n\n\n<figure class=\"wp-block-image size-large\"><img decoding=\"async\" data-id=\"25085\" src=\"https:\/\/unkorce.edu.al\/wp-content\/uploads\/2024\/06\/5-2-1024x768.jpg\" alt=\"\" class=\"wp-image-25085\"\/><\/figure>\n\n\n\n<figure class=\"wp-block-image size-large\"><img decoding=\"async\" data-id=\"25080\" src=\"https:\/\/unkorce.edu.al\/wp-content\/uploads\/2024\/06\/6-2-1024x768.jpg\" alt=\"\" class=\"wp-image-25080\"\/><\/figure>\n\n\n\n<figure class=\"wp-block-image size-large\"><img decoding=\"async\" data-id=\"25086\" src=\"https:\/\/unkorce.edu.al\/wp-content\/uploads\/2024\/06\/7-2-1024x768.jpg\" alt=\"\" class=\"wp-image-25086\"\/><\/figure>\n\n\n\n<figure class=\"wp-block-image size-large\"><img decoding=\"async\" data-id=\"25087\" src=\"https:\/\/unkorce.edu.al\/wp-content\/uploads\/2024\/06\/8-2-1024x768.jpg\" alt=\"\" class=\"wp-image-25087\"\/><\/figure>\n\n\n\n<figure class=\"wp-block-image size-large\"><img decoding=\"async\" data-id=\"25088\" src=\"https:\/\/unkorce.edu.al\/wp-content\/uploads\/2024\/06\/9-2-1024x768.jpg\" alt=\"\" class=\"wp-image-25088\"\/><\/figure>\n\n\n\n<figure class=\"wp-block-image size-large\"><img decoding=\"async\" data-id=\"25089\" src=\"https:\/\/unkorce.edu.al\/wp-content\/uploads\/2024\/06\/10-2-1024x768.jpg\" alt=\"\" class=\"wp-image-25089\"\/><\/figure>\n\n\n\n<figure class=\"wp-block-image size-large\"><img decoding=\"async\" data-id=\"25090\" src=\"https:\/\/unkorce.edu.al\/wp-content\/uploads\/2024\/06\/11-2-1024x768.jpg\" alt=\"\" class=\"wp-image-25090\"\/><\/figure>\n\n\n\n<figure class=\"wp-block-image size-large\"><img decoding=\"async\" data-id=\"25091\" src=\"https:\/\/unkorce.edu.al\/wp-content\/uploads\/2024\/06\/12-2-1024x768.jpg\" alt=\"\" class=\"wp-image-25091\"\/><\/figure>\n\n\n\n<figure class=\"wp-block-image size-large\"><img decoding=\"async\" data-id=\"25092\" src=\"https:\/\/unkorce.edu.al\/wp-content\/uploads\/2024\/06\/13-2-1024x768.jpg\" alt=\"\" class=\"wp-image-25092\"\/><\/figure>\n\n\n\n<figure class=\"wp-block-image size-large\"><img decoding=\"async\" data-id=\"25094\" src=\"https:\/\/unkorce.edu.al\/wp-content\/uploads\/2024\/06\/14-2-1024x768.jpg\" alt=\"\" class=\"wp-image-25094\"\/><\/figure>\n\n\n\n<figure class=\"wp-block-image size-large\"><img decoding=\"async\" data-id=\"25093\" src=\"https:\/\/unkorce.edu.al\/wp-content\/uploads\/2024\/06\/15-2-1024x768.jpg\" alt=\"\" class=\"wp-image-25093\"\/><\/figure>\n\n\n\n<figure class=\"wp-block-image size-large\"><img decoding=\"async\" data-id=\"25095\" src=\"https:\/\/unkorce.edu.al\/wp-content\/uploads\/2024\/06\/16-2-1024x768.jpg\" alt=\"\" class=\"wp-image-25095\"\/><\/figure>\n\n\n\n<figure class=\"wp-block-image size-large\"><img decoding=\"async\" data-id=\"25096\" src=\"https:\/\/unkorce.edu.al\/wp-content\/uploads\/2024\/06\/17-2-768x1024.jpg\" alt=\"\" class=\"wp-image-25096\"\/><\/figure>\n\n\n\n<figure class=\"wp-block-image size-large\"><img decoding=\"async\" data-id=\"25097\" src=\"https:\/\/unkorce.edu.al\/wp-content\/uploads\/2024\/06\/18-2-1024x768.jpg\" alt=\"\" class=\"wp-image-25097\"\/><\/figure>\n\n\n\n<figure class=\"wp-block-image size-large\"><img decoding=\"async\" data-id=\"25098\" src=\"https:\/\/unkorce.edu.al\/wp-content\/uploads\/2024\/06\/19-1024x768.jpg\" alt=\"\" class=\"wp-image-25098\"\/><\/figure>\n\n\n\n<figure class=\"wp-block-image size-large\"><img decoding=\"async\" data-id=\"25099\" src=\"https:\/\/unkorce.edu.al\/wp-content\/uploads\/2024\/06\/20-1024x768.jpg\" alt=\"\" class=\"wp-image-25099\"\/><\/figure>\n\n\n\n<figure class=\"wp-block-image size-large\"><img decoding=\"async\" data-id=\"25100\" src=\"https:\/\/unkorce.edu.al\/wp-content\/uploads\/2024\/06\/21-1024x768.jpg\" alt=\"\" class=\"wp-image-25100\"\/><\/figure>\n\n\n\n<figure class=\"wp-block-image size-large\"><img decoding=\"async\" data-id=\"25102\" src=\"https:\/\/unkorce.edu.al\/wp-content\/uploads\/2024\/06\/22-712x1024.jpg\" alt=\"\" class=\"wp-image-25102\"\/><\/figure>\n\n\n\n<figure class=\"wp-block-image size-large\"><img decoding=\"async\" data-id=\"25101\" src=\"https:\/\/unkorce.edu.al\/wp-content\/uploads\/2024\/06\/WhatsApp-Image-2024-06-06-at-10.52.38-AM-1024x768.jpeg\" alt=\"\" class=\"wp-image-25101\"\/><\/figure>\n\n\n\n<figure class=\"wp-block-image size-large\"><img decoding=\"async\" data-id=\"25103\" src=\"https:\/\/unkorce.edu.al\/wp-content\/uploads\/2024\/06\/WhatsApp-Image-2024-06-06-at-11.28.09-AM-1-1024x768.jpeg\" alt=\"\" class=\"wp-image-25103\"\/><\/figure>\n\n\n\n<figure class=\"wp-block-image size-large\"><img decoding=\"async\" data-id=\"25104\" src=\"https:\/\/unkorce.edu.al\/wp-content\/uploads\/2024\/06\/WhatsApp-Image-2024-06-06-at-11.28.09-AM-2-768x1024.jpeg\" alt=\"\" class=\"wp-image-25104\"\/><\/figure>\n\n\n\n<figure class=\"wp-block-image size-large\"><img decoding=\"async\" data-id=\"25105\" src=\"https:\/\/unkorce.edu.al\/wp-content\/uploads\/2024\/06\/WhatsApp-Image-2024-06-06-at-11.28.09-AM-3-768x1024.jpeg\" alt=\"\" class=\"wp-image-25105\"\/><\/figure>\n\n\n\n<figure class=\"wp-block-image size-large\"><img decoding=\"async\" data-id=\"25107\" src=\"https:\/\/unkorce.edu.al\/wp-content\/uploads\/2024\/06\/WhatsApp-Image-2024-06-06-at-11.28.09-AM-4-1024x768.jpeg\" alt=\"\" class=\"wp-image-25107\"\/><\/figure>\n\n\n\n<figure class=\"wp-block-image size-large\"><img decoding=\"async\" data-id=\"25106\" src=\"https:\/\/unkorce.edu.al\/wp-content\/uploads\/2024\/06\/WhatsApp-Image-2024-06-06-at-11.28.09-AM-5-1024x768.jpeg\" alt=\"\" class=\"wp-image-25106\"\/><\/figure>\n\n\n\n<figure class=\"wp-block-image size-large\"><img decoding=\"async\" data-id=\"25108\" src=\"https:\/\/unkorce.edu.al\/wp-content\/uploads\/2024\/06\/WhatsApp-Image-2024-06-06-at-11.28.09-AM-1024x768.jpeg\" alt=\"\" class=\"wp-image-25108\"\/><\/figure>\n<\/figure>","protected":false},"excerpt":{"rendered":"<p>N\u00eb dat\u00ebn 6 qershor 2024 departamenti i Historis\u00eb dhe Gjeografis\u00eb organizoi nj\u00eb veprimtari n\u00eb t\u00eb cil\u00ebn u paraqit libri i autorit Gjet Ndoj \u201cQeverisja e Shqip\u00ebris\u00eb\u201d- Gjat\u00eb Luft\u00ebs II Bot\u00ebrore (1939-1944). N\u00eb takimin, ku ishin t\u00eb pranish\u00ebm pedagog\u00eb, student\u00eb dhe studiues u theksua se libri b\u00ebn fjal\u00eb p\u00ebr periudh\u00ebn e Luft\u00ebs II Bot\u00ebrore, por q\u00eb&#8230;<\/p>","protected":false},"author":2,"featured_media":25100,"comment_status":"open","ping_status":"open","sticky":false,"template":"","format":"standard","meta":{"_acf_changed":false,"footnotes":""},"categories":[5,1],"tags":[],"class_list":["post-25079","post","type-post","status-publish","format-standard","has-post-thumbnail","hentry","category-fakulteti-i-edukimit-dhe-filologjise","category-uncategorized"],"acf":[],"yoast_head":"<!-- This site is optimized with the Yoast SEO plugin v26.9 - https:\/\/yoast.com\/product\/yoast-seo-wordpress\/ -->\n<title>\u201cQEVERISJA E SHQIP\u00cbRIS\u00cb\u201d- GJAT\u00cb LUFT\u00cbS II BOT\u00cbRORE (1939-1944) U PARAQIT N\u00cb UNIVERSITETIN \u201cFAN S. NOLI\u201d N\u00cb NJ\u00cb VEPRIMTARI T\u00cb ORGANIZUAR NGA DEPARTAMENTI I HISTORIS\u00cb DHE GJEOGRAFIS\u00cb - Universiteti &quot;Fan S. Noli&quot;, Kor\u00e7\u00eb<\/title>\n<meta name=\"robots\" content=\"index, follow, max-snippet:-1, max-image-preview:large, max-video-preview:-1\" \/>\n<link rel=\"canonical\" href=\"https:\/\/unkorce.edu.al\/en\/qeverisja-e-shqiperise-gjate-luftes-ii-boterore-1939-1944-u-paraqit-ne-universitetin-fan-s-noli-ne-nje-veprimtari-te-organizuar-nga-departamenti-i-historise-dhe\/\" \/>\n<meta property=\"og:locale\" content=\"en_US\" \/>\n<meta property=\"og:type\" content=\"article\" \/>\n<meta property=\"og:title\" content=\"\u201cQEVERISJA E SHQIP\u00cbRIS\u00cb\u201d- GJAT\u00cb LUFT\u00cbS II BOT\u00cbRORE (1939-1944) U PARAQIT N\u00cb UNIVERSITETIN \u201cFAN S. NOLI\u201d N\u00cb NJ\u00cb VEPRIMTARI T\u00cb ORGANIZUAR NGA DEPARTAMENTI I HISTORIS\u00cb DHE GJEOGRAFIS\u00cb - Universiteti &quot;Fan S. Noli&quot;, Kor\u00e7\u00eb\" \/>\n<meta property=\"og:description\" content=\"N\u00eb dat\u00ebn 6 qershor 2024 departamenti i Historis\u00eb dhe Gjeografis\u00eb organizoi nj\u00eb veprimtari n\u00eb t\u00eb cil\u00ebn u paraqit libri i autorit Gjet Ndoj \u201cQeverisja e Shqip\u00ebris\u00eb\u201d- Gjat\u00eb Luft\u00ebs II Bot\u00ebrore (1939-1944). N\u00eb takimin, ku ishin t\u00eb pranish\u00ebm pedagog\u00eb, student\u00eb dhe studiues u theksua se libri b\u00ebn fjal\u00eb p\u00ebr periudh\u00ebn e Luft\u00ebs II Bot\u00ebrore, por q\u00eb...\" \/>\n<meta property=\"og:url\" content=\"https:\/\/unkorce.edu.al\/en\/qeverisja-e-shqiperise-gjate-luftes-ii-boterore-1939-1944-u-paraqit-ne-universitetin-fan-s-noli-ne-nje-veprimtari-te-organizuar-nga-departamenti-i-historise-dhe\/\" \/>\n<meta property=\"og:site_name\" content=\"Universiteti &quot;Fan S. Noli&quot;, Kor\u00e7\u00eb\" \/>\n<meta property=\"article:publisher\" content=\"https:\/\/www.facebook.com\/unkorce\" \/>\n<meta property=\"article:published_time\" content=\"2024-06-06T12:45:53+00:00\" \/>\n<meta name=\"author\" content=\"Brikela Qelemeni\" \/>\n<meta name=\"twitter:card\" content=\"summary_large_image\" \/>\n<meta name=\"twitter:label1\" content=\"Written by\" \/>\n\t<meta name=\"twitter:data1\" content=\"Brikela Qelemeni\" \/>\n\t<meta name=\"twitter:label2\" content=\"Est. reading time\" \/>\n\t<meta name=\"twitter:data2\" content=\"1 minute\" \/>\n<script type=\"application\/ld+json\" class=\"yoast-schema-graph\">{\"@context\":\"https:\/\/schema.org\",\"@graph\":[{\"@type\":\"Article\",\"@id\":\"https:\/\/unkorce.edu.al\/qeverisja-e-shqiperise-gjate-luftes-ii-boterore-1939-1944-u-paraqit-ne-universitetin-fan-s-noli-ne-nje-veprimtari-te-organizuar-nga-departamenti-i-historise-dhe\/#article\",\"isPartOf\":{\"@id\":\"https:\/\/unkorce.edu.al\/qeverisja-e-shqiperise-gjate-luftes-ii-boterore-1939-1944-u-paraqit-ne-universitetin-fan-s-noli-ne-nje-veprimtari-te-organizuar-nga-departamenti-i-historise-dhe\/\"},\"author\":{\"name\":\"Brikela Qelemeni\",\"@id\":\"https:\/\/unkorce.edu.al\/#\/schema\/person\/faa34c53e1891c174ff76279b528558e\"},\"headline\":\"\u201cQEVERISJA E SHQIP\u00cbRIS\u00cb\u201d- GJAT\u00cb LUFT\u00cbS II BOT\u00cbRORE (1939-1944) U PARAQIT N\u00cb UNIVERSITETIN \u201cFAN S. NOLI\u201d N\u00cb NJ\u00cb VEPRIMTARI T\u00cb ORGANIZUAR NGA DEPARTAMENTI I HISTORIS\u00cb DHE GJEOGRAFIS\u00cb\",\"datePublished\":\"2024-06-06T12:45:53+00:00\",\"mainEntityOfPage\":{\"@id\":\"https:\/\/unkorce.edu.al\/qeverisja-e-shqiperise-gjate-luftes-ii-boterore-1939-1944-u-paraqit-ne-universitetin-fan-s-noli-ne-nje-veprimtari-te-organizuar-nga-departamenti-i-historise-dhe\/\"},\"wordCount\":224,\"commentCount\":0,\"publisher\":{\"@id\":\"https:\/\/unkorce.edu.al\/#organization\"},\"image\":{\"@id\":\"https:\/\/unkorce.edu.al\/qeverisja-e-shqiperise-gjate-luftes-ii-boterore-1939-1944-u-paraqit-ne-universitetin-fan-s-noli-ne-nje-veprimtari-te-organizuar-nga-departamenti-i-historise-dhe\/#primaryimage\"},\"thumbnailUrl\":\"\",\"articleSection\":[\"Fakulteti i Edukimit dhe Filologjise\"],\"inLanguage\":\"en-US\",\"potentialAction\":[{\"@type\":\"CommentAction\",\"name\":\"Comment\",\"target\":[\"https:\/\/unkorce.edu.al\/qeverisja-e-shqiperise-gjate-luftes-ii-boterore-1939-1944-u-paraqit-ne-universitetin-fan-s-noli-ne-nje-veprimtari-te-organizuar-nga-departamenti-i-historise-dhe\/#respond\"]}]},{\"@type\":\"WebPage\",\"@id\":\"https:\/\/unkorce.edu.al\/qeverisja-e-shqiperise-gjate-luftes-ii-boterore-1939-1944-u-paraqit-ne-universitetin-fan-s-noli-ne-nje-veprimtari-te-organizuar-nga-departamenti-i-historise-dhe\/\",\"url\":\"https:\/\/unkorce.edu.al\/qeverisja-e-shqiperise-gjate-luftes-ii-boterore-1939-1944-u-paraqit-ne-universitetin-fan-s-noli-ne-nje-veprimtari-te-organizuar-nga-departamenti-i-historise-dhe\/\",\"name\":\"\u201cQEVERISJA E SHQIP\u00cbRIS\u00cb\u201d- GJAT\u00cb LUFT\u00cbS II BOT\u00cbRORE (1939-1944) U PARAQIT N\u00cb UNIVERSITETIN \u201cFAN S. NOLI\u201d N\u00cb NJ\u00cb VEPRIMTARI T\u00cb ORGANIZUAR NGA DEPARTAMENTI I HISTORIS\u00cb DHE GJEOGRAFIS\u00cb - Universiteti \\\"Fan S. Noli\\\", Kor\u00e7\u00eb\",\"isPartOf\":{\"@id\":\"https:\/\/unkorce.edu.al\/#website\"},\"primaryImageOfPage\":{\"@id\":\"https:\/\/unkorce.edu.al\/qeverisja-e-shqiperise-gjate-luftes-ii-boterore-1939-1944-u-paraqit-ne-universitetin-fan-s-noli-ne-nje-veprimtari-te-organizuar-nga-departamenti-i-historise-dhe\/#primaryimage\"},\"image\":{\"@id\":\"https:\/\/unkorce.edu.al\/qeverisja-e-shqiperise-gjate-luftes-ii-boterore-1939-1944-u-paraqit-ne-universitetin-fan-s-noli-ne-nje-veprimtari-te-organizuar-nga-departamenti-i-historise-dhe\/#primaryimage\"},\"thumbnailUrl\":\"\",\"datePublished\":\"2024-06-06T12:45:53+00:00\",\"breadcrumb\":{\"@id\":\"https:\/\/unkorce.edu.al\/qeverisja-e-shqiperise-gjate-luftes-ii-boterore-1939-1944-u-paraqit-ne-universitetin-fan-s-noli-ne-nje-veprimtari-te-organizuar-nga-departamenti-i-historise-dhe\/#breadcrumb\"},\"inLanguage\":\"en-US\",\"potentialAction\":[{\"@type\":\"ReadAction\",\"target\":[\"https:\/\/unkorce.edu.al\/qeverisja-e-shqiperise-gjate-luftes-ii-boterore-1939-1944-u-paraqit-ne-universitetin-fan-s-noli-ne-nje-veprimtari-te-organizuar-nga-departamenti-i-historise-dhe\/\"]}]},{\"@type\":\"ImageObject\",\"inLanguage\":\"en-US\",\"@id\":\"https:\/\/unkorce.edu.al\/qeverisja-e-shqiperise-gjate-luftes-ii-boterore-1939-1944-u-paraqit-ne-universitetin-fan-s-noli-ne-nje-veprimtari-te-organizuar-nga-departamenti-i-historise-dhe\/#primaryimage\",\"url\":\"\",\"contentUrl\":\"\"},{\"@type\":\"BreadcrumbList\",\"@id\":\"https:\/\/unkorce.edu.al\/qeverisja-e-shqiperise-gjate-luftes-ii-boterore-1939-1944-u-paraqit-ne-universitetin-fan-s-noli-ne-nje-veprimtari-te-organizuar-nga-departamenti-i-historise-dhe\/#breadcrumb\",\"itemListElement\":[{\"@type\":\"ListItem\",\"position\":1,\"name\":\"Home\",\"item\":\"https:\/\/unkorce.edu.al\/\"},{\"@type\":\"ListItem\",\"position\":2,\"name\":\"\u201cQEVERISJA E SHQIP\u00cbRIS\u00cb\u201d- GJAT\u00cb LUFT\u00cbS II BOT\u00cbRORE (1939-1944) U PARAQIT N\u00cb UNIVERSITETIN \u201cFAN S. NOLI\u201d N\u00cb NJ\u00cb VEPRIMTARI T\u00cb ORGANIZUAR NGA DEPARTAMENTI I HISTORIS\u00cb DHE GJEOGRAFIS\u00cb\"}]},{\"@type\":\"WebSite\",\"@id\":\"https:\/\/unkorce.edu.al\/#website\",\"url\":\"https:\/\/unkorce.edu.al\/\",\"name\":\"Universiteti \\\"Fan S. Noli\\\", Kor\u00e7\u00eb\",\"description\":\"Mir&euml;sevini n&euml; faqen zyrtare!\",\"publisher\":{\"@id\":\"https:\/\/unkorce.edu.al\/#organization\"},\"potentialAction\":[{\"@type\":\"SearchAction\",\"target\":{\"@type\":\"EntryPoint\",\"urlTemplate\":\"https:\/\/unkorce.edu.al\/?s={search_term_string}\"},\"query-input\":{\"@type\":\"PropertyValueSpecification\",\"valueRequired\":true,\"valueName\":\"search_term_string\"}}],\"inLanguage\":\"en-US\"},{\"@type\":\"Organization\",\"@id\":\"https:\/\/unkorce.edu.al\/#organization\",\"name\":\"Universiteti \\\"Fan S. Noli\\\", Kor\u00e7\u00eb\",\"url\":\"https:\/\/unkorce.edu.al\/\",\"logo\":{\"@type\":\"ImageObject\",\"inLanguage\":\"en-US\",\"@id\":\"https:\/\/unkorce.edu.al\/#\/schema\/logo\/image\/\",\"url\":\"https:\/\/unkorce.edu.al\/wp-content\/uploads\/2024\/08\/Logo_e_Universitetit__Fan_Noli_-e1726660879862.png\",\"contentUrl\":\"https:\/\/unkorce.edu.al\/wp-content\/uploads\/2024\/08\/Logo_e_Universitetit__Fan_Noli_-e1726660879862.png\",\"width\":200,\"height\":120,\"caption\":\"Universiteti \\\"Fan S. Noli\\\", Kor\u00e7\u00eb\"},\"image\":{\"@id\":\"https:\/\/unkorce.edu.al\/#\/schema\/logo\/image\/\"},\"sameAs\":[\"https:\/\/www.facebook.com\/unkorce\"]},{\"@type\":\"Person\",\"@id\":\"https:\/\/unkorce.edu.al\/#\/schema\/person\/faa34c53e1891c174ff76279b528558e\",\"name\":\"Brikela Qelemeni\",\"image\":{\"@type\":\"ImageObject\",\"inLanguage\":\"en-US\",\"@id\":\"https:\/\/unkorce.edu.al\/#\/schema\/person\/image\/\",\"url\":\"https:\/\/secure.gravatar.com\/avatar\/6c1805558a9218503040c8b9055763822c6184a1cd600127210a9abbc5aaea04?s=96&d=mm&r=g\",\"contentUrl\":\"https:\/\/secure.gravatar.com\/avatar\/6c1805558a9218503040c8b9055763822c6184a1cd600127210a9abbc5aaea04?s=96&d=mm&r=g\",\"caption\":\"Brikela Qelemeni\"},\"url\":\"https:\/\/unkorce.edu.al\/en\/author\/brikela\/\"}]}<\/script>\n<!-- \/ Yoast SEO plugin. -->","yoast_head_json":{"title":"\u201cQEVERISJA E SHQIP\u00cbRIS\u00cb\u201d- GJAT\u00cb LUFT\u00cbS II BOT\u00cbRORE (1939-1944) U PARAQIT N\u00cb UNIVERSITETIN \u201cFAN S. NOLI\u201d N\u00cb NJ\u00cb VEPRIMTARI T\u00cb ORGANIZUAR NGA DEPARTAMENTI I HISTORIS\u00cb DHE GJEOGRAFIS\u00cb - Universiteti \"Fan S. Noli\", Kor\u00e7\u00eb","robots":{"index":"index","follow":"follow","max-snippet":"max-snippet:-1","max-image-preview":"max-image-preview:large","max-video-preview":"max-video-preview:-1"},"canonical":"https:\/\/unkorce.edu.al\/en\/qeverisja-e-shqiperise-gjate-luftes-ii-boterore-1939-1944-u-paraqit-ne-universitetin-fan-s-noli-ne-nje-veprimtari-te-organizuar-nga-departamenti-i-historise-dhe\/","og_locale":"en_US","og_type":"article","og_title":"\u201cQEVERISJA E SHQIP\u00cbRIS\u00cb\u201d- GJAT\u00cb LUFT\u00cbS II BOT\u00cbRORE (1939-1944) U PARAQIT N\u00cb UNIVERSITETIN \u201cFAN S. NOLI\u201d N\u00cb NJ\u00cb VEPRIMTARI T\u00cb ORGANIZUAR NGA DEPARTAMENTI I HISTORIS\u00cb DHE GJEOGRAFIS\u00cb - Universiteti \"Fan S. Noli\", Kor\u00e7\u00eb","og_description":"N\u00eb dat\u00ebn 6 qershor 2024 departamenti i Historis\u00eb dhe Gjeografis\u00eb organizoi nj\u00eb veprimtari n\u00eb t\u00eb cil\u00ebn u paraqit libri i autorit Gjet Ndoj \u201cQeverisja e Shqip\u00ebris\u00eb\u201d- Gjat\u00eb Luft\u00ebs II Bot\u00ebrore (1939-1944). N\u00eb takimin, ku ishin t\u00eb pranish\u00ebm pedagog\u00eb, student\u00eb dhe studiues u theksua se libri b\u00ebn fjal\u00eb p\u00ebr periudh\u00ebn e Luft\u00ebs II Bot\u00ebrore, por q\u00eb...","og_url":"https:\/\/unkorce.edu.al\/en\/qeverisja-e-shqiperise-gjate-luftes-ii-boterore-1939-1944-u-paraqit-ne-universitetin-fan-s-noli-ne-nje-veprimtari-te-organizuar-nga-departamenti-i-historise-dhe\/","og_site_name":"Universiteti \"Fan S. Noli\", Kor\u00e7\u00eb","article_publisher":"https:\/\/www.facebook.com\/unkorce","article_published_time":"2024-06-06T12:45:53+00:00","author":"Brikela Qelemeni","twitter_card":"summary_large_image","twitter_misc":{"Written by":"Brikela Qelemeni","Est. reading time":"1 minute"},"schema":{"@context":"https:\/\/schema.org","@graph":[{"@type":"Article","@id":"https:\/\/unkorce.edu.al\/qeverisja-e-shqiperise-gjate-luftes-ii-boterore-1939-1944-u-paraqit-ne-universitetin-fan-s-noli-ne-nje-veprimtari-te-organizuar-nga-departamenti-i-historise-dhe\/#article","isPartOf":{"@id":"https:\/\/unkorce.edu.al\/qeverisja-e-shqiperise-gjate-luftes-ii-boterore-1939-1944-u-paraqit-ne-universitetin-fan-s-noli-ne-nje-veprimtari-te-organizuar-nga-departamenti-i-historise-dhe\/"},"author":{"name":"Brikela Qelemeni","@id":"https:\/\/unkorce.edu.al\/#\/schema\/person\/faa34c53e1891c174ff76279b528558e"},"headline":"\u201cQEVERISJA E SHQIP\u00cbRIS\u00cb\u201d- GJAT\u00cb LUFT\u00cbS II BOT\u00cbRORE (1939-1944) U PARAQIT N\u00cb UNIVERSITETIN \u201cFAN S. NOLI\u201d N\u00cb NJ\u00cb VEPRIMTARI T\u00cb ORGANIZUAR NGA DEPARTAMENTI I HISTORIS\u00cb DHE GJEOGRAFIS\u00cb","datePublished":"2024-06-06T12:45:53+00:00","mainEntityOfPage":{"@id":"https:\/\/unkorce.edu.al\/qeverisja-e-shqiperise-gjate-luftes-ii-boterore-1939-1944-u-paraqit-ne-universitetin-fan-s-noli-ne-nje-veprimtari-te-organizuar-nga-departamenti-i-historise-dhe\/"},"wordCount":224,"commentCount":0,"publisher":{"@id":"https:\/\/unkorce.edu.al\/#organization"},"image":{"@id":"https:\/\/unkorce.edu.al\/qeverisja-e-shqiperise-gjate-luftes-ii-boterore-1939-1944-u-paraqit-ne-universitetin-fan-s-noli-ne-nje-veprimtari-te-organizuar-nga-departamenti-i-historise-dhe\/#primaryimage"},"thumbnailUrl":"","articleSection":["Fakulteti i Edukimit dhe Filologjise"],"inLanguage":"en-US","potentialAction":[{"@type":"CommentAction","name":"Comment","target":["https:\/\/unkorce.edu.al\/qeverisja-e-shqiperise-gjate-luftes-ii-boterore-1939-1944-u-paraqit-ne-universitetin-fan-s-noli-ne-nje-veprimtari-te-organizuar-nga-departamenti-i-historise-dhe\/#respond"]}]},{"@type":"WebPage","@id":"https:\/\/unkorce.edu.al\/qeverisja-e-shqiperise-gjate-luftes-ii-boterore-1939-1944-u-paraqit-ne-universitetin-fan-s-noli-ne-nje-veprimtari-te-organizuar-nga-departamenti-i-historise-dhe\/","url":"https:\/\/unkorce.edu.al\/qeverisja-e-shqiperise-gjate-luftes-ii-boterore-1939-1944-u-paraqit-ne-universitetin-fan-s-noli-ne-nje-veprimtari-te-organizuar-nga-departamenti-i-historise-dhe\/","name":"\u201cQEVERISJA E SHQIP\u00cbRIS\u00cb\u201d- GJAT\u00cb LUFT\u00cbS II BOT\u00cbRORE (1939-1944) U PARAQIT N\u00cb UNIVERSITETIN \u201cFAN S. NOLI\u201d N\u00cb NJ\u00cb VEPRIMTARI T\u00cb ORGANIZUAR NGA DEPARTAMENTI I HISTORIS\u00cb DHE GJEOGRAFIS\u00cb - Universiteti \"Fan S. Noli\", Kor\u00e7\u00eb","isPartOf":{"@id":"https:\/\/unkorce.edu.al\/#website"},"primaryImageOfPage":{"@id":"https:\/\/unkorce.edu.al\/qeverisja-e-shqiperise-gjate-luftes-ii-boterore-1939-1944-u-paraqit-ne-universitetin-fan-s-noli-ne-nje-veprimtari-te-organizuar-nga-departamenti-i-historise-dhe\/#primaryimage"},"image":{"@id":"https:\/\/unkorce.edu.al\/qeverisja-e-shqiperise-gjate-luftes-ii-boterore-1939-1944-u-paraqit-ne-universitetin-fan-s-noli-ne-nje-veprimtari-te-organizuar-nga-departamenti-i-historise-dhe\/#primaryimage"},"thumbnailUrl":"","datePublished":"2024-06-06T12:45:53+00:00","breadcrumb":{"@id":"https:\/\/unkorce.edu.al\/qeverisja-e-shqiperise-gjate-luftes-ii-boterore-1939-1944-u-paraqit-ne-universitetin-fan-s-noli-ne-nje-veprimtari-te-organizuar-nga-departamenti-i-historise-dhe\/#breadcrumb"},"inLanguage":"en-US","potentialAction":[{"@type":"ReadAction","target":["https:\/\/unkorce.edu.al\/qeverisja-e-shqiperise-gjate-luftes-ii-boterore-1939-1944-u-paraqit-ne-universitetin-fan-s-noli-ne-nje-veprimtari-te-organizuar-nga-departamenti-i-historise-dhe\/"]}]},{"@type":"ImageObject","inLanguage":"en-US","@id":"https:\/\/unkorce.edu.al\/qeverisja-e-shqiperise-gjate-luftes-ii-boterore-1939-1944-u-paraqit-ne-universitetin-fan-s-noli-ne-nje-veprimtari-te-organizuar-nga-departamenti-i-historise-dhe\/#primaryimage","url":"","contentUrl":""},{"@type":"BreadcrumbList","@id":"https:\/\/unkorce.edu.al\/qeverisja-e-shqiperise-gjate-luftes-ii-boterore-1939-1944-u-paraqit-ne-universitetin-fan-s-noli-ne-nje-veprimtari-te-organizuar-nga-departamenti-i-historise-dhe\/#breadcrumb","itemListElement":[{"@type":"ListItem","position":1,"name":"Home","item":"https:\/\/unkorce.edu.al\/"},{"@type":"ListItem","position":2,"name":"\u201cQEVERISJA E SHQIP\u00cbRIS\u00cb\u201d- GJAT\u00cb LUFT\u00cbS II BOT\u00cbRORE (1939-1944) U PARAQIT N\u00cb UNIVERSITETIN \u201cFAN S. NOLI\u201d N\u00cb NJ\u00cb VEPRIMTARI T\u00cb ORGANIZUAR NGA DEPARTAMENTI I HISTORIS\u00cb DHE GJEOGRAFIS\u00cb"}]},{"@type":"WebSite","@id":"https:\/\/unkorce.edu.al\/#website","url":"https:\/\/unkorce.edu.al\/","name":"Universiteti \"Fan S. Noli\", Kor\u00e7\u00eb","description":"Mir&euml;sevini n&euml; faqen zyrtare!","publisher":{"@id":"https:\/\/unkorce.edu.al\/#organization"},"potentialAction":[{"@type":"SearchAction","target":{"@type":"EntryPoint","urlTemplate":"https:\/\/unkorce.edu.al\/?s={search_term_string}"},"query-input":{"@type":"PropertyValueSpecification","valueRequired":true,"valueName":"search_term_string"}}],"inLanguage":"en-US"},{"@type":"Organization","@id":"https:\/\/unkorce.edu.al\/#organization","name":"Universiteti \"Fan S. Noli\", Kor\u00e7\u00eb","url":"https:\/\/unkorce.edu.al\/","logo":{"@type":"ImageObject","inLanguage":"en-US","@id":"https:\/\/unkorce.edu.al\/#\/schema\/logo\/image\/","url":"https:\/\/unkorce.edu.al\/wp-content\/uploads\/2024\/08\/Logo_e_Universitetit__Fan_Noli_-e1726660879862.png","contentUrl":"https:\/\/unkorce.edu.al\/wp-content\/uploads\/2024\/08\/Logo_e_Universitetit__Fan_Noli_-e1726660879862.png","width":200,"height":120,"caption":"Universiteti \"Fan S. Noli\", Kor\u00e7\u00eb"},"image":{"@id":"https:\/\/unkorce.edu.al\/#\/schema\/logo\/image\/"},"sameAs":["https:\/\/www.facebook.com\/unkorce"]},{"@type":"Person","@id":"https:\/\/unkorce.edu.al\/#\/schema\/person\/faa34c53e1891c174ff76279b528558e","name":"Brikela Qelemeni","image":{"@type":"ImageObject","inLanguage":"en-US","@id":"https:\/\/unkorce.edu.al\/#\/schema\/person\/image\/","url":"https:\/\/secure.gravatar.com\/avatar\/6c1805558a9218503040c8b9055763822c6184a1cd600127210a9abbc5aaea04?s=96&d=mm&r=g","contentUrl":"https:\/\/secure.gravatar.com\/avatar\/6c1805558a9218503040c8b9055763822c6184a1cd600127210a9abbc5aaea04?s=96&d=mm&r=g","caption":"Brikela Qelemeni"},"url":"https:\/\/unkorce.edu.al\/en\/author\/brikela\/"}]}},"_links":{"self":[{"href":"https:\/\/unkorce.edu.al\/en\/wp-json\/wp\/v2\/posts\/25079","targetHints":{"allow":["GET"]}}],"collection":[{"href":"https:\/\/unkorce.edu.al\/en\/wp-json\/wp\/v2\/posts"}],"about":[{"href":"https:\/\/unkorce.edu.al\/en\/wp-json\/wp\/v2\/types\/post"}],"author":[{"embeddable":true,"href":"https:\/\/unkorce.edu.al\/en\/wp-json\/wp\/v2\/users\/2"}],"replies":[{"embeddable":true,"href":"https:\/\/unkorce.edu.al\/en\/wp-json\/wp\/v2\/comments?post=25079"}],"version-history":[{"count":0,"href":"https:\/\/unkorce.edu.al\/en\/wp-json\/wp\/v2\/posts\/25079\/revisions"}],"wp:featuredmedia":[{"embeddable":true,"href":"https:\/\/unkorce.edu.al\/en\/wp-json\/"}],"wp:attachment":[{"href":"https:\/\/unkorce.edu.al\/en\/wp-json\/wp\/v2\/media?parent=25079"}],"wp:term":[{"taxonomy":"category","embeddable":true,"href":"https:\/\/unkorce.edu.al\/en\/wp-json\/wp\/v2\/categories?post=25079"},{"taxonomy":"post_tag","embeddable":true,"href":"https:\/\/unkorce.edu.al\/en\/wp-json\/wp\/v2\/tags?post=25079"}],"curies":[{"name":"wp","href":"https:\/\/api.w.org\/{rel}","templated":true}]}}