{"id":24425,"date":"2024-05-16T12:06:59","date_gmt":"2024-05-16T12:06:59","guid":{"rendered":"https:\/\/unkorce.edu.al\/?p=24425"},"modified":"2024-05-16T12:06:59","modified_gmt":"2024-05-16T12:06:59","slug":"departamenti-i-gjuheve-te-huaja-festoi-30-vjetorin-e-krijimit-te-tij","status":"publish","type":"post","link":"https:\/\/unkorce.edu.al\/en\/departamenti-i-gjuheve-te-huaja-festoi-30-vjetorin-e-krijimit-te-tij\/","title":{"rendered":"DEPARTAMENTI I GJUHEVE T\u00cb HUAJA FESTOI 30-VJETORIN E KRIJIMIT T\u00cb TIJ"},"content":{"rendered":"<p>N\u00eb dat\u00ebn 15 maj 2024 departamenti i Gjuh\u00ebve t\u00eb Huaja festoi 30-vjetorin e krijimit t\u00eb tij. Mes emocionesh, stafi aktual i k\u00ebtij Departamenti, por edhe pedagog\u00eb t\u00eb dal\u00eb n\u00eb pension u b\u00ebn\u00eb bashk\u00eb p\u00ebr t\u00eb kujtuar momente t\u00eb ve\u00e7anta nga puna dhe v\u00ebshtir\u00ebsit\u00eb e hasura 30 vjet m\u00eb par\u00eb nga drejtuesit dhe pedagog\u00ebt p\u00ebr hapjen e k\u00ebtij Departamenti, e deri n\u00eb dit\u00ebt e sotme kur, sukseset e Departamentit jan\u00eb frym\u00ebzim p\u00ebr Fakultetin dhe Universitetin.<\/p>\n\n\n\n<p>P\u00ebrgjegj\u00ebsja e departamentit, prof. as. dr. Daniela Stoica n\u00eb fjal\u00ebn e hapjes n\u00ebnvizoi nd\u00ebr t\u00eb tjera pun\u00ebn dhe p\u00ebrpjekjet e prof. dr. Pandi Napu\u00e7e ish-dekan i Fakultetit t\u00eb M\u00ebsuesis\u00eb; prof. dr. Ali Jasharit, pedagog\u00ebve Niko Dako, Ilo Shano, Dhimitri Bibolli, Luan P\u00ebllumbi etj., kjo e shfaqur edhe n\u00ebp\u00ebrmjet nj\u00eb reportazhi t\u00eb p\u00ebrgatitur enkas p\u00ebr k\u00ebt\u00eb p\u00ebrvjetor.<\/p>\n\n\n\n<p>Gjithashtu, gjat\u00eb takimit ish-drejtues e pedagog\u00eb t\u00eb k\u00ebtij Departamenti, si prof. Hilda Lubonja dhe doc. Vasilika Pojani vler\u00ebsuan faktin se departamenti i Gjuh\u00ebve t\u00eb Huaja vazhdon me sukses misionin e tij, duke dh\u00ebn\u00eb nj\u00eb shembull t\u00eb shk\u00eblqyer t\u00eb arritjeve t\u00eb shum\u00eb student\u00ebve tan\u00eb, q\u00eb sot punojn\u00eb e kontribuojn\u00eb si m\u00ebsues, por edhe si profesionist\u00eb t\u00eb suksessh\u00ebm n\u00eb sektor\u00eb t\u00eb ndysh\u00ebm publik\u00eb e privat\u00eb.<\/p>\n\n\n\n<p>N\u00eb k\u00ebt\u00eb dit\u00eb feste p\u00ebr Departamentin p\u00ebrsh\u00ebndet\u00ebn edhe prof. as. dr. Benita Stavre, z\u00ebvend\u00ebsrektor p\u00ebr shkenc\u00ebn dhe projektet, nj\u00ebher\u00ebsh edhe pedagoge prej m\u00eb tep\u00ebr se 25 vitesh n\u00eb k\u00ebt\u00eb Departament, prof. Dhimitri Bilbolli, ish-drejtues e ish-student i k\u00ebtij Departamenti, si dhe dekania e FEF, prof. as dr. Jonela Spaho. Ata vler\u00ebsuan n\u00eb fjal\u00ebn e tyre pun\u00ebn dhe p\u00ebrpjekjet e ish-koleg\u00ebve t\u00eb k\u00ebtij departamenti nd\u00ebr vite, dhe nj\u00ebkoh\u00ebsisht arritjet e merituara q\u00eb ky Departament g\u00ebzon sot.<\/p>\n\n\n\n<p>N\u00eb k\u00ebt\u00eb dit\u00eb, ku t\u00eb pranish\u00ebm ishin edhe student\u00eb e ish-student\u00eb u paraqit edhe nj\u00eb material i p\u00ebrgatitur nga student\u00ebt me veprimtarit\u00eb m\u00eb t\u00eb spikatuar t\u00eb Departamentit gjat\u00eb viteve t\u00eb fundit, nd\u00ebrsa u ndan\u00eb edhe \u00e7mimet p\u00ebr nx\u00ebn\u00ebsit fitues t\u00eb konkursit t\u00eb Eses\u00eb n\u00eb Gjuh\u00ebn Angleze, i cili u zhvillua para disa muajsh.<\/p>\n\n\n\n<p>Fal\u00ebnderime t\u00eb shumta u p\u00ebrcoll\u00ebn n\u00eb k\u00ebt\u00eb p\u00ebrvjetor bashk\u00eb me urimin &#8220;Suksese t\u00eb m\u00ebtejshme Departamentit t\u00eb Gjuh\u00ebve t\u00eb Huaja, Fakultetit t\u00eb Edukimit dhe Filologjis\u00eb dhe Universitetit &#8220;Fan S. Noli&#8221;.<\/p>\n\n\n\n<figure class=\"wp-block-gallery has-nested-images columns-default is-cropped wp-block-gallery-1 is-layout-flex wp-block-gallery-is-layout-flex\">\n<figure class=\"wp-block-image size-large\"><img decoding=\"async\" data-id=\"24450\" src=\"https:\/\/unkorce.edu.al\/wp-content\/uploads\/2024\/05\/IMG_8340-1-1024x683.jpg\" alt=\"\" class=\"wp-image-24450\"\/><\/figure>\n\n\n\n<figure class=\"wp-block-image size-large\"><img decoding=\"async\" data-id=\"24429\" src=\"https:\/\/unkorce.edu.al\/wp-content\/uploads\/2024\/05\/IMG_8262-1024x683.jpg\" alt=\"\" class=\"wp-image-24429\"\/><\/figure>\n\n\n\n<figure class=\"wp-block-image size-large\"><img decoding=\"async\" data-id=\"24427\" src=\"https:\/\/unkorce.edu.al\/wp-content\/uploads\/2024\/05\/IMG_8263-1024x683.jpg\" alt=\"\" class=\"wp-image-24427\"\/><\/figure>\n\n\n\n<figure class=\"wp-block-image size-large\"><img decoding=\"async\" data-id=\"24426\" src=\"https:\/\/unkorce.edu.al\/wp-content\/uploads\/2024\/05\/IMG_8280-1024x683.jpg\" alt=\"\" class=\"wp-image-24426\"\/><\/figure>\n\n\n\n<figure class=\"wp-block-image size-large\"><img decoding=\"async\" data-id=\"24441\" src=\"https:\/\/unkorce.edu.al\/wp-content\/uploads\/2024\/05\/IMG_8298-1024x683.jpg\" alt=\"\" class=\"wp-image-24441\"\/><\/figure>\n\n\n\n<figure class=\"wp-block-image size-large\"><img decoding=\"async\" data-id=\"24442\" src=\"https:\/\/unkorce.edu.al\/wp-content\/uploads\/2024\/05\/IMG_8303-1024x683.jpg\" alt=\"\" class=\"wp-image-24442\"\/><\/figure>\n\n\n\n<figure class=\"wp-block-image size-large\"><img decoding=\"async\" data-id=\"24444\" src=\"https:\/\/unkorce.edu.al\/wp-content\/uploads\/2024\/05\/IMG_8306-1024x683.jpg\" alt=\"\" class=\"wp-image-24444\"\/><\/figure>\n\n\n\n<figure class=\"wp-block-image size-large\"><img decoding=\"async\" data-id=\"24443\" src=\"https:\/\/unkorce.edu.al\/wp-content\/uploads\/2024\/05\/IMG_8315-1024x683.jpg\" alt=\"\" class=\"wp-image-24443\"\/><\/figure>\n\n\n\n<figure class=\"wp-block-image size-large\"><img decoding=\"async\" data-id=\"24431\" src=\"https:\/\/unkorce.edu.al\/wp-content\/uploads\/2024\/05\/IMG_8266-1024x683.jpg\" alt=\"\" class=\"wp-image-24431\"\/><\/figure>\n\n\n\n<figure class=\"wp-block-image size-large\"><img decoding=\"async\" data-id=\"24430\" src=\"https:\/\/unkorce.edu.al\/wp-content\/uploads\/2024\/05\/IMG_8269-1024x683.jpg\" alt=\"\" class=\"wp-image-24430\"\/><\/figure>\n\n\n\n<figure class=\"wp-block-image size-large\"><img decoding=\"async\" data-id=\"24439\" src=\"https:\/\/unkorce.edu.al\/wp-content\/uploads\/2024\/05\/IMG_8294-1024x683.jpg\" alt=\"\" class=\"wp-image-24439\"\/><\/figure>\n\n\n\n<figure class=\"wp-block-image size-large\"><img decoding=\"async\" data-id=\"24428\" src=\"https:\/\/unkorce.edu.al\/wp-content\/uploads\/2024\/05\/IMG_8271-1024x683.jpg\" alt=\"\" class=\"wp-image-24428\"\/><\/figure>\n\n\n\n<figure class=\"wp-block-image size-large\"><img decoding=\"async\" data-id=\"24433\" src=\"https:\/\/unkorce.edu.al\/wp-content\/uploads\/2024\/05\/IMG_8281-1024x683.jpg\" alt=\"\" class=\"wp-image-24433\"\/><\/figure>\n\n\n\n<figure class=\"wp-block-image size-large\"><img decoding=\"async\" data-id=\"24432\" src=\"https:\/\/unkorce.edu.al\/wp-content\/uploads\/2024\/05\/IMG_8283-1024x683.jpg\" alt=\"\" class=\"wp-image-24432\"\/><\/figure>\n\n\n\n<figure class=\"wp-block-image size-large\"><img decoding=\"async\" data-id=\"24435\" src=\"https:\/\/unkorce.edu.al\/wp-content\/uploads\/2024\/05\/IMG_8285-1024x683.jpg\" alt=\"\" class=\"wp-image-24435\"\/><\/figure>\n\n\n\n<figure class=\"wp-block-image size-large\"><img decoding=\"async\" data-id=\"24434\" src=\"https:\/\/unkorce.edu.al\/wp-content\/uploads\/2024\/05\/IMG_8286-1024x683.jpg\" alt=\"\" class=\"wp-image-24434\"\/><\/figure>\n\n\n\n<figure class=\"wp-block-image size-large\"><img decoding=\"async\" data-id=\"24437\" src=\"https:\/\/unkorce.edu.al\/wp-content\/uploads\/2024\/05\/IMG_8287-1024x683.jpg\" alt=\"\" class=\"wp-image-24437\"\/><\/figure>\n\n\n\n<figure class=\"wp-block-image size-large\"><img decoding=\"async\" data-id=\"24436\" src=\"https:\/\/unkorce.edu.al\/wp-content\/uploads\/2024\/05\/IMG_8288-1024x683.jpg\" alt=\"\" class=\"wp-image-24436\"\/><\/figure>\n\n\n\n<figure class=\"wp-block-image size-large\"><img decoding=\"async\" data-id=\"24440\" src=\"https:\/\/unkorce.edu.al\/wp-content\/uploads\/2024\/05\/IMG_8330-1024x683.jpg\" alt=\"\" class=\"wp-image-24440\"\/><\/figure>\n\n\n\n<figure class=\"wp-block-image size-large\"><img decoding=\"async\" data-id=\"24446\" src=\"https:\/\/unkorce.edu.al\/wp-content\/uploads\/2024\/05\/IMG_8332-1024x683.jpg\" alt=\"\" class=\"wp-image-24446\"\/><\/figure>\n\n\n\n<figure class=\"wp-block-image size-large\"><img decoding=\"async\" data-id=\"24448\" src=\"https:\/\/unkorce.edu.al\/wp-content\/uploads\/2024\/05\/IMG_8338-1024x683.jpg\" alt=\"\" class=\"wp-image-24448\"\/><\/figure>\n\n\n\n<figure class=\"wp-block-image size-large\"><img decoding=\"async\" data-id=\"24449\" src=\"https:\/\/unkorce.edu.al\/wp-content\/uploads\/2024\/05\/IMG_8342-1024x683.jpg\" alt=\"\" class=\"wp-image-24449\"\/><\/figure>\n<\/figure>","protected":false},"excerpt":{"rendered":"<p>N\u00eb dat\u00ebn 15 maj 2024 departamenti i Gjuh\u00ebve t\u00eb Huaja festoi 30-vjetorin e krijimit t\u00eb tij. Mes emocionesh, stafi aktual i k\u00ebtij Departamenti, por edhe pedagog\u00eb t\u00eb dal\u00eb n\u00eb pension u b\u00ebn\u00eb bashk\u00eb p\u00ebr t\u00eb kujtuar momente t\u00eb ve\u00e7anta nga puna dhe v\u00ebshtir\u00ebsit\u00eb e hasura 30 vjet m\u00eb par\u00eb nga drejtuesit dhe pedagog\u00ebt p\u00ebr hapjen&#8230;<\/p>","protected":false},"author":2,"featured_media":24446,"comment_status":"open","ping_status":"open","sticky":false,"template":"","format":"standard","meta":{"_acf_changed":false,"footnotes":""},"categories":[5,26],"tags":[],"class_list":["post-24425","post","type-post","status-publish","format-standard","has-post-thumbnail","hentry","category-fakulteti-i-edukimit-dhe-filologjise","category-uncategorized-sq"],"acf":[],"yoast_head":"<!-- This site is optimized with the Yoast SEO plugin v26.9 - https:\/\/yoast.com\/product\/yoast-seo-wordpress\/ -->\n<title>DEPARTAMENTI I GJUHEVE T\u00cb HUAJA FESTOI 30-VJETORIN E KRIJIMIT T\u00cb TIJ - Universiteti &quot;Fan S. Noli&quot;, Kor\u00e7\u00eb<\/title>\n<meta name=\"robots\" content=\"index, follow, max-snippet:-1, max-image-preview:large, max-video-preview:-1\" \/>\n<link rel=\"canonical\" href=\"https:\/\/unkorce.edu.al\/en\/departamenti-i-gjuheve-te-huaja-festoi-30-vjetorin-e-krijimit-te-tij\/\" \/>\n<meta property=\"og:locale\" content=\"en_US\" \/>\n<meta property=\"og:type\" content=\"article\" \/>\n<meta property=\"og:title\" content=\"DEPARTAMENTI I GJUHEVE T\u00cb HUAJA FESTOI 30-VJETORIN E KRIJIMIT T\u00cb TIJ - Universiteti &quot;Fan S. Noli&quot;, Kor\u00e7\u00eb\" \/>\n<meta property=\"og:description\" content=\"N\u00eb dat\u00ebn 15 maj 2024 departamenti i Gjuh\u00ebve t\u00eb Huaja festoi 30-vjetorin e krijimit t\u00eb tij. Mes emocionesh, stafi aktual i k\u00ebtij Departamenti, por edhe pedagog\u00eb t\u00eb dal\u00eb n\u00eb pension u b\u00ebn\u00eb bashk\u00eb p\u00ebr t\u00eb kujtuar momente t\u00eb ve\u00e7anta nga puna dhe v\u00ebshtir\u00ebsit\u00eb e hasura 30 vjet m\u00eb par\u00eb nga drejtuesit dhe pedagog\u00ebt p\u00ebr hapjen...\" \/>\n<meta property=\"og:url\" content=\"https:\/\/unkorce.edu.al\/en\/departamenti-i-gjuheve-te-huaja-festoi-30-vjetorin-e-krijimit-te-tij\/\" \/>\n<meta property=\"og:site_name\" content=\"Universiteti &quot;Fan S. Noli&quot;, Kor\u00e7\u00eb\" \/>\n<meta property=\"article:publisher\" content=\"https:\/\/www.facebook.com\/unkorce\" \/>\n<meta property=\"article:published_time\" content=\"2024-05-16T12:06:59+00:00\" \/>\n<meta name=\"author\" content=\"Brikela Qelemeni\" \/>\n<meta name=\"twitter:card\" content=\"summary_large_image\" \/>\n<meta name=\"twitter:label1\" content=\"Written by\" \/>\n\t<meta name=\"twitter:data1\" content=\"Brikela Qelemeni\" \/>\n\t<meta name=\"twitter:label2\" content=\"Est. reading time\" \/>\n\t<meta name=\"twitter:data2\" content=\"2 minutes\" \/>\n<script type=\"application\/ld+json\" class=\"yoast-schema-graph\">{\"@context\":\"https:\/\/schema.org\",\"@graph\":[{\"@type\":\"Article\",\"@id\":\"https:\/\/unkorce.edu.al\/departamenti-i-gjuheve-te-huaja-festoi-30-vjetorin-e-krijimit-te-tij\/#article\",\"isPartOf\":{\"@id\":\"https:\/\/unkorce.edu.al\/departamenti-i-gjuheve-te-huaja-festoi-30-vjetorin-e-krijimit-te-tij\/\"},\"author\":{\"name\":\"Brikela Qelemeni\",\"@id\":\"https:\/\/unkorce.edu.al\/#\/schema\/person\/faa34c53e1891c174ff76279b528558e\"},\"headline\":\"DEPARTAMENTI I GJUHEVE T\u00cb HUAJA FESTOI 30-VJETORIN E KRIJIMIT T\u00cb TIJ\",\"datePublished\":\"2024-05-16T12:06:59+00:00\",\"mainEntityOfPage\":{\"@id\":\"https:\/\/unkorce.edu.al\/departamenti-i-gjuheve-te-huaja-festoi-30-vjetorin-e-krijimit-te-tij\/\"},\"wordCount\":437,\"commentCount\":0,\"publisher\":{\"@id\":\"https:\/\/unkorce.edu.al\/#organization\"},\"image\":{\"@id\":\"https:\/\/unkorce.edu.al\/departamenti-i-gjuheve-te-huaja-festoi-30-vjetorin-e-krijimit-te-tij\/#primaryimage\"},\"thumbnailUrl\":\"\",\"articleSection\":[\"Fakulteti i Edukimit dhe Filologjise\"],\"inLanguage\":\"en-US\",\"potentialAction\":[{\"@type\":\"CommentAction\",\"name\":\"Comment\",\"target\":[\"https:\/\/unkorce.edu.al\/departamenti-i-gjuheve-te-huaja-festoi-30-vjetorin-e-krijimit-te-tij\/#respond\"]}]},{\"@type\":\"WebPage\",\"@id\":\"https:\/\/unkorce.edu.al\/departamenti-i-gjuheve-te-huaja-festoi-30-vjetorin-e-krijimit-te-tij\/\",\"url\":\"https:\/\/unkorce.edu.al\/departamenti-i-gjuheve-te-huaja-festoi-30-vjetorin-e-krijimit-te-tij\/\",\"name\":\"DEPARTAMENTI I GJUHEVE T\u00cb HUAJA FESTOI 30-VJETORIN E KRIJIMIT T\u00cb TIJ - Universiteti \\\"Fan S. Noli\\\", Kor\u00e7\u00eb\",\"isPartOf\":{\"@id\":\"https:\/\/unkorce.edu.al\/#website\"},\"primaryImageOfPage\":{\"@id\":\"https:\/\/unkorce.edu.al\/departamenti-i-gjuheve-te-huaja-festoi-30-vjetorin-e-krijimit-te-tij\/#primaryimage\"},\"image\":{\"@id\":\"https:\/\/unkorce.edu.al\/departamenti-i-gjuheve-te-huaja-festoi-30-vjetorin-e-krijimit-te-tij\/#primaryimage\"},\"thumbnailUrl\":\"\",\"datePublished\":\"2024-05-16T12:06:59+00:00\",\"breadcrumb\":{\"@id\":\"https:\/\/unkorce.edu.al\/departamenti-i-gjuheve-te-huaja-festoi-30-vjetorin-e-krijimit-te-tij\/#breadcrumb\"},\"inLanguage\":\"en-US\",\"potentialAction\":[{\"@type\":\"ReadAction\",\"target\":[\"https:\/\/unkorce.edu.al\/departamenti-i-gjuheve-te-huaja-festoi-30-vjetorin-e-krijimit-te-tij\/\"]}]},{\"@type\":\"ImageObject\",\"inLanguage\":\"en-US\",\"@id\":\"https:\/\/unkorce.edu.al\/departamenti-i-gjuheve-te-huaja-festoi-30-vjetorin-e-krijimit-te-tij\/#primaryimage\",\"url\":\"\",\"contentUrl\":\"\"},{\"@type\":\"BreadcrumbList\",\"@id\":\"https:\/\/unkorce.edu.al\/departamenti-i-gjuheve-te-huaja-festoi-30-vjetorin-e-krijimit-te-tij\/#breadcrumb\",\"itemListElement\":[{\"@type\":\"ListItem\",\"position\":1,\"name\":\"Home\",\"item\":\"https:\/\/unkorce.edu.al\/\"},{\"@type\":\"ListItem\",\"position\":2,\"name\":\"DEPARTAMENTI I GJUHEVE T\u00cb HUAJA FESTOI 30-VJETORIN E KRIJIMIT T\u00cb TIJ\"}]},{\"@type\":\"WebSite\",\"@id\":\"https:\/\/unkorce.edu.al\/#website\",\"url\":\"https:\/\/unkorce.edu.al\/\",\"name\":\"Universiteti \\\"Fan S. Noli\\\", Kor\u00e7\u00eb\",\"description\":\"Mir&euml;sevini n&euml; faqen zyrtare!\",\"publisher\":{\"@id\":\"https:\/\/unkorce.edu.al\/#organization\"},\"potentialAction\":[{\"@type\":\"SearchAction\",\"target\":{\"@type\":\"EntryPoint\",\"urlTemplate\":\"https:\/\/unkorce.edu.al\/?s={search_term_string}\"},\"query-input\":{\"@type\":\"PropertyValueSpecification\",\"valueRequired\":true,\"valueName\":\"search_term_string\"}}],\"inLanguage\":\"en-US\"},{\"@type\":\"Organization\",\"@id\":\"https:\/\/unkorce.edu.al\/#organization\",\"name\":\"Universiteti \\\"Fan S. Noli\\\", Kor\u00e7\u00eb\",\"url\":\"https:\/\/unkorce.edu.al\/\",\"logo\":{\"@type\":\"ImageObject\",\"inLanguage\":\"en-US\",\"@id\":\"https:\/\/unkorce.edu.al\/#\/schema\/logo\/image\/\",\"url\":\"https:\/\/unkorce.edu.al\/wp-content\/uploads\/2024\/08\/Logo_e_Universitetit__Fan_Noli_-e1726660879862.png\",\"contentUrl\":\"https:\/\/unkorce.edu.al\/wp-content\/uploads\/2024\/08\/Logo_e_Universitetit__Fan_Noli_-e1726660879862.png\",\"width\":200,\"height\":120,\"caption\":\"Universiteti \\\"Fan S. Noli\\\", Kor\u00e7\u00eb\"},\"image\":{\"@id\":\"https:\/\/unkorce.edu.al\/#\/schema\/logo\/image\/\"},\"sameAs\":[\"https:\/\/www.facebook.com\/unkorce\"]},{\"@type\":\"Person\",\"@id\":\"https:\/\/unkorce.edu.al\/#\/schema\/person\/faa34c53e1891c174ff76279b528558e\",\"name\":\"Brikela Qelemeni\",\"image\":{\"@type\":\"ImageObject\",\"inLanguage\":\"en-US\",\"@id\":\"https:\/\/unkorce.edu.al\/#\/schema\/person\/image\/\",\"url\":\"https:\/\/secure.gravatar.com\/avatar\/6c1805558a9218503040c8b9055763822c6184a1cd600127210a9abbc5aaea04?s=96&d=mm&r=g\",\"contentUrl\":\"https:\/\/secure.gravatar.com\/avatar\/6c1805558a9218503040c8b9055763822c6184a1cd600127210a9abbc5aaea04?s=96&d=mm&r=g\",\"caption\":\"Brikela Qelemeni\"},\"url\":\"https:\/\/unkorce.edu.al\/en\/author\/brikela\/\"}]}<\/script>\n<!-- \/ Yoast SEO plugin. -->","yoast_head_json":{"title":"DEPARTAMENTI I GJUHEVE T\u00cb HUAJA FESTOI 30-VJETORIN E KRIJIMIT T\u00cb TIJ - Universiteti \"Fan S. Noli\", Kor\u00e7\u00eb","robots":{"index":"index","follow":"follow","max-snippet":"max-snippet:-1","max-image-preview":"max-image-preview:large","max-video-preview":"max-video-preview:-1"},"canonical":"https:\/\/unkorce.edu.al\/en\/departamenti-i-gjuheve-te-huaja-festoi-30-vjetorin-e-krijimit-te-tij\/","og_locale":"en_US","og_type":"article","og_title":"DEPARTAMENTI I GJUHEVE T\u00cb HUAJA FESTOI 30-VJETORIN E KRIJIMIT T\u00cb TIJ - Universiteti \"Fan S. Noli\", Kor\u00e7\u00eb","og_description":"N\u00eb dat\u00ebn 15 maj 2024 departamenti i Gjuh\u00ebve t\u00eb Huaja festoi 30-vjetorin e krijimit t\u00eb tij. Mes emocionesh, stafi aktual i k\u00ebtij Departamenti, por edhe pedagog\u00eb t\u00eb dal\u00eb n\u00eb pension u b\u00ebn\u00eb bashk\u00eb p\u00ebr t\u00eb kujtuar momente t\u00eb ve\u00e7anta nga puna dhe v\u00ebshtir\u00ebsit\u00eb e hasura 30 vjet m\u00eb par\u00eb nga drejtuesit dhe pedagog\u00ebt p\u00ebr hapjen...","og_url":"https:\/\/unkorce.edu.al\/en\/departamenti-i-gjuheve-te-huaja-festoi-30-vjetorin-e-krijimit-te-tij\/","og_site_name":"Universiteti \"Fan S. Noli\", Kor\u00e7\u00eb","article_publisher":"https:\/\/www.facebook.com\/unkorce","article_published_time":"2024-05-16T12:06:59+00:00","author":"Brikela Qelemeni","twitter_card":"summary_large_image","twitter_misc":{"Written by":"Brikela Qelemeni","Est. reading time":"2 minutes"},"schema":{"@context":"https:\/\/schema.org","@graph":[{"@type":"Article","@id":"https:\/\/unkorce.edu.al\/departamenti-i-gjuheve-te-huaja-festoi-30-vjetorin-e-krijimit-te-tij\/#article","isPartOf":{"@id":"https:\/\/unkorce.edu.al\/departamenti-i-gjuheve-te-huaja-festoi-30-vjetorin-e-krijimit-te-tij\/"},"author":{"name":"Brikela Qelemeni","@id":"https:\/\/unkorce.edu.al\/#\/schema\/person\/faa34c53e1891c174ff76279b528558e"},"headline":"DEPARTAMENTI I GJUHEVE T\u00cb HUAJA FESTOI 30-VJETORIN E KRIJIMIT T\u00cb TIJ","datePublished":"2024-05-16T12:06:59+00:00","mainEntityOfPage":{"@id":"https:\/\/unkorce.edu.al\/departamenti-i-gjuheve-te-huaja-festoi-30-vjetorin-e-krijimit-te-tij\/"},"wordCount":437,"commentCount":0,"publisher":{"@id":"https:\/\/unkorce.edu.al\/#organization"},"image":{"@id":"https:\/\/unkorce.edu.al\/departamenti-i-gjuheve-te-huaja-festoi-30-vjetorin-e-krijimit-te-tij\/#primaryimage"},"thumbnailUrl":"","articleSection":["Fakulteti i Edukimit dhe Filologjise"],"inLanguage":"en-US","potentialAction":[{"@type":"CommentAction","name":"Comment","target":["https:\/\/unkorce.edu.al\/departamenti-i-gjuheve-te-huaja-festoi-30-vjetorin-e-krijimit-te-tij\/#respond"]}]},{"@type":"WebPage","@id":"https:\/\/unkorce.edu.al\/departamenti-i-gjuheve-te-huaja-festoi-30-vjetorin-e-krijimit-te-tij\/","url":"https:\/\/unkorce.edu.al\/departamenti-i-gjuheve-te-huaja-festoi-30-vjetorin-e-krijimit-te-tij\/","name":"DEPARTAMENTI I GJUHEVE T\u00cb HUAJA FESTOI 30-VJETORIN E KRIJIMIT T\u00cb TIJ - Universiteti \"Fan S. Noli\", Kor\u00e7\u00eb","isPartOf":{"@id":"https:\/\/unkorce.edu.al\/#website"},"primaryImageOfPage":{"@id":"https:\/\/unkorce.edu.al\/departamenti-i-gjuheve-te-huaja-festoi-30-vjetorin-e-krijimit-te-tij\/#primaryimage"},"image":{"@id":"https:\/\/unkorce.edu.al\/departamenti-i-gjuheve-te-huaja-festoi-30-vjetorin-e-krijimit-te-tij\/#primaryimage"},"thumbnailUrl":"","datePublished":"2024-05-16T12:06:59+00:00","breadcrumb":{"@id":"https:\/\/unkorce.edu.al\/departamenti-i-gjuheve-te-huaja-festoi-30-vjetorin-e-krijimit-te-tij\/#breadcrumb"},"inLanguage":"en-US","potentialAction":[{"@type":"ReadAction","target":["https:\/\/unkorce.edu.al\/departamenti-i-gjuheve-te-huaja-festoi-30-vjetorin-e-krijimit-te-tij\/"]}]},{"@type":"ImageObject","inLanguage":"en-US","@id":"https:\/\/unkorce.edu.al\/departamenti-i-gjuheve-te-huaja-festoi-30-vjetorin-e-krijimit-te-tij\/#primaryimage","url":"","contentUrl":""},{"@type":"BreadcrumbList","@id":"https:\/\/unkorce.edu.al\/departamenti-i-gjuheve-te-huaja-festoi-30-vjetorin-e-krijimit-te-tij\/#breadcrumb","itemListElement":[{"@type":"ListItem","position":1,"name":"Home","item":"https:\/\/unkorce.edu.al\/"},{"@type":"ListItem","position":2,"name":"DEPARTAMENTI I GJUHEVE T\u00cb HUAJA FESTOI 30-VJETORIN E KRIJIMIT T\u00cb TIJ"}]},{"@type":"WebSite","@id":"https:\/\/unkorce.edu.al\/#website","url":"https:\/\/unkorce.edu.al\/","name":"Universiteti \"Fan S. Noli\", Kor\u00e7\u00eb","description":"Mir&euml;sevini n&euml; faqen zyrtare!","publisher":{"@id":"https:\/\/unkorce.edu.al\/#organization"},"potentialAction":[{"@type":"SearchAction","target":{"@type":"EntryPoint","urlTemplate":"https:\/\/unkorce.edu.al\/?s={search_term_string}"},"query-input":{"@type":"PropertyValueSpecification","valueRequired":true,"valueName":"search_term_string"}}],"inLanguage":"en-US"},{"@type":"Organization","@id":"https:\/\/unkorce.edu.al\/#organization","name":"Universiteti \"Fan S. Noli\", Kor\u00e7\u00eb","url":"https:\/\/unkorce.edu.al\/","logo":{"@type":"ImageObject","inLanguage":"en-US","@id":"https:\/\/unkorce.edu.al\/#\/schema\/logo\/image\/","url":"https:\/\/unkorce.edu.al\/wp-content\/uploads\/2024\/08\/Logo_e_Universitetit__Fan_Noli_-e1726660879862.png","contentUrl":"https:\/\/unkorce.edu.al\/wp-content\/uploads\/2024\/08\/Logo_e_Universitetit__Fan_Noli_-e1726660879862.png","width":200,"height":120,"caption":"Universiteti \"Fan S. Noli\", Kor\u00e7\u00eb"},"image":{"@id":"https:\/\/unkorce.edu.al\/#\/schema\/logo\/image\/"},"sameAs":["https:\/\/www.facebook.com\/unkorce"]},{"@type":"Person","@id":"https:\/\/unkorce.edu.al\/#\/schema\/person\/faa34c53e1891c174ff76279b528558e","name":"Brikela Qelemeni","image":{"@type":"ImageObject","inLanguage":"en-US","@id":"https:\/\/unkorce.edu.al\/#\/schema\/person\/image\/","url":"https:\/\/secure.gravatar.com\/avatar\/6c1805558a9218503040c8b9055763822c6184a1cd600127210a9abbc5aaea04?s=96&d=mm&r=g","contentUrl":"https:\/\/secure.gravatar.com\/avatar\/6c1805558a9218503040c8b9055763822c6184a1cd600127210a9abbc5aaea04?s=96&d=mm&r=g","caption":"Brikela Qelemeni"},"url":"https:\/\/unkorce.edu.al\/en\/author\/brikela\/"}]}},"_links":{"self":[{"href":"https:\/\/unkorce.edu.al\/en\/wp-json\/wp\/v2\/posts\/24425","targetHints":{"allow":["GET"]}}],"collection":[{"href":"https:\/\/unkorce.edu.al\/en\/wp-json\/wp\/v2\/posts"}],"about":[{"href":"https:\/\/unkorce.edu.al\/en\/wp-json\/wp\/v2\/types\/post"}],"author":[{"embeddable":true,"href":"https:\/\/unkorce.edu.al\/en\/wp-json\/wp\/v2\/users\/2"}],"replies":[{"embeddable":true,"href":"https:\/\/unkorce.edu.al\/en\/wp-json\/wp\/v2\/comments?post=24425"}],"version-history":[{"count":0,"href":"https:\/\/unkorce.edu.al\/en\/wp-json\/wp\/v2\/posts\/24425\/revisions"}],"wp:featuredmedia":[{"embeddable":true,"href":"https:\/\/unkorce.edu.al\/en\/wp-json\/"}],"wp:attachment":[{"href":"https:\/\/unkorce.edu.al\/en\/wp-json\/wp\/v2\/media?parent=24425"}],"wp:term":[{"taxonomy":"category","embeddable":true,"href":"https:\/\/unkorce.edu.al\/en\/wp-json\/wp\/v2\/categories?post=24425"},{"taxonomy":"post_tag","embeddable":true,"href":"https:\/\/unkorce.edu.al\/en\/wp-json\/wp\/v2\/tags?post=24425"}],"curies":[{"name":"wp","href":"https:\/\/api.w.org\/{rel}","templated":true}]}}