{"id":23554,"date":"2024-04-04T06:29:34","date_gmt":"2024-04-04T06:29:34","guid":{"rendered":"https:\/\/unkorce.edu.al\/?p=23554"},"modified":"2024-04-04T06:29:34","modified_gmt":"2024-04-04T06:29:34","slug":"universiteti-fan-s-noli-ne-bashkepunim-me-institutin-shqiptart-te-medias-zhvilluan-trajnimin-dy-ditor-te-lektoreve-kryesisht-te-gjuhes-angleze-me-teme-edukimi-mediatik-ne","status":"publish","type":"post","link":"https:\/\/unkorce.edu.al\/en\/universiteti-fan-s-noli-ne-bashkepunim-me-institutin-shqiptart-te-medias-zhvilluan-trajnimin-dy-ditor-te-lektoreve-kryesisht-te-gjuhes-angleze-me-teme-edukimi-mediatik-ne\/","title":{"rendered":"UNIVERSITETI \u201cFAN S. NOLI\u201d N\u00cb BASHK\u00cbPUNIM ME INSTITUTIN SHQIPTAR T\u00cb MEDIAS ZHVILLUAN TRAJNIMIN DY-DITOR T\u00cb LEKTOR\u00cbVE, KRYESISHT T\u00cb GJUH\u00cbS ANGLEZE ME TEM\u00cb: \u201cEDUKIMI MEDIATIK N\u00cb ARSIM-INTELIGJENCA ARTIFICIALE P\u00cbR M\u00cbSUESIT\u201d"},"content":{"rendered":"<p>N\u00eb datat 4-5 prill 2024 n\u00eb vazhdim t\u00eb nism\u00ebs \u201cEdukimi mediatik n\u00eb universitete\u201d, t\u00eb nd\u00ebrmarr\u00eb nga Instituti Shqiptar i Medias n\u00eb bashk\u00ebpunim me Universitetin \u201cFan S. Noli\u201d dhe me mb\u00ebshtetjen e Ambasad\u00ebs Amerikane u zhvillua trajnimi dy-ditor i lektor\u00ebve, kryesisht t\u00eb profilit t\u00eb gjuh\u00ebs angleze.<\/p>\n\n\n\n<p>P\u00ebrmes prezantimeve nd\u00ebrvepruese mbi m\u00ebnyr\u00ebn se si prodhohet dhe p\u00ebrdoret media, ndikimet e saj pozitive dhe problemet q\u00eb lidhen me \u00e7rregullimet informative, ndikimi i Inteligjenc\u00ebs Artificiale n\u00eb \u201cfabrikimin\u201d e lajmeve t\u00eb rreme, mjetet dhe m\u00ebnyrat p\u00eb gjurmimin dhe zbulimin e informacioneve t\u00eb rreme etj. synohet q\u00eb pedagog\u00ebt t\u00eb mund t\u00eb integrojn\u00eb njohurit\u00eb mbi edukimin dhe median n\u00eb l\u00ebnd\u00ebt dhe pun\u00ebn e tyre t\u00eb drejtp\u00ebrdrejt\u00eb me student\u00ebt.<\/p>\n\n\n\n<p>N\u00eb k\u00ebt\u00eb m\u00ebnyr\u00eb student\u00ebt nxiten t\u00eb lexojn\u00eb dhe \u201ckonsumojn\u00eb\u201d median n\u00eb m\u00ebnyr\u00eb kritike, si dhe ta p\u00ebrdorin at\u00eb n\u00eb t\u00eb mir\u00eb t\u00eb vetes dhe t\u00eb t\u00eb shoq\u00ebris\u00eb.<\/p>\n\n\n\n<p>Trainimi u zhvillua nga lektorja Monika Hanley.<\/p>\n\n\n\n<figure class=\"wp-block-gallery has-nested-images columns-default is-cropped wp-block-gallery-1 is-layout-flex wp-block-gallery-is-layout-flex\">\n<figure class=\"wp-block-image size-large\"><img decoding=\"async\" data-id=\"23556\" src=\"https:\/\/unkorce.edu.al\/wp-content\/uploads\/2024\/04\/IMG_7527-1024x683.jpg\" alt=\"\" class=\"wp-image-23556\"\/><\/figure>\n\n\n\n<figure class=\"wp-block-image size-large\"><img decoding=\"async\" data-id=\"23557\" src=\"https:\/\/unkorce.edu.al\/wp-content\/uploads\/2024\/04\/IMG_7530-1024x683.jpg\" alt=\"\" class=\"wp-image-23557\"\/><\/figure>\n\n\n\n<figure class=\"wp-block-image size-large\"><img decoding=\"async\" data-id=\"23560\" src=\"https:\/\/unkorce.edu.al\/wp-content\/uploads\/2024\/04\/IMG_7536-1024x683.jpg\" alt=\"\" class=\"wp-image-23560\"\/><\/figure>\n\n\n\n<figure class=\"wp-block-image size-large\"><img decoding=\"async\" data-id=\"23558\" src=\"https:\/\/unkorce.edu.al\/wp-content\/uploads\/2024\/04\/IMG_7529-1024x683.jpg\" alt=\"\" class=\"wp-image-23558\"\/><\/figure>\n\n\n\n<figure class=\"wp-block-image size-large\"><img decoding=\"async\" data-id=\"23559\" src=\"https:\/\/unkorce.edu.al\/wp-content\/uploads\/2024\/04\/IMG_7526-1024x683.jpg\" alt=\"\" class=\"wp-image-23559\"\/><\/figure>\n\n\n\n<figure class=\"wp-block-image size-large\"><img decoding=\"async\" data-id=\"23561\" src=\"https:\/\/unkorce.edu.al\/wp-content\/uploads\/2024\/04\/IMG_7538-1024x683.jpg\" alt=\"\" class=\"wp-image-23561\"\/><\/figure>\n<\/figure>","protected":false},"excerpt":{"rendered":"<p>N\u00eb datat 4-5 prill 2024 n\u00eb vazhdim t\u00eb nism\u00ebs \u201cEdukimi mediatik n\u00eb universitete\u201d, t\u00eb nd\u00ebrmarr\u00eb nga Instituti Shqiptar i Medias n\u00eb bashk\u00ebpunim me Universitetin \u201cFan S. Noli\u201d dhe me mb\u00ebshtetjen e Ambasad\u00ebs Amerikane u zhvillua trajnimi dy-ditor i lektor\u00ebve, kryesisht t\u00eb profilit t\u00eb gjuh\u00ebs angleze. P\u00ebrmes prezantimeve nd\u00ebrvepruese mbi m\u00ebnyr\u00ebn se si prodhohet dhe p\u00ebrdoret&#8230;<\/p>","protected":false},"author":2,"featured_media":23555,"comment_status":"open","ping_status":"open","sticky":false,"template":"","format":"standard","meta":{"_acf_changed":false,"footnotes":""},"categories":[5,1,39],"tags":[],"class_list":["post-23554","post","type-post","status-publish","format-standard","has-post-thumbnail","hentry","category-fakulteti-i-edukimit-dhe-filologjise","category-uncategorized","category-veprimtari-marredheniet-me-jashte-iro"],"acf":[],"yoast_head":"<!-- This site is optimized with the Yoast SEO plugin v26.9 - https:\/\/yoast.com\/product\/yoast-seo-wordpress\/ -->\n<title>UNIVERSITETI \u201cFAN S. NOLI\u201d N\u00cb BASHK\u00cbPUNIM ME INSTITUTIN SHQIPTAR T\u00cb MEDIAS ZHVILLUAN TRAJNIMIN DY-DITOR T\u00cb LEKTOR\u00cbVE, KRYESISHT T\u00cb GJUH\u00cbS ANGLEZE ME TEM\u00cb: \u201cEDUKIMI MEDIATIK N\u00cb ARSIM-INTELIGJENCA ARTIFICIALE P\u00cbR M\u00cbSUESIT\u201d - Universiteti &quot;Fan S. Noli&quot;, Kor\u00e7\u00eb<\/title>\n<meta name=\"robots\" content=\"index, follow, max-snippet:-1, max-image-preview:large, max-video-preview:-1\" \/>\n<link rel=\"canonical\" href=\"https:\/\/unkorce.edu.al\/en\/universiteti-fan-s-noli-ne-bashkepunim-me-institutin-shqiptart-te-medias-zhvilluan-trajnimin-dy-ditor-te-lektoreve-kryesisht-te-gjuhes-angleze-me-teme-edukimi-mediatik-ne\/\" \/>\n<meta property=\"og:locale\" content=\"en_US\" \/>\n<meta property=\"og:type\" content=\"article\" \/>\n<meta property=\"og:title\" content=\"UNIVERSITETI \u201cFAN S. NOLI\u201d N\u00cb BASHK\u00cbPUNIM ME INSTITUTIN SHQIPTAR T\u00cb MEDIAS ZHVILLUAN TRAJNIMIN DY-DITOR T\u00cb LEKTOR\u00cbVE, KRYESISHT T\u00cb GJUH\u00cbS ANGLEZE ME TEM\u00cb: \u201cEDUKIMI MEDIATIK N\u00cb ARSIM-INTELIGJENCA ARTIFICIALE P\u00cbR M\u00cbSUESIT\u201d - Universiteti &quot;Fan S. Noli&quot;, Kor\u00e7\u00eb\" \/>\n<meta property=\"og:description\" content=\"N\u00eb datat 4-5 prill 2024 n\u00eb vazhdim t\u00eb nism\u00ebs \u201cEdukimi mediatik n\u00eb universitete\u201d, t\u00eb nd\u00ebrmarr\u00eb nga Instituti Shqiptar i Medias n\u00eb bashk\u00ebpunim me Universitetin \u201cFan S. Noli\u201d dhe me mb\u00ebshtetjen e Ambasad\u00ebs Amerikane u zhvillua trajnimi dy-ditor i lektor\u00ebve, kryesisht t\u00eb profilit t\u00eb gjuh\u00ebs angleze. P\u00ebrmes prezantimeve nd\u00ebrvepruese mbi m\u00ebnyr\u00ebn se si prodhohet dhe p\u00ebrdoret...\" \/>\n<meta property=\"og:url\" content=\"https:\/\/unkorce.edu.al\/en\/universiteti-fan-s-noli-ne-bashkepunim-me-institutin-shqiptart-te-medias-zhvilluan-trajnimin-dy-ditor-te-lektoreve-kryesisht-te-gjuhes-angleze-me-teme-edukimi-mediatik-ne\/\" \/>\n<meta property=\"og:site_name\" content=\"Universiteti &quot;Fan S. Noli&quot;, Kor\u00e7\u00eb\" \/>\n<meta property=\"article:publisher\" content=\"https:\/\/www.facebook.com\/unkorce\" \/>\n<meta property=\"article:published_time\" content=\"2024-04-04T06:29:34+00:00\" \/>\n<meta name=\"author\" content=\"Brikela Qelemeni\" \/>\n<meta name=\"twitter:card\" content=\"summary_large_image\" \/>\n<meta name=\"twitter:label1\" content=\"Written by\" \/>\n\t<meta name=\"twitter:data1\" content=\"Brikela Qelemeni\" \/>\n\t<meta name=\"twitter:label2\" content=\"Est. reading time\" \/>\n\t<meta name=\"twitter:data2\" content=\"1 minute\" \/>\n<script type=\"application\/ld+json\" class=\"yoast-schema-graph\">{\"@context\":\"https:\/\/schema.org\",\"@graph\":[{\"@type\":\"Article\",\"@id\":\"https:\/\/unkorce.edu.al\/universiteti-fan-s-noli-ne-bashkepunim-me-institutin-shqiptart-te-medias-zhvilluan-trajnimin-dy-ditor-te-lektoreve-kryesisht-te-gjuhes-angleze-me-teme-edukimi-mediatik-ne\/#article\",\"isPartOf\":{\"@id\":\"https:\/\/unkorce.edu.al\/universiteti-fan-s-noli-ne-bashkepunim-me-institutin-shqiptart-te-medias-zhvilluan-trajnimin-dy-ditor-te-lektoreve-kryesisht-te-gjuhes-angleze-me-teme-edukimi-mediatik-ne\/\"},\"author\":{\"name\":\"Brikela Qelemeni\",\"@id\":\"https:\/\/unkorce.edu.al\/#\/schema\/person\/faa34c53e1891c174ff76279b528558e\"},\"headline\":\"UNIVERSITETI \u201cFAN S. NOLI\u201d N\u00cb BASHK\u00cbPUNIM ME INSTITUTIN SHQIPTAR T\u00cb MEDIAS ZHVILLUAN TRAJNIMIN DY-DITOR T\u00cb LEKTOR\u00cbVE, KRYESISHT T\u00cb GJUH\u00cbS ANGLEZE ME TEM\u00cb: \u201cEDUKIMI MEDIATIK N\u00cb ARSIM-INTELIGJENCA ARTIFICIALE P\u00cbR M\u00cbSUESIT\u201d\",\"datePublished\":\"2024-04-04T06:29:34+00:00\",\"mainEntityOfPage\":{\"@id\":\"https:\/\/unkorce.edu.al\/universiteti-fan-s-noli-ne-bashkepunim-me-institutin-shqiptart-te-medias-zhvilluan-trajnimin-dy-ditor-te-lektoreve-kryesisht-te-gjuhes-angleze-me-teme-edukimi-mediatik-ne\/\"},\"wordCount\":204,\"commentCount\":0,\"publisher\":{\"@id\":\"https:\/\/unkorce.edu.al\/#organization\"},\"image\":{\"@id\":\"https:\/\/unkorce.edu.al\/universiteti-fan-s-noli-ne-bashkepunim-me-institutin-shqiptart-te-medias-zhvilluan-trajnimin-dy-ditor-te-lektoreve-kryesisht-te-gjuhes-angleze-me-teme-edukimi-mediatik-ne\/#primaryimage\"},\"thumbnailUrl\":\"\",\"articleSection\":{\"0\":\"Fakulteti i Edukimit dhe Filologjise\",\"2\":\"Veprimtari\"},\"inLanguage\":\"en-US\",\"potentialAction\":[{\"@type\":\"CommentAction\",\"name\":\"Comment\",\"target\":[\"https:\/\/unkorce.edu.al\/universiteti-fan-s-noli-ne-bashkepunim-me-institutin-shqiptart-te-medias-zhvilluan-trajnimin-dy-ditor-te-lektoreve-kryesisht-te-gjuhes-angleze-me-teme-edukimi-mediatik-ne\/#respond\"]}]},{\"@type\":\"WebPage\",\"@id\":\"https:\/\/unkorce.edu.al\/universiteti-fan-s-noli-ne-bashkepunim-me-institutin-shqiptart-te-medias-zhvilluan-trajnimin-dy-ditor-te-lektoreve-kryesisht-te-gjuhes-angleze-me-teme-edukimi-mediatik-ne\/\",\"url\":\"https:\/\/unkorce.edu.al\/universiteti-fan-s-noli-ne-bashkepunim-me-institutin-shqiptart-te-medias-zhvilluan-trajnimin-dy-ditor-te-lektoreve-kryesisht-te-gjuhes-angleze-me-teme-edukimi-mediatik-ne\/\",\"name\":\"UNIVERSITETI \u201cFAN S. NOLI\u201d N\u00cb BASHK\u00cbPUNIM ME INSTITUTIN SHQIPTAR T\u00cb MEDIAS ZHVILLUAN TRAJNIMIN DY-DITOR T\u00cb LEKTOR\u00cbVE, KRYESISHT T\u00cb GJUH\u00cbS ANGLEZE ME TEM\u00cb: \u201cEDUKIMI MEDIATIK N\u00cb ARSIM-INTELIGJENCA ARTIFICIALE P\u00cbR M\u00cbSUESIT\u201d - Universiteti \\\"Fan S. Noli\\\", Kor\u00e7\u00eb\",\"isPartOf\":{\"@id\":\"https:\/\/unkorce.edu.al\/#website\"},\"primaryImageOfPage\":{\"@id\":\"https:\/\/unkorce.edu.al\/universiteti-fan-s-noli-ne-bashkepunim-me-institutin-shqiptart-te-medias-zhvilluan-trajnimin-dy-ditor-te-lektoreve-kryesisht-te-gjuhes-angleze-me-teme-edukimi-mediatik-ne\/#primaryimage\"},\"image\":{\"@id\":\"https:\/\/unkorce.edu.al\/universiteti-fan-s-noli-ne-bashkepunim-me-institutin-shqiptart-te-medias-zhvilluan-trajnimin-dy-ditor-te-lektoreve-kryesisht-te-gjuhes-angleze-me-teme-edukimi-mediatik-ne\/#primaryimage\"},\"thumbnailUrl\":\"\",\"datePublished\":\"2024-04-04T06:29:34+00:00\",\"breadcrumb\":{\"@id\":\"https:\/\/unkorce.edu.al\/universiteti-fan-s-noli-ne-bashkepunim-me-institutin-shqiptart-te-medias-zhvilluan-trajnimin-dy-ditor-te-lektoreve-kryesisht-te-gjuhes-angleze-me-teme-edukimi-mediatik-ne\/#breadcrumb\"},\"inLanguage\":\"en-US\",\"potentialAction\":[{\"@type\":\"ReadAction\",\"target\":[\"https:\/\/unkorce.edu.al\/universiteti-fan-s-noli-ne-bashkepunim-me-institutin-shqiptart-te-medias-zhvilluan-trajnimin-dy-ditor-te-lektoreve-kryesisht-te-gjuhes-angleze-me-teme-edukimi-mediatik-ne\/\"]}]},{\"@type\":\"ImageObject\",\"inLanguage\":\"en-US\",\"@id\":\"https:\/\/unkorce.edu.al\/universiteti-fan-s-noli-ne-bashkepunim-me-institutin-shqiptart-te-medias-zhvilluan-trajnimin-dy-ditor-te-lektoreve-kryesisht-te-gjuhes-angleze-me-teme-edukimi-mediatik-ne\/#primaryimage\",\"url\":\"\",\"contentUrl\":\"\"},{\"@type\":\"BreadcrumbList\",\"@id\":\"https:\/\/unkorce.edu.al\/universiteti-fan-s-noli-ne-bashkepunim-me-institutin-shqiptart-te-medias-zhvilluan-trajnimin-dy-ditor-te-lektoreve-kryesisht-te-gjuhes-angleze-me-teme-edukimi-mediatik-ne\/#breadcrumb\",\"itemListElement\":[{\"@type\":\"ListItem\",\"position\":1,\"name\":\"Home\",\"item\":\"https:\/\/unkorce.edu.al\/\"},{\"@type\":\"ListItem\",\"position\":2,\"name\":\"UNIVERSITETI \u201cFAN S. NOLI\u201d N\u00cb BASHK\u00cbPUNIM ME INSTITUTIN SHQIPTAR T\u00cb MEDIAS ZHVILLUAN TRAJNIMIN DY-DITOR T\u00cb LEKTOR\u00cbVE, KRYESISHT T\u00cb GJUH\u00cbS ANGLEZE ME TEM\u00cb: \u201cEDUKIMI MEDIATIK N\u00cb ARSIM-INTELIGJENCA ARTIFICIALE P\u00cbR M\u00cbSUESIT\u201d\"}]},{\"@type\":\"WebSite\",\"@id\":\"https:\/\/unkorce.edu.al\/#website\",\"url\":\"https:\/\/unkorce.edu.al\/\",\"name\":\"Universiteti \\\"Fan S. Noli\\\", Kor\u00e7\u00eb\",\"description\":\"Mir&euml;sevini n&euml; faqen zyrtare!\",\"publisher\":{\"@id\":\"https:\/\/unkorce.edu.al\/#organization\"},\"potentialAction\":[{\"@type\":\"SearchAction\",\"target\":{\"@type\":\"EntryPoint\",\"urlTemplate\":\"https:\/\/unkorce.edu.al\/?s={search_term_string}\"},\"query-input\":{\"@type\":\"PropertyValueSpecification\",\"valueRequired\":true,\"valueName\":\"search_term_string\"}}],\"inLanguage\":\"en-US\"},{\"@type\":\"Organization\",\"@id\":\"https:\/\/unkorce.edu.al\/#organization\",\"name\":\"Universiteti \\\"Fan S. Noli\\\", Kor\u00e7\u00eb\",\"url\":\"https:\/\/unkorce.edu.al\/\",\"logo\":{\"@type\":\"ImageObject\",\"inLanguage\":\"en-US\",\"@id\":\"https:\/\/unkorce.edu.al\/#\/schema\/logo\/image\/\",\"url\":\"https:\/\/unkorce.edu.al\/wp-content\/uploads\/2024\/08\/Logo_e_Universitetit__Fan_Noli_-e1726660879862.png\",\"contentUrl\":\"https:\/\/unkorce.edu.al\/wp-content\/uploads\/2024\/08\/Logo_e_Universitetit__Fan_Noli_-e1726660879862.png\",\"width\":200,\"height\":120,\"caption\":\"Universiteti \\\"Fan S. Noli\\\", Kor\u00e7\u00eb\"},\"image\":{\"@id\":\"https:\/\/unkorce.edu.al\/#\/schema\/logo\/image\/\"},\"sameAs\":[\"https:\/\/www.facebook.com\/unkorce\"]},{\"@type\":\"Person\",\"@id\":\"https:\/\/unkorce.edu.al\/#\/schema\/person\/faa34c53e1891c174ff76279b528558e\",\"name\":\"Brikela Qelemeni\",\"image\":{\"@type\":\"ImageObject\",\"inLanguage\":\"en-US\",\"@id\":\"https:\/\/unkorce.edu.al\/#\/schema\/person\/image\/\",\"url\":\"https:\/\/secure.gravatar.com\/avatar\/6c1805558a9218503040c8b9055763822c6184a1cd600127210a9abbc5aaea04?s=96&d=mm&r=g\",\"contentUrl\":\"https:\/\/secure.gravatar.com\/avatar\/6c1805558a9218503040c8b9055763822c6184a1cd600127210a9abbc5aaea04?s=96&d=mm&r=g\",\"caption\":\"Brikela Qelemeni\"},\"url\":\"https:\/\/unkorce.edu.al\/en\/author\/brikela\/\"}]}<\/script>\n<!-- \/ Yoast SEO plugin. -->","yoast_head_json":{"title":"UNIVERSITETI \u201cFAN S. NOLI\u201d N\u00cb BASHK\u00cbPUNIM ME INSTITUTIN SHQIPTAR T\u00cb MEDIAS ZHVILLUAN TRAJNIMIN DY-DITOR T\u00cb LEKTOR\u00cbVE, KRYESISHT T\u00cb GJUH\u00cbS ANGLEZE ME TEM\u00cb: \u201cEDUKIMI MEDIATIK N\u00cb ARSIM-INTELIGJENCA ARTIFICIALE P\u00cbR M\u00cbSUESIT\u201d - Universiteti \"Fan S. Noli\", Kor\u00e7\u00eb","robots":{"index":"index","follow":"follow","max-snippet":"max-snippet:-1","max-image-preview":"max-image-preview:large","max-video-preview":"max-video-preview:-1"},"canonical":"https:\/\/unkorce.edu.al\/en\/universiteti-fan-s-noli-ne-bashkepunim-me-institutin-shqiptart-te-medias-zhvilluan-trajnimin-dy-ditor-te-lektoreve-kryesisht-te-gjuhes-angleze-me-teme-edukimi-mediatik-ne\/","og_locale":"en_US","og_type":"article","og_title":"UNIVERSITETI \u201cFAN S. NOLI\u201d N\u00cb BASHK\u00cbPUNIM ME INSTITUTIN SHQIPTAR T\u00cb MEDIAS ZHVILLUAN TRAJNIMIN DY-DITOR T\u00cb LEKTOR\u00cbVE, KRYESISHT T\u00cb GJUH\u00cbS ANGLEZE ME TEM\u00cb: \u201cEDUKIMI MEDIATIK N\u00cb ARSIM-INTELIGJENCA ARTIFICIALE P\u00cbR M\u00cbSUESIT\u201d - Universiteti \"Fan S. Noli\", Kor\u00e7\u00eb","og_description":"N\u00eb datat 4-5 prill 2024 n\u00eb vazhdim t\u00eb nism\u00ebs \u201cEdukimi mediatik n\u00eb universitete\u201d, t\u00eb nd\u00ebrmarr\u00eb nga Instituti Shqiptar i Medias n\u00eb bashk\u00ebpunim me Universitetin \u201cFan S. Noli\u201d dhe me mb\u00ebshtetjen e Ambasad\u00ebs Amerikane u zhvillua trajnimi dy-ditor i lektor\u00ebve, kryesisht t\u00eb profilit t\u00eb gjuh\u00ebs angleze. P\u00ebrmes prezantimeve nd\u00ebrvepruese mbi m\u00ebnyr\u00ebn se si prodhohet dhe p\u00ebrdoret...","og_url":"https:\/\/unkorce.edu.al\/en\/universiteti-fan-s-noli-ne-bashkepunim-me-institutin-shqiptart-te-medias-zhvilluan-trajnimin-dy-ditor-te-lektoreve-kryesisht-te-gjuhes-angleze-me-teme-edukimi-mediatik-ne\/","og_site_name":"Universiteti \"Fan S. Noli\", Kor\u00e7\u00eb","article_publisher":"https:\/\/www.facebook.com\/unkorce","article_published_time":"2024-04-04T06:29:34+00:00","author":"Brikela Qelemeni","twitter_card":"summary_large_image","twitter_misc":{"Written by":"Brikela Qelemeni","Est. reading time":"1 minute"},"schema":{"@context":"https:\/\/schema.org","@graph":[{"@type":"Article","@id":"https:\/\/unkorce.edu.al\/universiteti-fan-s-noli-ne-bashkepunim-me-institutin-shqiptart-te-medias-zhvilluan-trajnimin-dy-ditor-te-lektoreve-kryesisht-te-gjuhes-angleze-me-teme-edukimi-mediatik-ne\/#article","isPartOf":{"@id":"https:\/\/unkorce.edu.al\/universiteti-fan-s-noli-ne-bashkepunim-me-institutin-shqiptart-te-medias-zhvilluan-trajnimin-dy-ditor-te-lektoreve-kryesisht-te-gjuhes-angleze-me-teme-edukimi-mediatik-ne\/"},"author":{"name":"Brikela Qelemeni","@id":"https:\/\/unkorce.edu.al\/#\/schema\/person\/faa34c53e1891c174ff76279b528558e"},"headline":"UNIVERSITETI \u201cFAN S. NOLI\u201d N\u00cb BASHK\u00cbPUNIM ME INSTITUTIN SHQIPTAR T\u00cb MEDIAS ZHVILLUAN TRAJNIMIN DY-DITOR T\u00cb LEKTOR\u00cbVE, KRYESISHT T\u00cb GJUH\u00cbS ANGLEZE ME TEM\u00cb: \u201cEDUKIMI MEDIATIK N\u00cb ARSIM-INTELIGJENCA ARTIFICIALE P\u00cbR M\u00cbSUESIT\u201d","datePublished":"2024-04-04T06:29:34+00:00","mainEntityOfPage":{"@id":"https:\/\/unkorce.edu.al\/universiteti-fan-s-noli-ne-bashkepunim-me-institutin-shqiptart-te-medias-zhvilluan-trajnimin-dy-ditor-te-lektoreve-kryesisht-te-gjuhes-angleze-me-teme-edukimi-mediatik-ne\/"},"wordCount":204,"commentCount":0,"publisher":{"@id":"https:\/\/unkorce.edu.al\/#organization"},"image":{"@id":"https:\/\/unkorce.edu.al\/universiteti-fan-s-noli-ne-bashkepunim-me-institutin-shqiptart-te-medias-zhvilluan-trajnimin-dy-ditor-te-lektoreve-kryesisht-te-gjuhes-angleze-me-teme-edukimi-mediatik-ne\/#primaryimage"},"thumbnailUrl":"","articleSection":{"0":"Fakulteti i Edukimit dhe Filologjise","2":"Veprimtari"},"inLanguage":"en-US","potentialAction":[{"@type":"CommentAction","name":"Comment","target":["https:\/\/unkorce.edu.al\/universiteti-fan-s-noli-ne-bashkepunim-me-institutin-shqiptart-te-medias-zhvilluan-trajnimin-dy-ditor-te-lektoreve-kryesisht-te-gjuhes-angleze-me-teme-edukimi-mediatik-ne\/#respond"]}]},{"@type":"WebPage","@id":"https:\/\/unkorce.edu.al\/universiteti-fan-s-noli-ne-bashkepunim-me-institutin-shqiptart-te-medias-zhvilluan-trajnimin-dy-ditor-te-lektoreve-kryesisht-te-gjuhes-angleze-me-teme-edukimi-mediatik-ne\/","url":"https:\/\/unkorce.edu.al\/universiteti-fan-s-noli-ne-bashkepunim-me-institutin-shqiptart-te-medias-zhvilluan-trajnimin-dy-ditor-te-lektoreve-kryesisht-te-gjuhes-angleze-me-teme-edukimi-mediatik-ne\/","name":"UNIVERSITETI \u201cFAN S. NOLI\u201d N\u00cb BASHK\u00cbPUNIM ME INSTITUTIN SHQIPTAR T\u00cb MEDIAS ZHVILLUAN TRAJNIMIN DY-DITOR T\u00cb LEKTOR\u00cbVE, KRYESISHT T\u00cb GJUH\u00cbS ANGLEZE ME TEM\u00cb: \u201cEDUKIMI MEDIATIK N\u00cb ARSIM-INTELIGJENCA ARTIFICIALE P\u00cbR M\u00cbSUESIT\u201d - Universiteti \"Fan S. Noli\", Kor\u00e7\u00eb","isPartOf":{"@id":"https:\/\/unkorce.edu.al\/#website"},"primaryImageOfPage":{"@id":"https:\/\/unkorce.edu.al\/universiteti-fan-s-noli-ne-bashkepunim-me-institutin-shqiptart-te-medias-zhvilluan-trajnimin-dy-ditor-te-lektoreve-kryesisht-te-gjuhes-angleze-me-teme-edukimi-mediatik-ne\/#primaryimage"},"image":{"@id":"https:\/\/unkorce.edu.al\/universiteti-fan-s-noli-ne-bashkepunim-me-institutin-shqiptart-te-medias-zhvilluan-trajnimin-dy-ditor-te-lektoreve-kryesisht-te-gjuhes-angleze-me-teme-edukimi-mediatik-ne\/#primaryimage"},"thumbnailUrl":"","datePublished":"2024-04-04T06:29:34+00:00","breadcrumb":{"@id":"https:\/\/unkorce.edu.al\/universiteti-fan-s-noli-ne-bashkepunim-me-institutin-shqiptart-te-medias-zhvilluan-trajnimin-dy-ditor-te-lektoreve-kryesisht-te-gjuhes-angleze-me-teme-edukimi-mediatik-ne\/#breadcrumb"},"inLanguage":"en-US","potentialAction":[{"@type":"ReadAction","target":["https:\/\/unkorce.edu.al\/universiteti-fan-s-noli-ne-bashkepunim-me-institutin-shqiptart-te-medias-zhvilluan-trajnimin-dy-ditor-te-lektoreve-kryesisht-te-gjuhes-angleze-me-teme-edukimi-mediatik-ne\/"]}]},{"@type":"ImageObject","inLanguage":"en-US","@id":"https:\/\/unkorce.edu.al\/universiteti-fan-s-noli-ne-bashkepunim-me-institutin-shqiptart-te-medias-zhvilluan-trajnimin-dy-ditor-te-lektoreve-kryesisht-te-gjuhes-angleze-me-teme-edukimi-mediatik-ne\/#primaryimage","url":"","contentUrl":""},{"@type":"BreadcrumbList","@id":"https:\/\/unkorce.edu.al\/universiteti-fan-s-noli-ne-bashkepunim-me-institutin-shqiptart-te-medias-zhvilluan-trajnimin-dy-ditor-te-lektoreve-kryesisht-te-gjuhes-angleze-me-teme-edukimi-mediatik-ne\/#breadcrumb","itemListElement":[{"@type":"ListItem","position":1,"name":"Home","item":"https:\/\/unkorce.edu.al\/"},{"@type":"ListItem","position":2,"name":"UNIVERSITETI \u201cFAN S. NOLI\u201d N\u00cb BASHK\u00cbPUNIM ME INSTITUTIN SHQIPTAR T\u00cb MEDIAS ZHVILLUAN TRAJNIMIN DY-DITOR T\u00cb LEKTOR\u00cbVE, KRYESISHT T\u00cb GJUH\u00cbS ANGLEZE ME TEM\u00cb: \u201cEDUKIMI MEDIATIK N\u00cb ARSIM-INTELIGJENCA ARTIFICIALE P\u00cbR M\u00cbSUESIT\u201d"}]},{"@type":"WebSite","@id":"https:\/\/unkorce.edu.al\/#website","url":"https:\/\/unkorce.edu.al\/","name":"Universiteti \"Fan S. Noli\", Kor\u00e7\u00eb","description":"Mir&euml;sevini n&euml; faqen zyrtare!","publisher":{"@id":"https:\/\/unkorce.edu.al\/#organization"},"potentialAction":[{"@type":"SearchAction","target":{"@type":"EntryPoint","urlTemplate":"https:\/\/unkorce.edu.al\/?s={search_term_string}"},"query-input":{"@type":"PropertyValueSpecification","valueRequired":true,"valueName":"search_term_string"}}],"inLanguage":"en-US"},{"@type":"Organization","@id":"https:\/\/unkorce.edu.al\/#organization","name":"Universiteti \"Fan S. Noli\", Kor\u00e7\u00eb","url":"https:\/\/unkorce.edu.al\/","logo":{"@type":"ImageObject","inLanguage":"en-US","@id":"https:\/\/unkorce.edu.al\/#\/schema\/logo\/image\/","url":"https:\/\/unkorce.edu.al\/wp-content\/uploads\/2024\/08\/Logo_e_Universitetit__Fan_Noli_-e1726660879862.png","contentUrl":"https:\/\/unkorce.edu.al\/wp-content\/uploads\/2024\/08\/Logo_e_Universitetit__Fan_Noli_-e1726660879862.png","width":200,"height":120,"caption":"Universiteti \"Fan S. Noli\", Kor\u00e7\u00eb"},"image":{"@id":"https:\/\/unkorce.edu.al\/#\/schema\/logo\/image\/"},"sameAs":["https:\/\/www.facebook.com\/unkorce"]},{"@type":"Person","@id":"https:\/\/unkorce.edu.al\/#\/schema\/person\/faa34c53e1891c174ff76279b528558e","name":"Brikela Qelemeni","image":{"@type":"ImageObject","inLanguage":"en-US","@id":"https:\/\/unkorce.edu.al\/#\/schema\/person\/image\/","url":"https:\/\/secure.gravatar.com\/avatar\/6c1805558a9218503040c8b9055763822c6184a1cd600127210a9abbc5aaea04?s=96&d=mm&r=g","contentUrl":"https:\/\/secure.gravatar.com\/avatar\/6c1805558a9218503040c8b9055763822c6184a1cd600127210a9abbc5aaea04?s=96&d=mm&r=g","caption":"Brikela Qelemeni"},"url":"https:\/\/unkorce.edu.al\/en\/author\/brikela\/"}]}},"_links":{"self":[{"href":"https:\/\/unkorce.edu.al\/en\/wp-json\/wp\/v2\/posts\/23554","targetHints":{"allow":["GET"]}}],"collection":[{"href":"https:\/\/unkorce.edu.al\/en\/wp-json\/wp\/v2\/posts"}],"about":[{"href":"https:\/\/unkorce.edu.al\/en\/wp-json\/wp\/v2\/types\/post"}],"author":[{"embeddable":true,"href":"https:\/\/unkorce.edu.al\/en\/wp-json\/wp\/v2\/users\/2"}],"replies":[{"embeddable":true,"href":"https:\/\/unkorce.edu.al\/en\/wp-json\/wp\/v2\/comments?post=23554"}],"version-history":[{"count":0,"href":"https:\/\/unkorce.edu.al\/en\/wp-json\/wp\/v2\/posts\/23554\/revisions"}],"wp:featuredmedia":[{"embeddable":true,"href":"https:\/\/unkorce.edu.al\/en\/wp-json\/"}],"wp:attachment":[{"href":"https:\/\/unkorce.edu.al\/en\/wp-json\/wp\/v2\/media?parent=23554"}],"wp:term":[{"taxonomy":"category","embeddable":true,"href":"https:\/\/unkorce.edu.al\/en\/wp-json\/wp\/v2\/categories?post=23554"},{"taxonomy":"post_tag","embeddable":true,"href":"https:\/\/unkorce.edu.al\/en\/wp-json\/wp\/v2\/tags?post=23554"}],"curies":[{"name":"wp","href":"https:\/\/api.w.org\/{rel}","templated":true}]}}