{"id":21935,"date":"2024-01-10T09:28:12","date_gmt":"2024-01-10T09:28:12","guid":{"rendered":"https:\/\/unkorce.edu.al\/?p=21935"},"modified":"2024-01-10T09:28:12","modified_gmt":"2024-01-10T09:28:12","slug":"veprimtarite-ne-kuader-te-projektit-analiza-e-riskut-ekonomik-per-bizneset-e-vogla-qarku-korce-dhe-roli-i-digjitalizimit-ne-fuqizimin-e-tyre-ekonomik-gjate-dhe-pas-periudhes-se-pandemise-cov","status":"publish","type":"post","link":"https:\/\/unkorce.edu.al\/en\/veprimtarite-ne-kuader-te-projektit-analiza-e-riskut-ekonomik-per-bizneset-e-vogla-qarku-korce-dhe-roli-i-digjitalizimit-ne-fuqizimin-e-tyre-ekonomik-gjate-dhe-pas-periudhes-se-pandemise-cov\/","title":{"rendered":"VEPRIMTARIT\u00cb N\u00cb KUAD\u00cbR T\u00cb PROJEKTIT \u201cANALIZA E RISKUT EKONOMIK P\u00cbR BIZNESET E VOGLA, QARKU KOR\u00c7\u00cb DHE ROLI I DIGJITALIZIMIT N\u00cb FUQIZIMIN E TYRE EKONOMIK GJAT\u00cb DHE PAS PERIUDH\u00cbS S\u00cb PANDEMIS\u00cb COVID-19\u201d U P\u00cbRMBYLL\u00cbN ME NJ\u00cb SIMPOZIUM SHKENCOR N\u00cb T\u00cb CILIN U PARAQIT\u00cbN MANUALI I DIGJITALIZIMIT P\u00cbR BIZNESET E VOGLA DHE RAPORTI I PROJEKTIT"},"content":{"rendered":"<p>N\u00eb dat\u00ebn 10 janar 2024 n\u00eb kuad\u00ebr t\u00eb projektit: \u201cAnaliza e riskut ekonomik p\u00ebr bizneset e vogla, qarku Kor\u00e7\u00eb dhe roli i digjitalizimit n\u00eb fuqizimin e tyre ekonomik gjat\u00eb dhe pas periudh\u00ebs s\u00eb pandemis\u00eb Covid-19\u201d u zhvillua nj\u00eb simpozium shkencor n\u00eb t\u00eb cilin u paraqit\u00ebn botimet: &#8220;Manuali i digjitalizimit p\u00ebr bizneset e vogla&#8221; dhe &#8220;Raporti i projektit&#8221;.<\/p>\n\n\n\n<p>N\u00eb k\u00ebt\u00eb simpozium, i cili p\u00ebrmbylli edhe veprimtarit\u00eb e k\u00ebtij projekti ishin t\u00eb pranish\u00ebm drejtues t\u00eb Universitetit e pedagog\u00eb t\u00eb Fakultetit t\u00eb Ekonomis\u00eb dhe student\u00eb.<\/p>\n\n\n\n<p>Gjat\u00eb takimit u vu n\u00eb dukje se ky projekt k\u00ebrkimor i finacuar nga t\u00eb ardhurat e Universitetit dhe Buxhetit t\u00eb Shtetit, realizoi nj\u00eb studim shkencor, ku u p\u00ebrfshin\u00eb rreth 100 biznese t\u00eb vegj\u00ebl t\u00eb qarkut t\u00eb Kor\u00e7\u00ebs.<\/p>\n\n\n\n<p>Pas plot\u00ebsimit t\u00eb nj\u00eb pyet\u00ebsori nga k\u00ebto biznese dol\u00ebn n\u00eb pah edhe disa nga problemet kryesore me t\u00eb cilat ato u p\u00ebrball\u00ebn gjat\u00eb periudh\u00ebs s\u00eb pandemis\u00eb s\u00eb Covid-19, gj\u00eb e cila nuk kaloi pa pasoja. &nbsp;<\/p>\n\n\n\n<p>Projekti synon rritje t\u00eb bashk\u00ebpunimit midis Universitetit \u201cFan S. Noli\u201d, Shoqat\u00ebs s\u00eb Biznesit t\u00eb Vog\u00ebl dhe t\u00eb Mes\u00ebm t\u00eb Shqip\u00ebris\u00eb dhe HUB Korca Innovation and Technology.<\/p>\n\n\n\n<figure class=\"wp-block-gallery has-nested-images columns-default is-cropped wp-block-gallery-1 is-layout-flex wp-block-gallery-is-layout-flex\">\n<figure class=\"wp-block-image size-large\"><img decoding=\"async\" data-id=\"21938\" src=\"https:\/\/unkorce.edu.al\/wp-content\/uploads\/2024\/01\/WhatsApp-Image-2024-01-11-at-3.04.53-PM-1.jpeg\" alt=\"\" class=\"wp-image-21938\"\/><\/figure>\n\n\n\n<figure class=\"wp-block-image size-large\"><img decoding=\"async\" data-id=\"21936\" src=\"https:\/\/unkorce.edu.al\/wp-content\/uploads\/2024\/01\/WhatsApp-Image-2024-01-11-at-3.04.54-PM-1.jpeg\" alt=\"\" class=\"wp-image-21936\"\/><\/figure>\n\n\n\n<figure class=\"wp-block-image size-large\"><img decoding=\"async\" data-id=\"21941\" src=\"https:\/\/unkorce.edu.al\/wp-content\/uploads\/2024\/01\/WhatsApp-Image-2024-01-11-at-3.04.54-PM-3.jpeg\" alt=\"\" class=\"wp-image-21941\"\/><\/figure>\n\n\n\n<figure class=\"wp-block-image size-large\"><img decoding=\"async\" data-id=\"21939\" src=\"https:\/\/unkorce.edu.al\/wp-content\/uploads\/2024\/01\/WhatsApp-Image-2024-01-11-at-3.04.54-PM-4.jpeg\" alt=\"\" class=\"wp-image-21939\"\/><\/figure>\n\n\n\n<figure class=\"wp-block-image size-large\"><img decoding=\"async\" data-id=\"21942\" src=\"https:\/\/unkorce.edu.al\/wp-content\/uploads\/2024\/01\/WhatsApp-Image-2024-01-11-at-3.04.54-PM-5.jpeg\" alt=\"\" class=\"wp-image-21942\"\/><\/figure>\n\n\n\n<figure class=\"wp-block-image size-large\"><img decoding=\"async\" data-id=\"21943\" src=\"https:\/\/unkorce.edu.al\/wp-content\/uploads\/2024\/01\/WhatsApp-Image-2024-01-11-at-3.04.54-PM-6.jpeg\" alt=\"\" class=\"wp-image-21943\"\/><\/figure>\n\n\n\n<figure class=\"wp-block-image size-large\"><img decoding=\"async\" data-id=\"21946\" src=\"https:\/\/unkorce.edu.al\/wp-content\/uploads\/2024\/01\/WhatsApp-Image-2024-01-11-at-3.04.54-PM.jpeg\" alt=\"\" class=\"wp-image-21946\"\/><\/figure>\n<\/figure>","protected":false},"excerpt":{"rendered":"<p>N\u00eb dat\u00ebn 10 janar 2024 n\u00eb kuad\u00ebr t\u00eb projektit: \u201cAnaliza e riskut ekonomik p\u00ebr bizneset e vogla, qarku Kor\u00e7\u00eb dhe roli i digjitalizimit n\u00eb fuqizimin e tyre ekonomik gjat\u00eb dhe pas periudh\u00ebs s\u00eb pandemis\u00eb Covid-19\u201d u zhvillua nj\u00eb simpozium shkencor n\u00eb t\u00eb cilin u paraqit\u00ebn botimet: &#8220;Manuali i digjitalizimit p\u00ebr bizneset e vogla&#8221; dhe &#8220;Raporti&#8230;<\/p>","protected":false},"author":2,"featured_media":21946,"comment_status":"open","ping_status":"open","sticky":false,"template":"","format":"standard","meta":{"_acf_changed":false,"footnotes":""},"categories":[6,26],"tags":[],"class_list":["post-21935","post","type-post","status-publish","format-standard","has-post-thumbnail","hentry","category-fakulteti-i-ekonomise","category-uncategorized-sq"],"acf":[],"yoast_head":"<!-- This site is optimized with the Yoast SEO plugin v26.9 - https:\/\/yoast.com\/product\/yoast-seo-wordpress\/ -->\n<title>VEPRIMTARIT\u00cb N\u00cb KUAD\u00cbR T\u00cb PROJEKTIT \u201cANALIZA E RISKUT EKONOMIK P\u00cbR BIZNESET E VOGLA, QARKU KOR\u00c7\u00cb DHE ROLI I DIGJITALIZIMIT N\u00cb FUQIZIMIN E TYRE EKONOMIK GJAT\u00cb DHE PAS PERIUDH\u00cbS S\u00cb PANDEMIS\u00cb COVID-19\u201d U P\u00cbRMBYLL\u00cbN ME NJ\u00cb SIMPOZIUM SHKENCOR N\u00cb T\u00cb CILIN U PARAQIT\u00cbN MANUALI I DIGJITALIZIMIT P\u00cbR BIZNESET E VOGLA DHE RAPORTI I PROJEKTIT - Universiteti &quot;Fan S. Noli&quot;, Kor\u00e7\u00eb<\/title>\n<meta name=\"robots\" content=\"index, follow, max-snippet:-1, max-image-preview:large, max-video-preview:-1\" \/>\n<link rel=\"canonical\" href=\"https:\/\/unkorce.edu.al\/en\/veprimtarite-ne-kuader-te-projektit-analiza-e-riskut-ekonomik-per-bizneset-e-vogla-qarku-korce-dhe-roli-i-digjitalizimit-ne-fuqizimin-e-tyre-ekonomik-gjate-dhe-pas-periudhes-se-pandemise-cov\/\" \/>\n<meta property=\"og:locale\" content=\"en_US\" \/>\n<meta property=\"og:type\" content=\"article\" \/>\n<meta property=\"og:title\" content=\"VEPRIMTARIT\u00cb N\u00cb KUAD\u00cbR T\u00cb PROJEKTIT \u201cANALIZA E RISKUT EKONOMIK P\u00cbR BIZNESET E VOGLA, QARKU KOR\u00c7\u00cb DHE ROLI I DIGJITALIZIMIT N\u00cb FUQIZIMIN E TYRE EKONOMIK GJAT\u00cb DHE PAS PERIUDH\u00cbS S\u00cb PANDEMIS\u00cb COVID-19\u201d U P\u00cbRMBYLL\u00cbN ME NJ\u00cb SIMPOZIUM SHKENCOR N\u00cb T\u00cb CILIN U PARAQIT\u00cbN MANUALI I DIGJITALIZIMIT P\u00cbR BIZNESET E VOGLA DHE RAPORTI I PROJEKTIT - Universiteti &quot;Fan S. Noli&quot;, Kor\u00e7\u00eb\" \/>\n<meta property=\"og:description\" content=\"N\u00eb dat\u00ebn 10 janar 2024 n\u00eb kuad\u00ebr t\u00eb projektit: \u201cAnaliza e riskut ekonomik p\u00ebr bizneset e vogla, qarku Kor\u00e7\u00eb dhe roli i digjitalizimit n\u00eb fuqizimin e tyre ekonomik gjat\u00eb dhe pas periudh\u00ebs s\u00eb pandemis\u00eb Covid-19\u201d u zhvillua nj\u00eb simpozium shkencor n\u00eb t\u00eb cilin u paraqit\u00ebn botimet: &#8220;Manuali i digjitalizimit p\u00ebr bizneset e vogla&#8221; dhe &#8220;Raporti...\" \/>\n<meta property=\"og:url\" content=\"https:\/\/unkorce.edu.al\/en\/veprimtarite-ne-kuader-te-projektit-analiza-e-riskut-ekonomik-per-bizneset-e-vogla-qarku-korce-dhe-roli-i-digjitalizimit-ne-fuqizimin-e-tyre-ekonomik-gjate-dhe-pas-periudhes-se-pandemise-cov\/\" \/>\n<meta property=\"og:site_name\" content=\"Universiteti &quot;Fan S. Noli&quot;, Kor\u00e7\u00eb\" \/>\n<meta property=\"article:publisher\" content=\"https:\/\/www.facebook.com\/unkorce\" \/>\n<meta property=\"article:published_time\" content=\"2024-01-10T09:28:12+00:00\" \/>\n<meta name=\"author\" content=\"Brikela Qelemeni\" \/>\n<meta name=\"twitter:card\" content=\"summary_large_image\" \/>\n<meta name=\"twitter:label1\" content=\"Written by\" \/>\n\t<meta name=\"twitter:data1\" content=\"Brikela Qelemeni\" \/>\n\t<meta name=\"twitter:label2\" content=\"Est. reading time\" \/>\n\t<meta name=\"twitter:data2\" content=\"1 minute\" \/>\n<script type=\"application\/ld+json\" class=\"yoast-schema-graph\">{\"@context\":\"https:\/\/schema.org\",\"@graph\":[{\"@type\":\"Article\",\"@id\":\"https:\/\/unkorce.edu.al\/veprimtarite-ne-kuader-te-projektit-analiza-e-riskut-ekonomik-per-bizneset-e-vogla-qarku-korce-dhe-roli-i-digjitalizimit-ne-fuqizimin-e-tyre-ekonomik-gjate-dhe-pas-periudhes-se-pandemise-cov\/#article\",\"isPartOf\":{\"@id\":\"https:\/\/unkorce.edu.al\/veprimtarite-ne-kuader-te-projektit-analiza-e-riskut-ekonomik-per-bizneset-e-vogla-qarku-korce-dhe-roli-i-digjitalizimit-ne-fuqizimin-e-tyre-ekonomik-gjate-dhe-pas-periudhes-se-pandemise-cov\/\"},\"author\":{\"name\":\"Brikela Qelemeni\",\"@id\":\"https:\/\/unkorce.edu.al\/#\/schema\/person\/faa34c53e1891c174ff76279b528558e\"},\"headline\":\"VEPRIMTARIT\u00cb N\u00cb KUAD\u00cbR T\u00cb PROJEKTIT \u201cANALIZA E RISKUT EKONOMIK P\u00cbR BIZNESET E VOGLA, QARKU KOR\u00c7\u00cb DHE ROLI I DIGJITALIZIMIT N\u00cb FUQIZIMIN E TYRE EKONOMIK GJAT\u00cb DHE PAS PERIUDH\u00cbS S\u00cb PANDEMIS\u00cb COVID-19\u201d U P\u00cbRMBYLL\u00cbN ME NJ\u00cb SIMPOZIUM SHKENCOR N\u00cb T\u00cb CILIN U PARAQIT\u00cbN MANUALI I DIGJITALIZIMIT P\u00cbR BIZNESET E VOGLA DHE RAPORTI I PROJEKTIT\",\"datePublished\":\"2024-01-10T09:28:12+00:00\",\"mainEntityOfPage\":{\"@id\":\"https:\/\/unkorce.edu.al\/veprimtarite-ne-kuader-te-projektit-analiza-e-riskut-ekonomik-per-bizneset-e-vogla-qarku-korce-dhe-roli-i-digjitalizimit-ne-fuqizimin-e-tyre-ekonomik-gjate-dhe-pas-periudhes-se-pandemise-cov\/\"},\"wordCount\":264,\"commentCount\":0,\"publisher\":{\"@id\":\"https:\/\/unkorce.edu.al\/#organization\"},\"image\":{\"@id\":\"https:\/\/unkorce.edu.al\/veprimtarite-ne-kuader-te-projektit-analiza-e-riskut-ekonomik-per-bizneset-e-vogla-qarku-korce-dhe-roli-i-digjitalizimit-ne-fuqizimin-e-tyre-ekonomik-gjate-dhe-pas-periudhes-se-pandemise-cov\/#primaryimage\"},\"thumbnailUrl\":\"\",\"articleSection\":[\"Fakulteti i Ekonomise\"],\"inLanguage\":\"en-US\",\"potentialAction\":[{\"@type\":\"CommentAction\",\"name\":\"Comment\",\"target\":[\"https:\/\/unkorce.edu.al\/veprimtarite-ne-kuader-te-projektit-analiza-e-riskut-ekonomik-per-bizneset-e-vogla-qarku-korce-dhe-roli-i-digjitalizimit-ne-fuqizimin-e-tyre-ekonomik-gjate-dhe-pas-periudhes-se-pandemise-cov\/#respond\"]}]},{\"@type\":\"WebPage\",\"@id\":\"https:\/\/unkorce.edu.al\/veprimtarite-ne-kuader-te-projektit-analiza-e-riskut-ekonomik-per-bizneset-e-vogla-qarku-korce-dhe-roli-i-digjitalizimit-ne-fuqizimin-e-tyre-ekonomik-gjate-dhe-pas-periudhes-se-pandemise-cov\/\",\"url\":\"https:\/\/unkorce.edu.al\/veprimtarite-ne-kuader-te-projektit-analiza-e-riskut-ekonomik-per-bizneset-e-vogla-qarku-korce-dhe-roli-i-digjitalizimit-ne-fuqizimin-e-tyre-ekonomik-gjate-dhe-pas-periudhes-se-pandemise-cov\/\",\"name\":\"VEPRIMTARIT\u00cb N\u00cb KUAD\u00cbR T\u00cb PROJEKTIT \u201cANALIZA E RISKUT EKONOMIK P\u00cbR BIZNESET E VOGLA, QARKU KOR\u00c7\u00cb DHE ROLI I DIGJITALIZIMIT N\u00cb FUQIZIMIN E TYRE EKONOMIK GJAT\u00cb DHE PAS PERIUDH\u00cbS S\u00cb PANDEMIS\u00cb COVID-19\u201d U P\u00cbRMBYLL\u00cbN ME NJ\u00cb SIMPOZIUM SHKENCOR N\u00cb T\u00cb CILIN U PARAQIT\u00cbN MANUALI I DIGJITALIZIMIT P\u00cbR BIZNESET E VOGLA DHE RAPORTI I PROJEKTIT - Universiteti \\\"Fan S. Noli\\\", Kor\u00e7\u00eb\",\"isPartOf\":{\"@id\":\"https:\/\/unkorce.edu.al\/#website\"},\"primaryImageOfPage\":{\"@id\":\"https:\/\/unkorce.edu.al\/veprimtarite-ne-kuader-te-projektit-analiza-e-riskut-ekonomik-per-bizneset-e-vogla-qarku-korce-dhe-roli-i-digjitalizimit-ne-fuqizimin-e-tyre-ekonomik-gjate-dhe-pas-periudhes-se-pandemise-cov\/#primaryimage\"},\"image\":{\"@id\":\"https:\/\/unkorce.edu.al\/veprimtarite-ne-kuader-te-projektit-analiza-e-riskut-ekonomik-per-bizneset-e-vogla-qarku-korce-dhe-roli-i-digjitalizimit-ne-fuqizimin-e-tyre-ekonomik-gjate-dhe-pas-periudhes-se-pandemise-cov\/#primaryimage\"},\"thumbnailUrl\":\"\",\"datePublished\":\"2024-01-10T09:28:12+00:00\",\"breadcrumb\":{\"@id\":\"https:\/\/unkorce.edu.al\/veprimtarite-ne-kuader-te-projektit-analiza-e-riskut-ekonomik-per-bizneset-e-vogla-qarku-korce-dhe-roli-i-digjitalizimit-ne-fuqizimin-e-tyre-ekonomik-gjate-dhe-pas-periudhes-se-pandemise-cov\/#breadcrumb\"},\"inLanguage\":\"en-US\",\"potentialAction\":[{\"@type\":\"ReadAction\",\"target\":[\"https:\/\/unkorce.edu.al\/veprimtarite-ne-kuader-te-projektit-analiza-e-riskut-ekonomik-per-bizneset-e-vogla-qarku-korce-dhe-roli-i-digjitalizimit-ne-fuqizimin-e-tyre-ekonomik-gjate-dhe-pas-periudhes-se-pandemise-cov\/\"]}]},{\"@type\":\"ImageObject\",\"inLanguage\":\"en-US\",\"@id\":\"https:\/\/unkorce.edu.al\/veprimtarite-ne-kuader-te-projektit-analiza-e-riskut-ekonomik-per-bizneset-e-vogla-qarku-korce-dhe-roli-i-digjitalizimit-ne-fuqizimin-e-tyre-ekonomik-gjate-dhe-pas-periudhes-se-pandemise-cov\/#primaryimage\",\"url\":\"\",\"contentUrl\":\"\"},{\"@type\":\"BreadcrumbList\",\"@id\":\"https:\/\/unkorce.edu.al\/veprimtarite-ne-kuader-te-projektit-analiza-e-riskut-ekonomik-per-bizneset-e-vogla-qarku-korce-dhe-roli-i-digjitalizimit-ne-fuqizimin-e-tyre-ekonomik-gjate-dhe-pas-periudhes-se-pandemise-cov\/#breadcrumb\",\"itemListElement\":[{\"@type\":\"ListItem\",\"position\":1,\"name\":\"Home\",\"item\":\"https:\/\/unkorce.edu.al\/\"},{\"@type\":\"ListItem\",\"position\":2,\"name\":\"VEPRIMTARIT\u00cb N\u00cb KUAD\u00cbR T\u00cb PROJEKTIT \u201cANALIZA E RISKUT EKONOMIK P\u00cbR BIZNESET E VOGLA, QARKU KOR\u00c7\u00cb DHE ROLI I DIGJITALIZIMIT N\u00cb FUQIZIMIN E TYRE EKONOMIK GJAT\u00cb DHE PAS PERIUDH\u00cbS S\u00cb PANDEMIS\u00cb COVID-19\u201d U P\u00cbRMBYLL\u00cbN ME NJ\u00cb SIMPOZIUM SHKENCOR N\u00cb T\u00cb CILIN U PARAQIT\u00cbN MANUALI I DIGJITALIZIMIT P\u00cbR BIZNESET E VOGLA DHE RAPORTI I PROJEKTIT\"}]},{\"@type\":\"WebSite\",\"@id\":\"https:\/\/unkorce.edu.al\/#website\",\"url\":\"https:\/\/unkorce.edu.al\/\",\"name\":\"Universiteti \\\"Fan S. Noli\\\", Kor\u00e7\u00eb\",\"description\":\"Mir&euml;sevini n&euml; faqen zyrtare!\",\"publisher\":{\"@id\":\"https:\/\/unkorce.edu.al\/#organization\"},\"potentialAction\":[{\"@type\":\"SearchAction\",\"target\":{\"@type\":\"EntryPoint\",\"urlTemplate\":\"https:\/\/unkorce.edu.al\/?s={search_term_string}\"},\"query-input\":{\"@type\":\"PropertyValueSpecification\",\"valueRequired\":true,\"valueName\":\"search_term_string\"}}],\"inLanguage\":\"en-US\"},{\"@type\":\"Organization\",\"@id\":\"https:\/\/unkorce.edu.al\/#organization\",\"name\":\"Universiteti \\\"Fan S. Noli\\\", Kor\u00e7\u00eb\",\"url\":\"https:\/\/unkorce.edu.al\/\",\"logo\":{\"@type\":\"ImageObject\",\"inLanguage\":\"en-US\",\"@id\":\"https:\/\/unkorce.edu.al\/#\/schema\/logo\/image\/\",\"url\":\"https:\/\/unkorce.edu.al\/wp-content\/uploads\/2024\/08\/Logo_e_Universitetit__Fan_Noli_-e1726660879862.png\",\"contentUrl\":\"https:\/\/unkorce.edu.al\/wp-content\/uploads\/2024\/08\/Logo_e_Universitetit__Fan_Noli_-e1726660879862.png\",\"width\":200,\"height\":120,\"caption\":\"Universiteti \\\"Fan S. Noli\\\", Kor\u00e7\u00eb\"},\"image\":{\"@id\":\"https:\/\/unkorce.edu.al\/#\/schema\/logo\/image\/\"},\"sameAs\":[\"https:\/\/www.facebook.com\/unkorce\"]},{\"@type\":\"Person\",\"@id\":\"https:\/\/unkorce.edu.al\/#\/schema\/person\/faa34c53e1891c174ff76279b528558e\",\"name\":\"Brikela Qelemeni\",\"image\":{\"@type\":\"ImageObject\",\"inLanguage\":\"en-US\",\"@id\":\"https:\/\/unkorce.edu.al\/#\/schema\/person\/image\/\",\"url\":\"https:\/\/secure.gravatar.com\/avatar\/6c1805558a9218503040c8b9055763822c6184a1cd600127210a9abbc5aaea04?s=96&d=mm&r=g\",\"contentUrl\":\"https:\/\/secure.gravatar.com\/avatar\/6c1805558a9218503040c8b9055763822c6184a1cd600127210a9abbc5aaea04?s=96&d=mm&r=g\",\"caption\":\"Brikela Qelemeni\"},\"url\":\"https:\/\/unkorce.edu.al\/en\/author\/brikela\/\"}]}<\/script>\n<!-- \/ Yoast SEO plugin. -->","yoast_head_json":{"title":"VEPRIMTARIT\u00cb N\u00cb KUAD\u00cbR T\u00cb PROJEKTIT \u201cANALIZA E RISKUT EKONOMIK P\u00cbR BIZNESET E VOGLA, QARKU KOR\u00c7\u00cb DHE ROLI I DIGJITALIZIMIT N\u00cb FUQIZIMIN E TYRE EKONOMIK GJAT\u00cb DHE PAS PERIUDH\u00cbS S\u00cb PANDEMIS\u00cb COVID-19\u201d U P\u00cbRMBYLL\u00cbN ME NJ\u00cb SIMPOZIUM SHKENCOR N\u00cb T\u00cb CILIN U PARAQIT\u00cbN MANUALI I DIGJITALIZIMIT P\u00cbR BIZNESET E VOGLA DHE RAPORTI I PROJEKTIT - Universiteti \"Fan S. Noli\", Kor\u00e7\u00eb","robots":{"index":"index","follow":"follow","max-snippet":"max-snippet:-1","max-image-preview":"max-image-preview:large","max-video-preview":"max-video-preview:-1"},"canonical":"https:\/\/unkorce.edu.al\/en\/veprimtarite-ne-kuader-te-projektit-analiza-e-riskut-ekonomik-per-bizneset-e-vogla-qarku-korce-dhe-roli-i-digjitalizimit-ne-fuqizimin-e-tyre-ekonomik-gjate-dhe-pas-periudhes-se-pandemise-cov\/","og_locale":"en_US","og_type":"article","og_title":"VEPRIMTARIT\u00cb N\u00cb KUAD\u00cbR T\u00cb PROJEKTIT \u201cANALIZA E RISKUT EKONOMIK P\u00cbR BIZNESET E VOGLA, QARKU KOR\u00c7\u00cb DHE ROLI I DIGJITALIZIMIT N\u00cb FUQIZIMIN E TYRE EKONOMIK GJAT\u00cb DHE PAS PERIUDH\u00cbS S\u00cb PANDEMIS\u00cb COVID-19\u201d U P\u00cbRMBYLL\u00cbN ME NJ\u00cb SIMPOZIUM SHKENCOR N\u00cb T\u00cb CILIN U PARAQIT\u00cbN MANUALI I DIGJITALIZIMIT P\u00cbR BIZNESET E VOGLA DHE RAPORTI I PROJEKTIT - Universiteti \"Fan S. Noli\", Kor\u00e7\u00eb","og_description":"N\u00eb dat\u00ebn 10 janar 2024 n\u00eb kuad\u00ebr t\u00eb projektit: \u201cAnaliza e riskut ekonomik p\u00ebr bizneset e vogla, qarku Kor\u00e7\u00eb dhe roli i digjitalizimit n\u00eb fuqizimin e tyre ekonomik gjat\u00eb dhe pas periudh\u00ebs s\u00eb pandemis\u00eb Covid-19\u201d u zhvillua nj\u00eb simpozium shkencor n\u00eb t\u00eb cilin u paraqit\u00ebn botimet: &#8220;Manuali i digjitalizimit p\u00ebr bizneset e vogla&#8221; dhe &#8220;Raporti...","og_url":"https:\/\/unkorce.edu.al\/en\/veprimtarite-ne-kuader-te-projektit-analiza-e-riskut-ekonomik-per-bizneset-e-vogla-qarku-korce-dhe-roli-i-digjitalizimit-ne-fuqizimin-e-tyre-ekonomik-gjate-dhe-pas-periudhes-se-pandemise-cov\/","og_site_name":"Universiteti \"Fan S. Noli\", Kor\u00e7\u00eb","article_publisher":"https:\/\/www.facebook.com\/unkorce","article_published_time":"2024-01-10T09:28:12+00:00","author":"Brikela Qelemeni","twitter_card":"summary_large_image","twitter_misc":{"Written by":"Brikela Qelemeni","Est. reading time":"1 minute"},"schema":{"@context":"https:\/\/schema.org","@graph":[{"@type":"Article","@id":"https:\/\/unkorce.edu.al\/veprimtarite-ne-kuader-te-projektit-analiza-e-riskut-ekonomik-per-bizneset-e-vogla-qarku-korce-dhe-roli-i-digjitalizimit-ne-fuqizimin-e-tyre-ekonomik-gjate-dhe-pas-periudhes-se-pandemise-cov\/#article","isPartOf":{"@id":"https:\/\/unkorce.edu.al\/veprimtarite-ne-kuader-te-projektit-analiza-e-riskut-ekonomik-per-bizneset-e-vogla-qarku-korce-dhe-roli-i-digjitalizimit-ne-fuqizimin-e-tyre-ekonomik-gjate-dhe-pas-periudhes-se-pandemise-cov\/"},"author":{"name":"Brikela Qelemeni","@id":"https:\/\/unkorce.edu.al\/#\/schema\/person\/faa34c53e1891c174ff76279b528558e"},"headline":"VEPRIMTARIT\u00cb N\u00cb KUAD\u00cbR T\u00cb PROJEKTIT \u201cANALIZA E RISKUT EKONOMIK P\u00cbR BIZNESET E VOGLA, QARKU KOR\u00c7\u00cb DHE ROLI I DIGJITALIZIMIT N\u00cb FUQIZIMIN E TYRE EKONOMIK GJAT\u00cb DHE PAS PERIUDH\u00cbS S\u00cb PANDEMIS\u00cb COVID-19\u201d U P\u00cbRMBYLL\u00cbN ME NJ\u00cb SIMPOZIUM SHKENCOR N\u00cb T\u00cb CILIN U PARAQIT\u00cbN MANUALI I DIGJITALIZIMIT P\u00cbR BIZNESET E VOGLA DHE RAPORTI I PROJEKTIT","datePublished":"2024-01-10T09:28:12+00:00","mainEntityOfPage":{"@id":"https:\/\/unkorce.edu.al\/veprimtarite-ne-kuader-te-projektit-analiza-e-riskut-ekonomik-per-bizneset-e-vogla-qarku-korce-dhe-roli-i-digjitalizimit-ne-fuqizimin-e-tyre-ekonomik-gjate-dhe-pas-periudhes-se-pandemise-cov\/"},"wordCount":264,"commentCount":0,"publisher":{"@id":"https:\/\/unkorce.edu.al\/#organization"},"image":{"@id":"https:\/\/unkorce.edu.al\/veprimtarite-ne-kuader-te-projektit-analiza-e-riskut-ekonomik-per-bizneset-e-vogla-qarku-korce-dhe-roli-i-digjitalizimit-ne-fuqizimin-e-tyre-ekonomik-gjate-dhe-pas-periudhes-se-pandemise-cov\/#primaryimage"},"thumbnailUrl":"","articleSection":["Fakulteti i Ekonomise"],"inLanguage":"en-US","potentialAction":[{"@type":"CommentAction","name":"Comment","target":["https:\/\/unkorce.edu.al\/veprimtarite-ne-kuader-te-projektit-analiza-e-riskut-ekonomik-per-bizneset-e-vogla-qarku-korce-dhe-roli-i-digjitalizimit-ne-fuqizimin-e-tyre-ekonomik-gjate-dhe-pas-periudhes-se-pandemise-cov\/#respond"]}]},{"@type":"WebPage","@id":"https:\/\/unkorce.edu.al\/veprimtarite-ne-kuader-te-projektit-analiza-e-riskut-ekonomik-per-bizneset-e-vogla-qarku-korce-dhe-roli-i-digjitalizimit-ne-fuqizimin-e-tyre-ekonomik-gjate-dhe-pas-periudhes-se-pandemise-cov\/","url":"https:\/\/unkorce.edu.al\/veprimtarite-ne-kuader-te-projektit-analiza-e-riskut-ekonomik-per-bizneset-e-vogla-qarku-korce-dhe-roli-i-digjitalizimit-ne-fuqizimin-e-tyre-ekonomik-gjate-dhe-pas-periudhes-se-pandemise-cov\/","name":"VEPRIMTARIT\u00cb N\u00cb KUAD\u00cbR T\u00cb PROJEKTIT \u201cANALIZA E RISKUT EKONOMIK P\u00cbR BIZNESET E VOGLA, QARKU KOR\u00c7\u00cb DHE ROLI I DIGJITALIZIMIT N\u00cb FUQIZIMIN E TYRE EKONOMIK GJAT\u00cb DHE PAS PERIUDH\u00cbS S\u00cb PANDEMIS\u00cb COVID-19\u201d U P\u00cbRMBYLL\u00cbN ME NJ\u00cb SIMPOZIUM SHKENCOR N\u00cb T\u00cb CILIN U PARAQIT\u00cbN MANUALI I DIGJITALIZIMIT P\u00cbR BIZNESET E VOGLA DHE RAPORTI I PROJEKTIT - Universiteti \"Fan S. Noli\", Kor\u00e7\u00eb","isPartOf":{"@id":"https:\/\/unkorce.edu.al\/#website"},"primaryImageOfPage":{"@id":"https:\/\/unkorce.edu.al\/veprimtarite-ne-kuader-te-projektit-analiza-e-riskut-ekonomik-per-bizneset-e-vogla-qarku-korce-dhe-roli-i-digjitalizimit-ne-fuqizimin-e-tyre-ekonomik-gjate-dhe-pas-periudhes-se-pandemise-cov\/#primaryimage"},"image":{"@id":"https:\/\/unkorce.edu.al\/veprimtarite-ne-kuader-te-projektit-analiza-e-riskut-ekonomik-per-bizneset-e-vogla-qarku-korce-dhe-roli-i-digjitalizimit-ne-fuqizimin-e-tyre-ekonomik-gjate-dhe-pas-periudhes-se-pandemise-cov\/#primaryimage"},"thumbnailUrl":"","datePublished":"2024-01-10T09:28:12+00:00","breadcrumb":{"@id":"https:\/\/unkorce.edu.al\/veprimtarite-ne-kuader-te-projektit-analiza-e-riskut-ekonomik-per-bizneset-e-vogla-qarku-korce-dhe-roli-i-digjitalizimit-ne-fuqizimin-e-tyre-ekonomik-gjate-dhe-pas-periudhes-se-pandemise-cov\/#breadcrumb"},"inLanguage":"en-US","potentialAction":[{"@type":"ReadAction","target":["https:\/\/unkorce.edu.al\/veprimtarite-ne-kuader-te-projektit-analiza-e-riskut-ekonomik-per-bizneset-e-vogla-qarku-korce-dhe-roli-i-digjitalizimit-ne-fuqizimin-e-tyre-ekonomik-gjate-dhe-pas-periudhes-se-pandemise-cov\/"]}]},{"@type":"ImageObject","inLanguage":"en-US","@id":"https:\/\/unkorce.edu.al\/veprimtarite-ne-kuader-te-projektit-analiza-e-riskut-ekonomik-per-bizneset-e-vogla-qarku-korce-dhe-roli-i-digjitalizimit-ne-fuqizimin-e-tyre-ekonomik-gjate-dhe-pas-periudhes-se-pandemise-cov\/#primaryimage","url":"","contentUrl":""},{"@type":"BreadcrumbList","@id":"https:\/\/unkorce.edu.al\/veprimtarite-ne-kuader-te-projektit-analiza-e-riskut-ekonomik-per-bizneset-e-vogla-qarku-korce-dhe-roli-i-digjitalizimit-ne-fuqizimin-e-tyre-ekonomik-gjate-dhe-pas-periudhes-se-pandemise-cov\/#breadcrumb","itemListElement":[{"@type":"ListItem","position":1,"name":"Home","item":"https:\/\/unkorce.edu.al\/"},{"@type":"ListItem","position":2,"name":"VEPRIMTARIT\u00cb N\u00cb KUAD\u00cbR T\u00cb PROJEKTIT \u201cANALIZA E RISKUT EKONOMIK P\u00cbR BIZNESET E VOGLA, QARKU KOR\u00c7\u00cb DHE ROLI I DIGJITALIZIMIT N\u00cb FUQIZIMIN E TYRE EKONOMIK GJAT\u00cb DHE PAS PERIUDH\u00cbS S\u00cb PANDEMIS\u00cb COVID-19\u201d U P\u00cbRMBYLL\u00cbN ME NJ\u00cb SIMPOZIUM SHKENCOR N\u00cb T\u00cb CILIN U PARAQIT\u00cbN MANUALI I DIGJITALIZIMIT P\u00cbR BIZNESET E VOGLA DHE RAPORTI I PROJEKTIT"}]},{"@type":"WebSite","@id":"https:\/\/unkorce.edu.al\/#website","url":"https:\/\/unkorce.edu.al\/","name":"Universiteti \"Fan S. Noli\", Kor\u00e7\u00eb","description":"Mir&euml;sevini n&euml; faqen zyrtare!","publisher":{"@id":"https:\/\/unkorce.edu.al\/#organization"},"potentialAction":[{"@type":"SearchAction","target":{"@type":"EntryPoint","urlTemplate":"https:\/\/unkorce.edu.al\/?s={search_term_string}"},"query-input":{"@type":"PropertyValueSpecification","valueRequired":true,"valueName":"search_term_string"}}],"inLanguage":"en-US"},{"@type":"Organization","@id":"https:\/\/unkorce.edu.al\/#organization","name":"Universiteti \"Fan S. Noli\", Kor\u00e7\u00eb","url":"https:\/\/unkorce.edu.al\/","logo":{"@type":"ImageObject","inLanguage":"en-US","@id":"https:\/\/unkorce.edu.al\/#\/schema\/logo\/image\/","url":"https:\/\/unkorce.edu.al\/wp-content\/uploads\/2024\/08\/Logo_e_Universitetit__Fan_Noli_-e1726660879862.png","contentUrl":"https:\/\/unkorce.edu.al\/wp-content\/uploads\/2024\/08\/Logo_e_Universitetit__Fan_Noli_-e1726660879862.png","width":200,"height":120,"caption":"Universiteti \"Fan S. Noli\", Kor\u00e7\u00eb"},"image":{"@id":"https:\/\/unkorce.edu.al\/#\/schema\/logo\/image\/"},"sameAs":["https:\/\/www.facebook.com\/unkorce"]},{"@type":"Person","@id":"https:\/\/unkorce.edu.al\/#\/schema\/person\/faa34c53e1891c174ff76279b528558e","name":"Brikela Qelemeni","image":{"@type":"ImageObject","inLanguage":"en-US","@id":"https:\/\/unkorce.edu.al\/#\/schema\/person\/image\/","url":"https:\/\/secure.gravatar.com\/avatar\/6c1805558a9218503040c8b9055763822c6184a1cd600127210a9abbc5aaea04?s=96&d=mm&r=g","contentUrl":"https:\/\/secure.gravatar.com\/avatar\/6c1805558a9218503040c8b9055763822c6184a1cd600127210a9abbc5aaea04?s=96&d=mm&r=g","caption":"Brikela Qelemeni"},"url":"https:\/\/unkorce.edu.al\/en\/author\/brikela\/"}]}},"_links":{"self":[{"href":"https:\/\/unkorce.edu.al\/en\/wp-json\/wp\/v2\/posts\/21935","targetHints":{"allow":["GET"]}}],"collection":[{"href":"https:\/\/unkorce.edu.al\/en\/wp-json\/wp\/v2\/posts"}],"about":[{"href":"https:\/\/unkorce.edu.al\/en\/wp-json\/wp\/v2\/types\/post"}],"author":[{"embeddable":true,"href":"https:\/\/unkorce.edu.al\/en\/wp-json\/wp\/v2\/users\/2"}],"replies":[{"embeddable":true,"href":"https:\/\/unkorce.edu.al\/en\/wp-json\/wp\/v2\/comments?post=21935"}],"version-history":[{"count":0,"href":"https:\/\/unkorce.edu.al\/en\/wp-json\/wp\/v2\/posts\/21935\/revisions"}],"wp:featuredmedia":[{"embeddable":true,"href":"https:\/\/unkorce.edu.al\/en\/wp-json\/"}],"wp:attachment":[{"href":"https:\/\/unkorce.edu.al\/en\/wp-json\/wp\/v2\/media?parent=21935"}],"wp:term":[{"taxonomy":"category","embeddable":true,"href":"https:\/\/unkorce.edu.al\/en\/wp-json\/wp\/v2\/categories?post=21935"},{"taxonomy":"post_tag","embeddable":true,"href":"https:\/\/unkorce.edu.al\/en\/wp-json\/wp\/v2\/tags?post=21935"}],"curies":[{"name":"wp","href":"https:\/\/api.w.org\/{rel}","templated":true}]}}