{"id":20275,"date":"2023-10-04T09:24:21","date_gmt":"2023-10-04T09:24:21","guid":{"rendered":"https:\/\/unkorce.edu.al\/?p=20275"},"modified":"2023-10-04T09:24:21","modified_gmt":"2023-10-04T09:24:21","slug":"sfidat-e-integrimit-gjinor-ne-institucione-ishte-tema-e-takmit-te-zhvilluar-ne-kuader-te-projektit-integrimi-gjinor-ne-ial-mbeshtetur-dhe-financuar-nga-universiteti-fan-s-noli","status":"publish","type":"post","link":"https:\/\/unkorce.edu.al\/en\/sfidat-e-integrimit-gjinor-ne-institucione-ishte-tema-e-takmit-te-zhvilluar-ne-kuader-te-projektit-integrimi-gjinor-ne-ial-mbeshtetur-dhe-financuar-nga-universiteti-fan-s-noli\/","title":{"rendered":"&#8220;SFIDAT E INTEGRIMIT GJINOR N\u00cb INSTITUCIONE&#8221; ISHTE TEMA E TAKMIT T\u00cb ZHVILLUAR N\u00cb KUAD\u00cbR T\u00cb PROJEKTIT &#8220;INTEGRIMI GJINOR N\u00cb IAL&#8221; MB\u00cbSHTETUR DHE FINANCUAR NGA UNIVERSITETI \u201cFAN S. NOLI\u201d"},"content":{"rendered":"<p>N\u00eb dat\u00ebn 4 tetor 2023 n\u00eb mjediset e Fakultetit t\u00eb Shkencave Natyrore dhe Shkencave Humane u zhvillua takimi me tem\u00eb: &#8220;Sfidat e integrimit gjinor n\u00eb institucione&#8221;.<\/p>\n\n\n\n<p>N\u00eb k\u00ebt\u00eb takim t\u00eb organizuar n\u00eb kuad\u00ebr t\u00eb projektit \u00a0&#8220;Integrimi Gjinor n\u00eb IAL&#8221; mb\u00ebshtetur dhe financuar nga Universiteti \u201cFan S. Noli\u201d ishin t\u00eb pranish\u00ebm p\u00ebrfaq\u00ebsues t\u00eb institucioneve, OJF- ve, partner\u00ebve dhe aktor\u00ebve social\u00eb me t\u00eb cil\u00ebt Universiteti yn\u00eb bashk\u00ebpunon. <\/p>\n\n\n\n<p>\u00c7\u00ebshtjet kryesore q\u00eb u diskutuan n\u00eb takim kishin t\u00eb b\u00ebnin me promovimin e pun\u00ebs dhe angazhimin e Universitetit n\u00eb drejtim t\u00eb p\u00ebrforcimit t\u00eb politikave gjinore n\u00eb institucion; p\u00ebrforcimin e bashk\u00ebpunimit mes universitetit dhe partner\u00ebve n\u00eb drejtim t\u00eb ofrimit t\u00eb ekspertiz\u00ebs mbi llogaritjen e indekseve gjinore; diskutimin dhe ndarjen e ideve rreth sfidave t\u00eb integrimit gjinor n\u00eb institucione.<\/p>\n\n\n\n<p>N\u00eb fund t\u00eb takimit, sipas pedagogeve q\u00eb ideuan dhe organizuan k\u00ebt\u00eb veprimtari, dr. Denisa Titili, dr. Viola Dolani dhe dr. Lorena Margo u ra dakord q\u00eb gjithsecili t\u00eb jap\u00eb kontributin e tij p\u00ebr\u00a0p\u00ebrforcimin e bashk\u00ebpunimit nd\u00ebrinstitucional n\u00eb \u00e7\u00ebshtjet me ndjeshm\u00ebri gjinore.<\/p>\n\n\n\n<figure class=\"wp-block-gallery has-nested-images columns-default is-cropped wp-block-gallery-1 is-layout-flex wp-block-gallery-is-layout-flex\">\n<figure class=\"wp-block-image size-large\"><img decoding=\"async\" data-id=\"20276\" src=\"https:\/\/unkorce.edu.al\/wp-content\/uploads\/2023\/10\/WhatsApp-Image-2023-10-05-at-10.04.51-1024x576.jpeg\" alt=\"\" class=\"wp-image-20276\"\/><\/figure>\n\n\n\n<figure class=\"wp-block-image size-large\"><img decoding=\"async\" data-id=\"20280\" src=\"https:\/\/unkorce.edu.al\/wp-content\/uploads\/2023\/10\/WhatsApp-Image-2023-10-05-at-10.05.00-1-473x1024.jpeg\" alt=\"\" class=\"wp-image-20280\"\/><\/figure>\n\n\n\n<figure class=\"wp-block-image size-large\"><img decoding=\"async\" data-id=\"20278\" src=\"https:\/\/unkorce.edu.al\/wp-content\/uploads\/2023\/10\/WhatsApp-Image-2023-10-05-at-10.05.01-473x1024.jpeg\" alt=\"\" class=\"wp-image-20278\"\/><\/figure>\n\n\n\n<figure class=\"wp-block-image size-large\"><img decoding=\"async\" data-id=\"20279\" src=\"https:\/\/unkorce.edu.al\/wp-content\/uploads\/2023\/10\/WhatsApp-Image-2023-10-05-at-10.05.00-473x1024.jpeg\" alt=\"\" class=\"wp-image-20279\"\/><\/figure>\n\n\n\n<figure class=\"wp-block-image size-large\"><img decoding=\"async\" data-id=\"20277\" src=\"https:\/\/unkorce.edu.al\/wp-content\/uploads\/2023\/10\/WhatsApp-Image-2023-10-05-at-10.05.00-2-473x1024.jpeg\" alt=\"\" class=\"wp-image-20277\"\/><\/figure>\n<\/figure>","protected":false},"excerpt":{"rendered":"<p>N\u00eb dat\u00ebn 4 tetor 2023 n\u00eb mjediset e Fakultetit t\u00eb Shkencave Natyrore dhe Shkencave Humane u zhvillua takimi me tem\u00eb: &#8220;Sfidat e integrimit gjinor n\u00eb institucione&#8221;. N\u00eb k\u00ebt\u00eb takim t\u00eb organizuar n\u00eb kuad\u00ebr t\u00eb projektit \u00a0&#8220;Integrimi Gjinor n\u00eb IAL&#8221; mb\u00ebshtetur dhe financuar nga Universiteti \u201cFan S. Noli\u201d ishin t\u00eb pranish\u00ebm p\u00ebrfaq\u00ebsues t\u00eb institucioneve, OJF- ve,&#8230;<\/p>","protected":false},"author":2,"featured_media":20278,"comment_status":"open","ping_status":"open","sticky":false,"template":"","format":"standard","meta":{"_acf_changed":false,"footnotes":""},"categories":[7,26],"tags":[],"class_list":["post-20275","post","type-post","status-publish","format-standard","has-post-thumbnail","hentry","category-fakulteti-i-shkencave-natyrore-dhe-shkencave-humane","category-uncategorized-sq"],"acf":[],"yoast_head":"<!-- This site is optimized with the Yoast SEO plugin v26.9 - https:\/\/yoast.com\/product\/yoast-seo-wordpress\/ -->\n<title>&quot;SFIDAT E INTEGRIMIT GJINOR N\u00cb INSTITUCIONE&quot; ISHTE TEMA E TAKMIT T\u00cb ZHVILLUAR N\u00cb KUAD\u00cbR T\u00cb PROJEKTIT &quot;INTEGRIMI GJINOR N\u00cb IAL&quot; MB\u00cbSHTETUR DHE FINANCUAR NGA UNIVERSITETI \u201cFAN S. NOLI\u201d - Universiteti &quot;Fan S. Noli&quot;, Kor\u00e7\u00eb<\/title>\n<meta name=\"robots\" content=\"index, follow, max-snippet:-1, max-image-preview:large, max-video-preview:-1\" \/>\n<link rel=\"canonical\" href=\"https:\/\/unkorce.edu.al\/en\/sfidat-e-integrimit-gjinor-ne-institucione-ishte-tema-e-takmit-te-zhvilluar-ne-kuader-te-projektit-integrimi-gjinor-ne-ial-mbeshtetur-dhe-financuar-nga-universiteti-fan-s-noli\/\" \/>\n<meta property=\"og:locale\" content=\"en_US\" \/>\n<meta property=\"og:type\" content=\"article\" \/>\n<meta property=\"og:title\" content=\"&quot;SFIDAT E INTEGRIMIT GJINOR N\u00cb INSTITUCIONE&quot; ISHTE TEMA E TAKMIT T\u00cb ZHVILLUAR N\u00cb KUAD\u00cbR T\u00cb PROJEKTIT &quot;INTEGRIMI GJINOR N\u00cb IAL&quot; MB\u00cbSHTETUR DHE FINANCUAR NGA UNIVERSITETI \u201cFAN S. NOLI\u201d - Universiteti &quot;Fan S. Noli&quot;, Kor\u00e7\u00eb\" \/>\n<meta property=\"og:description\" content=\"N\u00eb dat\u00ebn 4 tetor 2023 n\u00eb mjediset e Fakultetit t\u00eb Shkencave Natyrore dhe Shkencave Humane u zhvillua takimi me tem\u00eb: &#8220;Sfidat e integrimit gjinor n\u00eb institucione&#8221;. N\u00eb k\u00ebt\u00eb takim t\u00eb organizuar n\u00eb kuad\u00ebr t\u00eb projektit \u00a0&#8220;Integrimi Gjinor n\u00eb IAL&#8221; mb\u00ebshtetur dhe financuar nga Universiteti \u201cFan S. Noli\u201d ishin t\u00eb pranish\u00ebm p\u00ebrfaq\u00ebsues t\u00eb institucioneve, OJF- ve,...\" \/>\n<meta property=\"og:url\" content=\"https:\/\/unkorce.edu.al\/en\/sfidat-e-integrimit-gjinor-ne-institucione-ishte-tema-e-takmit-te-zhvilluar-ne-kuader-te-projektit-integrimi-gjinor-ne-ial-mbeshtetur-dhe-financuar-nga-universiteti-fan-s-noli\/\" \/>\n<meta property=\"og:site_name\" content=\"Universiteti &quot;Fan S. Noli&quot;, Kor\u00e7\u00eb\" \/>\n<meta property=\"article:publisher\" content=\"https:\/\/www.facebook.com\/unkorce\" \/>\n<meta property=\"article:published_time\" content=\"2023-10-04T09:24:21+00:00\" \/>\n<meta name=\"author\" content=\"Brikela Qelemeni\" \/>\n<meta name=\"twitter:card\" content=\"summary_large_image\" \/>\n<meta name=\"twitter:label1\" content=\"Written by\" \/>\n\t<meta name=\"twitter:data1\" content=\"Brikela Qelemeni\" \/>\n\t<meta name=\"twitter:label2\" content=\"Est. reading time\" \/>\n\t<meta name=\"twitter:data2\" content=\"1 minute\" \/>\n<script type=\"application\/ld+json\" class=\"yoast-schema-graph\">{\"@context\":\"https:\/\/schema.org\",\"@graph\":[{\"@type\":\"Article\",\"@id\":\"https:\/\/unkorce.edu.al\/sfidat-e-integrimit-gjinor-ne-institucione-ishte-tema-e-takmit-te-zhvilluar-ne-kuader-te-projektit-integrimi-gjinor-ne-ial-mbeshtetur-dhe-financuar-nga-universiteti-fan-s-noli\/#article\",\"isPartOf\":{\"@id\":\"https:\/\/unkorce.edu.al\/sfidat-e-integrimit-gjinor-ne-institucione-ishte-tema-e-takmit-te-zhvilluar-ne-kuader-te-projektit-integrimi-gjinor-ne-ial-mbeshtetur-dhe-financuar-nga-universiteti-fan-s-noli\/\"},\"author\":{\"name\":\"Brikela Qelemeni\",\"@id\":\"https:\/\/unkorce.edu.al\/#\/schema\/person\/faa34c53e1891c174ff76279b528558e\"},\"headline\":\"&#8220;SFIDAT E INTEGRIMIT GJINOR N\u00cb INSTITUCIONE&#8221; ISHTE TEMA E TAKMIT T\u00cb ZHVILLUAR N\u00cb KUAD\u00cbR T\u00cb PROJEKTIT &#8220;INTEGRIMI GJINOR N\u00cb IAL&#8221; MB\u00cbSHTETUR DHE FINANCUAR NGA UNIVERSITETI \u201cFAN S. NOLI\u201d\",\"datePublished\":\"2023-10-04T09:24:21+00:00\",\"mainEntityOfPage\":{\"@id\":\"https:\/\/unkorce.edu.al\/sfidat-e-integrimit-gjinor-ne-institucione-ishte-tema-e-takmit-te-zhvilluar-ne-kuader-te-projektit-integrimi-gjinor-ne-ial-mbeshtetur-dhe-financuar-nga-universiteti-fan-s-noli\/\"},\"wordCount\":216,\"commentCount\":0,\"publisher\":{\"@id\":\"https:\/\/unkorce.edu.al\/#organization\"},\"image\":{\"@id\":\"https:\/\/unkorce.edu.al\/sfidat-e-integrimit-gjinor-ne-institucione-ishte-tema-e-takmit-te-zhvilluar-ne-kuader-te-projektit-integrimi-gjinor-ne-ial-mbeshtetur-dhe-financuar-nga-universiteti-fan-s-noli\/#primaryimage\"},\"thumbnailUrl\":\"\",\"articleSection\":[\"Fakulteti i Shkencave Natyrore dhe Shkencave Humane\"],\"inLanguage\":\"en-US\",\"potentialAction\":[{\"@type\":\"CommentAction\",\"name\":\"Comment\",\"target\":[\"https:\/\/unkorce.edu.al\/sfidat-e-integrimit-gjinor-ne-institucione-ishte-tema-e-takmit-te-zhvilluar-ne-kuader-te-projektit-integrimi-gjinor-ne-ial-mbeshtetur-dhe-financuar-nga-universiteti-fan-s-noli\/#respond\"]}]},{\"@type\":\"WebPage\",\"@id\":\"https:\/\/unkorce.edu.al\/sfidat-e-integrimit-gjinor-ne-institucione-ishte-tema-e-takmit-te-zhvilluar-ne-kuader-te-projektit-integrimi-gjinor-ne-ial-mbeshtetur-dhe-financuar-nga-universiteti-fan-s-noli\/\",\"url\":\"https:\/\/unkorce.edu.al\/sfidat-e-integrimit-gjinor-ne-institucione-ishte-tema-e-takmit-te-zhvilluar-ne-kuader-te-projektit-integrimi-gjinor-ne-ial-mbeshtetur-dhe-financuar-nga-universiteti-fan-s-noli\/\",\"name\":\"\\\"SFIDAT E INTEGRIMIT GJINOR N\u00cb INSTITUCIONE\\\" ISHTE TEMA E TAKMIT T\u00cb ZHVILLUAR N\u00cb KUAD\u00cbR T\u00cb PROJEKTIT \\\"INTEGRIMI GJINOR N\u00cb IAL\\\" MB\u00cbSHTETUR DHE FINANCUAR NGA UNIVERSITETI \u201cFAN S. NOLI\u201d - Universiteti \\\"Fan S. Noli\\\", Kor\u00e7\u00eb\",\"isPartOf\":{\"@id\":\"https:\/\/unkorce.edu.al\/#website\"},\"primaryImageOfPage\":{\"@id\":\"https:\/\/unkorce.edu.al\/sfidat-e-integrimit-gjinor-ne-institucione-ishte-tema-e-takmit-te-zhvilluar-ne-kuader-te-projektit-integrimi-gjinor-ne-ial-mbeshtetur-dhe-financuar-nga-universiteti-fan-s-noli\/#primaryimage\"},\"image\":{\"@id\":\"https:\/\/unkorce.edu.al\/sfidat-e-integrimit-gjinor-ne-institucione-ishte-tema-e-takmit-te-zhvilluar-ne-kuader-te-projektit-integrimi-gjinor-ne-ial-mbeshtetur-dhe-financuar-nga-universiteti-fan-s-noli\/#primaryimage\"},\"thumbnailUrl\":\"\",\"datePublished\":\"2023-10-04T09:24:21+00:00\",\"breadcrumb\":{\"@id\":\"https:\/\/unkorce.edu.al\/sfidat-e-integrimit-gjinor-ne-institucione-ishte-tema-e-takmit-te-zhvilluar-ne-kuader-te-projektit-integrimi-gjinor-ne-ial-mbeshtetur-dhe-financuar-nga-universiteti-fan-s-noli\/#breadcrumb\"},\"inLanguage\":\"en-US\",\"potentialAction\":[{\"@type\":\"ReadAction\",\"target\":[\"https:\/\/unkorce.edu.al\/sfidat-e-integrimit-gjinor-ne-institucione-ishte-tema-e-takmit-te-zhvilluar-ne-kuader-te-projektit-integrimi-gjinor-ne-ial-mbeshtetur-dhe-financuar-nga-universiteti-fan-s-noli\/\"]}]},{\"@type\":\"ImageObject\",\"inLanguage\":\"en-US\",\"@id\":\"https:\/\/unkorce.edu.al\/sfidat-e-integrimit-gjinor-ne-institucione-ishte-tema-e-takmit-te-zhvilluar-ne-kuader-te-projektit-integrimi-gjinor-ne-ial-mbeshtetur-dhe-financuar-nga-universiteti-fan-s-noli\/#primaryimage\",\"url\":\"\",\"contentUrl\":\"\"},{\"@type\":\"BreadcrumbList\",\"@id\":\"https:\/\/unkorce.edu.al\/sfidat-e-integrimit-gjinor-ne-institucione-ishte-tema-e-takmit-te-zhvilluar-ne-kuader-te-projektit-integrimi-gjinor-ne-ial-mbeshtetur-dhe-financuar-nga-universiteti-fan-s-noli\/#breadcrumb\",\"itemListElement\":[{\"@type\":\"ListItem\",\"position\":1,\"name\":\"Home\",\"item\":\"https:\/\/unkorce.edu.al\/\"},{\"@type\":\"ListItem\",\"position\":2,\"name\":\"&#8220;SFIDAT E INTEGRIMIT GJINOR N\u00cb INSTITUCIONE&#8221; ISHTE TEMA E TAKMIT T\u00cb ZHVILLUAR N\u00cb KUAD\u00cbR T\u00cb PROJEKTIT &#8220;INTEGRIMI GJINOR N\u00cb IAL&#8221; MB\u00cbSHTETUR DHE FINANCUAR NGA UNIVERSITETI \u201cFAN S. NOLI\u201d\"}]},{\"@type\":\"WebSite\",\"@id\":\"https:\/\/unkorce.edu.al\/#website\",\"url\":\"https:\/\/unkorce.edu.al\/\",\"name\":\"Universiteti \\\"Fan S. Noli\\\", Kor\u00e7\u00eb\",\"description\":\"Mir&euml;sevini n&euml; faqen zyrtare!\",\"publisher\":{\"@id\":\"https:\/\/unkorce.edu.al\/#organization\"},\"potentialAction\":[{\"@type\":\"SearchAction\",\"target\":{\"@type\":\"EntryPoint\",\"urlTemplate\":\"https:\/\/unkorce.edu.al\/?s={search_term_string}\"},\"query-input\":{\"@type\":\"PropertyValueSpecification\",\"valueRequired\":true,\"valueName\":\"search_term_string\"}}],\"inLanguage\":\"en-US\"},{\"@type\":\"Organization\",\"@id\":\"https:\/\/unkorce.edu.al\/#organization\",\"name\":\"Universiteti \\\"Fan S. Noli\\\", Kor\u00e7\u00eb\",\"url\":\"https:\/\/unkorce.edu.al\/\",\"logo\":{\"@type\":\"ImageObject\",\"inLanguage\":\"en-US\",\"@id\":\"https:\/\/unkorce.edu.al\/#\/schema\/logo\/image\/\",\"url\":\"https:\/\/unkorce.edu.al\/wp-content\/uploads\/2024\/08\/Logo_e_Universitetit__Fan_Noli_-e1726660879862.png\",\"contentUrl\":\"https:\/\/unkorce.edu.al\/wp-content\/uploads\/2024\/08\/Logo_e_Universitetit__Fan_Noli_-e1726660879862.png\",\"width\":200,\"height\":120,\"caption\":\"Universiteti \\\"Fan S. Noli\\\", Kor\u00e7\u00eb\"},\"image\":{\"@id\":\"https:\/\/unkorce.edu.al\/#\/schema\/logo\/image\/\"},\"sameAs\":[\"https:\/\/www.facebook.com\/unkorce\"]},{\"@type\":\"Person\",\"@id\":\"https:\/\/unkorce.edu.al\/#\/schema\/person\/faa34c53e1891c174ff76279b528558e\",\"name\":\"Brikela Qelemeni\",\"image\":{\"@type\":\"ImageObject\",\"inLanguage\":\"en-US\",\"@id\":\"https:\/\/unkorce.edu.al\/#\/schema\/person\/image\/\",\"url\":\"https:\/\/secure.gravatar.com\/avatar\/6c1805558a9218503040c8b9055763822c6184a1cd600127210a9abbc5aaea04?s=96&d=mm&r=g\",\"contentUrl\":\"https:\/\/secure.gravatar.com\/avatar\/6c1805558a9218503040c8b9055763822c6184a1cd600127210a9abbc5aaea04?s=96&d=mm&r=g\",\"caption\":\"Brikela Qelemeni\"},\"url\":\"https:\/\/unkorce.edu.al\/en\/author\/brikela\/\"}]}<\/script>\n<!-- \/ Yoast SEO plugin. -->","yoast_head_json":{"title":"\"SFIDAT E INTEGRIMIT GJINOR N\u00cb INSTITUCIONE\" ISHTE TEMA E TAKMIT T\u00cb ZHVILLUAR N\u00cb KUAD\u00cbR T\u00cb PROJEKTIT \"INTEGRIMI GJINOR N\u00cb IAL\" MB\u00cbSHTETUR DHE FINANCUAR NGA UNIVERSITETI \u201cFAN S. NOLI\u201d - Universiteti \"Fan S. Noli\", Kor\u00e7\u00eb","robots":{"index":"index","follow":"follow","max-snippet":"max-snippet:-1","max-image-preview":"max-image-preview:large","max-video-preview":"max-video-preview:-1"},"canonical":"https:\/\/unkorce.edu.al\/en\/sfidat-e-integrimit-gjinor-ne-institucione-ishte-tema-e-takmit-te-zhvilluar-ne-kuader-te-projektit-integrimi-gjinor-ne-ial-mbeshtetur-dhe-financuar-nga-universiteti-fan-s-noli\/","og_locale":"en_US","og_type":"article","og_title":"\"SFIDAT E INTEGRIMIT GJINOR N\u00cb INSTITUCIONE\" ISHTE TEMA E TAKMIT T\u00cb ZHVILLUAR N\u00cb KUAD\u00cbR T\u00cb PROJEKTIT \"INTEGRIMI GJINOR N\u00cb IAL\" MB\u00cbSHTETUR DHE FINANCUAR NGA UNIVERSITETI \u201cFAN S. NOLI\u201d - Universiteti \"Fan S. Noli\", Kor\u00e7\u00eb","og_description":"N\u00eb dat\u00ebn 4 tetor 2023 n\u00eb mjediset e Fakultetit t\u00eb Shkencave Natyrore dhe Shkencave Humane u zhvillua takimi me tem\u00eb: &#8220;Sfidat e integrimit gjinor n\u00eb institucione&#8221;. N\u00eb k\u00ebt\u00eb takim t\u00eb organizuar n\u00eb kuad\u00ebr t\u00eb projektit \u00a0&#8220;Integrimi Gjinor n\u00eb IAL&#8221; mb\u00ebshtetur dhe financuar nga Universiteti \u201cFan S. Noli\u201d ishin t\u00eb pranish\u00ebm p\u00ebrfaq\u00ebsues t\u00eb institucioneve, OJF- ve,...","og_url":"https:\/\/unkorce.edu.al\/en\/sfidat-e-integrimit-gjinor-ne-institucione-ishte-tema-e-takmit-te-zhvilluar-ne-kuader-te-projektit-integrimi-gjinor-ne-ial-mbeshtetur-dhe-financuar-nga-universiteti-fan-s-noli\/","og_site_name":"Universiteti \"Fan S. Noli\", Kor\u00e7\u00eb","article_publisher":"https:\/\/www.facebook.com\/unkorce","article_published_time":"2023-10-04T09:24:21+00:00","author":"Brikela Qelemeni","twitter_card":"summary_large_image","twitter_misc":{"Written by":"Brikela Qelemeni","Est. reading time":"1 minute"},"schema":{"@context":"https:\/\/schema.org","@graph":[{"@type":"Article","@id":"https:\/\/unkorce.edu.al\/sfidat-e-integrimit-gjinor-ne-institucione-ishte-tema-e-takmit-te-zhvilluar-ne-kuader-te-projektit-integrimi-gjinor-ne-ial-mbeshtetur-dhe-financuar-nga-universiteti-fan-s-noli\/#article","isPartOf":{"@id":"https:\/\/unkorce.edu.al\/sfidat-e-integrimit-gjinor-ne-institucione-ishte-tema-e-takmit-te-zhvilluar-ne-kuader-te-projektit-integrimi-gjinor-ne-ial-mbeshtetur-dhe-financuar-nga-universiteti-fan-s-noli\/"},"author":{"name":"Brikela Qelemeni","@id":"https:\/\/unkorce.edu.al\/#\/schema\/person\/faa34c53e1891c174ff76279b528558e"},"headline":"&#8220;SFIDAT E INTEGRIMIT GJINOR N\u00cb INSTITUCIONE&#8221; ISHTE TEMA E TAKMIT T\u00cb ZHVILLUAR N\u00cb KUAD\u00cbR T\u00cb PROJEKTIT &#8220;INTEGRIMI GJINOR N\u00cb IAL&#8221; MB\u00cbSHTETUR DHE FINANCUAR NGA UNIVERSITETI \u201cFAN S. NOLI\u201d","datePublished":"2023-10-04T09:24:21+00:00","mainEntityOfPage":{"@id":"https:\/\/unkorce.edu.al\/sfidat-e-integrimit-gjinor-ne-institucione-ishte-tema-e-takmit-te-zhvilluar-ne-kuader-te-projektit-integrimi-gjinor-ne-ial-mbeshtetur-dhe-financuar-nga-universiteti-fan-s-noli\/"},"wordCount":216,"commentCount":0,"publisher":{"@id":"https:\/\/unkorce.edu.al\/#organization"},"image":{"@id":"https:\/\/unkorce.edu.al\/sfidat-e-integrimit-gjinor-ne-institucione-ishte-tema-e-takmit-te-zhvilluar-ne-kuader-te-projektit-integrimi-gjinor-ne-ial-mbeshtetur-dhe-financuar-nga-universiteti-fan-s-noli\/#primaryimage"},"thumbnailUrl":"","articleSection":["Fakulteti i Shkencave Natyrore dhe Shkencave Humane"],"inLanguage":"en-US","potentialAction":[{"@type":"CommentAction","name":"Comment","target":["https:\/\/unkorce.edu.al\/sfidat-e-integrimit-gjinor-ne-institucione-ishte-tema-e-takmit-te-zhvilluar-ne-kuader-te-projektit-integrimi-gjinor-ne-ial-mbeshtetur-dhe-financuar-nga-universiteti-fan-s-noli\/#respond"]}]},{"@type":"WebPage","@id":"https:\/\/unkorce.edu.al\/sfidat-e-integrimit-gjinor-ne-institucione-ishte-tema-e-takmit-te-zhvilluar-ne-kuader-te-projektit-integrimi-gjinor-ne-ial-mbeshtetur-dhe-financuar-nga-universiteti-fan-s-noli\/","url":"https:\/\/unkorce.edu.al\/sfidat-e-integrimit-gjinor-ne-institucione-ishte-tema-e-takmit-te-zhvilluar-ne-kuader-te-projektit-integrimi-gjinor-ne-ial-mbeshtetur-dhe-financuar-nga-universiteti-fan-s-noli\/","name":"\"SFIDAT E INTEGRIMIT GJINOR N\u00cb INSTITUCIONE\" ISHTE TEMA E TAKMIT T\u00cb ZHVILLUAR N\u00cb KUAD\u00cbR T\u00cb PROJEKTIT \"INTEGRIMI GJINOR N\u00cb IAL\" MB\u00cbSHTETUR DHE FINANCUAR NGA UNIVERSITETI \u201cFAN S. NOLI\u201d - Universiteti \"Fan S. Noli\", Kor\u00e7\u00eb","isPartOf":{"@id":"https:\/\/unkorce.edu.al\/#website"},"primaryImageOfPage":{"@id":"https:\/\/unkorce.edu.al\/sfidat-e-integrimit-gjinor-ne-institucione-ishte-tema-e-takmit-te-zhvilluar-ne-kuader-te-projektit-integrimi-gjinor-ne-ial-mbeshtetur-dhe-financuar-nga-universiteti-fan-s-noli\/#primaryimage"},"image":{"@id":"https:\/\/unkorce.edu.al\/sfidat-e-integrimit-gjinor-ne-institucione-ishte-tema-e-takmit-te-zhvilluar-ne-kuader-te-projektit-integrimi-gjinor-ne-ial-mbeshtetur-dhe-financuar-nga-universiteti-fan-s-noli\/#primaryimage"},"thumbnailUrl":"","datePublished":"2023-10-04T09:24:21+00:00","breadcrumb":{"@id":"https:\/\/unkorce.edu.al\/sfidat-e-integrimit-gjinor-ne-institucione-ishte-tema-e-takmit-te-zhvilluar-ne-kuader-te-projektit-integrimi-gjinor-ne-ial-mbeshtetur-dhe-financuar-nga-universiteti-fan-s-noli\/#breadcrumb"},"inLanguage":"en-US","potentialAction":[{"@type":"ReadAction","target":["https:\/\/unkorce.edu.al\/sfidat-e-integrimit-gjinor-ne-institucione-ishte-tema-e-takmit-te-zhvilluar-ne-kuader-te-projektit-integrimi-gjinor-ne-ial-mbeshtetur-dhe-financuar-nga-universiteti-fan-s-noli\/"]}]},{"@type":"ImageObject","inLanguage":"en-US","@id":"https:\/\/unkorce.edu.al\/sfidat-e-integrimit-gjinor-ne-institucione-ishte-tema-e-takmit-te-zhvilluar-ne-kuader-te-projektit-integrimi-gjinor-ne-ial-mbeshtetur-dhe-financuar-nga-universiteti-fan-s-noli\/#primaryimage","url":"","contentUrl":""},{"@type":"BreadcrumbList","@id":"https:\/\/unkorce.edu.al\/sfidat-e-integrimit-gjinor-ne-institucione-ishte-tema-e-takmit-te-zhvilluar-ne-kuader-te-projektit-integrimi-gjinor-ne-ial-mbeshtetur-dhe-financuar-nga-universiteti-fan-s-noli\/#breadcrumb","itemListElement":[{"@type":"ListItem","position":1,"name":"Home","item":"https:\/\/unkorce.edu.al\/"},{"@type":"ListItem","position":2,"name":"&#8220;SFIDAT E INTEGRIMIT GJINOR N\u00cb INSTITUCIONE&#8221; ISHTE TEMA E TAKMIT T\u00cb ZHVILLUAR N\u00cb KUAD\u00cbR T\u00cb PROJEKTIT &#8220;INTEGRIMI GJINOR N\u00cb IAL&#8221; MB\u00cbSHTETUR DHE FINANCUAR NGA UNIVERSITETI \u201cFAN S. NOLI\u201d"}]},{"@type":"WebSite","@id":"https:\/\/unkorce.edu.al\/#website","url":"https:\/\/unkorce.edu.al\/","name":"Universiteti \"Fan S. Noli\", Kor\u00e7\u00eb","description":"Mir&euml;sevini n&euml; faqen zyrtare!","publisher":{"@id":"https:\/\/unkorce.edu.al\/#organization"},"potentialAction":[{"@type":"SearchAction","target":{"@type":"EntryPoint","urlTemplate":"https:\/\/unkorce.edu.al\/?s={search_term_string}"},"query-input":{"@type":"PropertyValueSpecification","valueRequired":true,"valueName":"search_term_string"}}],"inLanguage":"en-US"},{"@type":"Organization","@id":"https:\/\/unkorce.edu.al\/#organization","name":"Universiteti \"Fan S. Noli\", Kor\u00e7\u00eb","url":"https:\/\/unkorce.edu.al\/","logo":{"@type":"ImageObject","inLanguage":"en-US","@id":"https:\/\/unkorce.edu.al\/#\/schema\/logo\/image\/","url":"https:\/\/unkorce.edu.al\/wp-content\/uploads\/2024\/08\/Logo_e_Universitetit__Fan_Noli_-e1726660879862.png","contentUrl":"https:\/\/unkorce.edu.al\/wp-content\/uploads\/2024\/08\/Logo_e_Universitetit__Fan_Noli_-e1726660879862.png","width":200,"height":120,"caption":"Universiteti \"Fan S. Noli\", Kor\u00e7\u00eb"},"image":{"@id":"https:\/\/unkorce.edu.al\/#\/schema\/logo\/image\/"},"sameAs":["https:\/\/www.facebook.com\/unkorce"]},{"@type":"Person","@id":"https:\/\/unkorce.edu.al\/#\/schema\/person\/faa34c53e1891c174ff76279b528558e","name":"Brikela Qelemeni","image":{"@type":"ImageObject","inLanguage":"en-US","@id":"https:\/\/unkorce.edu.al\/#\/schema\/person\/image\/","url":"https:\/\/secure.gravatar.com\/avatar\/6c1805558a9218503040c8b9055763822c6184a1cd600127210a9abbc5aaea04?s=96&d=mm&r=g","contentUrl":"https:\/\/secure.gravatar.com\/avatar\/6c1805558a9218503040c8b9055763822c6184a1cd600127210a9abbc5aaea04?s=96&d=mm&r=g","caption":"Brikela Qelemeni"},"url":"https:\/\/unkorce.edu.al\/en\/author\/brikela\/"}]}},"_links":{"self":[{"href":"https:\/\/unkorce.edu.al\/en\/wp-json\/wp\/v2\/posts\/20275","targetHints":{"allow":["GET"]}}],"collection":[{"href":"https:\/\/unkorce.edu.al\/en\/wp-json\/wp\/v2\/posts"}],"about":[{"href":"https:\/\/unkorce.edu.al\/en\/wp-json\/wp\/v2\/types\/post"}],"author":[{"embeddable":true,"href":"https:\/\/unkorce.edu.al\/en\/wp-json\/wp\/v2\/users\/2"}],"replies":[{"embeddable":true,"href":"https:\/\/unkorce.edu.al\/en\/wp-json\/wp\/v2\/comments?post=20275"}],"version-history":[{"count":0,"href":"https:\/\/unkorce.edu.al\/en\/wp-json\/wp\/v2\/posts\/20275\/revisions"}],"wp:featuredmedia":[{"embeddable":true,"href":"https:\/\/unkorce.edu.al\/en\/wp-json\/"}],"wp:attachment":[{"href":"https:\/\/unkorce.edu.al\/en\/wp-json\/wp\/v2\/media?parent=20275"}],"wp:term":[{"taxonomy":"category","embeddable":true,"href":"https:\/\/unkorce.edu.al\/en\/wp-json\/wp\/v2\/categories?post=20275"},{"taxonomy":"post_tag","embeddable":true,"href":"https:\/\/unkorce.edu.al\/en\/wp-json\/wp\/v2\/tags?post=20275"}],"curies":[{"name":"wp","href":"https:\/\/api.w.org\/{rel}","templated":true}]}}