{"id":19553,"date":"2023-07-13T06:28:45","date_gmt":"2023-07-13T06:28:45","guid":{"rendered":"https:\/\/unkorce.edu.al\/?p=19553"},"modified":"2023-07-13T06:28:45","modified_gmt":"2023-07-13T06:28:45","slug":"universitetit-fan-s-noli-behet-pjese-e-akademise-verore-te-organizuar-nga-universiteti-per-biznes-dhe-teknologji-prishtine","status":"publish","type":"post","link":"https:\/\/unkorce.edu.al\/en\/universitetit-fan-s-noli-behet-pjese-e-akademise-verore-te-organizuar-nga-universiteti-per-biznes-dhe-teknologji-prishtine\/","title":{"rendered":"UNIVERSITETIT \u201cFAN S. NOLI\u201d B\u00cbHET PJES\u00cb E AKADEMIS\u00cb VERORE T\u00cb ORGANIZUAR NGA UNIVERSITETI P\u00cbR BIZNES DHE TEKNOLOGJI, PRISHTIN\u00cb\u00a0"},"content":{"rendered":"<p>Departamenti i Gjuh\u00ebve t\u00eb Huaja i Universitetit \u201cFan S. Noli\u201d mori pjes\u00eb n\u00eb Akademin\u00eb Verore \u201cGlobal UBT Fest 2023\u201d t\u00eb kthyer tashm\u00eb n\u00eb nj\u00eb tradit\u00eb t\u00eb p\u00ebrvitshmd t\u00eb Fakultetit t\u00eb Gjuh\u00ebve t\u00eb Huaja, Universiteti p\u00ebr Biznes dhe Teknologji, Prishtin\u00eb.&nbsp;<\/p>\n\n\n\n<p>Kjo akademi b\u00ebri bashk\u00eb student\u00eb, akademik\u00eb dhe profesionist\u00eb nga e gjith\u00eb bota p\u00ebr t\u00eb ndar\u00eb njohuri, p\u00ebrvoja dhe ide n\u00eb rreth 30 fusha me synimin p\u00ebr t\u00eb krijuar nj\u00eb platform\u00eb unike, ku t\u00eb rinjt\u00eb nga t\u00eb gjitha an\u00ebt e globit t\u00eb mund t\u00eb marrin pjes\u00eb n\u00eb akademi verore dhe t\u00eb jen\u00eb pjes\u00eb e nj\u00eb mjedisi t\u00eb frytsh\u00ebm m\u00ebsimor dhe kreativ.<\/p>\n\n\n\n<p>Universiteti \u201cFan S. Noli\u201d u prezantua n\u00eb k\u00ebt\u00eb akademi me nj\u00eb kombinim t\u00eb leksioneve teorike, \u00eborkshop-eve praktike, ku pedagog\u00ebt lektor\u00eb edhe student\u00ebt pjes\u00ebmarr\u00ebs t\u00ebrhoq\u00ebn v\u00ebmendjen me temat e ve\u00e7anta dhe komunikimin n\u00eb gjuh\u00ebn angleze n\u00eb aspektin e komunikimit interaktiv, kulturor, gjuh\u00ebsor, e g\u00ebrshetuar kjo me teknologjin\u00eb, inovacionin, lidhjet nd\u00ebrkomb\u00ebtare dhe zhvillimin personal t\u00eb student\u00ebve.<\/p>\n\n\n\n<p>Pedagog\u00ebt q\u00eb mor\u00ebn pjes\u00eb n\u00eb k\u00ebt\u00eb akademi ishin, dr. Juliana \u00c7yfeku, dr. Edlira Xega, dr. Lorena Robo, dr. Erjola Qafzezi, dr. Dorela Ka\u00e7auni. Nd\u00ebrsa student\u00ebt q\u00eb mir\u00ebn phes\u00eb jane nga programi Bachelor n\u00eb \u201cGjuhe Angleze\u201d Viti I &amp; II: Erika Lubonja, Gloria Ravolli, Katerina Brisku, Adela Mustafa, Isuida Busho, Dea Bici, Antigoni Tulla, Graciela Shk\u00ebmbi, Fabian Sinani, Kristina Bacebski dhe Eriona Demba.<\/p>\n\n\n\n<p>Pjes\u00ebmarrja n\u00eb \u201cGlobal UBT Fest 2023\u201d u krijoi mund\u00ebsin\u00eb student\u00ebve q\u00eb t\u00eb fitojn\u00eb nj\u00eb p\u00ebrvoj\u00eb t\u00eb paharruar jet\u00ebsore, duke u p\u00ebrgatitur profesionalisht e intelektualisht, si dhe t\u00eb arg\u00ebtohen p\u00ebrmes veprimtarive t\u00eb shumta.&nbsp;<\/p>\n\n\n\n<p>Pedagog\u00ebt dhe student\u00ebt pjes\u00ebmarr\u00ebs &nbsp;p\u00ebrcjellin fal\u00ebnderime t\u00eb shumta p\u00ebr Rektorin e UBT, prif. dr. Edmond Hajrizi; dekanen e Fakultetit t\u00eb Gjuhes Angleze, UBT, prof. as. Alma Lama, si dhe p\u00ebr Denis Celcima, Egantina Bilali etj., t\u00eb cil\u00ebt i mir\u00ebprit\u00ebn n\u00eb nj\u00eb mjedis tep\u00ebr miq\u00ebsor duke b\u00ebr\u00eb t\u00eb mundur pjesemarrjen e Universitetit ton\u00eb n\u00eb k\u00ebt\u00eb akademi verore, kjo edhe n\u00eb kuad\u00ebr t\u00eb bashk\u00ebpunimit t\u00eb ngusht\u00eb q\u00eb t\u00eb dy universitet kan\u00eb prej disa vitesh.&nbsp;<\/p>\n\n\n\n<figure class=\"wp-block-gallery has-nested-images columns-default is-cropped wp-block-gallery-1 is-layout-flex wp-block-gallery-is-layout-flex\">\n<figure class=\"wp-block-image size-large\"><img decoding=\"async\" data-id=\"19556\" src=\"https:\/\/unkorce.edu.al\/wp-content\/uploads\/2023\/07\/1-3.jpg\" alt=\"\" class=\"wp-image-19556\"\/><\/figure>\n\n\n\n<figure class=\"wp-block-image size-large\"><img decoding=\"async\" data-id=\"19554\" src=\"https:\/\/unkorce.edu.al\/wp-content\/uploads\/2023\/07\/2-3-883x1024.jpg\" alt=\"\" class=\"wp-image-19554\"\/><\/figure>\n\n\n\n<figure class=\"wp-block-image size-large\"><img decoding=\"async\" data-id=\"19557\" src=\"https:\/\/unkorce.edu.al\/wp-content\/uploads\/2023\/07\/3-3.jpg\" alt=\"\" class=\"wp-image-19557\"\/><\/figure>\n\n\n\n<figure class=\"wp-block-image size-large\"><img decoding=\"async\" data-id=\"19558\" src=\"https:\/\/unkorce.edu.al\/wp-content\/uploads\/2023\/07\/4-2.jpg\" alt=\"\" class=\"wp-image-19558\"\/><\/figure>\n\n\n\n<figure class=\"wp-block-image size-large\"><img decoding=\"async\" data-id=\"19559\" src=\"https:\/\/unkorce.edu.al\/wp-content\/uploads\/2023\/07\/5-3.jpg\" alt=\"\" class=\"wp-image-19559\"\/><\/figure>\n\n\n\n<figure class=\"wp-block-image size-large\"><img decoding=\"async\" data-id=\"19555\" src=\"https:\/\/unkorce.edu.al\/wp-content\/uploads\/2023\/07\/6-2.jpg\" alt=\"\" class=\"wp-image-19555\"\/><\/figure>\n\n\n\n<figure class=\"wp-block-image size-large\"><img decoding=\"async\" data-id=\"19561\" src=\"https:\/\/unkorce.edu.al\/wp-content\/uploads\/2023\/07\/7-2.jpg\" alt=\"\" class=\"wp-image-19561\"\/><\/figure>\n\n\n\n<figure class=\"wp-block-image size-large\"><img decoding=\"async\" data-id=\"19560\" src=\"https:\/\/unkorce.edu.al\/wp-content\/uploads\/2023\/07\/8-2.jpg\" alt=\"\" class=\"wp-image-19560\"\/><\/figure>\n\n\n\n<figure class=\"wp-block-image size-large\"><img decoding=\"async\" data-id=\"19563\" src=\"https:\/\/unkorce.edu.al\/wp-content\/uploads\/2023\/07\/9-2.jpg\" alt=\"\" class=\"wp-image-19563\"\/><\/figure>\n\n\n\n<figure class=\"wp-block-image size-large\"><img decoding=\"async\" data-id=\"19562\" src=\"https:\/\/unkorce.edu.al\/wp-content\/uploads\/2023\/07\/10-2.jpg\" alt=\"\" class=\"wp-image-19562\"\/><\/figure>\n\n\n\n<figure class=\"wp-block-image size-large\"><img decoding=\"async\" data-id=\"19564\" src=\"https:\/\/unkorce.edu.al\/wp-content\/uploads\/2023\/07\/11-1.jpg\" alt=\"\" class=\"wp-image-19564\"\/><\/figure>\n\n\n\n<figure class=\"wp-block-image size-large\"><img decoding=\"async\" data-id=\"19565\" src=\"https:\/\/unkorce.edu.al\/wp-content\/uploads\/2023\/07\/12-1.jpg\" alt=\"\" class=\"wp-image-19565\"\/><\/figure>\n\n\n\n<figure class=\"wp-block-image size-large\"><img decoding=\"async\" data-id=\"19566\" src=\"https:\/\/unkorce.edu.al\/wp-content\/uploads\/2023\/07\/13-1.jpg\" alt=\"\" class=\"wp-image-19566\"\/><\/figure>\n\n\n\n<figure class=\"wp-block-image size-large\"><img decoding=\"async\" data-id=\"19567\" src=\"https:\/\/unkorce.edu.al\/wp-content\/uploads\/2023\/07\/14-1.jpg\" alt=\"\" class=\"wp-image-19567\"\/><\/figure>\n\n\n\n<figure class=\"wp-block-image size-large\"><img decoding=\"async\" data-id=\"19568\" src=\"https:\/\/unkorce.edu.al\/wp-content\/uploads\/2023\/07\/15-1-1024x768.jpg\" alt=\"\" class=\"wp-image-19568\"\/><\/figure>\n\n\n\n<figure class=\"wp-block-image size-large\"><img decoding=\"async\" data-id=\"19569\" src=\"https:\/\/unkorce.edu.al\/wp-content\/uploads\/2023\/07\/16-1024x768.jpg\" alt=\"\" class=\"wp-image-19569\"\/><\/figure>\n\n\n\n<figure class=\"wp-block-image size-large\"><img decoding=\"async\" data-id=\"19570\" src=\"https:\/\/unkorce.edu.al\/wp-content\/uploads\/2023\/07\/17-1-473x1024.jpg\" alt=\"\" class=\"wp-image-19570\"\/><\/figure>\n\n\n\n<figure class=\"wp-block-image size-large\"><img decoding=\"async\" data-id=\"19571\" src=\"https:\/\/unkorce.edu.al\/wp-content\/uploads\/2023\/07\/19-1.jpg\" alt=\"\" class=\"wp-image-19571\"\/><\/figure>\n\n\n\n<figure class=\"wp-block-image size-large\"><img decoding=\"async\" data-id=\"19572\" src=\"https:\/\/unkorce.edu.al\/wp-content\/uploads\/2023\/07\/20.jpg\" alt=\"\" class=\"wp-image-19572\"\/><\/figure>\n<\/figure>","protected":false},"excerpt":{"rendered":"<p>Departamenti i Gjuh\u00ebve t\u00eb Huaja i Universitetit \u201cFan S. Noli\u201d mori pjes\u00eb n\u00eb Akademin\u00eb Verore \u201cGlobal UBT Fest 2023\u201d t\u00eb kthyer tashm\u00eb n\u00eb nj\u00eb tradit\u00eb t\u00eb p\u00ebrvitshmd t\u00eb Fakultetit t\u00eb Gjuh\u00ebve t\u00eb Huaja, Universiteti p\u00ebr Biznes dhe Teknologji, Prishtin\u00eb.&nbsp; Kjo akademi b\u00ebri bashk\u00eb student\u00eb, akademik\u00eb dhe profesionist\u00eb nga e gjith\u00eb bota p\u00ebr t\u00eb ndar\u00eb njohuri,&#8230;<\/p>","protected":false},"author":2,"featured_media":19572,"comment_status":"open","ping_status":"open","sticky":false,"template":"","format":"standard","meta":{"_acf_changed":false,"footnotes":""},"categories":[5],"tags":[],"class_list":["post-19553","post","type-post","status-publish","format-standard","has-post-thumbnail","hentry","category-fakulteti-i-edukimit-dhe-filologjise"],"acf":[],"yoast_head":"<!-- This site is optimized with the Yoast SEO plugin v26.9 - https:\/\/yoast.com\/product\/yoast-seo-wordpress\/ -->\n<title>UNIVERSITETIT \u201cFAN S. NOLI\u201d B\u00cbHET PJES\u00cb E AKADEMIS\u00cb VERORE T\u00cb ORGANIZUAR NGA UNIVERSITETI P\u00cbR BIZNES DHE TEKNOLOGJI, PRISHTIN\u00cb\u00a0 - Universiteti &quot;Fan S. Noli&quot;, Kor\u00e7\u00eb<\/title>\n<meta name=\"robots\" content=\"index, follow, max-snippet:-1, max-image-preview:large, max-video-preview:-1\" \/>\n<link rel=\"canonical\" href=\"https:\/\/unkorce.edu.al\/en\/universitetit-fan-s-noli-behet-pjese-e-akademise-verore-te-organizuar-nga-universiteti-per-biznes-dhe-teknologji-prishtine\/\" \/>\n<meta property=\"og:locale\" content=\"en_US\" \/>\n<meta property=\"og:type\" content=\"article\" \/>\n<meta property=\"og:title\" content=\"UNIVERSITETIT \u201cFAN S. NOLI\u201d B\u00cbHET PJES\u00cb E AKADEMIS\u00cb VERORE T\u00cb ORGANIZUAR NGA UNIVERSITETI P\u00cbR BIZNES DHE TEKNOLOGJI, PRISHTIN\u00cb\u00a0 - Universiteti &quot;Fan S. Noli&quot;, Kor\u00e7\u00eb\" \/>\n<meta property=\"og:description\" content=\"Departamenti i Gjuh\u00ebve t\u00eb Huaja i Universitetit \u201cFan S. Noli\u201d mori pjes\u00eb n\u00eb Akademin\u00eb Verore \u201cGlobal UBT Fest 2023\u201d t\u00eb kthyer tashm\u00eb n\u00eb nj\u00eb tradit\u00eb t\u00eb p\u00ebrvitshmd t\u00eb Fakultetit t\u00eb Gjuh\u00ebve t\u00eb Huaja, Universiteti p\u00ebr Biznes dhe Teknologji, Prishtin\u00eb.&nbsp; Kjo akademi b\u00ebri bashk\u00eb student\u00eb, akademik\u00eb dhe profesionist\u00eb nga e gjith\u00eb bota p\u00ebr t\u00eb ndar\u00eb njohuri,...\" \/>\n<meta property=\"og:url\" content=\"https:\/\/unkorce.edu.al\/en\/universitetit-fan-s-noli-behet-pjese-e-akademise-verore-te-organizuar-nga-universiteti-per-biznes-dhe-teknologji-prishtine\/\" \/>\n<meta property=\"og:site_name\" content=\"Universiteti &quot;Fan S. Noli&quot;, Kor\u00e7\u00eb\" \/>\n<meta property=\"article:publisher\" content=\"https:\/\/www.facebook.com\/unkorce\" \/>\n<meta property=\"article:published_time\" content=\"2023-07-13T06:28:45+00:00\" \/>\n<meta name=\"author\" content=\"Brikela Qelemeni\" \/>\n<meta name=\"twitter:card\" content=\"summary_large_image\" \/>\n<meta name=\"twitter:label1\" content=\"Written by\" \/>\n\t<meta name=\"twitter:data1\" content=\"Brikela Qelemeni\" \/>\n\t<meta name=\"twitter:label2\" content=\"Est. reading time\" \/>\n\t<meta name=\"twitter:data2\" content=\"2 minutes\" \/>\n<script type=\"application\/ld+json\" class=\"yoast-schema-graph\">{\"@context\":\"https:\/\/schema.org\",\"@graph\":[{\"@type\":\"Article\",\"@id\":\"https:\/\/unkorce.edu.al\/universitetit-fan-s-noli-behet-pjese-e-akademise-verore-te-organizuar-nga-universiteti-per-biznes-dhe-teknologji-prishtine\/#article\",\"isPartOf\":{\"@id\":\"https:\/\/unkorce.edu.al\/universitetit-fan-s-noli-behet-pjese-e-akademise-verore-te-organizuar-nga-universiteti-per-biznes-dhe-teknologji-prishtine\/\"},\"author\":{\"name\":\"Brikela Qelemeni\",\"@id\":\"https:\/\/unkorce.edu.al\/#\/schema\/person\/faa34c53e1891c174ff76279b528558e\"},\"headline\":\"UNIVERSITETIT \u201cFAN S. NOLI\u201d B\u00cbHET PJES\u00cb E AKADEMIS\u00cb VERORE T\u00cb ORGANIZUAR NGA UNIVERSITETI P\u00cbR BIZNES DHE TEKNOLOGJI, PRISHTIN\u00cb\u00a0\",\"datePublished\":\"2023-07-13T06:28:45+00:00\",\"mainEntityOfPage\":{\"@id\":\"https:\/\/unkorce.edu.al\/universitetit-fan-s-noli-behet-pjese-e-akademise-verore-te-organizuar-nga-universiteti-per-biznes-dhe-teknologji-prishtine\/\"},\"wordCount\":399,\"commentCount\":0,\"publisher\":{\"@id\":\"https:\/\/unkorce.edu.al\/#organization\"},\"image\":{\"@id\":\"https:\/\/unkorce.edu.al\/universitetit-fan-s-noli-behet-pjese-e-akademise-verore-te-organizuar-nga-universiteti-per-biznes-dhe-teknologji-prishtine\/#primaryimage\"},\"thumbnailUrl\":\"\",\"articleSection\":[\"Fakulteti i Edukimit dhe Filologjise\"],\"inLanguage\":\"en-US\",\"potentialAction\":[{\"@type\":\"CommentAction\",\"name\":\"Comment\",\"target\":[\"https:\/\/unkorce.edu.al\/universitetit-fan-s-noli-behet-pjese-e-akademise-verore-te-organizuar-nga-universiteti-per-biznes-dhe-teknologji-prishtine\/#respond\"]}]},{\"@type\":\"WebPage\",\"@id\":\"https:\/\/unkorce.edu.al\/universitetit-fan-s-noli-behet-pjese-e-akademise-verore-te-organizuar-nga-universiteti-per-biznes-dhe-teknologji-prishtine\/\",\"url\":\"https:\/\/unkorce.edu.al\/universitetit-fan-s-noli-behet-pjese-e-akademise-verore-te-organizuar-nga-universiteti-per-biznes-dhe-teknologji-prishtine\/\",\"name\":\"UNIVERSITETIT \u201cFAN S. NOLI\u201d B\u00cbHET PJES\u00cb E AKADEMIS\u00cb VERORE T\u00cb ORGANIZUAR NGA UNIVERSITETI P\u00cbR BIZNES DHE TEKNOLOGJI, PRISHTIN\u00cb\u00a0 - Universiteti \\\"Fan S. Noli\\\", Kor\u00e7\u00eb\",\"isPartOf\":{\"@id\":\"https:\/\/unkorce.edu.al\/#website\"},\"primaryImageOfPage\":{\"@id\":\"https:\/\/unkorce.edu.al\/universitetit-fan-s-noli-behet-pjese-e-akademise-verore-te-organizuar-nga-universiteti-per-biznes-dhe-teknologji-prishtine\/#primaryimage\"},\"image\":{\"@id\":\"https:\/\/unkorce.edu.al\/universitetit-fan-s-noli-behet-pjese-e-akademise-verore-te-organizuar-nga-universiteti-per-biznes-dhe-teknologji-prishtine\/#primaryimage\"},\"thumbnailUrl\":\"\",\"datePublished\":\"2023-07-13T06:28:45+00:00\",\"breadcrumb\":{\"@id\":\"https:\/\/unkorce.edu.al\/universitetit-fan-s-noli-behet-pjese-e-akademise-verore-te-organizuar-nga-universiteti-per-biznes-dhe-teknologji-prishtine\/#breadcrumb\"},\"inLanguage\":\"en-US\",\"potentialAction\":[{\"@type\":\"ReadAction\",\"target\":[\"https:\/\/unkorce.edu.al\/universitetit-fan-s-noli-behet-pjese-e-akademise-verore-te-organizuar-nga-universiteti-per-biznes-dhe-teknologji-prishtine\/\"]}]},{\"@type\":\"ImageObject\",\"inLanguage\":\"en-US\",\"@id\":\"https:\/\/unkorce.edu.al\/universitetit-fan-s-noli-behet-pjese-e-akademise-verore-te-organizuar-nga-universiteti-per-biznes-dhe-teknologji-prishtine\/#primaryimage\",\"url\":\"\",\"contentUrl\":\"\"},{\"@type\":\"BreadcrumbList\",\"@id\":\"https:\/\/unkorce.edu.al\/universitetit-fan-s-noli-behet-pjese-e-akademise-verore-te-organizuar-nga-universiteti-per-biznes-dhe-teknologji-prishtine\/#breadcrumb\",\"itemListElement\":[{\"@type\":\"ListItem\",\"position\":1,\"name\":\"Home\",\"item\":\"https:\/\/unkorce.edu.al\/\"},{\"@type\":\"ListItem\",\"position\":2,\"name\":\"UNIVERSITETIT \u201cFAN S. NOLI\u201d B\u00cbHET PJES\u00cb E AKADEMIS\u00cb VERORE T\u00cb ORGANIZUAR NGA UNIVERSITETI P\u00cbR BIZNES DHE TEKNOLOGJI, PRISHTIN\u00cb\u00a0\"}]},{\"@type\":\"WebSite\",\"@id\":\"https:\/\/unkorce.edu.al\/#website\",\"url\":\"https:\/\/unkorce.edu.al\/\",\"name\":\"Universiteti \\\"Fan S. Noli\\\", Kor\u00e7\u00eb\",\"description\":\"Mir&euml;sevini n&euml; faqen zyrtare!\",\"publisher\":{\"@id\":\"https:\/\/unkorce.edu.al\/#organization\"},\"potentialAction\":[{\"@type\":\"SearchAction\",\"target\":{\"@type\":\"EntryPoint\",\"urlTemplate\":\"https:\/\/unkorce.edu.al\/?s={search_term_string}\"},\"query-input\":{\"@type\":\"PropertyValueSpecification\",\"valueRequired\":true,\"valueName\":\"search_term_string\"}}],\"inLanguage\":\"en-US\"},{\"@type\":\"Organization\",\"@id\":\"https:\/\/unkorce.edu.al\/#organization\",\"name\":\"Universiteti \\\"Fan S. Noli\\\", Kor\u00e7\u00eb\",\"url\":\"https:\/\/unkorce.edu.al\/\",\"logo\":{\"@type\":\"ImageObject\",\"inLanguage\":\"en-US\",\"@id\":\"https:\/\/unkorce.edu.al\/#\/schema\/logo\/image\/\",\"url\":\"https:\/\/unkorce.edu.al\/wp-content\/uploads\/2024\/08\/Logo_e_Universitetit__Fan_Noli_-e1726660879862.png\",\"contentUrl\":\"https:\/\/unkorce.edu.al\/wp-content\/uploads\/2024\/08\/Logo_e_Universitetit__Fan_Noli_-e1726660879862.png\",\"width\":200,\"height\":120,\"caption\":\"Universiteti \\\"Fan S. Noli\\\", Kor\u00e7\u00eb\"},\"image\":{\"@id\":\"https:\/\/unkorce.edu.al\/#\/schema\/logo\/image\/\"},\"sameAs\":[\"https:\/\/www.facebook.com\/unkorce\"]},{\"@type\":\"Person\",\"@id\":\"https:\/\/unkorce.edu.al\/#\/schema\/person\/faa34c53e1891c174ff76279b528558e\",\"name\":\"Brikela Qelemeni\",\"image\":{\"@type\":\"ImageObject\",\"inLanguage\":\"en-US\",\"@id\":\"https:\/\/unkorce.edu.al\/#\/schema\/person\/image\/\",\"url\":\"https:\/\/secure.gravatar.com\/avatar\/6c1805558a9218503040c8b9055763822c6184a1cd600127210a9abbc5aaea04?s=96&d=mm&r=g\",\"contentUrl\":\"https:\/\/secure.gravatar.com\/avatar\/6c1805558a9218503040c8b9055763822c6184a1cd600127210a9abbc5aaea04?s=96&d=mm&r=g\",\"caption\":\"Brikela Qelemeni\"},\"url\":\"https:\/\/unkorce.edu.al\/en\/author\/brikela\/\"}]}<\/script>\n<!-- \/ Yoast SEO plugin. -->","yoast_head_json":{"title":"UNIVERSITETIT \u201cFAN S. NOLI\u201d B\u00cbHET PJES\u00cb E AKADEMIS\u00cb VERORE T\u00cb ORGANIZUAR NGA UNIVERSITETI P\u00cbR BIZNES DHE TEKNOLOGJI, PRISHTIN\u00cb\u00a0 - Universiteti \"Fan S. Noli\", Kor\u00e7\u00eb","robots":{"index":"index","follow":"follow","max-snippet":"max-snippet:-1","max-image-preview":"max-image-preview:large","max-video-preview":"max-video-preview:-1"},"canonical":"https:\/\/unkorce.edu.al\/en\/universitetit-fan-s-noli-behet-pjese-e-akademise-verore-te-organizuar-nga-universiteti-per-biznes-dhe-teknologji-prishtine\/","og_locale":"en_US","og_type":"article","og_title":"UNIVERSITETIT \u201cFAN S. NOLI\u201d B\u00cbHET PJES\u00cb E AKADEMIS\u00cb VERORE T\u00cb ORGANIZUAR NGA UNIVERSITETI P\u00cbR BIZNES DHE TEKNOLOGJI, PRISHTIN\u00cb\u00a0 - Universiteti \"Fan S. Noli\", Kor\u00e7\u00eb","og_description":"Departamenti i Gjuh\u00ebve t\u00eb Huaja i Universitetit \u201cFan S. Noli\u201d mori pjes\u00eb n\u00eb Akademin\u00eb Verore \u201cGlobal UBT Fest 2023\u201d t\u00eb kthyer tashm\u00eb n\u00eb nj\u00eb tradit\u00eb t\u00eb p\u00ebrvitshmd t\u00eb Fakultetit t\u00eb Gjuh\u00ebve t\u00eb Huaja, Universiteti p\u00ebr Biznes dhe Teknologji, Prishtin\u00eb.&nbsp; Kjo akademi b\u00ebri bashk\u00eb student\u00eb, akademik\u00eb dhe profesionist\u00eb nga e gjith\u00eb bota p\u00ebr t\u00eb ndar\u00eb njohuri,...","og_url":"https:\/\/unkorce.edu.al\/en\/universitetit-fan-s-noli-behet-pjese-e-akademise-verore-te-organizuar-nga-universiteti-per-biznes-dhe-teknologji-prishtine\/","og_site_name":"Universiteti \"Fan S. Noli\", Kor\u00e7\u00eb","article_publisher":"https:\/\/www.facebook.com\/unkorce","article_published_time":"2023-07-13T06:28:45+00:00","author":"Brikela Qelemeni","twitter_card":"summary_large_image","twitter_misc":{"Written by":"Brikela Qelemeni","Est. reading time":"2 minutes"},"schema":{"@context":"https:\/\/schema.org","@graph":[{"@type":"Article","@id":"https:\/\/unkorce.edu.al\/universitetit-fan-s-noli-behet-pjese-e-akademise-verore-te-organizuar-nga-universiteti-per-biznes-dhe-teknologji-prishtine\/#article","isPartOf":{"@id":"https:\/\/unkorce.edu.al\/universitetit-fan-s-noli-behet-pjese-e-akademise-verore-te-organizuar-nga-universiteti-per-biznes-dhe-teknologji-prishtine\/"},"author":{"name":"Brikela Qelemeni","@id":"https:\/\/unkorce.edu.al\/#\/schema\/person\/faa34c53e1891c174ff76279b528558e"},"headline":"UNIVERSITETIT \u201cFAN S. NOLI\u201d B\u00cbHET PJES\u00cb E AKADEMIS\u00cb VERORE T\u00cb ORGANIZUAR NGA UNIVERSITETI P\u00cbR BIZNES DHE TEKNOLOGJI, PRISHTIN\u00cb\u00a0","datePublished":"2023-07-13T06:28:45+00:00","mainEntityOfPage":{"@id":"https:\/\/unkorce.edu.al\/universitetit-fan-s-noli-behet-pjese-e-akademise-verore-te-organizuar-nga-universiteti-per-biznes-dhe-teknologji-prishtine\/"},"wordCount":399,"commentCount":0,"publisher":{"@id":"https:\/\/unkorce.edu.al\/#organization"},"image":{"@id":"https:\/\/unkorce.edu.al\/universitetit-fan-s-noli-behet-pjese-e-akademise-verore-te-organizuar-nga-universiteti-per-biznes-dhe-teknologji-prishtine\/#primaryimage"},"thumbnailUrl":"","articleSection":["Fakulteti i Edukimit dhe Filologjise"],"inLanguage":"en-US","potentialAction":[{"@type":"CommentAction","name":"Comment","target":["https:\/\/unkorce.edu.al\/universitetit-fan-s-noli-behet-pjese-e-akademise-verore-te-organizuar-nga-universiteti-per-biznes-dhe-teknologji-prishtine\/#respond"]}]},{"@type":"WebPage","@id":"https:\/\/unkorce.edu.al\/universitetit-fan-s-noli-behet-pjese-e-akademise-verore-te-organizuar-nga-universiteti-per-biznes-dhe-teknologji-prishtine\/","url":"https:\/\/unkorce.edu.al\/universitetit-fan-s-noli-behet-pjese-e-akademise-verore-te-organizuar-nga-universiteti-per-biznes-dhe-teknologji-prishtine\/","name":"UNIVERSITETIT \u201cFAN S. NOLI\u201d B\u00cbHET PJES\u00cb E AKADEMIS\u00cb VERORE T\u00cb ORGANIZUAR NGA UNIVERSITETI P\u00cbR BIZNES DHE TEKNOLOGJI, PRISHTIN\u00cb\u00a0 - Universiteti \"Fan S. Noli\", Kor\u00e7\u00eb","isPartOf":{"@id":"https:\/\/unkorce.edu.al\/#website"},"primaryImageOfPage":{"@id":"https:\/\/unkorce.edu.al\/universitetit-fan-s-noli-behet-pjese-e-akademise-verore-te-organizuar-nga-universiteti-per-biznes-dhe-teknologji-prishtine\/#primaryimage"},"image":{"@id":"https:\/\/unkorce.edu.al\/universitetit-fan-s-noli-behet-pjese-e-akademise-verore-te-organizuar-nga-universiteti-per-biznes-dhe-teknologji-prishtine\/#primaryimage"},"thumbnailUrl":"","datePublished":"2023-07-13T06:28:45+00:00","breadcrumb":{"@id":"https:\/\/unkorce.edu.al\/universitetit-fan-s-noli-behet-pjese-e-akademise-verore-te-organizuar-nga-universiteti-per-biznes-dhe-teknologji-prishtine\/#breadcrumb"},"inLanguage":"en-US","potentialAction":[{"@type":"ReadAction","target":["https:\/\/unkorce.edu.al\/universitetit-fan-s-noli-behet-pjese-e-akademise-verore-te-organizuar-nga-universiteti-per-biznes-dhe-teknologji-prishtine\/"]}]},{"@type":"ImageObject","inLanguage":"en-US","@id":"https:\/\/unkorce.edu.al\/universitetit-fan-s-noli-behet-pjese-e-akademise-verore-te-organizuar-nga-universiteti-per-biznes-dhe-teknologji-prishtine\/#primaryimage","url":"","contentUrl":""},{"@type":"BreadcrumbList","@id":"https:\/\/unkorce.edu.al\/universitetit-fan-s-noli-behet-pjese-e-akademise-verore-te-organizuar-nga-universiteti-per-biznes-dhe-teknologji-prishtine\/#breadcrumb","itemListElement":[{"@type":"ListItem","position":1,"name":"Home","item":"https:\/\/unkorce.edu.al\/"},{"@type":"ListItem","position":2,"name":"UNIVERSITETIT \u201cFAN S. NOLI\u201d B\u00cbHET PJES\u00cb E AKADEMIS\u00cb VERORE T\u00cb ORGANIZUAR NGA UNIVERSITETI P\u00cbR BIZNES DHE TEKNOLOGJI, PRISHTIN\u00cb\u00a0"}]},{"@type":"WebSite","@id":"https:\/\/unkorce.edu.al\/#website","url":"https:\/\/unkorce.edu.al\/","name":"Universiteti \"Fan S. Noli\", Kor\u00e7\u00eb","description":"Mir&euml;sevini n&euml; faqen zyrtare!","publisher":{"@id":"https:\/\/unkorce.edu.al\/#organization"},"potentialAction":[{"@type":"SearchAction","target":{"@type":"EntryPoint","urlTemplate":"https:\/\/unkorce.edu.al\/?s={search_term_string}"},"query-input":{"@type":"PropertyValueSpecification","valueRequired":true,"valueName":"search_term_string"}}],"inLanguage":"en-US"},{"@type":"Organization","@id":"https:\/\/unkorce.edu.al\/#organization","name":"Universiteti \"Fan S. Noli\", Kor\u00e7\u00eb","url":"https:\/\/unkorce.edu.al\/","logo":{"@type":"ImageObject","inLanguage":"en-US","@id":"https:\/\/unkorce.edu.al\/#\/schema\/logo\/image\/","url":"https:\/\/unkorce.edu.al\/wp-content\/uploads\/2024\/08\/Logo_e_Universitetit__Fan_Noli_-e1726660879862.png","contentUrl":"https:\/\/unkorce.edu.al\/wp-content\/uploads\/2024\/08\/Logo_e_Universitetit__Fan_Noli_-e1726660879862.png","width":200,"height":120,"caption":"Universiteti \"Fan S. Noli\", Kor\u00e7\u00eb"},"image":{"@id":"https:\/\/unkorce.edu.al\/#\/schema\/logo\/image\/"},"sameAs":["https:\/\/www.facebook.com\/unkorce"]},{"@type":"Person","@id":"https:\/\/unkorce.edu.al\/#\/schema\/person\/faa34c53e1891c174ff76279b528558e","name":"Brikela Qelemeni","image":{"@type":"ImageObject","inLanguage":"en-US","@id":"https:\/\/unkorce.edu.al\/#\/schema\/person\/image\/","url":"https:\/\/secure.gravatar.com\/avatar\/6c1805558a9218503040c8b9055763822c6184a1cd600127210a9abbc5aaea04?s=96&d=mm&r=g","contentUrl":"https:\/\/secure.gravatar.com\/avatar\/6c1805558a9218503040c8b9055763822c6184a1cd600127210a9abbc5aaea04?s=96&d=mm&r=g","caption":"Brikela Qelemeni"},"url":"https:\/\/unkorce.edu.al\/en\/author\/brikela\/"}]}},"_links":{"self":[{"href":"https:\/\/unkorce.edu.al\/en\/wp-json\/wp\/v2\/posts\/19553","targetHints":{"allow":["GET"]}}],"collection":[{"href":"https:\/\/unkorce.edu.al\/en\/wp-json\/wp\/v2\/posts"}],"about":[{"href":"https:\/\/unkorce.edu.al\/en\/wp-json\/wp\/v2\/types\/post"}],"author":[{"embeddable":true,"href":"https:\/\/unkorce.edu.al\/en\/wp-json\/wp\/v2\/users\/2"}],"replies":[{"embeddable":true,"href":"https:\/\/unkorce.edu.al\/en\/wp-json\/wp\/v2\/comments?post=19553"}],"version-history":[{"count":0,"href":"https:\/\/unkorce.edu.al\/en\/wp-json\/wp\/v2\/posts\/19553\/revisions"}],"wp:featuredmedia":[{"embeddable":true,"href":"https:\/\/unkorce.edu.al\/en\/wp-json\/"}],"wp:attachment":[{"href":"https:\/\/unkorce.edu.al\/en\/wp-json\/wp\/v2\/media?parent=19553"}],"wp:term":[{"taxonomy":"category","embeddable":true,"href":"https:\/\/unkorce.edu.al\/en\/wp-json\/wp\/v2\/categories?post=19553"},{"taxonomy":"post_tag","embeddable":true,"href":"https:\/\/unkorce.edu.al\/en\/wp-json\/wp\/v2\/tags?post=19553"}],"curies":[{"name":"wp","href":"https:\/\/api.w.org\/{rel}","templated":true}]}}