{"id":19323,"date":"2023-06-27T12:58:33","date_gmt":"2023-06-27T12:58:33","guid":{"rendered":"https:\/\/unkorce.edu.al\/?p=19323"},"modified":"2023-06-27T12:58:33","modified_gmt":"2023-06-27T12:58:33","slug":"integrimi-gjinor-ne-institucionet-e-arsimit-te-larte-sesion-informues-me-qellim-informimin-mbi-kuptimin-rendesine-dhe-perfitimet-qe-sjell-integrimi-gjinor-dhe-monitorimin-e-te-dhenave-me-ndj","status":"publish","type":"post","link":"https:\/\/unkorce.edu.al\/en\/integrimi-gjinor-ne-institucionet-e-arsimit-te-larte-sesion-informues-me-qellim-informimin-mbi-kuptimin-rendesine-dhe-perfitimet-qe-sjell-integrimi-gjinor-dhe-monitorimin-e-te-dhenave-me-ndj\/","title":{"rendered":"\u201cINTEGRIMI GJINOR N\u00cb INSTITUCIONET E ARSIMIT T\u00cb LART\u00cb-SESION INFORMUES ME Q\u00cbLLIM INFORMIMIN MBI KUPTIMIN, R\u00cbND\u00cbSIN\u00cb DHE P\u00cbRFITIMET Q\u00cb SJELL INTEGRIMI GJINOR DHE MONITORIMI I T\u00cb DH\u00cbNAVE ME NDJESHM\u00cbRI GJINORE N\u00cb UNIVERSITET"},"content":{"rendered":"<p>N\u00eb dat\u00ebn 27 qershor 2023 n\u00eb mjedisee e bibliotek\u00ebs &#8220;Kongresi i Manastirit&#8221; &nbsp;t\u00eb universitetit \u201cFan S. Noli\u201d u zhvillua sesioni informues \u201cIntegrimi Gjinor n\u00eb Institucionet e Arsimit t\u00eb Lart\u00eb (R\u00ebnd\u00ebsia e sigurimit dhe monitorimit t\u00eb t\u00eb dh\u00ebnave mbi integrimin gjinor n\u00eb komunitet)\u201d n\u00eb kuad\u00ebr t\u00eb projektit &#8220;Integrimi gjinor n\u00eb institucionet e arsimit t\u00eb lart\u00eb&#8221;. &nbsp;<\/p>\n\n\n\n<p>Sipas pedagogeve dr. Denisa Titili dhe Viola Dolani q\u00ebllimi i k\u00ebtij sesioni ishte dh\u00ebnia e informacionit mbi kuptimin, r\u00ebnd\u00ebsin\u00eb dhe p\u00ebrfitimet q\u00eb sjell integrimi gjinor dhe monitorimi i t\u00eb dh\u00ebnave me ndjeshm\u00ebri gjinore n\u00eb universitet.<\/p>\n\n\n\n<p>Kjo nism\u00eb u p\u00ebrsh\u00ebndet dhe u vler\u00ebsua nga prof. as. dr. Sonela Stillo, dekan i Fakultetit t\u00eb Shkencave t\u00eb Natyr\u00ebs dhe Shkencave Humane, si edhe nga prof. dr. Merita Xhumari, specialiste dhe profesore e politikave sociale dhe publike n\u00eb Fakultetin e Shkencave Sociale, Universiteti i Tiran\u00ebs.<\/p>\n\n\n\n<figure class=\"wp-block-gallery has-nested-images columns-default is-cropped wp-block-gallery-1 is-layout-flex wp-block-gallery-is-layout-flex\">\n<figure class=\"wp-block-image size-large\"><img decoding=\"async\" data-id=\"19325\" src=\"https:\/\/unkorce.edu.al\/wp-content\/uploads\/2023\/06\/1-5-1024x768.jpg\" alt=\"\" class=\"wp-image-19325\"\/><\/figure>\n\n\n\n<figure class=\"wp-block-image size-large\"><img decoding=\"async\" data-id=\"19326\" src=\"https:\/\/unkorce.edu.al\/wp-content\/uploads\/2023\/06\/2-6-1024x768.jpg\" alt=\"\" class=\"wp-image-19326\"\/><\/figure>\n\n\n\n<figure class=\"wp-block-image size-large\"><img decoding=\"async\" data-id=\"19329\" src=\"https:\/\/unkorce.edu.al\/wp-content\/uploads\/2023\/06\/3-5-1024x768.jpg\" alt=\"\" class=\"wp-image-19329\"\/><\/figure>\n\n\n\n<figure class=\"wp-block-image size-large\"><img decoding=\"async\" data-id=\"19324\" src=\"https:\/\/unkorce.edu.al\/wp-content\/uploads\/2023\/06\/4-4-1024x768.jpg\" alt=\"\" class=\"wp-image-19324\"\/><\/figure>\n\n\n\n<figure class=\"wp-block-image size-large\"><img decoding=\"async\" data-id=\"19327\" src=\"https:\/\/unkorce.edu.al\/wp-content\/uploads\/2023\/06\/5-3-1024x768.jpg\" alt=\"\" class=\"wp-image-19327\"\/><\/figure>\n\n\n\n<figure class=\"wp-block-image size-large\"><img decoding=\"async\" data-id=\"19328\" src=\"https:\/\/unkorce.edu.al\/wp-content\/uploads\/2023\/06\/6-3-1024x768.jpg\" alt=\"\" class=\"wp-image-19328\"\/><\/figure>\n\n\n\n<figure class=\"wp-block-image size-large\"><img decoding=\"async\" data-id=\"19334\" src=\"https:\/\/unkorce.edu.al\/wp-content\/uploads\/2023\/06\/7-4-1024x768.jpg\" alt=\"\" class=\"wp-image-19334\"\/><\/figure>\n\n\n\n<figure class=\"wp-block-image size-large\"><img decoding=\"async\" data-id=\"19330\" src=\"https:\/\/unkorce.edu.al\/wp-content\/uploads\/2023\/06\/8-3-1024x768.jpg\" alt=\"\" class=\"wp-image-19330\"\/><\/figure>\n\n\n\n<figure class=\"wp-block-image size-large\"><img decoding=\"async\" data-id=\"19335\" src=\"https:\/\/unkorce.edu.al\/wp-content\/uploads\/2023\/06\/9-4-1024x768.jpg\" alt=\"\" class=\"wp-image-19335\"\/><\/figure>\n\n\n\n<figure class=\"wp-block-image size-large\"><img decoding=\"async\" data-id=\"19331\" src=\"https:\/\/unkorce.edu.al\/wp-content\/uploads\/2023\/06\/10-4-1024x768.jpg\" alt=\"\" class=\"wp-image-19331\"\/><\/figure>\n\n\n\n<figure class=\"wp-block-image size-large\"><img decoding=\"async\" data-id=\"19332\" src=\"https:\/\/unkorce.edu.al\/wp-content\/uploads\/2023\/06\/11-4-1024x768.jpg\" alt=\"\" class=\"wp-image-19332\"\/><\/figure>\n\n\n\n<figure class=\"wp-block-image size-large\"><img decoding=\"async\" data-id=\"19333\" src=\"https:\/\/unkorce.edu.al\/wp-content\/uploads\/2023\/06\/12-4-1024x768.jpg\" alt=\"\" class=\"wp-image-19333\"\/><\/figure>\n<\/figure>","protected":false},"excerpt":{"rendered":"<p>N\u00eb dat\u00ebn 27 qershor 2023 n\u00eb mjedisee e bibliotek\u00ebs &#8220;Kongresi i Manastirit&#8221; &nbsp;t\u00eb universitetit \u201cFan S. Noli\u201d u zhvillua sesioni informues \u201cIntegrimi Gjinor n\u00eb Institucionet e Arsimit t\u00eb Lart\u00eb (R\u00ebnd\u00ebsia e sigurimit dhe monitorimit t\u00eb t\u00eb dh\u00ebnave mbi integrimin gjinor n\u00eb komunitet)\u201d n\u00eb kuad\u00ebr t\u00eb projektit &#8220;Integrimi gjinor n\u00eb institucionet e arsimit t\u00eb lart\u00eb&#8221;. &nbsp;&#8230;<\/p>","protected":false},"author":2,"featured_media":19327,"comment_status":"open","ping_status":"open","sticky":false,"template":"","format":"standard","meta":{"_acf_changed":false,"footnotes":""},"categories":[7],"tags":[],"class_list":["post-19323","post","type-post","status-publish","format-standard","has-post-thumbnail","hentry","category-fakulteti-i-shkencave-natyrore-dhe-shkencave-humane"],"acf":[],"yoast_head":"<!-- This site is optimized with the Yoast SEO plugin v26.9 - https:\/\/yoast.com\/product\/yoast-seo-wordpress\/ -->\n<title>\u201cINTEGRIMI GJINOR N\u00cb INSTITUCIONET E ARSIMIT T\u00cb LART\u00cb-SESION INFORMUES ME Q\u00cbLLIM INFORMIMIN MBI KUPTIMIN, R\u00cbND\u00cbSIN\u00cb DHE P\u00cbRFITIMET Q\u00cb SJELL INTEGRIMI GJINOR DHE MONITORIMI I T\u00cb DH\u00cbNAVE ME NDJESHM\u00cbRI GJINORE N\u00cb UNIVERSITET - Universiteti &quot;Fan S. Noli&quot;, Kor\u00e7\u00eb<\/title>\n<meta name=\"robots\" content=\"index, follow, max-snippet:-1, max-image-preview:large, max-video-preview:-1\" \/>\n<link rel=\"canonical\" href=\"https:\/\/unkorce.edu.al\/en\/integrimi-gjinor-ne-institucionet-e-arsimit-te-larte-sesion-informues-me-qellim-informimin-mbi-kuptimin-rendesine-dhe-perfitimet-qe-sjell-integrimi-gjinor-dhe-monitorimin-e-te-dhenave-me-ndj\/\" \/>\n<meta property=\"og:locale\" content=\"en_US\" \/>\n<meta property=\"og:type\" content=\"article\" \/>\n<meta property=\"og:title\" content=\"\u201cINTEGRIMI GJINOR N\u00cb INSTITUCIONET E ARSIMIT T\u00cb LART\u00cb-SESION INFORMUES ME Q\u00cbLLIM INFORMIMIN MBI KUPTIMIN, R\u00cbND\u00cbSIN\u00cb DHE P\u00cbRFITIMET Q\u00cb SJELL INTEGRIMI GJINOR DHE MONITORIMI I T\u00cb DH\u00cbNAVE ME NDJESHM\u00cbRI GJINORE N\u00cb UNIVERSITET - Universiteti &quot;Fan S. Noli&quot;, Kor\u00e7\u00eb\" \/>\n<meta property=\"og:description\" content=\"N\u00eb dat\u00ebn 27 qershor 2023 n\u00eb mjedisee e bibliotek\u00ebs &#8220;Kongresi i Manastirit&#8221; &nbsp;t\u00eb universitetit \u201cFan S. Noli\u201d u zhvillua sesioni informues \u201cIntegrimi Gjinor n\u00eb Institucionet e Arsimit t\u00eb Lart\u00eb (R\u00ebnd\u00ebsia e sigurimit dhe monitorimit t\u00eb t\u00eb dh\u00ebnave mbi integrimin gjinor n\u00eb komunitet)\u201d n\u00eb kuad\u00ebr t\u00eb projektit &#8220;Integrimi gjinor n\u00eb institucionet e arsimit t\u00eb lart\u00eb&#8221;. &nbsp;...\" \/>\n<meta property=\"og:url\" content=\"https:\/\/unkorce.edu.al\/en\/integrimi-gjinor-ne-institucionet-e-arsimit-te-larte-sesion-informues-me-qellim-informimin-mbi-kuptimin-rendesine-dhe-perfitimet-qe-sjell-integrimi-gjinor-dhe-monitorimin-e-te-dhenave-me-ndj\/\" \/>\n<meta property=\"og:site_name\" content=\"Universiteti &quot;Fan S. Noli&quot;, Kor\u00e7\u00eb\" \/>\n<meta property=\"article:publisher\" content=\"https:\/\/www.facebook.com\/unkorce\" \/>\n<meta property=\"article:published_time\" content=\"2023-06-27T12:58:33+00:00\" \/>\n<meta name=\"author\" content=\"Brikela Qelemeni\" \/>\n<meta name=\"twitter:card\" content=\"summary_large_image\" \/>\n<meta name=\"twitter:label1\" content=\"Written by\" \/>\n\t<meta name=\"twitter:data1\" content=\"Brikela Qelemeni\" \/>\n\t<meta name=\"twitter:label2\" content=\"Est. reading time\" \/>\n\t<meta name=\"twitter:data2\" content=\"1 minute\" \/>\n<script type=\"application\/ld+json\" class=\"yoast-schema-graph\">{\"@context\":\"https:\/\/schema.org\",\"@graph\":[{\"@type\":\"Article\",\"@id\":\"https:\/\/unkorce.edu.al\/integrimi-gjinor-ne-institucionet-e-arsimit-te-larte-sesion-informues-me-qellim-informimin-mbi-kuptimin-rendesine-dhe-perfitimet-qe-sjell-integrimi-gjinor-dhe-monitorimin-e-te-dhenave-me-ndj\/#article\",\"isPartOf\":{\"@id\":\"https:\/\/unkorce.edu.al\/integrimi-gjinor-ne-institucionet-e-arsimit-te-larte-sesion-informues-me-qellim-informimin-mbi-kuptimin-rendesine-dhe-perfitimet-qe-sjell-integrimi-gjinor-dhe-monitorimin-e-te-dhenave-me-ndj\/\"},\"author\":{\"name\":\"Brikela Qelemeni\",\"@id\":\"https:\/\/unkorce.edu.al\/#\/schema\/person\/faa34c53e1891c174ff76279b528558e\"},\"headline\":\"\u201cINTEGRIMI GJINOR N\u00cb INSTITUCIONET E ARSIMIT T\u00cb LART\u00cb-SESION INFORMUES ME Q\u00cbLLIM INFORMIMIN MBI KUPTIMIN, R\u00cbND\u00cbSIN\u00cb DHE P\u00cbRFITIMET Q\u00cb SJELL INTEGRIMI GJINOR DHE MONITORIMI I T\u00cb DH\u00cbNAVE ME NDJESHM\u00cbRI GJINORE N\u00cb UNIVERSITET\",\"datePublished\":\"2023-06-27T12:58:33+00:00\",\"mainEntityOfPage\":{\"@id\":\"https:\/\/unkorce.edu.al\/integrimi-gjinor-ne-institucionet-e-arsimit-te-larte-sesion-informues-me-qellim-informimin-mbi-kuptimin-rendesine-dhe-perfitimet-qe-sjell-integrimi-gjinor-dhe-monitorimin-e-te-dhenave-me-ndj\/\"},\"wordCount\":192,\"commentCount\":0,\"publisher\":{\"@id\":\"https:\/\/unkorce.edu.al\/#organization\"},\"image\":{\"@id\":\"https:\/\/unkorce.edu.al\/integrimi-gjinor-ne-institucionet-e-arsimit-te-larte-sesion-informues-me-qellim-informimin-mbi-kuptimin-rendesine-dhe-perfitimet-qe-sjell-integrimi-gjinor-dhe-monitorimin-e-te-dhenave-me-ndj\/#primaryimage\"},\"thumbnailUrl\":\"\",\"articleSection\":[\"Fakulteti i Shkencave Natyrore dhe Shkencave Humane\"],\"inLanguage\":\"en-US\",\"potentialAction\":[{\"@type\":\"CommentAction\",\"name\":\"Comment\",\"target\":[\"https:\/\/unkorce.edu.al\/integrimi-gjinor-ne-institucionet-e-arsimit-te-larte-sesion-informues-me-qellim-informimin-mbi-kuptimin-rendesine-dhe-perfitimet-qe-sjell-integrimi-gjinor-dhe-monitorimin-e-te-dhenave-me-ndj\/#respond\"]}]},{\"@type\":\"WebPage\",\"@id\":\"https:\/\/unkorce.edu.al\/integrimi-gjinor-ne-institucionet-e-arsimit-te-larte-sesion-informues-me-qellim-informimin-mbi-kuptimin-rendesine-dhe-perfitimet-qe-sjell-integrimi-gjinor-dhe-monitorimin-e-te-dhenave-me-ndj\/\",\"url\":\"https:\/\/unkorce.edu.al\/integrimi-gjinor-ne-institucionet-e-arsimit-te-larte-sesion-informues-me-qellim-informimin-mbi-kuptimin-rendesine-dhe-perfitimet-qe-sjell-integrimi-gjinor-dhe-monitorimin-e-te-dhenave-me-ndj\/\",\"name\":\"\u201cINTEGRIMI GJINOR N\u00cb INSTITUCIONET E ARSIMIT T\u00cb LART\u00cb-SESION INFORMUES ME Q\u00cbLLIM INFORMIMIN MBI KUPTIMIN, R\u00cbND\u00cbSIN\u00cb DHE P\u00cbRFITIMET Q\u00cb SJELL INTEGRIMI GJINOR DHE MONITORIMI I T\u00cb DH\u00cbNAVE ME NDJESHM\u00cbRI GJINORE N\u00cb UNIVERSITET - Universiteti \\\"Fan S. Noli\\\", Kor\u00e7\u00eb\",\"isPartOf\":{\"@id\":\"https:\/\/unkorce.edu.al\/#website\"},\"primaryImageOfPage\":{\"@id\":\"https:\/\/unkorce.edu.al\/integrimi-gjinor-ne-institucionet-e-arsimit-te-larte-sesion-informues-me-qellim-informimin-mbi-kuptimin-rendesine-dhe-perfitimet-qe-sjell-integrimi-gjinor-dhe-monitorimin-e-te-dhenave-me-ndj\/#primaryimage\"},\"image\":{\"@id\":\"https:\/\/unkorce.edu.al\/integrimi-gjinor-ne-institucionet-e-arsimit-te-larte-sesion-informues-me-qellim-informimin-mbi-kuptimin-rendesine-dhe-perfitimet-qe-sjell-integrimi-gjinor-dhe-monitorimin-e-te-dhenave-me-ndj\/#primaryimage\"},\"thumbnailUrl\":\"\",\"datePublished\":\"2023-06-27T12:58:33+00:00\",\"breadcrumb\":{\"@id\":\"https:\/\/unkorce.edu.al\/integrimi-gjinor-ne-institucionet-e-arsimit-te-larte-sesion-informues-me-qellim-informimin-mbi-kuptimin-rendesine-dhe-perfitimet-qe-sjell-integrimi-gjinor-dhe-monitorimin-e-te-dhenave-me-ndj\/#breadcrumb\"},\"inLanguage\":\"en-US\",\"potentialAction\":[{\"@type\":\"ReadAction\",\"target\":[\"https:\/\/unkorce.edu.al\/integrimi-gjinor-ne-institucionet-e-arsimit-te-larte-sesion-informues-me-qellim-informimin-mbi-kuptimin-rendesine-dhe-perfitimet-qe-sjell-integrimi-gjinor-dhe-monitorimin-e-te-dhenave-me-ndj\/\"]}]},{\"@type\":\"ImageObject\",\"inLanguage\":\"en-US\",\"@id\":\"https:\/\/unkorce.edu.al\/integrimi-gjinor-ne-institucionet-e-arsimit-te-larte-sesion-informues-me-qellim-informimin-mbi-kuptimin-rendesine-dhe-perfitimet-qe-sjell-integrimi-gjinor-dhe-monitorimin-e-te-dhenave-me-ndj\/#primaryimage\",\"url\":\"\",\"contentUrl\":\"\"},{\"@type\":\"BreadcrumbList\",\"@id\":\"https:\/\/unkorce.edu.al\/integrimi-gjinor-ne-institucionet-e-arsimit-te-larte-sesion-informues-me-qellim-informimin-mbi-kuptimin-rendesine-dhe-perfitimet-qe-sjell-integrimi-gjinor-dhe-monitorimin-e-te-dhenave-me-ndj\/#breadcrumb\",\"itemListElement\":[{\"@type\":\"ListItem\",\"position\":1,\"name\":\"Home\",\"item\":\"https:\/\/unkorce.edu.al\/\"},{\"@type\":\"ListItem\",\"position\":2,\"name\":\"\u201cINTEGRIMI GJINOR N\u00cb INSTITUCIONET E ARSIMIT T\u00cb LART\u00cb-SESION INFORMUES ME Q\u00cbLLIM INFORMIMIN MBI KUPTIMIN, R\u00cbND\u00cbSIN\u00cb DHE P\u00cbRFITIMET Q\u00cb SJELL INTEGRIMI GJINOR DHE MONITORIMI I T\u00cb DH\u00cbNAVE ME NDJESHM\u00cbRI GJINORE N\u00cb UNIVERSITET\"}]},{\"@type\":\"WebSite\",\"@id\":\"https:\/\/unkorce.edu.al\/#website\",\"url\":\"https:\/\/unkorce.edu.al\/\",\"name\":\"Universiteti \\\"Fan S. Noli\\\", Kor\u00e7\u00eb\",\"description\":\"Mir&euml;sevini n&euml; faqen zyrtare!\",\"publisher\":{\"@id\":\"https:\/\/unkorce.edu.al\/#organization\"},\"potentialAction\":[{\"@type\":\"SearchAction\",\"target\":{\"@type\":\"EntryPoint\",\"urlTemplate\":\"https:\/\/unkorce.edu.al\/?s={search_term_string}\"},\"query-input\":{\"@type\":\"PropertyValueSpecification\",\"valueRequired\":true,\"valueName\":\"search_term_string\"}}],\"inLanguage\":\"en-US\"},{\"@type\":\"Organization\",\"@id\":\"https:\/\/unkorce.edu.al\/#organization\",\"name\":\"Universiteti \\\"Fan S. Noli\\\", Kor\u00e7\u00eb\",\"url\":\"https:\/\/unkorce.edu.al\/\",\"logo\":{\"@type\":\"ImageObject\",\"inLanguage\":\"en-US\",\"@id\":\"https:\/\/unkorce.edu.al\/#\/schema\/logo\/image\/\",\"url\":\"https:\/\/unkorce.edu.al\/wp-content\/uploads\/2024\/08\/Logo_e_Universitetit__Fan_Noli_-e1726660879862.png\",\"contentUrl\":\"https:\/\/unkorce.edu.al\/wp-content\/uploads\/2024\/08\/Logo_e_Universitetit__Fan_Noli_-e1726660879862.png\",\"width\":200,\"height\":120,\"caption\":\"Universiteti \\\"Fan S. Noli\\\", Kor\u00e7\u00eb\"},\"image\":{\"@id\":\"https:\/\/unkorce.edu.al\/#\/schema\/logo\/image\/\"},\"sameAs\":[\"https:\/\/www.facebook.com\/unkorce\"]},{\"@type\":\"Person\",\"@id\":\"https:\/\/unkorce.edu.al\/#\/schema\/person\/faa34c53e1891c174ff76279b528558e\",\"name\":\"Brikela Qelemeni\",\"image\":{\"@type\":\"ImageObject\",\"inLanguage\":\"en-US\",\"@id\":\"https:\/\/unkorce.edu.al\/#\/schema\/person\/image\/\",\"url\":\"https:\/\/secure.gravatar.com\/avatar\/6c1805558a9218503040c8b9055763822c6184a1cd600127210a9abbc5aaea04?s=96&d=mm&r=g\",\"contentUrl\":\"https:\/\/secure.gravatar.com\/avatar\/6c1805558a9218503040c8b9055763822c6184a1cd600127210a9abbc5aaea04?s=96&d=mm&r=g\",\"caption\":\"Brikela Qelemeni\"},\"url\":\"https:\/\/unkorce.edu.al\/en\/author\/brikela\/\"}]}<\/script>\n<!-- \/ Yoast SEO plugin. -->","yoast_head_json":{"title":"\u201cINTEGRIMI GJINOR N\u00cb INSTITUCIONET E ARSIMIT T\u00cb LART\u00cb-SESION INFORMUES ME Q\u00cbLLIM INFORMIMIN MBI KUPTIMIN, R\u00cbND\u00cbSIN\u00cb DHE P\u00cbRFITIMET Q\u00cb SJELL INTEGRIMI GJINOR DHE MONITORIMI I T\u00cb DH\u00cbNAVE ME NDJESHM\u00cbRI GJINORE N\u00cb UNIVERSITET - Universiteti \"Fan S. Noli\", Kor\u00e7\u00eb","robots":{"index":"index","follow":"follow","max-snippet":"max-snippet:-1","max-image-preview":"max-image-preview:large","max-video-preview":"max-video-preview:-1"},"canonical":"https:\/\/unkorce.edu.al\/en\/integrimi-gjinor-ne-institucionet-e-arsimit-te-larte-sesion-informues-me-qellim-informimin-mbi-kuptimin-rendesine-dhe-perfitimet-qe-sjell-integrimi-gjinor-dhe-monitorimin-e-te-dhenave-me-ndj\/","og_locale":"en_US","og_type":"article","og_title":"\u201cINTEGRIMI GJINOR N\u00cb INSTITUCIONET E ARSIMIT T\u00cb LART\u00cb-SESION INFORMUES ME Q\u00cbLLIM INFORMIMIN MBI KUPTIMIN, R\u00cbND\u00cbSIN\u00cb DHE P\u00cbRFITIMET Q\u00cb SJELL INTEGRIMI GJINOR DHE MONITORIMI I T\u00cb DH\u00cbNAVE ME NDJESHM\u00cbRI GJINORE N\u00cb UNIVERSITET - Universiteti \"Fan S. Noli\", Kor\u00e7\u00eb","og_description":"N\u00eb dat\u00ebn 27 qershor 2023 n\u00eb mjedisee e bibliotek\u00ebs &#8220;Kongresi i Manastirit&#8221; &nbsp;t\u00eb universitetit \u201cFan S. Noli\u201d u zhvillua sesioni informues \u201cIntegrimi Gjinor n\u00eb Institucionet e Arsimit t\u00eb Lart\u00eb (R\u00ebnd\u00ebsia e sigurimit dhe monitorimit t\u00eb t\u00eb dh\u00ebnave mbi integrimin gjinor n\u00eb komunitet)\u201d n\u00eb kuad\u00ebr t\u00eb projektit &#8220;Integrimi gjinor n\u00eb institucionet e arsimit t\u00eb lart\u00eb&#8221;. &nbsp;...","og_url":"https:\/\/unkorce.edu.al\/en\/integrimi-gjinor-ne-institucionet-e-arsimit-te-larte-sesion-informues-me-qellim-informimin-mbi-kuptimin-rendesine-dhe-perfitimet-qe-sjell-integrimi-gjinor-dhe-monitorimin-e-te-dhenave-me-ndj\/","og_site_name":"Universiteti \"Fan S. Noli\", Kor\u00e7\u00eb","article_publisher":"https:\/\/www.facebook.com\/unkorce","article_published_time":"2023-06-27T12:58:33+00:00","author":"Brikela Qelemeni","twitter_card":"summary_large_image","twitter_misc":{"Written by":"Brikela Qelemeni","Est. reading time":"1 minute"},"schema":{"@context":"https:\/\/schema.org","@graph":[{"@type":"Article","@id":"https:\/\/unkorce.edu.al\/integrimi-gjinor-ne-institucionet-e-arsimit-te-larte-sesion-informues-me-qellim-informimin-mbi-kuptimin-rendesine-dhe-perfitimet-qe-sjell-integrimi-gjinor-dhe-monitorimin-e-te-dhenave-me-ndj\/#article","isPartOf":{"@id":"https:\/\/unkorce.edu.al\/integrimi-gjinor-ne-institucionet-e-arsimit-te-larte-sesion-informues-me-qellim-informimin-mbi-kuptimin-rendesine-dhe-perfitimet-qe-sjell-integrimi-gjinor-dhe-monitorimin-e-te-dhenave-me-ndj\/"},"author":{"name":"Brikela Qelemeni","@id":"https:\/\/unkorce.edu.al\/#\/schema\/person\/faa34c53e1891c174ff76279b528558e"},"headline":"\u201cINTEGRIMI GJINOR N\u00cb INSTITUCIONET E ARSIMIT T\u00cb LART\u00cb-SESION INFORMUES ME Q\u00cbLLIM INFORMIMIN MBI KUPTIMIN, R\u00cbND\u00cbSIN\u00cb DHE P\u00cbRFITIMET Q\u00cb SJELL INTEGRIMI GJINOR DHE MONITORIMI I T\u00cb DH\u00cbNAVE ME NDJESHM\u00cbRI GJINORE N\u00cb UNIVERSITET","datePublished":"2023-06-27T12:58:33+00:00","mainEntityOfPage":{"@id":"https:\/\/unkorce.edu.al\/integrimi-gjinor-ne-institucionet-e-arsimit-te-larte-sesion-informues-me-qellim-informimin-mbi-kuptimin-rendesine-dhe-perfitimet-qe-sjell-integrimi-gjinor-dhe-monitorimin-e-te-dhenave-me-ndj\/"},"wordCount":192,"commentCount":0,"publisher":{"@id":"https:\/\/unkorce.edu.al\/#organization"},"image":{"@id":"https:\/\/unkorce.edu.al\/integrimi-gjinor-ne-institucionet-e-arsimit-te-larte-sesion-informues-me-qellim-informimin-mbi-kuptimin-rendesine-dhe-perfitimet-qe-sjell-integrimi-gjinor-dhe-monitorimin-e-te-dhenave-me-ndj\/#primaryimage"},"thumbnailUrl":"","articleSection":["Fakulteti i Shkencave Natyrore dhe Shkencave Humane"],"inLanguage":"en-US","potentialAction":[{"@type":"CommentAction","name":"Comment","target":["https:\/\/unkorce.edu.al\/integrimi-gjinor-ne-institucionet-e-arsimit-te-larte-sesion-informues-me-qellim-informimin-mbi-kuptimin-rendesine-dhe-perfitimet-qe-sjell-integrimi-gjinor-dhe-monitorimin-e-te-dhenave-me-ndj\/#respond"]}]},{"@type":"WebPage","@id":"https:\/\/unkorce.edu.al\/integrimi-gjinor-ne-institucionet-e-arsimit-te-larte-sesion-informues-me-qellim-informimin-mbi-kuptimin-rendesine-dhe-perfitimet-qe-sjell-integrimi-gjinor-dhe-monitorimin-e-te-dhenave-me-ndj\/","url":"https:\/\/unkorce.edu.al\/integrimi-gjinor-ne-institucionet-e-arsimit-te-larte-sesion-informues-me-qellim-informimin-mbi-kuptimin-rendesine-dhe-perfitimet-qe-sjell-integrimi-gjinor-dhe-monitorimin-e-te-dhenave-me-ndj\/","name":"\u201cINTEGRIMI GJINOR N\u00cb INSTITUCIONET E ARSIMIT T\u00cb LART\u00cb-SESION INFORMUES ME Q\u00cbLLIM INFORMIMIN MBI KUPTIMIN, R\u00cbND\u00cbSIN\u00cb DHE P\u00cbRFITIMET Q\u00cb SJELL INTEGRIMI GJINOR DHE MONITORIMI I T\u00cb DH\u00cbNAVE ME NDJESHM\u00cbRI GJINORE N\u00cb UNIVERSITET - Universiteti \"Fan S. Noli\", Kor\u00e7\u00eb","isPartOf":{"@id":"https:\/\/unkorce.edu.al\/#website"},"primaryImageOfPage":{"@id":"https:\/\/unkorce.edu.al\/integrimi-gjinor-ne-institucionet-e-arsimit-te-larte-sesion-informues-me-qellim-informimin-mbi-kuptimin-rendesine-dhe-perfitimet-qe-sjell-integrimi-gjinor-dhe-monitorimin-e-te-dhenave-me-ndj\/#primaryimage"},"image":{"@id":"https:\/\/unkorce.edu.al\/integrimi-gjinor-ne-institucionet-e-arsimit-te-larte-sesion-informues-me-qellim-informimin-mbi-kuptimin-rendesine-dhe-perfitimet-qe-sjell-integrimi-gjinor-dhe-monitorimin-e-te-dhenave-me-ndj\/#primaryimage"},"thumbnailUrl":"","datePublished":"2023-06-27T12:58:33+00:00","breadcrumb":{"@id":"https:\/\/unkorce.edu.al\/integrimi-gjinor-ne-institucionet-e-arsimit-te-larte-sesion-informues-me-qellim-informimin-mbi-kuptimin-rendesine-dhe-perfitimet-qe-sjell-integrimi-gjinor-dhe-monitorimin-e-te-dhenave-me-ndj\/#breadcrumb"},"inLanguage":"en-US","potentialAction":[{"@type":"ReadAction","target":["https:\/\/unkorce.edu.al\/integrimi-gjinor-ne-institucionet-e-arsimit-te-larte-sesion-informues-me-qellim-informimin-mbi-kuptimin-rendesine-dhe-perfitimet-qe-sjell-integrimi-gjinor-dhe-monitorimin-e-te-dhenave-me-ndj\/"]}]},{"@type":"ImageObject","inLanguage":"en-US","@id":"https:\/\/unkorce.edu.al\/integrimi-gjinor-ne-institucionet-e-arsimit-te-larte-sesion-informues-me-qellim-informimin-mbi-kuptimin-rendesine-dhe-perfitimet-qe-sjell-integrimi-gjinor-dhe-monitorimin-e-te-dhenave-me-ndj\/#primaryimage","url":"","contentUrl":""},{"@type":"BreadcrumbList","@id":"https:\/\/unkorce.edu.al\/integrimi-gjinor-ne-institucionet-e-arsimit-te-larte-sesion-informues-me-qellim-informimin-mbi-kuptimin-rendesine-dhe-perfitimet-qe-sjell-integrimi-gjinor-dhe-monitorimin-e-te-dhenave-me-ndj\/#breadcrumb","itemListElement":[{"@type":"ListItem","position":1,"name":"Home","item":"https:\/\/unkorce.edu.al\/"},{"@type":"ListItem","position":2,"name":"\u201cINTEGRIMI GJINOR N\u00cb INSTITUCIONET E ARSIMIT T\u00cb LART\u00cb-SESION INFORMUES ME Q\u00cbLLIM INFORMIMIN MBI KUPTIMIN, R\u00cbND\u00cbSIN\u00cb DHE P\u00cbRFITIMET Q\u00cb SJELL INTEGRIMI GJINOR DHE MONITORIMI I T\u00cb DH\u00cbNAVE ME NDJESHM\u00cbRI GJINORE N\u00cb UNIVERSITET"}]},{"@type":"WebSite","@id":"https:\/\/unkorce.edu.al\/#website","url":"https:\/\/unkorce.edu.al\/","name":"Universiteti \"Fan S. Noli\", Kor\u00e7\u00eb","description":"Mir&euml;sevini n&euml; faqen zyrtare!","publisher":{"@id":"https:\/\/unkorce.edu.al\/#organization"},"potentialAction":[{"@type":"SearchAction","target":{"@type":"EntryPoint","urlTemplate":"https:\/\/unkorce.edu.al\/?s={search_term_string}"},"query-input":{"@type":"PropertyValueSpecification","valueRequired":true,"valueName":"search_term_string"}}],"inLanguage":"en-US"},{"@type":"Organization","@id":"https:\/\/unkorce.edu.al\/#organization","name":"Universiteti \"Fan S. Noli\", Kor\u00e7\u00eb","url":"https:\/\/unkorce.edu.al\/","logo":{"@type":"ImageObject","inLanguage":"en-US","@id":"https:\/\/unkorce.edu.al\/#\/schema\/logo\/image\/","url":"https:\/\/unkorce.edu.al\/wp-content\/uploads\/2024\/08\/Logo_e_Universitetit__Fan_Noli_-e1726660879862.png","contentUrl":"https:\/\/unkorce.edu.al\/wp-content\/uploads\/2024\/08\/Logo_e_Universitetit__Fan_Noli_-e1726660879862.png","width":200,"height":120,"caption":"Universiteti \"Fan S. Noli\", Kor\u00e7\u00eb"},"image":{"@id":"https:\/\/unkorce.edu.al\/#\/schema\/logo\/image\/"},"sameAs":["https:\/\/www.facebook.com\/unkorce"]},{"@type":"Person","@id":"https:\/\/unkorce.edu.al\/#\/schema\/person\/faa34c53e1891c174ff76279b528558e","name":"Brikela Qelemeni","image":{"@type":"ImageObject","inLanguage":"en-US","@id":"https:\/\/unkorce.edu.al\/#\/schema\/person\/image\/","url":"https:\/\/secure.gravatar.com\/avatar\/6c1805558a9218503040c8b9055763822c6184a1cd600127210a9abbc5aaea04?s=96&d=mm&r=g","contentUrl":"https:\/\/secure.gravatar.com\/avatar\/6c1805558a9218503040c8b9055763822c6184a1cd600127210a9abbc5aaea04?s=96&d=mm&r=g","caption":"Brikela Qelemeni"},"url":"https:\/\/unkorce.edu.al\/en\/author\/brikela\/"}]}},"_links":{"self":[{"href":"https:\/\/unkorce.edu.al\/en\/wp-json\/wp\/v2\/posts\/19323","targetHints":{"allow":["GET"]}}],"collection":[{"href":"https:\/\/unkorce.edu.al\/en\/wp-json\/wp\/v2\/posts"}],"about":[{"href":"https:\/\/unkorce.edu.al\/en\/wp-json\/wp\/v2\/types\/post"}],"author":[{"embeddable":true,"href":"https:\/\/unkorce.edu.al\/en\/wp-json\/wp\/v2\/users\/2"}],"replies":[{"embeddable":true,"href":"https:\/\/unkorce.edu.al\/en\/wp-json\/wp\/v2\/comments?post=19323"}],"version-history":[{"count":0,"href":"https:\/\/unkorce.edu.al\/en\/wp-json\/wp\/v2\/posts\/19323\/revisions"}],"wp:featuredmedia":[{"embeddable":true,"href":"https:\/\/unkorce.edu.al\/en\/wp-json\/"}],"wp:attachment":[{"href":"https:\/\/unkorce.edu.al\/en\/wp-json\/wp\/v2\/media?parent=19323"}],"wp:term":[{"taxonomy":"category","embeddable":true,"href":"https:\/\/unkorce.edu.al\/en\/wp-json\/wp\/v2\/categories?post=19323"},{"taxonomy":"post_tag","embeddable":true,"href":"https:\/\/unkorce.edu.al\/en\/wp-json\/wp\/v2\/tags?post=19323"}],"curies":[{"name":"wp","href":"https:\/\/api.w.org\/{rel}","templated":true}]}}