{"id":17103,"date":"2023-03-01T11:01:16","date_gmt":"2023-03-01T11:01:16","guid":{"rendered":"https:\/\/unkorce.edu.al\/?p=17103"},"modified":"2023-03-01T11:01:16","modified_gmt":"2023-03-01T11:01:16","slug":"studenti-i-universiteti-fan-s-noli-andi-zhgaba-do-te-perfaqesoje-universitetin-dhe-shqiperine-ne-olimpiaden-e-17-te-studentore-ballkanike-te-matematikes-qe-zhvillohet-ne-struge-te","status":"publish","type":"post","link":"https:\/\/unkorce.edu.al\/en\/studenti-i-universiteti-fan-s-noli-andi-zhgaba-do-te-perfaqesoje-universitetin-dhe-shqiperine-ne-olimpiaden-e-17-te-studentore-ballkanike-te-matematikes-qe-zhvillohet-ne-struge-te\/","title":{"rendered":"STUDENTI I UNIVERSITETI \u201cFAN S. NOLI\u201d, ANDI ZHGABA, DO T\u00cb P\u00cbRFAQ\u00cbSOJ\u00cb UNIVERSITETIN DHE SHQIP\u00cbRIN\u00cb N\u00cb OLIMPIAD\u00cbN E 17-T\u00cb STUDENTORE BALLKANIKE T\u00cb MATEMATIK\u00cbS Q\u00cb ZHVILLOHET N\u00cb STRUG\u00cb T\u00cb MAQEDONIS\u00cb S\u00cb VERIUT N\u00cb DATAT 7-12 MARS 2023"},"content":{"rendered":"<p>N\u00eb dat\u00ebn 1 mars 2023, rektori, prof. dr. Dhimitri Bello priti n\u00eb nj\u00eb takim t\u00eb ve\u00e7ant\u00eb studentin e Universitetit \u201cFan S. Noli\u201d, Andi Zhgaba, i cili do t\u00eb p\u00ebrfaq\u00ebsoj\u00eb \u00a0Universitetin dhe Shqip\u00ebrin\u00eb n\u00eb Olimpiad\u00ebn e 17-t\u00eb Studentore Ballkanike t\u00eb Matematik\u00ebs q\u00eb do t\u00eb zhvillohet n\u00eb Strug\u00eb t\u00eb Maqedonis\u00eb s\u00eb Veriut nga data 7-12 mars 2023. Kjo \u00ebsht\u00eb hera e par\u00eb q\u00eb nj\u00eb universitet shqiptar merr pjes\u00eb n\u00eb nj\u00eb kompeticion t\u00eb till\u00eb, Rektori e p\u00ebrg\u00ebzoi Andin p\u00ebr k\u00ebt\u00eb pjes\u00ebmarrje n\u00eb emrin e tij dhe t\u00eb institucionit q\u00eb dejton, duke i uruar suksese dhe rezulate sa m\u00eb t\u00eb larta. Profesor Bello, bashk\u00eb me z\u00ebvend\u00ebsrektorin p\u00ebr m\u00ebsimin, dr. Arto Adili shpreh\u00ebn bindjen se Andi do t\u00eb p\u00ebrfaq\u00ebsohet denj\u00ebsisht n\u00eb k\u00ebt\u00eb kompeticion, ku marrin pjes\u00eb student\u00eb t\u00eb universiteteve elitare t\u00eb Ballkanit, Evrop\u00ebs dhe m\u00eb gjer\u00eb. Gjithashtu, Rektori theksoi se \u00ebsht\u00eb mjaft e r\u00ebnd\u00ebsishme q\u00eb t\u00eb rinjt\u00eb e rajonit ton\u00eb kan\u00eb ende interes p\u00ebr programin e studimit \u201cMatematik\u00eb-Fizik\u00eb\u201d, duke e zgjedhur at\u00eb n\u00eb ofert\u00ebn akademike t\u00eb Universitetit \u201cFan S. Noli\u201d.<\/p>\n\n\n\n<p>Andi fal\u00ebnderoi Universitetin p\u00ebr mund\u00ebsin\u00eb q\u00eb i dha pasi pjes\u00ebmarrja n\u00eb k\u00ebt\u00eb olimpiad\u00eb padyshim do t\u00eb jet\u00eb nj\u00eb p\u00ebrvoj\u00eb shum\u00eb e vlefshme edhe p\u00ebr vijim\u00ebsin\u00eb e profesiont q\u00eb ai ka zgjedhur. Por nga ana tjet\u00ebr \u00ebsht\u00eb edhe nj\u00eb p\u00ebrgjegj\u00ebsi m\u00eb e madhe pasi ai do t\u00eb p\u00ebrfaq\u00ebsoj\u00eb veten, Universitetin e vendin e tij.<\/p>\n\n\n\n<figure class=\"wp-block-gallery has-nested-images columns-default is-cropped wp-block-gallery-1 is-layout-flex wp-block-gallery-is-layout-flex\">\n<figure class=\"wp-block-image size-large\"><img decoding=\"async\" data-id=\"17108\" src=\"https:\/\/unkorce.edu.al\/wp-content\/uploads\/2023\/03\/WhatsApp-Image-2023-03-01-at-9.57.59-AM-1024x768.jpeg\" alt=\"\" class=\"wp-image-17108\"\/><\/figure>\n\n\n\n<figure class=\"wp-block-image size-large\"><img decoding=\"async\" data-id=\"17105\" src=\"https:\/\/unkorce.edu.al\/wp-content\/uploads\/2023\/03\/WhatsApp-Image-2023-03-01-at-9.58.00-AM-1-1024x768.jpeg\" alt=\"\" class=\"wp-image-17105\"\/><\/figure>\n\n\n\n<figure class=\"wp-block-image size-large\"><img decoding=\"async\" data-id=\"17109\" src=\"https:\/\/unkorce.edu.al\/wp-content\/uploads\/2023\/03\/WhatsApp-Image-2023-03-01-at-9.58.00-AM-2-1024x768.jpeg\" alt=\"\" class=\"wp-image-17109\"\/><\/figure>\n\n\n\n<figure class=\"wp-block-image size-large\"><img decoding=\"async\" data-id=\"17104\" src=\"https:\/\/unkorce.edu.al\/wp-content\/uploads\/2023\/03\/WhatsApp-Image-2023-03-01-at-9.58.00-AM-3-1024x768.jpeg\" alt=\"\" class=\"wp-image-17104\"\/><\/figure>\n\n\n\n<figure class=\"wp-block-image size-large\"><img decoding=\"async\" data-id=\"17107\" src=\"https:\/\/unkorce.edu.al\/wp-content\/uploads\/2023\/03\/WhatsApp-Image-2023-03-01-at-9.58.00-AM-1024x768.jpeg\" alt=\"\" class=\"wp-image-17107\"\/><\/figure>\n\n\n\n<figure class=\"wp-block-image size-large\"><img decoding=\"async\" data-id=\"17106\" src=\"https:\/\/unkorce.edu.al\/wp-content\/uploads\/2023\/03\/WhatsApp-Image-2023-03-01-at-9.58.01-AM-1024x768.jpeg\" alt=\"\" class=\"wp-image-17106\"\/><\/figure>\n\n\n\n<figure class=\"wp-block-image size-large\"><img decoding=\"async\" data-id=\"17110\" src=\"https:\/\/unkorce.edu.al\/wp-content\/uploads\/2023\/03\/WhatsApp-Image-2023-03-01-at-9.58.03-AM-1-1024x768.jpeg\" alt=\"\" class=\"wp-image-17110\"\/><\/figure>\n\n\n\n<figure class=\"wp-block-image size-large\"><img decoding=\"async\" data-id=\"17113\" src=\"https:\/\/unkorce.edu.al\/wp-content\/uploads\/2023\/03\/WhatsApp-Image-2023-03-01-at-9.58.03-AM-1024x768.jpeg\" alt=\"\" class=\"wp-image-17113\"\/><\/figure>\n\n\n\n<figure class=\"wp-block-image size-large\"><img decoding=\"async\" data-id=\"17111\" src=\"https:\/\/unkorce.edu.al\/wp-content\/uploads\/2023\/03\/WhatsApp-Image-2023-03-01-at-9.58.04-AM-1024x768.jpeg\" alt=\"\" class=\"wp-image-17111\"\/><\/figure>\n\n\n\n<figure class=\"wp-block-image size-large\"><img decoding=\"async\" data-id=\"17112\" src=\"https:\/\/unkorce.edu.al\/wp-content\/uploads\/2023\/03\/WhatsApp-Image-2023-03-01-at-9.58.05-AM-1024x768.jpeg\" alt=\"\" class=\"wp-image-17112\"\/><\/figure>\n<\/figure>","protected":false},"excerpt":{"rendered":"<p>N\u00eb dat\u00ebn 1 mars 2023, rektori, prof. dr. Dhimitri Bello priti n\u00eb nj\u00eb takim t\u00eb ve\u00e7ant\u00eb studentin e Universitetit \u201cFan S. Noli\u201d, Andi Zhgaba, i cili do t\u00eb p\u00ebrfaq\u00ebsoj\u00eb \u00a0Universitetin dhe Shqip\u00ebrin\u00eb n\u00eb Olimpiad\u00ebn e 17-t\u00eb Studentore Ballkanike t\u00eb Matematik\u00ebs q\u00eb do t\u00eb zhvillohet n\u00eb Strug\u00eb t\u00eb Maqedonis\u00eb s\u00eb Veriut nga data 7-12 mars 2023&#8230;.<\/p>","protected":false},"author":2,"featured_media":17108,"comment_status":"open","ping_status":"open","sticky":false,"template":"","format":"standard","meta":{"_acf_changed":false,"footnotes":""},"categories":[1],"tags":[],"class_list":["post-17103","post","type-post","status-publish","format-standard","has-post-thumbnail","hentry","category-uncategorized"],"acf":[],"yoast_head":"<!-- This site is optimized with the Yoast SEO plugin v26.9 - https:\/\/yoast.com\/product\/yoast-seo-wordpress\/ -->\n<title>STUDENTI I UNIVERSITETI \u201cFAN S. NOLI\u201d, ANDI ZHGABA, DO T\u00cb P\u00cbRFAQ\u00cbSOJ\u00cb UNIVERSITETIN DHE SHQIP\u00cbRIN\u00cb N\u00cb OLIMPIAD\u00cbN E 17-T\u00cb STUDENTORE BALLKANIKE T\u00cb MATEMATIK\u00cbS Q\u00cb ZHVILLOHET N\u00cb STRUG\u00cb T\u00cb MAQEDONIS\u00cb S\u00cb VERIUT N\u00cb DATAT 7-12 MARS 2023 - Universiteti &quot;Fan S. Noli&quot;, Kor\u00e7\u00eb<\/title>\n<meta name=\"robots\" content=\"index, follow, max-snippet:-1, max-image-preview:large, max-video-preview:-1\" \/>\n<link rel=\"canonical\" href=\"https:\/\/unkorce.edu.al\/en\/studenti-i-universiteti-fan-s-noli-andi-zhgaba-do-te-perfaqesoje-universitetin-dhe-shqiperine-ne-olimpiaden-e-17-te-studentore-ballkanike-te-matematikes-qe-zhvillohet-ne-struge-te\/\" \/>\n<meta property=\"og:locale\" content=\"en_US\" \/>\n<meta property=\"og:type\" content=\"article\" \/>\n<meta property=\"og:title\" content=\"STUDENTI I UNIVERSITETI \u201cFAN S. NOLI\u201d, ANDI ZHGABA, DO T\u00cb P\u00cbRFAQ\u00cbSOJ\u00cb UNIVERSITETIN DHE SHQIP\u00cbRIN\u00cb N\u00cb OLIMPIAD\u00cbN E 17-T\u00cb STUDENTORE BALLKANIKE T\u00cb MATEMATIK\u00cbS Q\u00cb ZHVILLOHET N\u00cb STRUG\u00cb T\u00cb MAQEDONIS\u00cb S\u00cb VERIUT N\u00cb DATAT 7-12 MARS 2023 - Universiteti &quot;Fan S. Noli&quot;, Kor\u00e7\u00eb\" \/>\n<meta property=\"og:description\" content=\"N\u00eb dat\u00ebn 1 mars 2023, rektori, prof. dr. Dhimitri Bello priti n\u00eb nj\u00eb takim t\u00eb ve\u00e7ant\u00eb studentin e Universitetit \u201cFan S. Noli\u201d, Andi Zhgaba, i cili do t\u00eb p\u00ebrfaq\u00ebsoj\u00eb \u00a0Universitetin dhe Shqip\u00ebrin\u00eb n\u00eb Olimpiad\u00ebn e 17-t\u00eb Studentore Ballkanike t\u00eb Matematik\u00ebs q\u00eb do t\u00eb zhvillohet n\u00eb Strug\u00eb t\u00eb Maqedonis\u00eb s\u00eb Veriut nga data 7-12 mars 2023....\" \/>\n<meta property=\"og:url\" content=\"https:\/\/unkorce.edu.al\/en\/studenti-i-universiteti-fan-s-noli-andi-zhgaba-do-te-perfaqesoje-universitetin-dhe-shqiperine-ne-olimpiaden-e-17-te-studentore-ballkanike-te-matematikes-qe-zhvillohet-ne-struge-te\/\" \/>\n<meta property=\"og:site_name\" content=\"Universiteti &quot;Fan S. Noli&quot;, Kor\u00e7\u00eb\" \/>\n<meta property=\"article:publisher\" content=\"https:\/\/www.facebook.com\/unkorce\" \/>\n<meta property=\"article:published_time\" content=\"2023-03-01T11:01:16+00:00\" \/>\n<meta name=\"author\" content=\"Brikela Qelemeni\" \/>\n<meta name=\"twitter:card\" content=\"summary_large_image\" \/>\n<meta name=\"twitter:label1\" content=\"Written by\" \/>\n\t<meta name=\"twitter:data1\" content=\"Brikela Qelemeni\" \/>\n\t<meta name=\"twitter:label2\" content=\"Est. reading time\" \/>\n\t<meta name=\"twitter:data2\" content=\"1 minute\" \/>\n<script type=\"application\/ld+json\" class=\"yoast-schema-graph\">{\"@context\":\"https:\/\/schema.org\",\"@graph\":[{\"@type\":\"Article\",\"@id\":\"https:\/\/unkorce.edu.al\/studenti-i-universiteti-fan-s-noli-andi-zhgaba-do-te-perfaqesoje-universitetin-dhe-shqiperine-ne-olimpiaden-e-17-te-studentore-ballkanike-te-matematikes-qe-zhvillohet-ne-struge-te\/#article\",\"isPartOf\":{\"@id\":\"https:\/\/unkorce.edu.al\/studenti-i-universiteti-fan-s-noli-andi-zhgaba-do-te-perfaqesoje-universitetin-dhe-shqiperine-ne-olimpiaden-e-17-te-studentore-ballkanike-te-matematikes-qe-zhvillohet-ne-struge-te\/\"},\"author\":{\"name\":\"Brikela Qelemeni\",\"@id\":\"https:\/\/unkorce.edu.al\/#\/schema\/person\/faa34c53e1891c174ff76279b528558e\"},\"headline\":\"STUDENTI I UNIVERSITETI \u201cFAN S. NOLI\u201d, ANDI ZHGABA, DO T\u00cb P\u00cbRFAQ\u00cbSOJ\u00cb UNIVERSITETIN DHE SHQIP\u00cbRIN\u00cb N\u00cb OLIMPIAD\u00cbN E 17-T\u00cb STUDENTORE BALLKANIKE T\u00cb MATEMATIK\u00cbS Q\u00cb ZHVILLOHET N\u00cb STRUG\u00cb T\u00cb MAQEDONIS\u00cb S\u00cb VERIUT N\u00cb DATAT 7-12 MARS 2023\",\"datePublished\":\"2023-03-01T11:01:16+00:00\",\"mainEntityOfPage\":{\"@id\":\"https:\/\/unkorce.edu.al\/studenti-i-universiteti-fan-s-noli-andi-zhgaba-do-te-perfaqesoje-universitetin-dhe-shqiperine-ne-olimpiaden-e-17-te-studentore-ballkanike-te-matematikes-qe-zhvillohet-ne-struge-te\/\"},\"wordCount\":294,\"commentCount\":0,\"publisher\":{\"@id\":\"https:\/\/unkorce.edu.al\/#organization\"},\"image\":{\"@id\":\"https:\/\/unkorce.edu.al\/studenti-i-universiteti-fan-s-noli-andi-zhgaba-do-te-perfaqesoje-universitetin-dhe-shqiperine-ne-olimpiaden-e-17-te-studentore-ballkanike-te-matematikes-qe-zhvillohet-ne-struge-te\/#primaryimage\"},\"thumbnailUrl\":\"\",\"inLanguage\":\"en-US\",\"potentialAction\":[{\"@type\":\"CommentAction\",\"name\":\"Comment\",\"target\":[\"https:\/\/unkorce.edu.al\/studenti-i-universiteti-fan-s-noli-andi-zhgaba-do-te-perfaqesoje-universitetin-dhe-shqiperine-ne-olimpiaden-e-17-te-studentore-ballkanike-te-matematikes-qe-zhvillohet-ne-struge-te\/#respond\"]}]},{\"@type\":\"WebPage\",\"@id\":\"https:\/\/unkorce.edu.al\/studenti-i-universiteti-fan-s-noli-andi-zhgaba-do-te-perfaqesoje-universitetin-dhe-shqiperine-ne-olimpiaden-e-17-te-studentore-ballkanike-te-matematikes-qe-zhvillohet-ne-struge-te\/\",\"url\":\"https:\/\/unkorce.edu.al\/studenti-i-universiteti-fan-s-noli-andi-zhgaba-do-te-perfaqesoje-universitetin-dhe-shqiperine-ne-olimpiaden-e-17-te-studentore-ballkanike-te-matematikes-qe-zhvillohet-ne-struge-te\/\",\"name\":\"STUDENTI I UNIVERSITETI \u201cFAN S. NOLI\u201d, ANDI ZHGABA, DO T\u00cb P\u00cbRFAQ\u00cbSOJ\u00cb UNIVERSITETIN DHE SHQIP\u00cbRIN\u00cb N\u00cb OLIMPIAD\u00cbN E 17-T\u00cb STUDENTORE BALLKANIKE T\u00cb MATEMATIK\u00cbS Q\u00cb ZHVILLOHET N\u00cb STRUG\u00cb T\u00cb MAQEDONIS\u00cb S\u00cb VERIUT N\u00cb DATAT 7-12 MARS 2023 - Universiteti \\\"Fan S. Noli\\\", Kor\u00e7\u00eb\",\"isPartOf\":{\"@id\":\"https:\/\/unkorce.edu.al\/#website\"},\"primaryImageOfPage\":{\"@id\":\"https:\/\/unkorce.edu.al\/studenti-i-universiteti-fan-s-noli-andi-zhgaba-do-te-perfaqesoje-universitetin-dhe-shqiperine-ne-olimpiaden-e-17-te-studentore-ballkanike-te-matematikes-qe-zhvillohet-ne-struge-te\/#primaryimage\"},\"image\":{\"@id\":\"https:\/\/unkorce.edu.al\/studenti-i-universiteti-fan-s-noli-andi-zhgaba-do-te-perfaqesoje-universitetin-dhe-shqiperine-ne-olimpiaden-e-17-te-studentore-ballkanike-te-matematikes-qe-zhvillohet-ne-struge-te\/#primaryimage\"},\"thumbnailUrl\":\"\",\"datePublished\":\"2023-03-01T11:01:16+00:00\",\"breadcrumb\":{\"@id\":\"https:\/\/unkorce.edu.al\/studenti-i-universiteti-fan-s-noli-andi-zhgaba-do-te-perfaqesoje-universitetin-dhe-shqiperine-ne-olimpiaden-e-17-te-studentore-ballkanike-te-matematikes-qe-zhvillohet-ne-struge-te\/#breadcrumb\"},\"inLanguage\":\"en-US\",\"potentialAction\":[{\"@type\":\"ReadAction\",\"target\":[\"https:\/\/unkorce.edu.al\/studenti-i-universiteti-fan-s-noli-andi-zhgaba-do-te-perfaqesoje-universitetin-dhe-shqiperine-ne-olimpiaden-e-17-te-studentore-ballkanike-te-matematikes-qe-zhvillohet-ne-struge-te\/\"]}]},{\"@type\":\"ImageObject\",\"inLanguage\":\"en-US\",\"@id\":\"https:\/\/unkorce.edu.al\/studenti-i-universiteti-fan-s-noli-andi-zhgaba-do-te-perfaqesoje-universitetin-dhe-shqiperine-ne-olimpiaden-e-17-te-studentore-ballkanike-te-matematikes-qe-zhvillohet-ne-struge-te\/#primaryimage\",\"url\":\"\",\"contentUrl\":\"\"},{\"@type\":\"BreadcrumbList\",\"@id\":\"https:\/\/unkorce.edu.al\/studenti-i-universiteti-fan-s-noli-andi-zhgaba-do-te-perfaqesoje-universitetin-dhe-shqiperine-ne-olimpiaden-e-17-te-studentore-ballkanike-te-matematikes-qe-zhvillohet-ne-struge-te\/#breadcrumb\",\"itemListElement\":[{\"@type\":\"ListItem\",\"position\":1,\"name\":\"Home\",\"item\":\"https:\/\/unkorce.edu.al\/\"},{\"@type\":\"ListItem\",\"position\":2,\"name\":\"STUDENTI I UNIVERSITETI \u201cFAN S. NOLI\u201d, ANDI ZHGABA, DO T\u00cb P\u00cbRFAQ\u00cbSOJ\u00cb UNIVERSITETIN DHE SHQIP\u00cbRIN\u00cb N\u00cb OLIMPIAD\u00cbN E 17-T\u00cb STUDENTORE BALLKANIKE T\u00cb MATEMATIK\u00cbS Q\u00cb ZHVILLOHET N\u00cb STRUG\u00cb T\u00cb MAQEDONIS\u00cb S\u00cb VERIUT N\u00cb DATAT 7-12 MARS 2023\"}]},{\"@type\":\"WebSite\",\"@id\":\"https:\/\/unkorce.edu.al\/#website\",\"url\":\"https:\/\/unkorce.edu.al\/\",\"name\":\"Universiteti \\\"Fan S. Noli\\\", Kor\u00e7\u00eb\",\"description\":\"Mir&euml;sevini n&euml; faqen zyrtare!\",\"publisher\":{\"@id\":\"https:\/\/unkorce.edu.al\/#organization\"},\"potentialAction\":[{\"@type\":\"SearchAction\",\"target\":{\"@type\":\"EntryPoint\",\"urlTemplate\":\"https:\/\/unkorce.edu.al\/?s={search_term_string}\"},\"query-input\":{\"@type\":\"PropertyValueSpecification\",\"valueRequired\":true,\"valueName\":\"search_term_string\"}}],\"inLanguage\":\"en-US\"},{\"@type\":\"Organization\",\"@id\":\"https:\/\/unkorce.edu.al\/#organization\",\"name\":\"Universiteti \\\"Fan S. Noli\\\", Kor\u00e7\u00eb\",\"url\":\"https:\/\/unkorce.edu.al\/\",\"logo\":{\"@type\":\"ImageObject\",\"inLanguage\":\"en-US\",\"@id\":\"https:\/\/unkorce.edu.al\/#\/schema\/logo\/image\/\",\"url\":\"https:\/\/unkorce.edu.al\/wp-content\/uploads\/2024\/08\/Logo_e_Universitetit__Fan_Noli_-e1726660879862.png\",\"contentUrl\":\"https:\/\/unkorce.edu.al\/wp-content\/uploads\/2024\/08\/Logo_e_Universitetit__Fan_Noli_-e1726660879862.png\",\"width\":200,\"height\":120,\"caption\":\"Universiteti \\\"Fan S. Noli\\\", Kor\u00e7\u00eb\"},\"image\":{\"@id\":\"https:\/\/unkorce.edu.al\/#\/schema\/logo\/image\/\"},\"sameAs\":[\"https:\/\/www.facebook.com\/unkorce\"]},{\"@type\":\"Person\",\"@id\":\"https:\/\/unkorce.edu.al\/#\/schema\/person\/faa34c53e1891c174ff76279b528558e\",\"name\":\"Brikela Qelemeni\",\"image\":{\"@type\":\"ImageObject\",\"inLanguage\":\"en-US\",\"@id\":\"https:\/\/unkorce.edu.al\/#\/schema\/person\/image\/\",\"url\":\"https:\/\/secure.gravatar.com\/avatar\/6c1805558a9218503040c8b9055763822c6184a1cd600127210a9abbc5aaea04?s=96&d=mm&r=g\",\"contentUrl\":\"https:\/\/secure.gravatar.com\/avatar\/6c1805558a9218503040c8b9055763822c6184a1cd600127210a9abbc5aaea04?s=96&d=mm&r=g\",\"caption\":\"Brikela Qelemeni\"},\"url\":\"https:\/\/unkorce.edu.al\/en\/author\/brikela\/\"}]}<\/script>\n<!-- \/ Yoast SEO plugin. -->","yoast_head_json":{"title":"STUDENTI I UNIVERSITETI \u201cFAN S. NOLI\u201d, ANDI ZHGABA, DO T\u00cb P\u00cbRFAQ\u00cbSOJ\u00cb UNIVERSITETIN DHE SHQIP\u00cbRIN\u00cb N\u00cb OLIMPIAD\u00cbN E 17-T\u00cb STUDENTORE BALLKANIKE T\u00cb MATEMATIK\u00cbS Q\u00cb ZHVILLOHET N\u00cb STRUG\u00cb T\u00cb MAQEDONIS\u00cb S\u00cb VERIUT N\u00cb DATAT 7-12 MARS 2023 - Universiteti \"Fan S. Noli\", Kor\u00e7\u00eb","robots":{"index":"index","follow":"follow","max-snippet":"max-snippet:-1","max-image-preview":"max-image-preview:large","max-video-preview":"max-video-preview:-1"},"canonical":"https:\/\/unkorce.edu.al\/en\/studenti-i-universiteti-fan-s-noli-andi-zhgaba-do-te-perfaqesoje-universitetin-dhe-shqiperine-ne-olimpiaden-e-17-te-studentore-ballkanike-te-matematikes-qe-zhvillohet-ne-struge-te\/","og_locale":"en_US","og_type":"article","og_title":"STUDENTI I UNIVERSITETI \u201cFAN S. NOLI\u201d, ANDI ZHGABA, DO T\u00cb P\u00cbRFAQ\u00cbSOJ\u00cb UNIVERSITETIN DHE SHQIP\u00cbRIN\u00cb N\u00cb OLIMPIAD\u00cbN E 17-T\u00cb STUDENTORE BALLKANIKE T\u00cb MATEMATIK\u00cbS Q\u00cb ZHVILLOHET N\u00cb STRUG\u00cb T\u00cb MAQEDONIS\u00cb S\u00cb VERIUT N\u00cb DATAT 7-12 MARS 2023 - Universiteti \"Fan S. Noli\", Kor\u00e7\u00eb","og_description":"N\u00eb dat\u00ebn 1 mars 2023, rektori, prof. dr. Dhimitri Bello priti n\u00eb nj\u00eb takim t\u00eb ve\u00e7ant\u00eb studentin e Universitetit \u201cFan S. Noli\u201d, Andi Zhgaba, i cili do t\u00eb p\u00ebrfaq\u00ebsoj\u00eb \u00a0Universitetin dhe Shqip\u00ebrin\u00eb n\u00eb Olimpiad\u00ebn e 17-t\u00eb Studentore Ballkanike t\u00eb Matematik\u00ebs q\u00eb do t\u00eb zhvillohet n\u00eb Strug\u00eb t\u00eb Maqedonis\u00eb s\u00eb Veriut nga data 7-12 mars 2023....","og_url":"https:\/\/unkorce.edu.al\/en\/studenti-i-universiteti-fan-s-noli-andi-zhgaba-do-te-perfaqesoje-universitetin-dhe-shqiperine-ne-olimpiaden-e-17-te-studentore-ballkanike-te-matematikes-qe-zhvillohet-ne-struge-te\/","og_site_name":"Universiteti \"Fan S. Noli\", Kor\u00e7\u00eb","article_publisher":"https:\/\/www.facebook.com\/unkorce","article_published_time":"2023-03-01T11:01:16+00:00","author":"Brikela Qelemeni","twitter_card":"summary_large_image","twitter_misc":{"Written by":"Brikela Qelemeni","Est. reading time":"1 minute"},"schema":{"@context":"https:\/\/schema.org","@graph":[{"@type":"Article","@id":"https:\/\/unkorce.edu.al\/studenti-i-universiteti-fan-s-noli-andi-zhgaba-do-te-perfaqesoje-universitetin-dhe-shqiperine-ne-olimpiaden-e-17-te-studentore-ballkanike-te-matematikes-qe-zhvillohet-ne-struge-te\/#article","isPartOf":{"@id":"https:\/\/unkorce.edu.al\/studenti-i-universiteti-fan-s-noli-andi-zhgaba-do-te-perfaqesoje-universitetin-dhe-shqiperine-ne-olimpiaden-e-17-te-studentore-ballkanike-te-matematikes-qe-zhvillohet-ne-struge-te\/"},"author":{"name":"Brikela Qelemeni","@id":"https:\/\/unkorce.edu.al\/#\/schema\/person\/faa34c53e1891c174ff76279b528558e"},"headline":"STUDENTI I UNIVERSITETI \u201cFAN S. NOLI\u201d, ANDI ZHGABA, DO T\u00cb P\u00cbRFAQ\u00cbSOJ\u00cb UNIVERSITETIN DHE SHQIP\u00cbRIN\u00cb N\u00cb OLIMPIAD\u00cbN E 17-T\u00cb STUDENTORE BALLKANIKE T\u00cb MATEMATIK\u00cbS Q\u00cb ZHVILLOHET N\u00cb STRUG\u00cb T\u00cb MAQEDONIS\u00cb S\u00cb VERIUT N\u00cb DATAT 7-12 MARS 2023","datePublished":"2023-03-01T11:01:16+00:00","mainEntityOfPage":{"@id":"https:\/\/unkorce.edu.al\/studenti-i-universiteti-fan-s-noli-andi-zhgaba-do-te-perfaqesoje-universitetin-dhe-shqiperine-ne-olimpiaden-e-17-te-studentore-ballkanike-te-matematikes-qe-zhvillohet-ne-struge-te\/"},"wordCount":294,"commentCount":0,"publisher":{"@id":"https:\/\/unkorce.edu.al\/#organization"},"image":{"@id":"https:\/\/unkorce.edu.al\/studenti-i-universiteti-fan-s-noli-andi-zhgaba-do-te-perfaqesoje-universitetin-dhe-shqiperine-ne-olimpiaden-e-17-te-studentore-ballkanike-te-matematikes-qe-zhvillohet-ne-struge-te\/#primaryimage"},"thumbnailUrl":"","inLanguage":"en-US","potentialAction":[{"@type":"CommentAction","name":"Comment","target":["https:\/\/unkorce.edu.al\/studenti-i-universiteti-fan-s-noli-andi-zhgaba-do-te-perfaqesoje-universitetin-dhe-shqiperine-ne-olimpiaden-e-17-te-studentore-ballkanike-te-matematikes-qe-zhvillohet-ne-struge-te\/#respond"]}]},{"@type":"WebPage","@id":"https:\/\/unkorce.edu.al\/studenti-i-universiteti-fan-s-noli-andi-zhgaba-do-te-perfaqesoje-universitetin-dhe-shqiperine-ne-olimpiaden-e-17-te-studentore-ballkanike-te-matematikes-qe-zhvillohet-ne-struge-te\/","url":"https:\/\/unkorce.edu.al\/studenti-i-universiteti-fan-s-noli-andi-zhgaba-do-te-perfaqesoje-universitetin-dhe-shqiperine-ne-olimpiaden-e-17-te-studentore-ballkanike-te-matematikes-qe-zhvillohet-ne-struge-te\/","name":"STUDENTI I UNIVERSITETI \u201cFAN S. NOLI\u201d, ANDI ZHGABA, DO T\u00cb P\u00cbRFAQ\u00cbSOJ\u00cb UNIVERSITETIN DHE SHQIP\u00cbRIN\u00cb N\u00cb OLIMPIAD\u00cbN E 17-T\u00cb STUDENTORE BALLKANIKE T\u00cb MATEMATIK\u00cbS Q\u00cb ZHVILLOHET N\u00cb STRUG\u00cb T\u00cb MAQEDONIS\u00cb S\u00cb VERIUT N\u00cb DATAT 7-12 MARS 2023 - Universiteti \"Fan S. Noli\", Kor\u00e7\u00eb","isPartOf":{"@id":"https:\/\/unkorce.edu.al\/#website"},"primaryImageOfPage":{"@id":"https:\/\/unkorce.edu.al\/studenti-i-universiteti-fan-s-noli-andi-zhgaba-do-te-perfaqesoje-universitetin-dhe-shqiperine-ne-olimpiaden-e-17-te-studentore-ballkanike-te-matematikes-qe-zhvillohet-ne-struge-te\/#primaryimage"},"image":{"@id":"https:\/\/unkorce.edu.al\/studenti-i-universiteti-fan-s-noli-andi-zhgaba-do-te-perfaqesoje-universitetin-dhe-shqiperine-ne-olimpiaden-e-17-te-studentore-ballkanike-te-matematikes-qe-zhvillohet-ne-struge-te\/#primaryimage"},"thumbnailUrl":"","datePublished":"2023-03-01T11:01:16+00:00","breadcrumb":{"@id":"https:\/\/unkorce.edu.al\/studenti-i-universiteti-fan-s-noli-andi-zhgaba-do-te-perfaqesoje-universitetin-dhe-shqiperine-ne-olimpiaden-e-17-te-studentore-ballkanike-te-matematikes-qe-zhvillohet-ne-struge-te\/#breadcrumb"},"inLanguage":"en-US","potentialAction":[{"@type":"ReadAction","target":["https:\/\/unkorce.edu.al\/studenti-i-universiteti-fan-s-noli-andi-zhgaba-do-te-perfaqesoje-universitetin-dhe-shqiperine-ne-olimpiaden-e-17-te-studentore-ballkanike-te-matematikes-qe-zhvillohet-ne-struge-te\/"]}]},{"@type":"ImageObject","inLanguage":"en-US","@id":"https:\/\/unkorce.edu.al\/studenti-i-universiteti-fan-s-noli-andi-zhgaba-do-te-perfaqesoje-universitetin-dhe-shqiperine-ne-olimpiaden-e-17-te-studentore-ballkanike-te-matematikes-qe-zhvillohet-ne-struge-te\/#primaryimage","url":"","contentUrl":""},{"@type":"BreadcrumbList","@id":"https:\/\/unkorce.edu.al\/studenti-i-universiteti-fan-s-noli-andi-zhgaba-do-te-perfaqesoje-universitetin-dhe-shqiperine-ne-olimpiaden-e-17-te-studentore-ballkanike-te-matematikes-qe-zhvillohet-ne-struge-te\/#breadcrumb","itemListElement":[{"@type":"ListItem","position":1,"name":"Home","item":"https:\/\/unkorce.edu.al\/"},{"@type":"ListItem","position":2,"name":"STUDENTI I UNIVERSITETI \u201cFAN S. NOLI\u201d, ANDI ZHGABA, DO T\u00cb P\u00cbRFAQ\u00cbSOJ\u00cb UNIVERSITETIN DHE SHQIP\u00cbRIN\u00cb N\u00cb OLIMPIAD\u00cbN E 17-T\u00cb STUDENTORE BALLKANIKE T\u00cb MATEMATIK\u00cbS Q\u00cb ZHVILLOHET N\u00cb STRUG\u00cb T\u00cb MAQEDONIS\u00cb S\u00cb VERIUT N\u00cb DATAT 7-12 MARS 2023"}]},{"@type":"WebSite","@id":"https:\/\/unkorce.edu.al\/#website","url":"https:\/\/unkorce.edu.al\/","name":"Universiteti \"Fan S. Noli\", Kor\u00e7\u00eb","description":"Mir&euml;sevini n&euml; faqen zyrtare!","publisher":{"@id":"https:\/\/unkorce.edu.al\/#organization"},"potentialAction":[{"@type":"SearchAction","target":{"@type":"EntryPoint","urlTemplate":"https:\/\/unkorce.edu.al\/?s={search_term_string}"},"query-input":{"@type":"PropertyValueSpecification","valueRequired":true,"valueName":"search_term_string"}}],"inLanguage":"en-US"},{"@type":"Organization","@id":"https:\/\/unkorce.edu.al\/#organization","name":"Universiteti \"Fan S. Noli\", Kor\u00e7\u00eb","url":"https:\/\/unkorce.edu.al\/","logo":{"@type":"ImageObject","inLanguage":"en-US","@id":"https:\/\/unkorce.edu.al\/#\/schema\/logo\/image\/","url":"https:\/\/unkorce.edu.al\/wp-content\/uploads\/2024\/08\/Logo_e_Universitetit__Fan_Noli_-e1726660879862.png","contentUrl":"https:\/\/unkorce.edu.al\/wp-content\/uploads\/2024\/08\/Logo_e_Universitetit__Fan_Noli_-e1726660879862.png","width":200,"height":120,"caption":"Universiteti \"Fan S. Noli\", Kor\u00e7\u00eb"},"image":{"@id":"https:\/\/unkorce.edu.al\/#\/schema\/logo\/image\/"},"sameAs":["https:\/\/www.facebook.com\/unkorce"]},{"@type":"Person","@id":"https:\/\/unkorce.edu.al\/#\/schema\/person\/faa34c53e1891c174ff76279b528558e","name":"Brikela Qelemeni","image":{"@type":"ImageObject","inLanguage":"en-US","@id":"https:\/\/unkorce.edu.al\/#\/schema\/person\/image\/","url":"https:\/\/secure.gravatar.com\/avatar\/6c1805558a9218503040c8b9055763822c6184a1cd600127210a9abbc5aaea04?s=96&d=mm&r=g","contentUrl":"https:\/\/secure.gravatar.com\/avatar\/6c1805558a9218503040c8b9055763822c6184a1cd600127210a9abbc5aaea04?s=96&d=mm&r=g","caption":"Brikela Qelemeni"},"url":"https:\/\/unkorce.edu.al\/en\/author\/brikela\/"}]}},"_links":{"self":[{"href":"https:\/\/unkorce.edu.al\/en\/wp-json\/wp\/v2\/posts\/17103","targetHints":{"allow":["GET"]}}],"collection":[{"href":"https:\/\/unkorce.edu.al\/en\/wp-json\/wp\/v2\/posts"}],"about":[{"href":"https:\/\/unkorce.edu.al\/en\/wp-json\/wp\/v2\/types\/post"}],"author":[{"embeddable":true,"href":"https:\/\/unkorce.edu.al\/en\/wp-json\/wp\/v2\/users\/2"}],"replies":[{"embeddable":true,"href":"https:\/\/unkorce.edu.al\/en\/wp-json\/wp\/v2\/comments?post=17103"}],"version-history":[{"count":0,"href":"https:\/\/unkorce.edu.al\/en\/wp-json\/wp\/v2\/posts\/17103\/revisions"}],"wp:featuredmedia":[{"embeddable":true,"href":"https:\/\/unkorce.edu.al\/en\/wp-json\/"}],"wp:attachment":[{"href":"https:\/\/unkorce.edu.al\/en\/wp-json\/wp\/v2\/media?parent=17103"}],"wp:term":[{"taxonomy":"category","embeddable":true,"href":"https:\/\/unkorce.edu.al\/en\/wp-json\/wp\/v2\/categories?post=17103"},{"taxonomy":"post_tag","embeddable":true,"href":"https:\/\/unkorce.edu.al\/en\/wp-json\/wp\/v2\/tags?post=17103"}],"curies":[{"name":"wp","href":"https:\/\/api.w.org\/{rel}","templated":true}]}}