{"id":13865,"date":"2020-11-30T07:58:00","date_gmt":"2020-11-30T07:58:00","guid":{"rendered":"https:\/\/unkorce.edu.al\/?p=13865"},"modified":"2020-11-30T07:58:00","modified_gmt":"2020-11-30T07:58:00","slug":"u-zhvillua-ne-uniko-sesioni-informues-per-studentet-ne-diten-kombetare-te-rumanise","status":"publish","type":"post","link":"https:\/\/unkorce.edu.al\/en\/u-zhvillua-ne-uniko-sesioni-informues-per-studentet-ne-diten-kombetare-te-rumanise\/","title":{"rendered":"U ZHVILLUA N\u00cb UNIKO SESIONi INFORMUES P\u00cbR STUDENT\u00cbT N\u00cb DIT\u00cbN KOMB\u00cbTARE T\u00cb RUMANIS\u00cb"},"content":{"rendered":"<p>N\u00eb dat\u00ebn 30 n\u00ebntor 2020 u zhvillua p\u00ebr student\u00ebt e UNIKO sesioni informues mbi gjuh\u00ebn, let\u00ebrsin\u00eb dhe kultur\u00ebn rumune, organizuar nga Qendra Rumune e Informimit, Kor\u00e7\u00eb, n\u00eb bashk\u00ebpunim me departamentin e Gjuh\u00ebs dhe Let\u00ebrsis\u00eb dhe departamentin e Gjuh\u00ebve t\u00eb Huaja t\u00eb Fakultetit t\u00eb Edukimit dhe Filologjis\u00eb me rastin e Dit\u00ebs Komb\u00ebtare t\u00eb Rumanis\u00eb. N\u00eb k\u00ebt\u00eb sesion shkencor, i cili u zhvillua online n\u00eb platform\u00ebn Teams, pedagog\u00ebt pjes\u00ebmarr\u00ebs, n\u00ebp\u00ebrmjet kumtesave t\u00eb tyre, n\u00ebnvizuan aspekte t\u00eb ve\u00e7anta t\u00eb gjuh\u00ebs, kultur\u00ebs dhe let\u00ebrsis\u00eb rumune. Dekania e FEF, prof. as. dr. Jonela Spaho solli n\u00eb v\u00ebmendje ndikimin e poet\u00ebve rumun\u00eb n\u00eb let\u00ebrsin\u00eb shqiptare. P\u00ebrgjegj\u00ebsja e departamentit t\u00eb Gjuh\u00ebs dhe Let\u00ebrsis\u00eb, prof. as. dr. Anyla Sara\u00e7i u ndal mbi disa ve\u00e7ori t\u00eb p\u00ebrbashk\u00ebta t\u00eb sistemit fonetik t\u00eb rumanishtes me shqipen, nd\u00ebrsa p\u00ebrgjegj\u00ebsja e departamentit t\u00eb Gjuh\u00ebve t\u00eb Huaja, phd. Daniela Stoica kishte p\u00ebrgatitur kumtes\u00ebn \u201cTerma t\u00eb krishter\u00eb me origjin\u00eb latine n\u00eb shqip dhe n\u00eb rumanisht\u201d. Sesioni shkencor vijoi me kumtesa t\u00eb tjera mjaft interesante t\u00eb pedagog\u00ebve t\u00eb k\u00ebtyre departamenteve si: \u201cLirika e Emineskut! Ndikimi dhe prangimi i Lasgushit n\u00eb oazin e tij letrar\u201d nga dr. Ilir Shyta; \u201cNyja shquese e pasvendosur n\u00eb gjuh\u00ebn shqipe dhe rumune\u201d nga dr. Hysnie Hyska; \u201cM\u00ebrgimi i p\u00ebrjetsh\u00ebm, si burim i frym\u00ebzimit letrar tek disa autor\u00eb franko-rumun\u00eb\u201d nga dr. Fabiola Kadi; \u201cMarr\u00ebdh\u00ebnia e rr\u00ebfimit t\u00eb Mitrush Kutelit me autor\u00eb rumun\u00eb\u201d kumtes\u00eb e mbajtur nga pedagogu msc. Neli Na\u00e7o dhe kumtesa e dr. Eris Rusit \u201cP\u00ebrkthimi letrar si nj\u00eb sfid\u00eb shum\u00ebdimensionale\u201d.<\/p>\n\n\n\n<p>Sesioni shkencor u b\u00eb mjaft interaktiv edhe nga diskutimet dhe pyetjet e student\u00ebve, t\u00eb cil\u00ebt e ndoq\u00ebn at\u00eb online.<\/p>\n\n\n\n<figure class=\"wp-block-gallery has-nested-images columns-default is-cropped wp-block-gallery-1 is-layout-flex wp-block-gallery-is-layout-flex\">\n<figure class=\"wp-block-image size-large\"><img decoding=\"async\" data-id=\"13867\" src=\"https:\/\/unkorce.edu.al\/wp-content\/uploads\/2022\/09\/sesion3-1024x576.png\" alt=\"\" class=\"wp-image-13867\"\/><\/figure>\n\n\n\n<figure class=\"wp-block-image size-large\"><img decoding=\"async\" data-id=\"13866\" src=\"https:\/\/unkorce.edu.al\/wp-content\/uploads\/2022\/09\/sesioni-7-1024x576.png\" alt=\"\" class=\"wp-image-13866\"\/><\/figure>\n\n\n\n<figure class=\"wp-block-image size-large\"><img decoding=\"async\" data-id=\"13869\" src=\"https:\/\/unkorce.edu.al\/wp-content\/uploads\/2022\/09\/sesioni-informues.-5-png-1024x576.png\" alt=\"\" class=\"wp-image-13869\"\/><\/figure>\n\n\n\n<figure class=\"wp-block-image size-large\"><img decoding=\"async\" data-id=\"13868\" src=\"https:\/\/unkorce.edu.al\/wp-content\/uploads\/2022\/09\/sesioni-informues-1024x576.png\" alt=\"\" class=\"wp-image-13868\"\/><\/figure>\n<\/figure>","protected":false},"excerpt":{"rendered":"<p>N\u00eb dat\u00ebn 30 n\u00ebntor 2020 u zhvillua p\u00ebr student\u00ebt e UNIKO sesioni informues mbi gjuh\u00ebn, let\u00ebrsin\u00eb dhe kultur\u00ebn rumune, organizuar nga Qendra Rumune e Informimit, Kor\u00e7\u00eb, n\u00eb bashk\u00ebpunim me departamentin e Gjuh\u00ebs dhe Let\u00ebrsis\u00eb dhe departamentin e Gjuh\u00ebve t\u00eb Huaja t\u00eb Fakultetit t\u00eb Edukimit dhe Filologjis\u00eb me rastin e Dit\u00ebs Komb\u00ebtare t\u00eb Rumanis\u00eb. N\u00eb k\u00ebt\u00eb&#8230;<\/p>","protected":false},"author":2,"featured_media":13868,"comment_status":"open","ping_status":"open","sticky":false,"template":"","format":"standard","meta":{"_acf_changed":false,"footnotes":""},"categories":[5],"tags":[],"class_list":["post-13865","post","type-post","status-publish","format-standard","has-post-thumbnail","hentry","category-fakulteti-i-edukimit-dhe-filologjise"],"acf":[],"yoast_head":"<!-- This site is optimized with the Yoast SEO plugin v26.9 - https:\/\/yoast.com\/product\/yoast-seo-wordpress\/ -->\n<title>U ZHVILLUA N\u00cb UNIKO SESIONi INFORMUES P\u00cbR STUDENT\u00cbT N\u00cb DIT\u00cbN KOMB\u00cbTARE T\u00cb RUMANIS\u00cb - Universiteti &quot;Fan S. Noli&quot;, Kor\u00e7\u00eb<\/title>\n<meta name=\"robots\" content=\"index, follow, max-snippet:-1, max-image-preview:large, max-video-preview:-1\" \/>\n<link rel=\"canonical\" href=\"https:\/\/unkorce.edu.al\/en\/u-zhvillua-ne-uniko-sesioni-informues-per-studentet-ne-diten-kombetare-te-rumanise\/\" \/>\n<meta property=\"og:locale\" content=\"en_US\" \/>\n<meta property=\"og:type\" content=\"article\" \/>\n<meta property=\"og:title\" content=\"U ZHVILLUA N\u00cb UNIKO SESIONi INFORMUES P\u00cbR STUDENT\u00cbT N\u00cb DIT\u00cbN KOMB\u00cbTARE T\u00cb RUMANIS\u00cb - Universiteti &quot;Fan S. Noli&quot;, Kor\u00e7\u00eb\" \/>\n<meta property=\"og:description\" content=\"N\u00eb dat\u00ebn 30 n\u00ebntor 2020 u zhvillua p\u00ebr student\u00ebt e UNIKO sesioni informues mbi gjuh\u00ebn, let\u00ebrsin\u00eb dhe kultur\u00ebn rumune, organizuar nga Qendra Rumune e Informimit, Kor\u00e7\u00eb, n\u00eb bashk\u00ebpunim me departamentin e Gjuh\u00ebs dhe Let\u00ebrsis\u00eb dhe departamentin e Gjuh\u00ebve t\u00eb Huaja t\u00eb Fakultetit t\u00eb Edukimit dhe Filologjis\u00eb me rastin e Dit\u00ebs Komb\u00ebtare t\u00eb Rumanis\u00eb. N\u00eb k\u00ebt\u00eb...\" \/>\n<meta property=\"og:url\" content=\"https:\/\/unkorce.edu.al\/en\/u-zhvillua-ne-uniko-sesioni-informues-per-studentet-ne-diten-kombetare-te-rumanise\/\" \/>\n<meta property=\"og:site_name\" content=\"Universiteti &quot;Fan S. Noli&quot;, Kor\u00e7\u00eb\" \/>\n<meta property=\"article:publisher\" content=\"https:\/\/www.facebook.com\/unkorce\" \/>\n<meta property=\"article:published_time\" content=\"2020-11-30T07:58:00+00:00\" \/>\n<meta name=\"author\" content=\"Brikela Qelemeni\" \/>\n<meta name=\"twitter:card\" content=\"summary_large_image\" \/>\n<meta name=\"twitter:label1\" content=\"Written by\" \/>\n\t<meta name=\"twitter:data1\" content=\"Brikela Qelemeni\" \/>\n\t<meta name=\"twitter:label2\" content=\"Est. reading time\" \/>\n\t<meta name=\"twitter:data2\" content=\"2 minutes\" \/>\n<script type=\"application\/ld+json\" class=\"yoast-schema-graph\">{\"@context\":\"https:\/\/schema.org\",\"@graph\":[{\"@type\":\"Article\",\"@id\":\"https:\/\/unkorce.edu.al\/u-zhvillua-ne-uniko-sesioni-informues-per-studentet-ne-diten-kombetare-te-rumanise\/#article\",\"isPartOf\":{\"@id\":\"https:\/\/unkorce.edu.al\/u-zhvillua-ne-uniko-sesioni-informues-per-studentet-ne-diten-kombetare-te-rumanise\/\"},\"author\":{\"name\":\"Brikela Qelemeni\",\"@id\":\"https:\/\/unkorce.edu.al\/#\/schema\/person\/faa34c53e1891c174ff76279b528558e\"},\"headline\":\"U ZHVILLUA N\u00cb UNIKO SESIONi INFORMUES P\u00cbR STUDENT\u00cbT N\u00cb DIT\u00cbN KOMB\u00cbTARE T\u00cb RUMANIS\u00cb\",\"datePublished\":\"2020-11-30T07:58:00+00:00\",\"mainEntityOfPage\":{\"@id\":\"https:\/\/unkorce.edu.al\/u-zhvillua-ne-uniko-sesioni-informues-per-studentet-ne-diten-kombetare-te-rumanise\/\"},\"wordCount\":332,\"commentCount\":0,\"publisher\":{\"@id\":\"https:\/\/unkorce.edu.al\/#organization\"},\"image\":{\"@id\":\"https:\/\/unkorce.edu.al\/u-zhvillua-ne-uniko-sesioni-informues-per-studentet-ne-diten-kombetare-te-rumanise\/#primaryimage\"},\"thumbnailUrl\":\"\",\"articleSection\":[\"Fakulteti i Edukimit dhe Filologjise\"],\"inLanguage\":\"en-US\",\"potentialAction\":[{\"@type\":\"CommentAction\",\"name\":\"Comment\",\"target\":[\"https:\/\/unkorce.edu.al\/u-zhvillua-ne-uniko-sesioni-informues-per-studentet-ne-diten-kombetare-te-rumanise\/#respond\"]}]},{\"@type\":\"WebPage\",\"@id\":\"https:\/\/unkorce.edu.al\/u-zhvillua-ne-uniko-sesioni-informues-per-studentet-ne-diten-kombetare-te-rumanise\/\",\"url\":\"https:\/\/unkorce.edu.al\/u-zhvillua-ne-uniko-sesioni-informues-per-studentet-ne-diten-kombetare-te-rumanise\/\",\"name\":\"U ZHVILLUA N\u00cb UNIKO SESIONi INFORMUES P\u00cbR STUDENT\u00cbT N\u00cb DIT\u00cbN KOMB\u00cbTARE T\u00cb RUMANIS\u00cb - Universiteti \\\"Fan S. Noli\\\", Kor\u00e7\u00eb\",\"isPartOf\":{\"@id\":\"https:\/\/unkorce.edu.al\/#website\"},\"primaryImageOfPage\":{\"@id\":\"https:\/\/unkorce.edu.al\/u-zhvillua-ne-uniko-sesioni-informues-per-studentet-ne-diten-kombetare-te-rumanise\/#primaryimage\"},\"image\":{\"@id\":\"https:\/\/unkorce.edu.al\/u-zhvillua-ne-uniko-sesioni-informues-per-studentet-ne-diten-kombetare-te-rumanise\/#primaryimage\"},\"thumbnailUrl\":\"\",\"datePublished\":\"2020-11-30T07:58:00+00:00\",\"breadcrumb\":{\"@id\":\"https:\/\/unkorce.edu.al\/u-zhvillua-ne-uniko-sesioni-informues-per-studentet-ne-diten-kombetare-te-rumanise\/#breadcrumb\"},\"inLanguage\":\"en-US\",\"potentialAction\":[{\"@type\":\"ReadAction\",\"target\":[\"https:\/\/unkorce.edu.al\/u-zhvillua-ne-uniko-sesioni-informues-per-studentet-ne-diten-kombetare-te-rumanise\/\"]}]},{\"@type\":\"ImageObject\",\"inLanguage\":\"en-US\",\"@id\":\"https:\/\/unkorce.edu.al\/u-zhvillua-ne-uniko-sesioni-informues-per-studentet-ne-diten-kombetare-te-rumanise\/#primaryimage\",\"url\":\"\",\"contentUrl\":\"\"},{\"@type\":\"BreadcrumbList\",\"@id\":\"https:\/\/unkorce.edu.al\/u-zhvillua-ne-uniko-sesioni-informues-per-studentet-ne-diten-kombetare-te-rumanise\/#breadcrumb\",\"itemListElement\":[{\"@type\":\"ListItem\",\"position\":1,\"name\":\"Home\",\"item\":\"https:\/\/unkorce.edu.al\/\"},{\"@type\":\"ListItem\",\"position\":2,\"name\":\"U ZHVILLUA N\u00cb UNIKO SESIONi INFORMUES P\u00cbR STUDENT\u00cbT N\u00cb DIT\u00cbN KOMB\u00cbTARE T\u00cb RUMANIS\u00cb\"}]},{\"@type\":\"WebSite\",\"@id\":\"https:\/\/unkorce.edu.al\/#website\",\"url\":\"https:\/\/unkorce.edu.al\/\",\"name\":\"Universiteti \\\"Fan S. Noli\\\", Kor\u00e7\u00eb\",\"description\":\"Mir&euml;sevini n&euml; faqen zyrtare!\",\"publisher\":{\"@id\":\"https:\/\/unkorce.edu.al\/#organization\"},\"potentialAction\":[{\"@type\":\"SearchAction\",\"target\":{\"@type\":\"EntryPoint\",\"urlTemplate\":\"https:\/\/unkorce.edu.al\/?s={search_term_string}\"},\"query-input\":{\"@type\":\"PropertyValueSpecification\",\"valueRequired\":true,\"valueName\":\"search_term_string\"}}],\"inLanguage\":\"en-US\"},{\"@type\":\"Organization\",\"@id\":\"https:\/\/unkorce.edu.al\/#organization\",\"name\":\"Universiteti \\\"Fan S. Noli\\\", Kor\u00e7\u00eb\",\"url\":\"https:\/\/unkorce.edu.al\/\",\"logo\":{\"@type\":\"ImageObject\",\"inLanguage\":\"en-US\",\"@id\":\"https:\/\/unkorce.edu.al\/#\/schema\/logo\/image\/\",\"url\":\"https:\/\/unkorce.edu.al\/wp-content\/uploads\/2024\/08\/Logo_e_Universitetit__Fan_Noli_-e1726660879862.png\",\"contentUrl\":\"https:\/\/unkorce.edu.al\/wp-content\/uploads\/2024\/08\/Logo_e_Universitetit__Fan_Noli_-e1726660879862.png\",\"width\":200,\"height\":120,\"caption\":\"Universiteti \\\"Fan S. Noli\\\", Kor\u00e7\u00eb\"},\"image\":{\"@id\":\"https:\/\/unkorce.edu.al\/#\/schema\/logo\/image\/\"},\"sameAs\":[\"https:\/\/www.facebook.com\/unkorce\"]},{\"@type\":\"Person\",\"@id\":\"https:\/\/unkorce.edu.al\/#\/schema\/person\/faa34c53e1891c174ff76279b528558e\",\"name\":\"Brikela Qelemeni\",\"image\":{\"@type\":\"ImageObject\",\"inLanguage\":\"en-US\",\"@id\":\"https:\/\/unkorce.edu.al\/#\/schema\/person\/image\/\",\"url\":\"https:\/\/secure.gravatar.com\/avatar\/6c1805558a9218503040c8b9055763822c6184a1cd600127210a9abbc5aaea04?s=96&d=mm&r=g\",\"contentUrl\":\"https:\/\/secure.gravatar.com\/avatar\/6c1805558a9218503040c8b9055763822c6184a1cd600127210a9abbc5aaea04?s=96&d=mm&r=g\",\"caption\":\"Brikela Qelemeni\"},\"url\":\"https:\/\/unkorce.edu.al\/en\/author\/brikela\/\"}]}<\/script>\n<!-- \/ Yoast SEO plugin. -->","yoast_head_json":{"title":"U ZHVILLUA N\u00cb UNIKO SESIONi INFORMUES P\u00cbR STUDENT\u00cbT N\u00cb DIT\u00cbN KOMB\u00cbTARE T\u00cb RUMANIS\u00cb - Universiteti \"Fan S. Noli\", Kor\u00e7\u00eb","robots":{"index":"index","follow":"follow","max-snippet":"max-snippet:-1","max-image-preview":"max-image-preview:large","max-video-preview":"max-video-preview:-1"},"canonical":"https:\/\/unkorce.edu.al\/en\/u-zhvillua-ne-uniko-sesioni-informues-per-studentet-ne-diten-kombetare-te-rumanise\/","og_locale":"en_US","og_type":"article","og_title":"U ZHVILLUA N\u00cb UNIKO SESIONi INFORMUES P\u00cbR STUDENT\u00cbT N\u00cb DIT\u00cbN KOMB\u00cbTARE T\u00cb RUMANIS\u00cb - Universiteti \"Fan S. Noli\", Kor\u00e7\u00eb","og_description":"N\u00eb dat\u00ebn 30 n\u00ebntor 2020 u zhvillua p\u00ebr student\u00ebt e UNIKO sesioni informues mbi gjuh\u00ebn, let\u00ebrsin\u00eb dhe kultur\u00ebn rumune, organizuar nga Qendra Rumune e Informimit, Kor\u00e7\u00eb, n\u00eb bashk\u00ebpunim me departamentin e Gjuh\u00ebs dhe Let\u00ebrsis\u00eb dhe departamentin e Gjuh\u00ebve t\u00eb Huaja t\u00eb Fakultetit t\u00eb Edukimit dhe Filologjis\u00eb me rastin e Dit\u00ebs Komb\u00ebtare t\u00eb Rumanis\u00eb. N\u00eb k\u00ebt\u00eb...","og_url":"https:\/\/unkorce.edu.al\/en\/u-zhvillua-ne-uniko-sesioni-informues-per-studentet-ne-diten-kombetare-te-rumanise\/","og_site_name":"Universiteti \"Fan S. Noli\", Kor\u00e7\u00eb","article_publisher":"https:\/\/www.facebook.com\/unkorce","article_published_time":"2020-11-30T07:58:00+00:00","author":"Brikela Qelemeni","twitter_card":"summary_large_image","twitter_misc":{"Written by":"Brikela Qelemeni","Est. reading time":"2 minutes"},"schema":{"@context":"https:\/\/schema.org","@graph":[{"@type":"Article","@id":"https:\/\/unkorce.edu.al\/u-zhvillua-ne-uniko-sesioni-informues-per-studentet-ne-diten-kombetare-te-rumanise\/#article","isPartOf":{"@id":"https:\/\/unkorce.edu.al\/u-zhvillua-ne-uniko-sesioni-informues-per-studentet-ne-diten-kombetare-te-rumanise\/"},"author":{"name":"Brikela Qelemeni","@id":"https:\/\/unkorce.edu.al\/#\/schema\/person\/faa34c53e1891c174ff76279b528558e"},"headline":"U ZHVILLUA N\u00cb UNIKO SESIONi INFORMUES P\u00cbR STUDENT\u00cbT N\u00cb DIT\u00cbN KOMB\u00cbTARE T\u00cb RUMANIS\u00cb","datePublished":"2020-11-30T07:58:00+00:00","mainEntityOfPage":{"@id":"https:\/\/unkorce.edu.al\/u-zhvillua-ne-uniko-sesioni-informues-per-studentet-ne-diten-kombetare-te-rumanise\/"},"wordCount":332,"commentCount":0,"publisher":{"@id":"https:\/\/unkorce.edu.al\/#organization"},"image":{"@id":"https:\/\/unkorce.edu.al\/u-zhvillua-ne-uniko-sesioni-informues-per-studentet-ne-diten-kombetare-te-rumanise\/#primaryimage"},"thumbnailUrl":"","articleSection":["Fakulteti i Edukimit dhe Filologjise"],"inLanguage":"en-US","potentialAction":[{"@type":"CommentAction","name":"Comment","target":["https:\/\/unkorce.edu.al\/u-zhvillua-ne-uniko-sesioni-informues-per-studentet-ne-diten-kombetare-te-rumanise\/#respond"]}]},{"@type":"WebPage","@id":"https:\/\/unkorce.edu.al\/u-zhvillua-ne-uniko-sesioni-informues-per-studentet-ne-diten-kombetare-te-rumanise\/","url":"https:\/\/unkorce.edu.al\/u-zhvillua-ne-uniko-sesioni-informues-per-studentet-ne-diten-kombetare-te-rumanise\/","name":"U ZHVILLUA N\u00cb UNIKO SESIONi INFORMUES P\u00cbR STUDENT\u00cbT N\u00cb DIT\u00cbN KOMB\u00cbTARE T\u00cb RUMANIS\u00cb - Universiteti \"Fan S. Noli\", Kor\u00e7\u00eb","isPartOf":{"@id":"https:\/\/unkorce.edu.al\/#website"},"primaryImageOfPage":{"@id":"https:\/\/unkorce.edu.al\/u-zhvillua-ne-uniko-sesioni-informues-per-studentet-ne-diten-kombetare-te-rumanise\/#primaryimage"},"image":{"@id":"https:\/\/unkorce.edu.al\/u-zhvillua-ne-uniko-sesioni-informues-per-studentet-ne-diten-kombetare-te-rumanise\/#primaryimage"},"thumbnailUrl":"","datePublished":"2020-11-30T07:58:00+00:00","breadcrumb":{"@id":"https:\/\/unkorce.edu.al\/u-zhvillua-ne-uniko-sesioni-informues-per-studentet-ne-diten-kombetare-te-rumanise\/#breadcrumb"},"inLanguage":"en-US","potentialAction":[{"@type":"ReadAction","target":["https:\/\/unkorce.edu.al\/u-zhvillua-ne-uniko-sesioni-informues-per-studentet-ne-diten-kombetare-te-rumanise\/"]}]},{"@type":"ImageObject","inLanguage":"en-US","@id":"https:\/\/unkorce.edu.al\/u-zhvillua-ne-uniko-sesioni-informues-per-studentet-ne-diten-kombetare-te-rumanise\/#primaryimage","url":"","contentUrl":""},{"@type":"BreadcrumbList","@id":"https:\/\/unkorce.edu.al\/u-zhvillua-ne-uniko-sesioni-informues-per-studentet-ne-diten-kombetare-te-rumanise\/#breadcrumb","itemListElement":[{"@type":"ListItem","position":1,"name":"Home","item":"https:\/\/unkorce.edu.al\/"},{"@type":"ListItem","position":2,"name":"U ZHVILLUA N\u00cb UNIKO SESIONi INFORMUES P\u00cbR STUDENT\u00cbT N\u00cb DIT\u00cbN KOMB\u00cbTARE T\u00cb RUMANIS\u00cb"}]},{"@type":"WebSite","@id":"https:\/\/unkorce.edu.al\/#website","url":"https:\/\/unkorce.edu.al\/","name":"Universiteti \"Fan S. Noli\", Kor\u00e7\u00eb","description":"Mir&euml;sevini n&euml; faqen zyrtare!","publisher":{"@id":"https:\/\/unkorce.edu.al\/#organization"},"potentialAction":[{"@type":"SearchAction","target":{"@type":"EntryPoint","urlTemplate":"https:\/\/unkorce.edu.al\/?s={search_term_string}"},"query-input":{"@type":"PropertyValueSpecification","valueRequired":true,"valueName":"search_term_string"}}],"inLanguage":"en-US"},{"@type":"Organization","@id":"https:\/\/unkorce.edu.al\/#organization","name":"Universiteti \"Fan S. Noli\", Kor\u00e7\u00eb","url":"https:\/\/unkorce.edu.al\/","logo":{"@type":"ImageObject","inLanguage":"en-US","@id":"https:\/\/unkorce.edu.al\/#\/schema\/logo\/image\/","url":"https:\/\/unkorce.edu.al\/wp-content\/uploads\/2024\/08\/Logo_e_Universitetit__Fan_Noli_-e1726660879862.png","contentUrl":"https:\/\/unkorce.edu.al\/wp-content\/uploads\/2024\/08\/Logo_e_Universitetit__Fan_Noli_-e1726660879862.png","width":200,"height":120,"caption":"Universiteti \"Fan S. Noli\", Kor\u00e7\u00eb"},"image":{"@id":"https:\/\/unkorce.edu.al\/#\/schema\/logo\/image\/"},"sameAs":["https:\/\/www.facebook.com\/unkorce"]},{"@type":"Person","@id":"https:\/\/unkorce.edu.al\/#\/schema\/person\/faa34c53e1891c174ff76279b528558e","name":"Brikela Qelemeni","image":{"@type":"ImageObject","inLanguage":"en-US","@id":"https:\/\/unkorce.edu.al\/#\/schema\/person\/image\/","url":"https:\/\/secure.gravatar.com\/avatar\/6c1805558a9218503040c8b9055763822c6184a1cd600127210a9abbc5aaea04?s=96&d=mm&r=g","contentUrl":"https:\/\/secure.gravatar.com\/avatar\/6c1805558a9218503040c8b9055763822c6184a1cd600127210a9abbc5aaea04?s=96&d=mm&r=g","caption":"Brikela Qelemeni"},"url":"https:\/\/unkorce.edu.al\/en\/author\/brikela\/"}]}},"_links":{"self":[{"href":"https:\/\/unkorce.edu.al\/en\/wp-json\/wp\/v2\/posts\/13865","targetHints":{"allow":["GET"]}}],"collection":[{"href":"https:\/\/unkorce.edu.al\/en\/wp-json\/wp\/v2\/posts"}],"about":[{"href":"https:\/\/unkorce.edu.al\/en\/wp-json\/wp\/v2\/types\/post"}],"author":[{"embeddable":true,"href":"https:\/\/unkorce.edu.al\/en\/wp-json\/wp\/v2\/users\/2"}],"replies":[{"embeddable":true,"href":"https:\/\/unkorce.edu.al\/en\/wp-json\/wp\/v2\/comments?post=13865"}],"version-history":[{"count":0,"href":"https:\/\/unkorce.edu.al\/en\/wp-json\/wp\/v2\/posts\/13865\/revisions"}],"wp:featuredmedia":[{"embeddable":true,"href":"https:\/\/unkorce.edu.al\/en\/wp-json\/"}],"wp:attachment":[{"href":"https:\/\/unkorce.edu.al\/en\/wp-json\/wp\/v2\/media?parent=13865"}],"wp:term":[{"taxonomy":"category","embeddable":true,"href":"https:\/\/unkorce.edu.al\/en\/wp-json\/wp\/v2\/categories?post=13865"},{"taxonomy":"post_tag","embeddable":true,"href":"https:\/\/unkorce.edu.al\/en\/wp-json\/wp\/v2\/tags?post=13865"}],"curies":[{"name":"wp","href":"https:\/\/api.w.org\/{rel}","templated":true}]}}