{"id":13661,"date":"2021-02-22T08:16:00","date_gmt":"2021-02-22T08:16:00","guid":{"rendered":"https:\/\/unkorce.edu.al\/?p=13661"},"modified":"2021-02-22T08:16:00","modified_gmt":"2021-02-22T08:16:00","slug":"nje-dite-per-gjuhen-tone-veprimtari-e-organizuar-nga-biblioteka-shkencore-e-uniko-ne-bashkepunim-me-shkollen-9-vjecare-mesonjetorja-e-pare-shqipe-ne-kuader","status":"publish","type":"post","link":"https:\/\/unkorce.edu.al\/en\/nje-dite-per-gjuhen-tone-veprimtari-e-organizuar-nga-biblioteka-shkencore-e-uniko-ne-bashkepunim-me-shkollen-9-vjecare-mesonjetorja-e-pare-shqipe-ne-kuader\/","title":{"rendered":"\u201cNJ\u00cb DIT\u00cb P\u00cbR GJUH\u00cbN TON\u00cb\u201d\u2013VEPRIMTARI E ORGANIZUAR NGA BIBLIOTEKA SHKENCORE E UNIKO N\u00cb BASHK\u00cbPUNIM ME SHKOLL\u00cbN 9-VJE\u00c7ARE \u201cM\u00cbSONJ\u00cbTORJA E PAR\u00cb SHQIPE\u201d N\u00cb KUAD\u00cbR T\u00cb DIT\u00cbS ND\u00cbRKOMB\u00cbTARE T\u00cb GJUH\u00cbS AMTARE"},"content":{"rendered":"<p>N\u00eb dat\u00ebn 22 shkurt 2021, Biblioteka Shkencore e Universiteti \u201cFan S. Noli\u201d n\u00eb bashk\u00ebpunim me shkoll\u00ebn 9-vje\u00e7are \u201cM\u00ebsonj\u00ebtorja e Par\u00eb Shqipe\u201d organizuan veprimtarin\u00eb: \u201cNj\u00eb dit\u00eb p\u00ebr gjuh\u00ebn ton\u00eb\u201d n\u00eb kuad\u00ebr t\u00eb Dit\u00ebs Nd\u00ebrkomb\u00ebtare t\u00eb Gjuh\u00ebs Amtare. N\u00eb k\u00ebt\u00eb veprimtari, ku mor\u00ebn pjes\u00eb nx\u00ebn\u00ebs t\u00eb k\u00ebsaj shkolle, profesori dhe studiuesi i gjuh\u00ebs shqipe, hartuesi i disa fjalor\u00ebve dhe botimeve t\u00eb tjera n\u00eb k\u00ebt\u00eb fush\u00eb, prof. dr. Ali Jashari dhe pedagogu i gjuh\u00ebs shqipe n\u00eb Universitetin e Kor\u00e7\u00ebs, Olger Brame biseduan me nx\u00ebn\u00ebsit rreth njohurive q\u00eb ata kan\u00eb p\u00ebr gjuh\u00ebn ton\u00eb amtare. Ata u ndal\u00ebn edhe n\u00eb tekstet shkollor\u00eb t\u00eb gjuh\u00ebs shqipe dhe t\u00eb l\u00ebnd\u00ebve t\u00eb tjera, ku nx\u00ebn\u00ebsit hasin v\u00ebshtir\u00ebsi p\u00ebr shkak t\u00eb m\u00ebnyr\u00ebs s\u00eb hartimit t\u00eb tyre si p.sh: nd\u00ebrtimet e gabuara t\u00eb fjalive, gabimet drejtshkrimore, p\u00ebrdorimi i fjal\u00ebve t\u00eb huaja etj., p\u00ebr t\u00eb cilat soll\u00ebn shembuj konkret\u00eb nga puna q\u00eb zhvillojn\u00eb n\u00eb klas\u00eb dhe n\u00eb sht\u00ebpi. N\u00eb k\u00ebt\u00eb dit\u00eb profesor Ali Jashari p\u00ebrcolli mesazhin se gjuha jon\u00eb nuk \u00ebsht\u00eb e v\u00ebshtir\u00eb, por u takon m\u00ebsuesve, pedagog\u00ebve dhe hartuesve t\u00eb teksteve, q\u00eb t\u00eb tregohen m\u00eb t\u00eb kujdessh\u00ebm n\u00eb hartimin e teksteve shkollore. Gjithashtu nx\u00ebn\u00ebsit recituan disa poezi kushtuar gjuh\u00ebs shqipe t\u00eb p\u00ebrzgjedhua n\u00eb kuad\u00ebr t\u00eb k\u00ebsaj dite.<\/p>\n\n\n\n<p>M\u00eb pas, nx\u00ebn\u00ebsve pjes\u00ebmarr\u00ebs iu dhurua libri i profesor Ali Jasharit: \u201cFjalor me shprehje t\u00eb huazuara n\u00eb gjuh\u00ebn shqipe\u201d. N\u00eb fund t\u00eb veprimtaris\u00eb ata vizituan stendat e Bibliotek\u00ebs Shkencore t\u00eb Universitetit t\u00eb Kor\u00e7\u00ebs, ku u njoh\u00ebn me nj\u00eb pjes\u00eb t\u00eb botimeve p\u00ebr gjuh\u00ebn shqipe.<\/p>\n\n\n\n<figure class=\"wp-block-gallery has-nested-images columns-default is-cropped wp-block-gallery-1 is-layout-flex wp-block-gallery-is-layout-flex\">\n<figure class=\"wp-block-image size-large\"><img decoding=\"async\" data-id=\"13673\" src=\"https:\/\/unkorce.edu.al\/wp-content\/uploads\/2022\/09\/WhatsApp-Image-2021-02-22-at-13.12.05-1024x576.jpeg\" alt=\"\" class=\"wp-image-13673\"\/><\/figure>\n\n\n\n<figure class=\"wp-block-image size-large\"><img decoding=\"async\" data-id=\"13662\" src=\"https:\/\/unkorce.edu.al\/wp-content\/uploads\/2022\/09\/WhatsApp-Image-2021-02-22-at-13.03.20-768x1024.jpeg\" alt=\"\" class=\"wp-image-13662\"\/><\/figure>\n\n\n\n<figure class=\"wp-block-image size-large\"><img decoding=\"async\" data-id=\"13666\" src=\"https:\/\/unkorce.edu.al\/wp-content\/uploads\/2022\/09\/WhatsApp-Image-2021-02-22-at-13.10.40-4-1024x576.jpeg\" alt=\"\" class=\"wp-image-13666\"\/><\/figure>\n\n\n\n<figure class=\"wp-block-image size-large\"><img decoding=\"async\" data-id=\"13663\" src=\"https:\/\/unkorce.edu.al\/wp-content\/uploads\/2022\/09\/WhatsApp-Image-2021-02-22-at-13.10.40-7-1024x576.jpeg\" alt=\"\" class=\"wp-image-13663\"\/><\/figure>\n\n\n\n<figure class=\"wp-block-image size-large\"><img decoding=\"async\" data-id=\"13665\" src=\"https:\/\/unkorce.edu.al\/wp-content\/uploads\/2022\/09\/WhatsApp-Image-2021-02-22-at-13.10.40-8-1024x576.jpeg\" alt=\"\" class=\"wp-image-13665\"\/><\/figure>\n\n\n\n<figure class=\"wp-block-image size-large\"><img decoding=\"async\" data-id=\"13668\" src=\"https:\/\/unkorce.edu.al\/wp-content\/uploads\/2022\/09\/WhatsApp-Image-2021-02-22-at-13.10.40-1024x576.jpeg\" alt=\"\" class=\"wp-image-13668\"\/><\/figure>\n\n\n\n<figure class=\"wp-block-image size-large\"><img decoding=\"async\" data-id=\"13664\" src=\"https:\/\/unkorce.edu.al\/wp-content\/uploads\/2022\/09\/WhatsApp-Image-2021-02-22-at-13.03.21-1024x768.jpeg\" alt=\"\" class=\"wp-image-13664\"\/><\/figure>\n\n\n\n<figure class=\"wp-block-image size-large\"><img decoding=\"async\" data-id=\"13669\" src=\"https:\/\/unkorce.edu.al\/wp-content\/uploads\/2022\/09\/WhatsApp-Image-2021-02-22-at-13.10.41-2-1024x576.jpeg\" alt=\"\" class=\"wp-image-13669\"\/><\/figure>\n\n\n\n<figure class=\"wp-block-image size-large\"><img decoding=\"async\" data-id=\"13670\" src=\"https:\/\/unkorce.edu.al\/wp-content\/uploads\/2022\/09\/WhatsApp-Image-2021-02-22-at-13.12.05-1-1024x576.jpeg\" alt=\"\" class=\"wp-image-13670\"\/><\/figure>\n\n\n\n<figure class=\"wp-block-image size-large\"><img decoding=\"async\" data-id=\"13671\" src=\"https:\/\/unkorce.edu.al\/wp-content\/uploads\/2022\/09\/WhatsApp-Image-2021-02-22-at-13.12.05-2-1024x576.jpeg\" alt=\"\" class=\"wp-image-13671\"\/><\/figure>\n\n\n\n<figure class=\"wp-block-image size-large\"><img decoding=\"async\" data-id=\"13672\" src=\"https:\/\/unkorce.edu.al\/wp-content\/uploads\/2022\/09\/WhatsApp-Image-2021-02-22-at-13.18.05-1024x592.jpeg\" alt=\"\" class=\"wp-image-13672\"\/><\/figure>\n<\/figure>","protected":false},"excerpt":{"rendered":"<p>N\u00eb dat\u00ebn 22 shkurt 2021, Biblioteka Shkencore e Universiteti \u201cFan S. Noli\u201d n\u00eb bashk\u00ebpunim me shkoll\u00ebn 9-vje\u00e7are \u201cM\u00ebsonj\u00ebtorja e Par\u00eb Shqipe\u201d organizuan veprimtarin\u00eb: \u201cNj\u00eb dit\u00eb p\u00ebr gjuh\u00ebn ton\u00eb\u201d n\u00eb kuad\u00ebr t\u00eb Dit\u00ebs Nd\u00ebrkomb\u00ebtare t\u00eb Gjuh\u00ebs Amtare. N\u00eb k\u00ebt\u00eb veprimtari, ku mor\u00ebn pjes\u00eb nx\u00ebn\u00ebs t\u00eb k\u00ebsaj shkolle, profesori dhe studiuesi i gjuh\u00ebs shqipe, hartuesi i disa&#8230;<\/p>","protected":false},"author":2,"featured_media":13672,"comment_status":"open","ping_status":"open","sticky":false,"template":"","format":"standard","meta":{"_acf_changed":false,"footnotes":""},"categories":[5],"tags":[],"class_list":["post-13661","post","type-post","status-publish","format-standard","has-post-thumbnail","hentry","category-fakulteti-i-edukimit-dhe-filologjise"],"acf":[],"yoast_head":"<!-- This site is optimized with the Yoast SEO plugin v26.9 - https:\/\/yoast.com\/product\/yoast-seo-wordpress\/ -->\n<title>\u201cNJ\u00cb DIT\u00cb P\u00cbR GJUH\u00cbN TON\u00cb\u201d\u2013VEPRIMTARI E ORGANIZUAR NGA BIBLIOTEKA SHKENCORE E UNIKO N\u00cb BASHK\u00cbPUNIM ME SHKOLL\u00cbN 9-VJE\u00c7ARE \u201cM\u00cbSONJ\u00cbTORJA E PAR\u00cb SHQIPE\u201d N\u00cb KUAD\u00cbR T\u00cb DIT\u00cbS ND\u00cbRKOMB\u00cbTARE T\u00cb GJUH\u00cbS AMTARE - Universiteti &quot;Fan S. Noli&quot;, Kor\u00e7\u00eb<\/title>\n<meta name=\"robots\" content=\"index, follow, max-snippet:-1, max-image-preview:large, max-video-preview:-1\" \/>\n<link rel=\"canonical\" href=\"https:\/\/unkorce.edu.al\/en\/nje-dite-per-gjuhen-tone-veprimtari-e-organizuar-nga-biblioteka-shkencore-e-uniko-ne-bashkepunim-me-shkollen-9-vjecare-mesonjetorja-e-pare-shqipe-ne-kuader\/\" \/>\n<meta property=\"og:locale\" content=\"en_US\" \/>\n<meta property=\"og:type\" content=\"article\" \/>\n<meta property=\"og:title\" content=\"\u201cNJ\u00cb DIT\u00cb P\u00cbR GJUH\u00cbN TON\u00cb\u201d\u2013VEPRIMTARI E ORGANIZUAR NGA BIBLIOTEKA SHKENCORE E UNIKO N\u00cb BASHK\u00cbPUNIM ME SHKOLL\u00cbN 9-VJE\u00c7ARE \u201cM\u00cbSONJ\u00cbTORJA E PAR\u00cb SHQIPE\u201d N\u00cb KUAD\u00cbR T\u00cb DIT\u00cbS ND\u00cbRKOMB\u00cbTARE T\u00cb GJUH\u00cbS AMTARE - Universiteti &quot;Fan S. Noli&quot;, Kor\u00e7\u00eb\" \/>\n<meta property=\"og:description\" content=\"N\u00eb dat\u00ebn 22 shkurt 2021, Biblioteka Shkencore e Universiteti \u201cFan S. Noli\u201d n\u00eb bashk\u00ebpunim me shkoll\u00ebn 9-vje\u00e7are \u201cM\u00ebsonj\u00ebtorja e Par\u00eb Shqipe\u201d organizuan veprimtarin\u00eb: \u201cNj\u00eb dit\u00eb p\u00ebr gjuh\u00ebn ton\u00eb\u201d n\u00eb kuad\u00ebr t\u00eb Dit\u00ebs Nd\u00ebrkomb\u00ebtare t\u00eb Gjuh\u00ebs Amtare. N\u00eb k\u00ebt\u00eb veprimtari, ku mor\u00ebn pjes\u00eb nx\u00ebn\u00ebs t\u00eb k\u00ebsaj shkolle, profesori dhe studiuesi i gjuh\u00ebs shqipe, hartuesi i disa...\" \/>\n<meta property=\"og:url\" content=\"https:\/\/unkorce.edu.al\/en\/nje-dite-per-gjuhen-tone-veprimtari-e-organizuar-nga-biblioteka-shkencore-e-uniko-ne-bashkepunim-me-shkollen-9-vjecare-mesonjetorja-e-pare-shqipe-ne-kuader\/\" \/>\n<meta property=\"og:site_name\" content=\"Universiteti &quot;Fan S. Noli&quot;, Kor\u00e7\u00eb\" \/>\n<meta property=\"article:publisher\" content=\"https:\/\/www.facebook.com\/unkorce\" \/>\n<meta property=\"article:published_time\" content=\"2021-02-22T08:16:00+00:00\" \/>\n<meta name=\"author\" content=\"Brikela Qelemeni\" \/>\n<meta name=\"twitter:card\" content=\"summary_large_image\" \/>\n<meta name=\"twitter:label1\" content=\"Written by\" \/>\n\t<meta name=\"twitter:data1\" content=\"Brikela Qelemeni\" \/>\n\t<meta name=\"twitter:label2\" content=\"Est. reading time\" \/>\n\t<meta name=\"twitter:data2\" content=\"2 minutes\" \/>\n<script type=\"application\/ld+json\" class=\"yoast-schema-graph\">{\"@context\":\"https:\/\/schema.org\",\"@graph\":[{\"@type\":\"Article\",\"@id\":\"https:\/\/unkorce.edu.al\/nje-dite-per-gjuhen-tone-veprimtari-e-organizuar-nga-biblioteka-shkencore-e-uniko-ne-bashkepunim-me-shkollen-9-vjecare-mesonjetorja-e-pare-shqipe-ne-kuader\/#article\",\"isPartOf\":{\"@id\":\"https:\/\/unkorce.edu.al\/nje-dite-per-gjuhen-tone-veprimtari-e-organizuar-nga-biblioteka-shkencore-e-uniko-ne-bashkepunim-me-shkollen-9-vjecare-mesonjetorja-e-pare-shqipe-ne-kuader\/\"},\"author\":{\"name\":\"Brikela Qelemeni\",\"@id\":\"https:\/\/unkorce.edu.al\/#\/schema\/person\/faa34c53e1891c174ff76279b528558e\"},\"headline\":\"\u201cNJ\u00cb DIT\u00cb P\u00cbR GJUH\u00cbN TON\u00cb\u201d\u2013VEPRIMTARI E ORGANIZUAR NGA BIBLIOTEKA SHKENCORE E UNIKO N\u00cb BASHK\u00cbPUNIM ME SHKOLL\u00cbN 9-VJE\u00c7ARE \u201cM\u00cbSONJ\u00cbTORJA E PAR\u00cb SHQIPE\u201d N\u00cb KUAD\u00cbR T\u00cb DIT\u00cbS ND\u00cbRKOMB\u00cbTARE T\u00cb GJUH\u00cbS AMTARE\",\"datePublished\":\"2021-02-22T08:16:00+00:00\",\"mainEntityOfPage\":{\"@id\":\"https:\/\/unkorce.edu.al\/nje-dite-per-gjuhen-tone-veprimtari-e-organizuar-nga-biblioteka-shkencore-e-uniko-ne-bashkepunim-me-shkollen-9-vjecare-mesonjetorja-e-pare-shqipe-ne-kuader\/\"},\"wordCount\":348,\"commentCount\":0,\"publisher\":{\"@id\":\"https:\/\/unkorce.edu.al\/#organization\"},\"image\":{\"@id\":\"https:\/\/unkorce.edu.al\/nje-dite-per-gjuhen-tone-veprimtari-e-organizuar-nga-biblioteka-shkencore-e-uniko-ne-bashkepunim-me-shkollen-9-vjecare-mesonjetorja-e-pare-shqipe-ne-kuader\/#primaryimage\"},\"thumbnailUrl\":\"\",\"articleSection\":[\"Fakulteti i Edukimit dhe Filologjise\"],\"inLanguage\":\"en-US\",\"potentialAction\":[{\"@type\":\"CommentAction\",\"name\":\"Comment\",\"target\":[\"https:\/\/unkorce.edu.al\/nje-dite-per-gjuhen-tone-veprimtari-e-organizuar-nga-biblioteka-shkencore-e-uniko-ne-bashkepunim-me-shkollen-9-vjecare-mesonjetorja-e-pare-shqipe-ne-kuader\/#respond\"]}]},{\"@type\":\"WebPage\",\"@id\":\"https:\/\/unkorce.edu.al\/nje-dite-per-gjuhen-tone-veprimtari-e-organizuar-nga-biblioteka-shkencore-e-uniko-ne-bashkepunim-me-shkollen-9-vjecare-mesonjetorja-e-pare-shqipe-ne-kuader\/\",\"url\":\"https:\/\/unkorce.edu.al\/nje-dite-per-gjuhen-tone-veprimtari-e-organizuar-nga-biblioteka-shkencore-e-uniko-ne-bashkepunim-me-shkollen-9-vjecare-mesonjetorja-e-pare-shqipe-ne-kuader\/\",\"name\":\"\u201cNJ\u00cb DIT\u00cb P\u00cbR GJUH\u00cbN TON\u00cb\u201d\u2013VEPRIMTARI E ORGANIZUAR NGA BIBLIOTEKA SHKENCORE E UNIKO N\u00cb BASHK\u00cbPUNIM ME SHKOLL\u00cbN 9-VJE\u00c7ARE \u201cM\u00cbSONJ\u00cbTORJA E PAR\u00cb SHQIPE\u201d N\u00cb KUAD\u00cbR T\u00cb DIT\u00cbS ND\u00cbRKOMB\u00cbTARE T\u00cb GJUH\u00cbS AMTARE - Universiteti \\\"Fan S. Noli\\\", Kor\u00e7\u00eb\",\"isPartOf\":{\"@id\":\"https:\/\/unkorce.edu.al\/#website\"},\"primaryImageOfPage\":{\"@id\":\"https:\/\/unkorce.edu.al\/nje-dite-per-gjuhen-tone-veprimtari-e-organizuar-nga-biblioteka-shkencore-e-uniko-ne-bashkepunim-me-shkollen-9-vjecare-mesonjetorja-e-pare-shqipe-ne-kuader\/#primaryimage\"},\"image\":{\"@id\":\"https:\/\/unkorce.edu.al\/nje-dite-per-gjuhen-tone-veprimtari-e-organizuar-nga-biblioteka-shkencore-e-uniko-ne-bashkepunim-me-shkollen-9-vjecare-mesonjetorja-e-pare-shqipe-ne-kuader\/#primaryimage\"},\"thumbnailUrl\":\"\",\"datePublished\":\"2021-02-22T08:16:00+00:00\",\"breadcrumb\":{\"@id\":\"https:\/\/unkorce.edu.al\/nje-dite-per-gjuhen-tone-veprimtari-e-organizuar-nga-biblioteka-shkencore-e-uniko-ne-bashkepunim-me-shkollen-9-vjecare-mesonjetorja-e-pare-shqipe-ne-kuader\/#breadcrumb\"},\"inLanguage\":\"en-US\",\"potentialAction\":[{\"@type\":\"ReadAction\",\"target\":[\"https:\/\/unkorce.edu.al\/nje-dite-per-gjuhen-tone-veprimtari-e-organizuar-nga-biblioteka-shkencore-e-uniko-ne-bashkepunim-me-shkollen-9-vjecare-mesonjetorja-e-pare-shqipe-ne-kuader\/\"]}]},{\"@type\":\"ImageObject\",\"inLanguage\":\"en-US\",\"@id\":\"https:\/\/unkorce.edu.al\/nje-dite-per-gjuhen-tone-veprimtari-e-organizuar-nga-biblioteka-shkencore-e-uniko-ne-bashkepunim-me-shkollen-9-vjecare-mesonjetorja-e-pare-shqipe-ne-kuader\/#primaryimage\",\"url\":\"\",\"contentUrl\":\"\"},{\"@type\":\"BreadcrumbList\",\"@id\":\"https:\/\/unkorce.edu.al\/nje-dite-per-gjuhen-tone-veprimtari-e-organizuar-nga-biblioteka-shkencore-e-uniko-ne-bashkepunim-me-shkollen-9-vjecare-mesonjetorja-e-pare-shqipe-ne-kuader\/#breadcrumb\",\"itemListElement\":[{\"@type\":\"ListItem\",\"position\":1,\"name\":\"Home\",\"item\":\"https:\/\/unkorce.edu.al\/\"},{\"@type\":\"ListItem\",\"position\":2,\"name\":\"\u201cNJ\u00cb DIT\u00cb P\u00cbR GJUH\u00cbN TON\u00cb\u201d\u2013VEPRIMTARI E ORGANIZUAR NGA BIBLIOTEKA SHKENCORE E UNIKO N\u00cb BASHK\u00cbPUNIM ME SHKOLL\u00cbN 9-VJE\u00c7ARE \u201cM\u00cbSONJ\u00cbTORJA E PAR\u00cb SHQIPE\u201d N\u00cb KUAD\u00cbR T\u00cb DIT\u00cbS ND\u00cbRKOMB\u00cbTARE T\u00cb GJUH\u00cbS AMTARE\"}]},{\"@type\":\"WebSite\",\"@id\":\"https:\/\/unkorce.edu.al\/#website\",\"url\":\"https:\/\/unkorce.edu.al\/\",\"name\":\"Universiteti \\\"Fan S. Noli\\\", Kor\u00e7\u00eb\",\"description\":\"Mir&euml;sevini n&euml; faqen zyrtare!\",\"publisher\":{\"@id\":\"https:\/\/unkorce.edu.al\/#organization\"},\"potentialAction\":[{\"@type\":\"SearchAction\",\"target\":{\"@type\":\"EntryPoint\",\"urlTemplate\":\"https:\/\/unkorce.edu.al\/?s={search_term_string}\"},\"query-input\":{\"@type\":\"PropertyValueSpecification\",\"valueRequired\":true,\"valueName\":\"search_term_string\"}}],\"inLanguage\":\"en-US\"},{\"@type\":\"Organization\",\"@id\":\"https:\/\/unkorce.edu.al\/#organization\",\"name\":\"Universiteti \\\"Fan S. Noli\\\", Kor\u00e7\u00eb\",\"url\":\"https:\/\/unkorce.edu.al\/\",\"logo\":{\"@type\":\"ImageObject\",\"inLanguage\":\"en-US\",\"@id\":\"https:\/\/unkorce.edu.al\/#\/schema\/logo\/image\/\",\"url\":\"https:\/\/unkorce.edu.al\/wp-content\/uploads\/2024\/08\/Logo_e_Universitetit__Fan_Noli_-e1726660879862.png\",\"contentUrl\":\"https:\/\/unkorce.edu.al\/wp-content\/uploads\/2024\/08\/Logo_e_Universitetit__Fan_Noli_-e1726660879862.png\",\"width\":200,\"height\":120,\"caption\":\"Universiteti \\\"Fan S. Noli\\\", Kor\u00e7\u00eb\"},\"image\":{\"@id\":\"https:\/\/unkorce.edu.al\/#\/schema\/logo\/image\/\"},\"sameAs\":[\"https:\/\/www.facebook.com\/unkorce\"]},{\"@type\":\"Person\",\"@id\":\"https:\/\/unkorce.edu.al\/#\/schema\/person\/faa34c53e1891c174ff76279b528558e\",\"name\":\"Brikela Qelemeni\",\"image\":{\"@type\":\"ImageObject\",\"inLanguage\":\"en-US\",\"@id\":\"https:\/\/unkorce.edu.al\/#\/schema\/person\/image\/\",\"url\":\"https:\/\/secure.gravatar.com\/avatar\/6c1805558a9218503040c8b9055763822c6184a1cd600127210a9abbc5aaea04?s=96&d=mm&r=g\",\"contentUrl\":\"https:\/\/secure.gravatar.com\/avatar\/6c1805558a9218503040c8b9055763822c6184a1cd600127210a9abbc5aaea04?s=96&d=mm&r=g\",\"caption\":\"Brikela Qelemeni\"},\"url\":\"https:\/\/unkorce.edu.al\/en\/author\/brikela\/\"}]}<\/script>\n<!-- \/ Yoast SEO plugin. -->","yoast_head_json":{"title":"\u201cNJ\u00cb DIT\u00cb P\u00cbR GJUH\u00cbN TON\u00cb\u201d\u2013VEPRIMTARI E ORGANIZUAR NGA BIBLIOTEKA SHKENCORE E UNIKO N\u00cb BASHK\u00cbPUNIM ME SHKOLL\u00cbN 9-VJE\u00c7ARE \u201cM\u00cbSONJ\u00cbTORJA E PAR\u00cb SHQIPE\u201d N\u00cb KUAD\u00cbR T\u00cb DIT\u00cbS ND\u00cbRKOMB\u00cbTARE T\u00cb GJUH\u00cbS AMTARE - Universiteti \"Fan S. Noli\", Kor\u00e7\u00eb","robots":{"index":"index","follow":"follow","max-snippet":"max-snippet:-1","max-image-preview":"max-image-preview:large","max-video-preview":"max-video-preview:-1"},"canonical":"https:\/\/unkorce.edu.al\/en\/nje-dite-per-gjuhen-tone-veprimtari-e-organizuar-nga-biblioteka-shkencore-e-uniko-ne-bashkepunim-me-shkollen-9-vjecare-mesonjetorja-e-pare-shqipe-ne-kuader\/","og_locale":"en_US","og_type":"article","og_title":"\u201cNJ\u00cb DIT\u00cb P\u00cbR GJUH\u00cbN TON\u00cb\u201d\u2013VEPRIMTARI E ORGANIZUAR NGA BIBLIOTEKA SHKENCORE E UNIKO N\u00cb BASHK\u00cbPUNIM ME SHKOLL\u00cbN 9-VJE\u00c7ARE \u201cM\u00cbSONJ\u00cbTORJA E PAR\u00cb SHQIPE\u201d N\u00cb KUAD\u00cbR T\u00cb DIT\u00cbS ND\u00cbRKOMB\u00cbTARE T\u00cb GJUH\u00cbS AMTARE - Universiteti \"Fan S. Noli\", Kor\u00e7\u00eb","og_description":"N\u00eb dat\u00ebn 22 shkurt 2021, Biblioteka Shkencore e Universiteti \u201cFan S. Noli\u201d n\u00eb bashk\u00ebpunim me shkoll\u00ebn 9-vje\u00e7are \u201cM\u00ebsonj\u00ebtorja e Par\u00eb Shqipe\u201d organizuan veprimtarin\u00eb: \u201cNj\u00eb dit\u00eb p\u00ebr gjuh\u00ebn ton\u00eb\u201d n\u00eb kuad\u00ebr t\u00eb Dit\u00ebs Nd\u00ebrkomb\u00ebtare t\u00eb Gjuh\u00ebs Amtare. N\u00eb k\u00ebt\u00eb veprimtari, ku mor\u00ebn pjes\u00eb nx\u00ebn\u00ebs t\u00eb k\u00ebsaj shkolle, profesori dhe studiuesi i gjuh\u00ebs shqipe, hartuesi i disa...","og_url":"https:\/\/unkorce.edu.al\/en\/nje-dite-per-gjuhen-tone-veprimtari-e-organizuar-nga-biblioteka-shkencore-e-uniko-ne-bashkepunim-me-shkollen-9-vjecare-mesonjetorja-e-pare-shqipe-ne-kuader\/","og_site_name":"Universiteti \"Fan S. Noli\", Kor\u00e7\u00eb","article_publisher":"https:\/\/www.facebook.com\/unkorce","article_published_time":"2021-02-22T08:16:00+00:00","author":"Brikela Qelemeni","twitter_card":"summary_large_image","twitter_misc":{"Written by":"Brikela Qelemeni","Est. reading time":"2 minutes"},"schema":{"@context":"https:\/\/schema.org","@graph":[{"@type":"Article","@id":"https:\/\/unkorce.edu.al\/nje-dite-per-gjuhen-tone-veprimtari-e-organizuar-nga-biblioteka-shkencore-e-uniko-ne-bashkepunim-me-shkollen-9-vjecare-mesonjetorja-e-pare-shqipe-ne-kuader\/#article","isPartOf":{"@id":"https:\/\/unkorce.edu.al\/nje-dite-per-gjuhen-tone-veprimtari-e-organizuar-nga-biblioteka-shkencore-e-uniko-ne-bashkepunim-me-shkollen-9-vjecare-mesonjetorja-e-pare-shqipe-ne-kuader\/"},"author":{"name":"Brikela Qelemeni","@id":"https:\/\/unkorce.edu.al\/#\/schema\/person\/faa34c53e1891c174ff76279b528558e"},"headline":"\u201cNJ\u00cb DIT\u00cb P\u00cbR GJUH\u00cbN TON\u00cb\u201d\u2013VEPRIMTARI E ORGANIZUAR NGA BIBLIOTEKA SHKENCORE E UNIKO N\u00cb BASHK\u00cbPUNIM ME SHKOLL\u00cbN 9-VJE\u00c7ARE \u201cM\u00cbSONJ\u00cbTORJA E PAR\u00cb SHQIPE\u201d N\u00cb KUAD\u00cbR T\u00cb DIT\u00cbS ND\u00cbRKOMB\u00cbTARE T\u00cb GJUH\u00cbS AMTARE","datePublished":"2021-02-22T08:16:00+00:00","mainEntityOfPage":{"@id":"https:\/\/unkorce.edu.al\/nje-dite-per-gjuhen-tone-veprimtari-e-organizuar-nga-biblioteka-shkencore-e-uniko-ne-bashkepunim-me-shkollen-9-vjecare-mesonjetorja-e-pare-shqipe-ne-kuader\/"},"wordCount":348,"commentCount":0,"publisher":{"@id":"https:\/\/unkorce.edu.al\/#organization"},"image":{"@id":"https:\/\/unkorce.edu.al\/nje-dite-per-gjuhen-tone-veprimtari-e-organizuar-nga-biblioteka-shkencore-e-uniko-ne-bashkepunim-me-shkollen-9-vjecare-mesonjetorja-e-pare-shqipe-ne-kuader\/#primaryimage"},"thumbnailUrl":"","articleSection":["Fakulteti i Edukimit dhe Filologjise"],"inLanguage":"en-US","potentialAction":[{"@type":"CommentAction","name":"Comment","target":["https:\/\/unkorce.edu.al\/nje-dite-per-gjuhen-tone-veprimtari-e-organizuar-nga-biblioteka-shkencore-e-uniko-ne-bashkepunim-me-shkollen-9-vjecare-mesonjetorja-e-pare-shqipe-ne-kuader\/#respond"]}]},{"@type":"WebPage","@id":"https:\/\/unkorce.edu.al\/nje-dite-per-gjuhen-tone-veprimtari-e-organizuar-nga-biblioteka-shkencore-e-uniko-ne-bashkepunim-me-shkollen-9-vjecare-mesonjetorja-e-pare-shqipe-ne-kuader\/","url":"https:\/\/unkorce.edu.al\/nje-dite-per-gjuhen-tone-veprimtari-e-organizuar-nga-biblioteka-shkencore-e-uniko-ne-bashkepunim-me-shkollen-9-vjecare-mesonjetorja-e-pare-shqipe-ne-kuader\/","name":"\u201cNJ\u00cb DIT\u00cb P\u00cbR GJUH\u00cbN TON\u00cb\u201d\u2013VEPRIMTARI E ORGANIZUAR NGA BIBLIOTEKA SHKENCORE E UNIKO N\u00cb BASHK\u00cbPUNIM ME SHKOLL\u00cbN 9-VJE\u00c7ARE \u201cM\u00cbSONJ\u00cbTORJA E PAR\u00cb SHQIPE\u201d N\u00cb KUAD\u00cbR T\u00cb DIT\u00cbS ND\u00cbRKOMB\u00cbTARE T\u00cb GJUH\u00cbS AMTARE - Universiteti \"Fan S. Noli\", Kor\u00e7\u00eb","isPartOf":{"@id":"https:\/\/unkorce.edu.al\/#website"},"primaryImageOfPage":{"@id":"https:\/\/unkorce.edu.al\/nje-dite-per-gjuhen-tone-veprimtari-e-organizuar-nga-biblioteka-shkencore-e-uniko-ne-bashkepunim-me-shkollen-9-vjecare-mesonjetorja-e-pare-shqipe-ne-kuader\/#primaryimage"},"image":{"@id":"https:\/\/unkorce.edu.al\/nje-dite-per-gjuhen-tone-veprimtari-e-organizuar-nga-biblioteka-shkencore-e-uniko-ne-bashkepunim-me-shkollen-9-vjecare-mesonjetorja-e-pare-shqipe-ne-kuader\/#primaryimage"},"thumbnailUrl":"","datePublished":"2021-02-22T08:16:00+00:00","breadcrumb":{"@id":"https:\/\/unkorce.edu.al\/nje-dite-per-gjuhen-tone-veprimtari-e-organizuar-nga-biblioteka-shkencore-e-uniko-ne-bashkepunim-me-shkollen-9-vjecare-mesonjetorja-e-pare-shqipe-ne-kuader\/#breadcrumb"},"inLanguage":"en-US","potentialAction":[{"@type":"ReadAction","target":["https:\/\/unkorce.edu.al\/nje-dite-per-gjuhen-tone-veprimtari-e-organizuar-nga-biblioteka-shkencore-e-uniko-ne-bashkepunim-me-shkollen-9-vjecare-mesonjetorja-e-pare-shqipe-ne-kuader\/"]}]},{"@type":"ImageObject","inLanguage":"en-US","@id":"https:\/\/unkorce.edu.al\/nje-dite-per-gjuhen-tone-veprimtari-e-organizuar-nga-biblioteka-shkencore-e-uniko-ne-bashkepunim-me-shkollen-9-vjecare-mesonjetorja-e-pare-shqipe-ne-kuader\/#primaryimage","url":"","contentUrl":""},{"@type":"BreadcrumbList","@id":"https:\/\/unkorce.edu.al\/nje-dite-per-gjuhen-tone-veprimtari-e-organizuar-nga-biblioteka-shkencore-e-uniko-ne-bashkepunim-me-shkollen-9-vjecare-mesonjetorja-e-pare-shqipe-ne-kuader\/#breadcrumb","itemListElement":[{"@type":"ListItem","position":1,"name":"Home","item":"https:\/\/unkorce.edu.al\/"},{"@type":"ListItem","position":2,"name":"\u201cNJ\u00cb DIT\u00cb P\u00cbR GJUH\u00cbN TON\u00cb\u201d\u2013VEPRIMTARI E ORGANIZUAR NGA BIBLIOTEKA SHKENCORE E UNIKO N\u00cb BASHK\u00cbPUNIM ME SHKOLL\u00cbN 9-VJE\u00c7ARE \u201cM\u00cbSONJ\u00cbTORJA E PAR\u00cb SHQIPE\u201d N\u00cb KUAD\u00cbR T\u00cb DIT\u00cbS ND\u00cbRKOMB\u00cbTARE T\u00cb GJUH\u00cbS AMTARE"}]},{"@type":"WebSite","@id":"https:\/\/unkorce.edu.al\/#website","url":"https:\/\/unkorce.edu.al\/","name":"Universiteti \"Fan S. Noli\", Kor\u00e7\u00eb","description":"Mir&euml;sevini n&euml; faqen zyrtare!","publisher":{"@id":"https:\/\/unkorce.edu.al\/#organization"},"potentialAction":[{"@type":"SearchAction","target":{"@type":"EntryPoint","urlTemplate":"https:\/\/unkorce.edu.al\/?s={search_term_string}"},"query-input":{"@type":"PropertyValueSpecification","valueRequired":true,"valueName":"search_term_string"}}],"inLanguage":"en-US"},{"@type":"Organization","@id":"https:\/\/unkorce.edu.al\/#organization","name":"Universiteti \"Fan S. Noli\", Kor\u00e7\u00eb","url":"https:\/\/unkorce.edu.al\/","logo":{"@type":"ImageObject","inLanguage":"en-US","@id":"https:\/\/unkorce.edu.al\/#\/schema\/logo\/image\/","url":"https:\/\/unkorce.edu.al\/wp-content\/uploads\/2024\/08\/Logo_e_Universitetit__Fan_Noli_-e1726660879862.png","contentUrl":"https:\/\/unkorce.edu.al\/wp-content\/uploads\/2024\/08\/Logo_e_Universitetit__Fan_Noli_-e1726660879862.png","width":200,"height":120,"caption":"Universiteti \"Fan S. Noli\", Kor\u00e7\u00eb"},"image":{"@id":"https:\/\/unkorce.edu.al\/#\/schema\/logo\/image\/"},"sameAs":["https:\/\/www.facebook.com\/unkorce"]},{"@type":"Person","@id":"https:\/\/unkorce.edu.al\/#\/schema\/person\/faa34c53e1891c174ff76279b528558e","name":"Brikela Qelemeni","image":{"@type":"ImageObject","inLanguage":"en-US","@id":"https:\/\/unkorce.edu.al\/#\/schema\/person\/image\/","url":"https:\/\/secure.gravatar.com\/avatar\/6c1805558a9218503040c8b9055763822c6184a1cd600127210a9abbc5aaea04?s=96&d=mm&r=g","contentUrl":"https:\/\/secure.gravatar.com\/avatar\/6c1805558a9218503040c8b9055763822c6184a1cd600127210a9abbc5aaea04?s=96&d=mm&r=g","caption":"Brikela Qelemeni"},"url":"https:\/\/unkorce.edu.al\/en\/author\/brikela\/"}]}},"_links":{"self":[{"href":"https:\/\/unkorce.edu.al\/en\/wp-json\/wp\/v2\/posts\/13661","targetHints":{"allow":["GET"]}}],"collection":[{"href":"https:\/\/unkorce.edu.al\/en\/wp-json\/wp\/v2\/posts"}],"about":[{"href":"https:\/\/unkorce.edu.al\/en\/wp-json\/wp\/v2\/types\/post"}],"author":[{"embeddable":true,"href":"https:\/\/unkorce.edu.al\/en\/wp-json\/wp\/v2\/users\/2"}],"replies":[{"embeddable":true,"href":"https:\/\/unkorce.edu.al\/en\/wp-json\/wp\/v2\/comments?post=13661"}],"version-history":[{"count":0,"href":"https:\/\/unkorce.edu.al\/en\/wp-json\/wp\/v2\/posts\/13661\/revisions"}],"wp:featuredmedia":[{"embeddable":true,"href":"https:\/\/unkorce.edu.al\/en\/wp-json\/"}],"wp:attachment":[{"href":"https:\/\/unkorce.edu.al\/en\/wp-json\/wp\/v2\/media?parent=13661"}],"wp:term":[{"taxonomy":"category","embeddable":true,"href":"https:\/\/unkorce.edu.al\/en\/wp-json\/wp\/v2\/categories?post=13661"},{"taxonomy":"post_tag","embeddable":true,"href":"https:\/\/unkorce.edu.al\/en\/wp-json\/wp\/v2\/tags?post=13661"}],"curies":[{"name":"wp","href":"https:\/\/api.w.org\/{rel}","templated":true}]}}