{"id":12968,"date":"2022-07-12T06:52:00","date_gmt":"2022-07-12T06:52:00","guid":{"rendered":"https:\/\/unkorce.edu.al\/?p=12968"},"modified":"2022-07-12T06:52:00","modified_gmt":"2022-07-12T06:52:00","slug":"zhvilloi-punimet-konferenca-shkencore-studime-semantike-ne-fushen-e-leksikut-dhe-te-fjaleformimit-ne-gjuhen-shqipe-e-organizuar-nga-departamenti-i-leksikologjise-i-terminologjise-dh","status":"publish","type":"post","link":"https:\/\/unkorce.edu.al\/en\/zhvilloi-punimet-konferenca-shkencore-studime-semantike-ne-fushen-e-leksikut-dhe-te-fjaleformimit-ne-gjuhen-shqipe-e-organizuar-nga-departamenti-i-leksikologjise-i-terminologjise-dh\/","title":{"rendered":"ZHVILLOI PUNIMET KONFERENCA SHKENCORE \u201cSTUDIME SEMANTIKE N\u00cb FUSH\u00cbN E LEKSIKUT DHE T\u00cb FJAL\u00cbFORMIMIT N\u00cb GJUH\u00cbN SHQIPE\u201d E ORGANIZUAR NGA DEPARTAMENTI I LEKSIKOLOGJIS\u00cb, I TERMINOLOGJIS\u00cb DHE I GJUH\u00cbSIS\u00cb S\u00cb ZBATUAR, NGA DEPARTAMENTI I GRAMATIK\u00cbS DHE HISTORIS\u00cb S\u00cb GJUH\u00cbS, PRAN\u00cb INSTITUTIT T\u00cb GJUH\u00cbSIS\u00cb DHE T\u00cb LET\u00cbRSIS\u00cb, ASA, N\u00cb BASHK\u00cbPUNIM ME DEPARTAMENTIN E GJUH\u00cbS DHE T\u00cb LET\u00cbRSIS\u00cb, UNIVERSITETI \u201cFAN S. NOLI\u201d"},"content":{"rendered":"<p>N\u00eb dat\u00ebn 12 korrik 2022, zhvilloi punimet Konferenca shkencore \u201cStudime semantike n\u00eb fush\u00ebn e leksikut dhe t\u00eb fjal\u00ebformimit n\u00eb gjuh\u00ebn shqipe\u201d (Kontribute t\u00eb personaliteteve gjuh\u00ebsore Androkli Kostallari, Enver Hysa, Hajri Shehu), organizuar nga Departamenti i Leksikologjis\u00eb, i Terminologjis\u00eb dhe i Gjuh\u00ebsis\u00eb s\u00eb Zbatuar, nga Departamenti i Gramatik\u00ebs dhe Historis\u00eb s\u00eb Gjuh\u00ebs, pran\u00eb Institutit t\u00eb Gjuh\u00ebsis\u00eb dhe t\u00eb Let\u00ebrsis\u00eb, Akademia e Studimeve Albanologjike, n\u00eb bashk\u00ebpunim me Departamentin e Gjuh\u00ebs dhe t\u00eb Let\u00ebrsis\u00eb, pran\u00eb Universitetit t\u00eb Kor\u00e7\u00ebs \u201cFan S. Noli\u201d.<\/p>\n\n\n\n<p>Konferenca p\u00ebrudhi realizimin e nj\u00eb projekti madhor 5-vje\u00e7ar t\u00eb Institutit t\u00eb Gjuh\u00ebsis\u00eb dhe t\u00eb Let\u00ebrsis\u00eb p\u00ebr studime p\u00ebrfshir\u00ebse n\u00eb fush\u00ebn e studimeve p\u00ebr semantik\u00ebn, t\u00eb cilat sot jan\u00eb n\u00eb pikun e tyre, dhe i p\u00ebrqendroi punimet n\u00eb vler\u00ebsimin e vepr\u00ebs e t\u00eb pun\u00ebs s\u00eb akademik Androkli Kostallarit, t\u00eb prof. Enver Hys\u00ebs e t\u00eb prof. Hajri Shehut, q\u00eb n\u00eb fush\u00ebn e semantik\u00ebs s\u00eb shqipes jan\u00eb t\u00eb shumat dhe themelv\u00ebn\u00ebse n\u00eb konsolidimin e saj si shkenc\u00eb e mir\u00ebfillt\u00eb.<\/p>\n\n\n\n<p>Konferenca i zhvilloi punimet n\u00eb nj\u00eb seanc\u00eb plenare dhe n\u00eb dy sesione: Seksioni I: \u201cStudime rreth vepr\u00ebs s\u00eb Androkli Kostallarit\u201d, \u201cStudime rreth vepr\u00ebs s\u00eb Enver Hys\u00ebs; Sesioni II: \u201cStudime rreth vepr\u00ebs s\u00eb Hajri Shehut\u201d.<\/p>\n\n\n\n<p>Mor\u00ebn pjes\u00eb me kumtesa studiues nga Akademia e Studimeve Albanologjike, nga Universiteti i Kor\u00e7\u00ebs \u201cFan Noli\u201d, nga Universitetit i Tiran\u00ebs, nga Universiteti i Shkodr\u00ebs \u201cLuigj Gurakuqi\u201d, nga Universiteti i Elbasanit \u201cAleksand\u00ebr Xhuvani\u201d, Universiteti i Vlor\u00ebs \u201cIsmail Qemali\u201d, nga Shoqata e gjuh\u00ebs shqipe, Tiran\u00eb etj.<\/p>\n\n\n\n<p>Punimet i hapi prof. dr. Valter Memisha, i cili nd\u00ebr t\u00eb tjera informoi se Konferenc\u00ebn e p\u00ebrsh\u00ebndesin personalitete t\u00eb gjuh\u00ebsis\u00eb shqiptare dhe t\u00eb institucioneve shkencore, si prof. dr. Emil Lafe, prof. dr. Ylber Sela (Agjencia e Zbatimit t\u00eb Gjuh\u00ebve, Shkup), prof. dr. Ludmila Buxheli etj. Ai lexoi dhe Fjal\u00ebn p\u00ebrsh\u00ebndet\u00ebse t\u00eb akademikut Jani Thomai, i cili vler\u00ebsonte n\u00eb t\u00ebr\u00ebsin\u00eb e vet pun\u00ebn e ndihmes\u00ebn shkencore t\u00eb tri personaliteteve. Valter Memisha p\u00ebrsh\u00ebndeti Konferenc\u00ebn dhe n\u00eb em\u00ebr t\u00eb Rektoratit t\u00eb Akademis\u00eb s\u00eb Studimeve Albanologjike.<\/p>\n\n\n\n<p>M\u00eb pas e mori fjal\u00ebn drejtori i Institutit t\u00eb Gjuh\u00ebsis\u00eb dhe t\u00eb Let\u00ebrsis\u00eb, prof. dr. Artur Lama, i cili u ndal n\u00eb nj\u00eb v\u00ebshtrim t\u00eb thuk\u00ebt n\u00eb p\u00ebrmbajtjen e projektit 5-vje\u00e7ar \u201cKahe, koncepte dhe metodologji n\u00eb Semantik\u00ebn gjuh\u00ebsore\u201d, p\u00ebrgatitur nga drejtuesit e projektit n\u00ebn udh\u00ebheqjen e prof. dr. Tomorr Plangarica.<\/p>\n\n\n\n<p>Kumtuesit u ndal\u00ebn gjer\u00ebsisht n\u00eb \u00e7\u00ebshtje t\u00eb ndryshme t\u00eb produktit shkencor dhe t\u00eb veprimtaris\u00eb s\u00eb tri personaliteteve dhe p\u00ebrmes v\u00ebshtrimeve p\u00ebrgjith\u00ebsuese apo atyre analizuese, vler\u00ebsuan dhe nj\u00eb her\u00eb ndihmes\u00ebn e jasht\u00ebzakonshme shum\u00ebdimensionale t\u00eb akademikut A. Kostallari, por dhe t\u00eb dy profesor\u00ebve, Enver Hysa dhe Hajri Shehu n\u00eb gjuh\u00ebsin\u00eb bashk\u00ebkohore shqiptare dhe drejtp\u00ebrdrejt n\u00eb semantik\u00ebn leksikore, morfologjike, sintaksore etj. t\u00eb shqipes.<\/p>\n\n\n\n<p>N\u00eb fund t\u00eb punimeve t\u00eb Konferenc\u00ebs e mor\u00ebn fjal\u00ebn prof. dr. Enver Hysa dhe prof. dr. Hajri Shehu, t\u00eb cil\u00ebt fal\u00ebnderuan kumtuesit p\u00ebr vler\u00ebsimin e pun\u00ebs s\u00eb tyre si dhe Institutin e Gjuh\u00ebsis\u00eb dhe t\u00eb Let\u00ebrsis\u00eb si organizator i Konferenc\u00ebs.<\/p>\n\n\n\n<figure class=\"wp-block-gallery has-nested-images columns-default is-cropped wp-block-gallery-1 is-layout-flex wp-block-gallery-is-layout-flex\">\n<figure class=\"wp-block-image size-large\"><img decoding=\"async\" data-id=\"12969\" src=\"https:\/\/unkorce.edu.al\/wp-content\/uploads\/2022\/07\/1-54-1024x768.jpg\" alt=\"\" class=\"wp-image-12969\"\/><\/figure>\n\n\n\n<figure class=\"wp-block-image size-large\"><img decoding=\"async\" data-id=\"12971\" src=\"https:\/\/unkorce.edu.al\/wp-content\/uploads\/2022\/07\/2-51-1024x768.jpg\" alt=\"\" class=\"wp-image-12971\"\/><\/figure>\n\n\n\n<figure class=\"wp-block-image size-large\"><img decoding=\"async\" data-id=\"12972\" src=\"https:\/\/unkorce.edu.al\/wp-content\/uploads\/2022\/07\/3-46-1024x768.jpg\" alt=\"\" class=\"wp-image-12972\"\/><\/figure>\n\n\n\n<figure class=\"wp-block-image size-large\"><img decoding=\"async\" data-id=\"12977\" src=\"https:\/\/unkorce.edu.al\/wp-content\/uploads\/2022\/07\/9-19-1024x768.jpg\" alt=\"\" class=\"wp-image-12977\"\/><\/figure>\n\n\n\n<figure class=\"wp-block-image size-large\"><img decoding=\"async\" data-id=\"12975\" src=\"https:\/\/unkorce.edu.al\/wp-content\/uploads\/2022\/07\/8-21-1024x768.jpg\" alt=\"\" class=\"wp-image-12975\"\/><\/figure>\n\n\n\n<figure class=\"wp-block-image size-large\"><img decoding=\"async\" data-id=\"12973\" src=\"https:\/\/unkorce.edu.al\/wp-content\/uploads\/2022\/07\/4-34-1024x768.jpg\" alt=\"\" class=\"wp-image-12973\"\/><\/figure>\n\n\n\n<figure class=\"wp-block-image size-large\"><img decoding=\"async\" data-id=\"12976\" src=\"https:\/\/unkorce.edu.al\/wp-content\/uploads\/2022\/07\/7-22-1024x768.jpg\" alt=\"\" class=\"wp-image-12976\"\/><\/figure>\n\n\n\n<figure class=\"wp-block-image size-large\"><img decoding=\"async\" data-id=\"12970\" src=\"https:\/\/unkorce.edu.al\/wp-content\/uploads\/2022\/07\/5-36-1024x768.jpg\" alt=\"\" class=\"wp-image-12970\"\/><\/figure>\n\n\n\n<figure class=\"wp-block-image size-large\"><img decoding=\"async\" data-id=\"12974\" src=\"https:\/\/unkorce.edu.al\/wp-content\/uploads\/2022\/07\/6-21-1024x768.jpg\" alt=\"\" class=\"wp-image-12974\"\/><\/figure>\n<\/figure>","protected":false},"excerpt":{"rendered":"<p>N\u00eb dat\u00ebn 12 korrik 2022, zhvilloi punimet Konferenca shkencore \u201cStudime semantike n\u00eb fush\u00ebn e leksikut dhe t\u00eb fjal\u00ebformimit n\u00eb gjuh\u00ebn shqipe\u201d (Kontribute t\u00eb personaliteteve gjuh\u00ebsore Androkli Kostallari, Enver Hysa, Hajri Shehu), organizuar nga Departamenti i Leksikologjis\u00eb, i Terminologjis\u00eb dhe i Gjuh\u00ebsis\u00eb s\u00eb Zbatuar, nga Departamenti i Gramatik\u00ebs dhe Historis\u00eb s\u00eb Gjuh\u00ebs, pran\u00eb Institutit t\u00eb Gjuh\u00ebsis\u00eb&#8230;<\/p>","protected":false},"author":2,"featured_media":12969,"comment_status":"open","ping_status":"open","sticky":false,"template":"","format":"standard","meta":{"_acf_changed":false,"footnotes":""},"categories":[5,28],"tags":[],"class_list":["post-12968","post","type-post","status-publish","format-standard","has-post-thumbnail","hentry","category-fakulteti-i-edukimit-dhe-filologjise","category-veprimtarite"],"acf":[],"yoast_head":"<!-- This site is optimized with the Yoast SEO plugin v26.9 - https:\/\/yoast.com\/product\/yoast-seo-wordpress\/ -->\n<title>ZHVILLOI PUNIMET KONFERENCA SHKENCORE \u201cSTUDIME SEMANTIKE N\u00cb FUSH\u00cbN E LEKSIKUT DHE T\u00cb FJAL\u00cbFORMIMIT N\u00cb GJUH\u00cbN SHQIPE\u201d E ORGANIZUAR NGA DEPARTAMENTI I LEKSIKOLOGJIS\u00cb, I TERMINOLOGJIS\u00cb DHE I GJUH\u00cbSIS\u00cb S\u00cb ZBATUAR, NGA DEPARTAMENTI I GRAMATIK\u00cbS DHE HISTORIS\u00cb S\u00cb GJUH\u00cbS, PRAN\u00cb INSTITUTIT T\u00cb GJUH\u00cbSIS\u00cb DHE T\u00cb LET\u00cbRSIS\u00cb, ASA, N\u00cb BASHK\u00cbPUNIM ME DEPARTAMENTIN E GJUH\u00cbS DHE T\u00cb LET\u00cbRSIS\u00cb, UNIVERSITETI \u201cFAN S. NOLI\u201d - Universiteti &quot;Fan S. Noli&quot;, Kor\u00e7\u00eb<\/title>\n<meta name=\"robots\" content=\"index, follow, max-snippet:-1, max-image-preview:large, max-video-preview:-1\" \/>\n<link rel=\"canonical\" href=\"https:\/\/unkorce.edu.al\/en\/zhvilloi-punimet-konferenca-shkencore-studime-semantike-ne-fushen-e-leksikut-dhe-te-fjaleformimit-ne-gjuhen-shqipe-e-organizuar-nga-departamenti-i-leksikologjise-i-terminologjise-dh\/\" \/>\n<meta property=\"og:locale\" content=\"en_US\" \/>\n<meta property=\"og:type\" content=\"article\" \/>\n<meta property=\"og:title\" content=\"ZHVILLOI PUNIMET KONFERENCA SHKENCORE \u201cSTUDIME SEMANTIKE N\u00cb FUSH\u00cbN E LEKSIKUT DHE T\u00cb FJAL\u00cbFORMIMIT N\u00cb GJUH\u00cbN SHQIPE\u201d E ORGANIZUAR NGA DEPARTAMENTI I LEKSIKOLOGJIS\u00cb, I TERMINOLOGJIS\u00cb DHE I GJUH\u00cbSIS\u00cb S\u00cb ZBATUAR, NGA DEPARTAMENTI I GRAMATIK\u00cbS DHE HISTORIS\u00cb S\u00cb GJUH\u00cbS, PRAN\u00cb INSTITUTIT T\u00cb GJUH\u00cbSIS\u00cb DHE T\u00cb LET\u00cbRSIS\u00cb, ASA, N\u00cb BASHK\u00cbPUNIM ME DEPARTAMENTIN E GJUH\u00cbS DHE T\u00cb LET\u00cbRSIS\u00cb, UNIVERSITETI \u201cFAN S. NOLI\u201d - Universiteti &quot;Fan S. Noli&quot;, Kor\u00e7\u00eb\" \/>\n<meta property=\"og:description\" content=\"N\u00eb dat\u00ebn 12 korrik 2022, zhvilloi punimet Konferenca shkencore \u201cStudime semantike n\u00eb fush\u00ebn e leksikut dhe t\u00eb fjal\u00ebformimit n\u00eb gjuh\u00ebn shqipe\u201d (Kontribute t\u00eb personaliteteve gjuh\u00ebsore Androkli Kostallari, Enver Hysa, Hajri Shehu), organizuar nga Departamenti i Leksikologjis\u00eb, i Terminologjis\u00eb dhe i Gjuh\u00ebsis\u00eb s\u00eb Zbatuar, nga Departamenti i Gramatik\u00ebs dhe Historis\u00eb s\u00eb Gjuh\u00ebs, pran\u00eb Institutit t\u00eb Gjuh\u00ebsis\u00eb...\" \/>\n<meta property=\"og:url\" content=\"https:\/\/unkorce.edu.al\/en\/zhvilloi-punimet-konferenca-shkencore-studime-semantike-ne-fushen-e-leksikut-dhe-te-fjaleformimit-ne-gjuhen-shqipe-e-organizuar-nga-departamenti-i-leksikologjise-i-terminologjise-dh\/\" \/>\n<meta property=\"og:site_name\" content=\"Universiteti &quot;Fan S. Noli&quot;, Kor\u00e7\u00eb\" \/>\n<meta property=\"article:publisher\" content=\"https:\/\/www.facebook.com\/unkorce\" \/>\n<meta property=\"article:published_time\" content=\"2022-07-12T06:52:00+00:00\" \/>\n<meta name=\"author\" content=\"Brikela Qelemeni\" \/>\n<meta name=\"twitter:card\" content=\"summary_large_image\" \/>\n<meta name=\"twitter:label1\" content=\"Written by\" \/>\n\t<meta name=\"twitter:data1\" content=\"Brikela Qelemeni\" \/>\n\t<meta name=\"twitter:label2\" content=\"Est. reading time\" \/>\n\t<meta name=\"twitter:data2\" content=\"3 minutes\" \/>\n<script type=\"application\/ld+json\" class=\"yoast-schema-graph\">{\"@context\":\"https:\/\/schema.org\",\"@graph\":[{\"@type\":\"Article\",\"@id\":\"https:\/\/unkorce.edu.al\/zhvilloi-punimet-konferenca-shkencore-studime-semantike-ne-fushen-e-leksikut-dhe-te-fjaleformimit-ne-gjuhen-shqipe-e-organizuar-nga-departamenti-i-leksikologjise-i-terminologjise-dh\/#article\",\"isPartOf\":{\"@id\":\"https:\/\/unkorce.edu.al\/zhvilloi-punimet-konferenca-shkencore-studime-semantike-ne-fushen-e-leksikut-dhe-te-fjaleformimit-ne-gjuhen-shqipe-e-organizuar-nga-departamenti-i-leksikologjise-i-terminologjise-dh\/\"},\"author\":{\"name\":\"Brikela Qelemeni\",\"@id\":\"https:\/\/unkorce.edu.al\/#\/schema\/person\/faa34c53e1891c174ff76279b528558e\"},\"headline\":\"ZHVILLOI PUNIMET KONFERENCA SHKENCORE \u201cSTUDIME SEMANTIKE N\u00cb FUSH\u00cbN E LEKSIKUT DHE T\u00cb FJAL\u00cbFORMIMIT N\u00cb GJUH\u00cbN SHQIPE\u201d E ORGANIZUAR NGA DEPARTAMENTI I LEKSIKOLOGJIS\u00cb, I TERMINOLOGJIS\u00cb DHE I GJUH\u00cbSIS\u00cb S\u00cb ZBATUAR, NGA DEPARTAMENTI I GRAMATIK\u00cbS DHE HISTORIS\u00cb S\u00cb GJUH\u00cbS, PRAN\u00cb INSTITUTIT T\u00cb GJUH\u00cbSIS\u00cb DHE T\u00cb LET\u00cbRSIS\u00cb, ASA, N\u00cb BASHK\u00cbPUNIM ME DEPARTAMENTIN E GJUH\u00cbS DHE T\u00cb LET\u00cbRSIS\u00cb, UNIVERSITETI \u201cFAN S. NOLI\u201d\",\"datePublished\":\"2022-07-12T06:52:00+00:00\",\"mainEntityOfPage\":{\"@id\":\"https:\/\/unkorce.edu.al\/zhvilloi-punimet-konferenca-shkencore-studime-semantike-ne-fushen-e-leksikut-dhe-te-fjaleformimit-ne-gjuhen-shqipe-e-organizuar-nga-departamenti-i-leksikologjise-i-terminologjise-dh\/\"},\"wordCount\":633,\"commentCount\":0,\"publisher\":{\"@id\":\"https:\/\/unkorce.edu.al\/#organization\"},\"image\":{\"@id\":\"https:\/\/unkorce.edu.al\/zhvilloi-punimet-konferenca-shkencore-studime-semantike-ne-fushen-e-leksikut-dhe-te-fjaleformimit-ne-gjuhen-shqipe-e-organizuar-nga-departamenti-i-leksikologjise-i-terminologjise-dh\/#primaryimage\"},\"thumbnailUrl\":\"\",\"articleSection\":[\"Fakulteti i Edukimit dhe Filologjise\",\"Veprimtarite\"],\"inLanguage\":\"en-US\",\"potentialAction\":[{\"@type\":\"CommentAction\",\"name\":\"Comment\",\"target\":[\"https:\/\/unkorce.edu.al\/zhvilloi-punimet-konferenca-shkencore-studime-semantike-ne-fushen-e-leksikut-dhe-te-fjaleformimit-ne-gjuhen-shqipe-e-organizuar-nga-departamenti-i-leksikologjise-i-terminologjise-dh\/#respond\"]}]},{\"@type\":\"WebPage\",\"@id\":\"https:\/\/unkorce.edu.al\/zhvilloi-punimet-konferenca-shkencore-studime-semantike-ne-fushen-e-leksikut-dhe-te-fjaleformimit-ne-gjuhen-shqipe-e-organizuar-nga-departamenti-i-leksikologjise-i-terminologjise-dh\/\",\"url\":\"https:\/\/unkorce.edu.al\/zhvilloi-punimet-konferenca-shkencore-studime-semantike-ne-fushen-e-leksikut-dhe-te-fjaleformimit-ne-gjuhen-shqipe-e-organizuar-nga-departamenti-i-leksikologjise-i-terminologjise-dh\/\",\"name\":\"ZHVILLOI PUNIMET KONFERENCA SHKENCORE \u201cSTUDIME SEMANTIKE N\u00cb FUSH\u00cbN E LEKSIKUT DHE T\u00cb FJAL\u00cbFORMIMIT N\u00cb GJUH\u00cbN SHQIPE\u201d E ORGANIZUAR NGA DEPARTAMENTI I LEKSIKOLOGJIS\u00cb, I TERMINOLOGJIS\u00cb DHE I GJUH\u00cbSIS\u00cb S\u00cb ZBATUAR, NGA DEPARTAMENTI I GRAMATIK\u00cbS DHE HISTORIS\u00cb S\u00cb GJUH\u00cbS, PRAN\u00cb INSTITUTIT T\u00cb GJUH\u00cbSIS\u00cb DHE T\u00cb LET\u00cbRSIS\u00cb, ASA, N\u00cb BASHK\u00cbPUNIM ME DEPARTAMENTIN E GJUH\u00cbS DHE T\u00cb LET\u00cbRSIS\u00cb, UNIVERSITETI \u201cFAN S. NOLI\u201d - Universiteti \\\"Fan S. Noli\\\", Kor\u00e7\u00eb\",\"isPartOf\":{\"@id\":\"https:\/\/unkorce.edu.al\/#website\"},\"primaryImageOfPage\":{\"@id\":\"https:\/\/unkorce.edu.al\/zhvilloi-punimet-konferenca-shkencore-studime-semantike-ne-fushen-e-leksikut-dhe-te-fjaleformimit-ne-gjuhen-shqipe-e-organizuar-nga-departamenti-i-leksikologjise-i-terminologjise-dh\/#primaryimage\"},\"image\":{\"@id\":\"https:\/\/unkorce.edu.al\/zhvilloi-punimet-konferenca-shkencore-studime-semantike-ne-fushen-e-leksikut-dhe-te-fjaleformimit-ne-gjuhen-shqipe-e-organizuar-nga-departamenti-i-leksikologjise-i-terminologjise-dh\/#primaryimage\"},\"thumbnailUrl\":\"\",\"datePublished\":\"2022-07-12T06:52:00+00:00\",\"breadcrumb\":{\"@id\":\"https:\/\/unkorce.edu.al\/zhvilloi-punimet-konferenca-shkencore-studime-semantike-ne-fushen-e-leksikut-dhe-te-fjaleformimit-ne-gjuhen-shqipe-e-organizuar-nga-departamenti-i-leksikologjise-i-terminologjise-dh\/#breadcrumb\"},\"inLanguage\":\"en-US\",\"potentialAction\":[{\"@type\":\"ReadAction\",\"target\":[\"https:\/\/unkorce.edu.al\/zhvilloi-punimet-konferenca-shkencore-studime-semantike-ne-fushen-e-leksikut-dhe-te-fjaleformimit-ne-gjuhen-shqipe-e-organizuar-nga-departamenti-i-leksikologjise-i-terminologjise-dh\/\"]}]},{\"@type\":\"ImageObject\",\"inLanguage\":\"en-US\",\"@id\":\"https:\/\/unkorce.edu.al\/zhvilloi-punimet-konferenca-shkencore-studime-semantike-ne-fushen-e-leksikut-dhe-te-fjaleformimit-ne-gjuhen-shqipe-e-organizuar-nga-departamenti-i-leksikologjise-i-terminologjise-dh\/#primaryimage\",\"url\":\"\",\"contentUrl\":\"\"},{\"@type\":\"BreadcrumbList\",\"@id\":\"https:\/\/unkorce.edu.al\/zhvilloi-punimet-konferenca-shkencore-studime-semantike-ne-fushen-e-leksikut-dhe-te-fjaleformimit-ne-gjuhen-shqipe-e-organizuar-nga-departamenti-i-leksikologjise-i-terminologjise-dh\/#breadcrumb\",\"itemListElement\":[{\"@type\":\"ListItem\",\"position\":1,\"name\":\"Home\",\"item\":\"https:\/\/unkorce.edu.al\/\"},{\"@type\":\"ListItem\",\"position\":2,\"name\":\"ZHVILLOI PUNIMET KONFERENCA SHKENCORE \u201cSTUDIME SEMANTIKE N\u00cb FUSH\u00cbN E LEKSIKUT DHE T\u00cb FJAL\u00cbFORMIMIT N\u00cb GJUH\u00cbN SHQIPE\u201d E ORGANIZUAR NGA DEPARTAMENTI I LEKSIKOLOGJIS\u00cb, I TERMINOLOGJIS\u00cb DHE I GJUH\u00cbSIS\u00cb S\u00cb ZBATUAR, NGA DEPARTAMENTI I GRAMATIK\u00cbS DHE HISTORIS\u00cb S\u00cb GJUH\u00cbS, PRAN\u00cb INSTITUTIT T\u00cb GJUH\u00cbSIS\u00cb DHE T\u00cb LET\u00cbRSIS\u00cb, ASA, N\u00cb BASHK\u00cbPUNIM ME DEPARTAMENTIN E GJUH\u00cbS DHE T\u00cb LET\u00cbRSIS\u00cb, UNIVERSITETI \u201cFAN S. NOLI\u201d\"}]},{\"@type\":\"WebSite\",\"@id\":\"https:\/\/unkorce.edu.al\/#website\",\"url\":\"https:\/\/unkorce.edu.al\/\",\"name\":\"Universiteti \\\"Fan S. Noli\\\", Kor\u00e7\u00eb\",\"description\":\"Mir&euml;sevini n&euml; faqen zyrtare!\",\"publisher\":{\"@id\":\"https:\/\/unkorce.edu.al\/#organization\"},\"potentialAction\":[{\"@type\":\"SearchAction\",\"target\":{\"@type\":\"EntryPoint\",\"urlTemplate\":\"https:\/\/unkorce.edu.al\/?s={search_term_string}\"},\"query-input\":{\"@type\":\"PropertyValueSpecification\",\"valueRequired\":true,\"valueName\":\"search_term_string\"}}],\"inLanguage\":\"en-US\"},{\"@type\":\"Organization\",\"@id\":\"https:\/\/unkorce.edu.al\/#organization\",\"name\":\"Universiteti \\\"Fan S. Noli\\\", Kor\u00e7\u00eb\",\"url\":\"https:\/\/unkorce.edu.al\/\",\"logo\":{\"@type\":\"ImageObject\",\"inLanguage\":\"en-US\",\"@id\":\"https:\/\/unkorce.edu.al\/#\/schema\/logo\/image\/\",\"url\":\"https:\/\/unkorce.edu.al\/wp-content\/uploads\/2024\/08\/Logo_e_Universitetit__Fan_Noli_-e1726660879862.png\",\"contentUrl\":\"https:\/\/unkorce.edu.al\/wp-content\/uploads\/2024\/08\/Logo_e_Universitetit__Fan_Noli_-e1726660879862.png\",\"width\":200,\"height\":120,\"caption\":\"Universiteti \\\"Fan S. Noli\\\", Kor\u00e7\u00eb\"},\"image\":{\"@id\":\"https:\/\/unkorce.edu.al\/#\/schema\/logo\/image\/\"},\"sameAs\":[\"https:\/\/www.facebook.com\/unkorce\"]},{\"@type\":\"Person\",\"@id\":\"https:\/\/unkorce.edu.al\/#\/schema\/person\/faa34c53e1891c174ff76279b528558e\",\"name\":\"Brikela Qelemeni\",\"image\":{\"@type\":\"ImageObject\",\"inLanguage\":\"en-US\",\"@id\":\"https:\/\/unkorce.edu.al\/#\/schema\/person\/image\/\",\"url\":\"https:\/\/secure.gravatar.com\/avatar\/6c1805558a9218503040c8b9055763822c6184a1cd600127210a9abbc5aaea04?s=96&d=mm&r=g\",\"contentUrl\":\"https:\/\/secure.gravatar.com\/avatar\/6c1805558a9218503040c8b9055763822c6184a1cd600127210a9abbc5aaea04?s=96&d=mm&r=g\",\"caption\":\"Brikela Qelemeni\"},\"url\":\"https:\/\/unkorce.edu.al\/en\/author\/brikela\/\"}]}<\/script>\n<!-- \/ Yoast SEO plugin. -->","yoast_head_json":{"title":"ZHVILLOI PUNIMET KONFERENCA SHKENCORE \u201cSTUDIME SEMANTIKE N\u00cb FUSH\u00cbN E LEKSIKUT DHE T\u00cb FJAL\u00cbFORMIMIT N\u00cb GJUH\u00cbN SHQIPE\u201d E ORGANIZUAR NGA DEPARTAMENTI I LEKSIKOLOGJIS\u00cb, I TERMINOLOGJIS\u00cb DHE I GJUH\u00cbSIS\u00cb S\u00cb ZBATUAR, NGA DEPARTAMENTI I GRAMATIK\u00cbS DHE HISTORIS\u00cb S\u00cb GJUH\u00cbS, PRAN\u00cb INSTITUTIT T\u00cb GJUH\u00cbSIS\u00cb DHE T\u00cb LET\u00cbRSIS\u00cb, ASA, N\u00cb BASHK\u00cbPUNIM ME DEPARTAMENTIN E GJUH\u00cbS DHE T\u00cb LET\u00cbRSIS\u00cb, UNIVERSITETI \u201cFAN S. NOLI\u201d - Universiteti \"Fan S. Noli\", Kor\u00e7\u00eb","robots":{"index":"index","follow":"follow","max-snippet":"max-snippet:-1","max-image-preview":"max-image-preview:large","max-video-preview":"max-video-preview:-1"},"canonical":"https:\/\/unkorce.edu.al\/en\/zhvilloi-punimet-konferenca-shkencore-studime-semantike-ne-fushen-e-leksikut-dhe-te-fjaleformimit-ne-gjuhen-shqipe-e-organizuar-nga-departamenti-i-leksikologjise-i-terminologjise-dh\/","og_locale":"en_US","og_type":"article","og_title":"ZHVILLOI PUNIMET KONFERENCA SHKENCORE \u201cSTUDIME SEMANTIKE N\u00cb FUSH\u00cbN E LEKSIKUT DHE T\u00cb FJAL\u00cbFORMIMIT N\u00cb GJUH\u00cbN SHQIPE\u201d E ORGANIZUAR NGA DEPARTAMENTI I LEKSIKOLOGJIS\u00cb, I TERMINOLOGJIS\u00cb DHE I GJUH\u00cbSIS\u00cb S\u00cb ZBATUAR, NGA DEPARTAMENTI I GRAMATIK\u00cbS DHE HISTORIS\u00cb S\u00cb GJUH\u00cbS, PRAN\u00cb INSTITUTIT T\u00cb GJUH\u00cbSIS\u00cb DHE T\u00cb LET\u00cbRSIS\u00cb, ASA, N\u00cb BASHK\u00cbPUNIM ME DEPARTAMENTIN E GJUH\u00cbS DHE T\u00cb LET\u00cbRSIS\u00cb, UNIVERSITETI \u201cFAN S. NOLI\u201d - Universiteti \"Fan S. Noli\", Kor\u00e7\u00eb","og_description":"N\u00eb dat\u00ebn 12 korrik 2022, zhvilloi punimet Konferenca shkencore \u201cStudime semantike n\u00eb fush\u00ebn e leksikut dhe t\u00eb fjal\u00ebformimit n\u00eb gjuh\u00ebn shqipe\u201d (Kontribute t\u00eb personaliteteve gjuh\u00ebsore Androkli Kostallari, Enver Hysa, Hajri Shehu), organizuar nga Departamenti i Leksikologjis\u00eb, i Terminologjis\u00eb dhe i Gjuh\u00ebsis\u00eb s\u00eb Zbatuar, nga Departamenti i Gramatik\u00ebs dhe Historis\u00eb s\u00eb Gjuh\u00ebs, pran\u00eb Institutit t\u00eb Gjuh\u00ebsis\u00eb...","og_url":"https:\/\/unkorce.edu.al\/en\/zhvilloi-punimet-konferenca-shkencore-studime-semantike-ne-fushen-e-leksikut-dhe-te-fjaleformimit-ne-gjuhen-shqipe-e-organizuar-nga-departamenti-i-leksikologjise-i-terminologjise-dh\/","og_site_name":"Universiteti \"Fan S. Noli\", Kor\u00e7\u00eb","article_publisher":"https:\/\/www.facebook.com\/unkorce","article_published_time":"2022-07-12T06:52:00+00:00","author":"Brikela Qelemeni","twitter_card":"summary_large_image","twitter_misc":{"Written by":"Brikela Qelemeni","Est. reading time":"3 minutes"},"schema":{"@context":"https:\/\/schema.org","@graph":[{"@type":"Article","@id":"https:\/\/unkorce.edu.al\/zhvilloi-punimet-konferenca-shkencore-studime-semantike-ne-fushen-e-leksikut-dhe-te-fjaleformimit-ne-gjuhen-shqipe-e-organizuar-nga-departamenti-i-leksikologjise-i-terminologjise-dh\/#article","isPartOf":{"@id":"https:\/\/unkorce.edu.al\/zhvilloi-punimet-konferenca-shkencore-studime-semantike-ne-fushen-e-leksikut-dhe-te-fjaleformimit-ne-gjuhen-shqipe-e-organizuar-nga-departamenti-i-leksikologjise-i-terminologjise-dh\/"},"author":{"name":"Brikela Qelemeni","@id":"https:\/\/unkorce.edu.al\/#\/schema\/person\/faa34c53e1891c174ff76279b528558e"},"headline":"ZHVILLOI PUNIMET KONFERENCA SHKENCORE \u201cSTUDIME SEMANTIKE N\u00cb FUSH\u00cbN E LEKSIKUT DHE T\u00cb FJAL\u00cbFORMIMIT N\u00cb GJUH\u00cbN SHQIPE\u201d E ORGANIZUAR NGA DEPARTAMENTI I LEKSIKOLOGJIS\u00cb, I TERMINOLOGJIS\u00cb DHE I GJUH\u00cbSIS\u00cb S\u00cb ZBATUAR, NGA DEPARTAMENTI I GRAMATIK\u00cbS DHE HISTORIS\u00cb S\u00cb GJUH\u00cbS, PRAN\u00cb INSTITUTIT T\u00cb GJUH\u00cbSIS\u00cb DHE T\u00cb LET\u00cbRSIS\u00cb, ASA, N\u00cb BASHK\u00cbPUNIM ME DEPARTAMENTIN E GJUH\u00cbS DHE T\u00cb LET\u00cbRSIS\u00cb, UNIVERSITETI \u201cFAN S. NOLI\u201d","datePublished":"2022-07-12T06:52:00+00:00","mainEntityOfPage":{"@id":"https:\/\/unkorce.edu.al\/zhvilloi-punimet-konferenca-shkencore-studime-semantike-ne-fushen-e-leksikut-dhe-te-fjaleformimit-ne-gjuhen-shqipe-e-organizuar-nga-departamenti-i-leksikologjise-i-terminologjise-dh\/"},"wordCount":633,"commentCount":0,"publisher":{"@id":"https:\/\/unkorce.edu.al\/#organization"},"image":{"@id":"https:\/\/unkorce.edu.al\/zhvilloi-punimet-konferenca-shkencore-studime-semantike-ne-fushen-e-leksikut-dhe-te-fjaleformimit-ne-gjuhen-shqipe-e-organizuar-nga-departamenti-i-leksikologjise-i-terminologjise-dh\/#primaryimage"},"thumbnailUrl":"","articleSection":["Fakulteti i Edukimit dhe Filologjise","Veprimtarite"],"inLanguage":"en-US","potentialAction":[{"@type":"CommentAction","name":"Comment","target":["https:\/\/unkorce.edu.al\/zhvilloi-punimet-konferenca-shkencore-studime-semantike-ne-fushen-e-leksikut-dhe-te-fjaleformimit-ne-gjuhen-shqipe-e-organizuar-nga-departamenti-i-leksikologjise-i-terminologjise-dh\/#respond"]}]},{"@type":"WebPage","@id":"https:\/\/unkorce.edu.al\/zhvilloi-punimet-konferenca-shkencore-studime-semantike-ne-fushen-e-leksikut-dhe-te-fjaleformimit-ne-gjuhen-shqipe-e-organizuar-nga-departamenti-i-leksikologjise-i-terminologjise-dh\/","url":"https:\/\/unkorce.edu.al\/zhvilloi-punimet-konferenca-shkencore-studime-semantike-ne-fushen-e-leksikut-dhe-te-fjaleformimit-ne-gjuhen-shqipe-e-organizuar-nga-departamenti-i-leksikologjise-i-terminologjise-dh\/","name":"ZHVILLOI PUNIMET KONFERENCA SHKENCORE \u201cSTUDIME SEMANTIKE N\u00cb FUSH\u00cbN E LEKSIKUT DHE T\u00cb FJAL\u00cbFORMIMIT N\u00cb GJUH\u00cbN SHQIPE\u201d E ORGANIZUAR NGA DEPARTAMENTI I LEKSIKOLOGJIS\u00cb, I TERMINOLOGJIS\u00cb DHE I GJUH\u00cbSIS\u00cb S\u00cb ZBATUAR, NGA DEPARTAMENTI I GRAMATIK\u00cbS DHE HISTORIS\u00cb S\u00cb GJUH\u00cbS, PRAN\u00cb INSTITUTIT T\u00cb GJUH\u00cbSIS\u00cb DHE T\u00cb LET\u00cbRSIS\u00cb, ASA, N\u00cb BASHK\u00cbPUNIM ME DEPARTAMENTIN E GJUH\u00cbS DHE T\u00cb LET\u00cbRSIS\u00cb, UNIVERSITETI \u201cFAN S. NOLI\u201d - Universiteti \"Fan S. Noli\", Kor\u00e7\u00eb","isPartOf":{"@id":"https:\/\/unkorce.edu.al\/#website"},"primaryImageOfPage":{"@id":"https:\/\/unkorce.edu.al\/zhvilloi-punimet-konferenca-shkencore-studime-semantike-ne-fushen-e-leksikut-dhe-te-fjaleformimit-ne-gjuhen-shqipe-e-organizuar-nga-departamenti-i-leksikologjise-i-terminologjise-dh\/#primaryimage"},"image":{"@id":"https:\/\/unkorce.edu.al\/zhvilloi-punimet-konferenca-shkencore-studime-semantike-ne-fushen-e-leksikut-dhe-te-fjaleformimit-ne-gjuhen-shqipe-e-organizuar-nga-departamenti-i-leksikologjise-i-terminologjise-dh\/#primaryimage"},"thumbnailUrl":"","datePublished":"2022-07-12T06:52:00+00:00","breadcrumb":{"@id":"https:\/\/unkorce.edu.al\/zhvilloi-punimet-konferenca-shkencore-studime-semantike-ne-fushen-e-leksikut-dhe-te-fjaleformimit-ne-gjuhen-shqipe-e-organizuar-nga-departamenti-i-leksikologjise-i-terminologjise-dh\/#breadcrumb"},"inLanguage":"en-US","potentialAction":[{"@type":"ReadAction","target":["https:\/\/unkorce.edu.al\/zhvilloi-punimet-konferenca-shkencore-studime-semantike-ne-fushen-e-leksikut-dhe-te-fjaleformimit-ne-gjuhen-shqipe-e-organizuar-nga-departamenti-i-leksikologjise-i-terminologjise-dh\/"]}]},{"@type":"ImageObject","inLanguage":"en-US","@id":"https:\/\/unkorce.edu.al\/zhvilloi-punimet-konferenca-shkencore-studime-semantike-ne-fushen-e-leksikut-dhe-te-fjaleformimit-ne-gjuhen-shqipe-e-organizuar-nga-departamenti-i-leksikologjise-i-terminologjise-dh\/#primaryimage","url":"","contentUrl":""},{"@type":"BreadcrumbList","@id":"https:\/\/unkorce.edu.al\/zhvilloi-punimet-konferenca-shkencore-studime-semantike-ne-fushen-e-leksikut-dhe-te-fjaleformimit-ne-gjuhen-shqipe-e-organizuar-nga-departamenti-i-leksikologjise-i-terminologjise-dh\/#breadcrumb","itemListElement":[{"@type":"ListItem","position":1,"name":"Home","item":"https:\/\/unkorce.edu.al\/"},{"@type":"ListItem","position":2,"name":"ZHVILLOI PUNIMET KONFERENCA SHKENCORE \u201cSTUDIME SEMANTIKE N\u00cb FUSH\u00cbN E LEKSIKUT DHE T\u00cb FJAL\u00cbFORMIMIT N\u00cb GJUH\u00cbN SHQIPE\u201d E ORGANIZUAR NGA DEPARTAMENTI I LEKSIKOLOGJIS\u00cb, I TERMINOLOGJIS\u00cb DHE I GJUH\u00cbSIS\u00cb S\u00cb ZBATUAR, NGA DEPARTAMENTI I GRAMATIK\u00cbS DHE HISTORIS\u00cb S\u00cb GJUH\u00cbS, PRAN\u00cb INSTITUTIT T\u00cb GJUH\u00cbSIS\u00cb DHE T\u00cb LET\u00cbRSIS\u00cb, ASA, N\u00cb BASHK\u00cbPUNIM ME DEPARTAMENTIN E GJUH\u00cbS DHE T\u00cb LET\u00cbRSIS\u00cb, UNIVERSITETI \u201cFAN S. NOLI\u201d"}]},{"@type":"WebSite","@id":"https:\/\/unkorce.edu.al\/#website","url":"https:\/\/unkorce.edu.al\/","name":"Universiteti \"Fan S. Noli\", Kor\u00e7\u00eb","description":"Mir&euml;sevini n&euml; faqen zyrtare!","publisher":{"@id":"https:\/\/unkorce.edu.al\/#organization"},"potentialAction":[{"@type":"SearchAction","target":{"@type":"EntryPoint","urlTemplate":"https:\/\/unkorce.edu.al\/?s={search_term_string}"},"query-input":{"@type":"PropertyValueSpecification","valueRequired":true,"valueName":"search_term_string"}}],"inLanguage":"en-US"},{"@type":"Organization","@id":"https:\/\/unkorce.edu.al\/#organization","name":"Universiteti \"Fan S. Noli\", Kor\u00e7\u00eb","url":"https:\/\/unkorce.edu.al\/","logo":{"@type":"ImageObject","inLanguage":"en-US","@id":"https:\/\/unkorce.edu.al\/#\/schema\/logo\/image\/","url":"https:\/\/unkorce.edu.al\/wp-content\/uploads\/2024\/08\/Logo_e_Universitetit__Fan_Noli_-e1726660879862.png","contentUrl":"https:\/\/unkorce.edu.al\/wp-content\/uploads\/2024\/08\/Logo_e_Universitetit__Fan_Noli_-e1726660879862.png","width":200,"height":120,"caption":"Universiteti \"Fan S. Noli\", Kor\u00e7\u00eb"},"image":{"@id":"https:\/\/unkorce.edu.al\/#\/schema\/logo\/image\/"},"sameAs":["https:\/\/www.facebook.com\/unkorce"]},{"@type":"Person","@id":"https:\/\/unkorce.edu.al\/#\/schema\/person\/faa34c53e1891c174ff76279b528558e","name":"Brikela Qelemeni","image":{"@type":"ImageObject","inLanguage":"en-US","@id":"https:\/\/unkorce.edu.al\/#\/schema\/person\/image\/","url":"https:\/\/secure.gravatar.com\/avatar\/6c1805558a9218503040c8b9055763822c6184a1cd600127210a9abbc5aaea04?s=96&d=mm&r=g","contentUrl":"https:\/\/secure.gravatar.com\/avatar\/6c1805558a9218503040c8b9055763822c6184a1cd600127210a9abbc5aaea04?s=96&d=mm&r=g","caption":"Brikela Qelemeni"},"url":"https:\/\/unkorce.edu.al\/en\/author\/brikela\/"}]}},"_links":{"self":[{"href":"https:\/\/unkorce.edu.al\/en\/wp-json\/wp\/v2\/posts\/12968","targetHints":{"allow":["GET"]}}],"collection":[{"href":"https:\/\/unkorce.edu.al\/en\/wp-json\/wp\/v2\/posts"}],"about":[{"href":"https:\/\/unkorce.edu.al\/en\/wp-json\/wp\/v2\/types\/post"}],"author":[{"embeddable":true,"href":"https:\/\/unkorce.edu.al\/en\/wp-json\/wp\/v2\/users\/2"}],"replies":[{"embeddable":true,"href":"https:\/\/unkorce.edu.al\/en\/wp-json\/wp\/v2\/comments?post=12968"}],"version-history":[{"count":0,"href":"https:\/\/unkorce.edu.al\/en\/wp-json\/wp\/v2\/posts\/12968\/revisions"}],"wp:featuredmedia":[{"embeddable":true,"href":"https:\/\/unkorce.edu.al\/en\/wp-json\/"}],"wp:attachment":[{"href":"https:\/\/unkorce.edu.al\/en\/wp-json\/wp\/v2\/media?parent=12968"}],"wp:term":[{"taxonomy":"category","embeddable":true,"href":"https:\/\/unkorce.edu.al\/en\/wp-json\/wp\/v2\/categories?post=12968"},{"taxonomy":"post_tag","embeddable":true,"href":"https:\/\/unkorce.edu.al\/en\/wp-json\/wp\/v2\/tags?post=12968"}],"curies":[{"name":"wp","href":"https:\/\/api.w.org\/{rel}","templated":true}]}}