{"id":12789,"date":"2022-07-12T06:27:00","date_gmt":"2022-07-12T06:27:00","guid":{"rendered":"https:\/\/unkorce.edu.al\/?p=12789"},"modified":"2022-07-12T06:27:00","modified_gmt":"2022-07-12T06:27:00","slug":"ekipi-i-volejbollit-per-femra-i-universitetit-fan-s-noli-u-prit-ne-takim-nga-prefekti-i-qarkut-korce-z-nertil-jole-ne-prag-te-pjesemarrjes-ne-lojerat-evropiane-universitare","status":"publish","type":"post","link":"https:\/\/unkorce.edu.al\/en\/ekipi-i-volejbollit-per-femra-i-universitetit-fan-s-noli-u-prit-ne-takim-nga-prefekti-i-qarkut-korce-z-nertil-jole-ne-prag-te-pjesemarrjes-ne-lojerat-evropiane-universitare\/","title":{"rendered":"EKIPI I VOLEJBOLLIT P\u00cbR FEMRA I UNIVERSITETIT &#8220;FAN S. NOLI&#8221; U PRIT N\u00cb TAKIM NGA PREFEKTI I QARKUT, KOR\u00c7\u00cb, Z. NERTIL JOLE N\u00cb PRAG T\u00cb PJES\u00cbMARRJES N\u00cb LOJ\u00cbRAT EVROPIANE UNIVERSITARE"},"content":{"rendered":"<p>N\u00eb dat\u00ebn 12 korrik 2022 ekipi i volejbollit t\u00eb vajzave t\u00eb Universitetit \u201cFan S. Noli\u201d kampion n\u00eb fuqi i Kampionatit Universitar t\u00eb Volejbollit, i cili n\u00eb dat\u00ebn 17 korrik 2022 do t\u00eb marr\u00eb pjes\u00eb n\u00eb Loj\u00ebrat Evropiane Universitare n\u00eb Poloni u prit n\u00eb takim nga prefekti i Qarkut, Kor\u00e7\u00eb, z. Nertil Jole.<\/p>\n\n\n\n<p>Ai u ka uruar suksesE e fat t\u00eb mbar\u00eb studenteve, duke p\u00ebrg\u00ebzuar n\u00eb ve\u00e7anti z\u00ebvend\u00ebsrektorin p\u00ebr m\u00ebsimin n\u00eb Universitetin \u201cFan S. Noli\u201d, dr. Arto Adili, q\u00eb \u00ebsht\u00eb nxit\u00ebsi kryesor dhe mb\u00ebshtet\u00ebs i veprimtarive t\u00eb tilla.<\/p>\n\n\n\n<p>N\u00eb takimin mes tyre u theksua fakti se \u00ebsht\u00eb hera e par\u00eb q\u00eb nj\u00eb universitet publik merr pjes\u00eb n\u00eb k\u00ebt\u00eb veprimtari, ku flamuri shqiptar dhe flamuri i Universitetit \u201cFan S. Noli\u201d, do t\u00eb val\u00ebviten n\u00eb ceremonin\u00eb e hapjes s\u00eb Loj\u00ebrave Evropiane Universitare n\u00eb stadiumin Atlas Arena t\u00eb qytetit t\u00eb Lodzit, Poloni.<\/p>\n\n\n\n<p>M\u00eb pas Prefekti iu dor\u00ebzoi vajzave fanel\u00ebn zyrtare, me t\u00eb cil\u00ebn lojtaret e k\u00ebtij Universiteti dhe stafi i tij, do t\u00eb parakalojn\u00eb n\u00eb stadium.<\/p>\n\n\n\n<p>Krahas urimeve ai siguroi student\u00ebt se do t\u00eb jet\u00eb gjithmon\u00eb pran\u00eb Universitetit \u201cFan S. Noli\u201d n\u00eb veprimtarit\u00eb shkencore dhe sportive.<\/p>\n\n\n\n<figure class=\"wp-block-gallery has-nested-images columns-default is-cropped wp-block-gallery-1 is-layout-flex wp-block-gallery-is-layout-flex\">\n<figure class=\"wp-block-image size-large\"><img decoding=\"async\" data-id=\"12792\" src=\"https:\/\/unkorce.edu.al\/wp-content\/uploads\/2022\/07\/2-48.jpg\" alt=\"\" class=\"wp-image-12792\"\/><\/figure>\n\n\n\n<figure class=\"wp-block-image size-large\"><img decoding=\"async\" data-id=\"12790\" src=\"https:\/\/unkorce.edu.al\/wp-content\/uploads\/2022\/07\/1-49.jpg\" alt=\"\" class=\"wp-image-12790\"\/><\/figure>\n\n\n\n<figure class=\"wp-block-image size-large\"><img decoding=\"async\" data-id=\"12791\" src=\"https:\/\/unkorce.edu.al\/wp-content\/uploads\/2022\/07\/3-43-1024x768.jpg\" alt=\"\" class=\"wp-image-12791\"\/><\/figure>\n<\/figure>","protected":false},"excerpt":{"rendered":"<p>N\u00eb dat\u00ebn 12 korrik 2022 ekipi i volejbollit t\u00eb vajzave t\u00eb Universitetit \u201cFan S. Noli\u201d kampion n\u00eb fuqi i Kampionatit Universitar t\u00eb Volejbollit, i cili n\u00eb dat\u00ebn 17 korrik 2022 do t\u00eb marr\u00eb pjes\u00eb n\u00eb Loj\u00ebrat Evropiane Universitare n\u00eb Poloni u prit n\u00eb takim nga prefekti i Qarkut, Kor\u00e7\u00eb, z. Nertil Jole. Ai u ka&#8230;<\/p>","protected":false},"author":2,"featured_media":12791,"comment_status":"open","ping_status":"open","sticky":false,"template":"","format":"standard","meta":{"_acf_changed":false,"footnotes":""},"categories":[27],"tags":[],"class_list":["post-12789","post","type-post","status-publish","format-standard","has-post-thumbnail","hentry","category-veprimtari-studentore"],"acf":[],"yoast_head":"<!-- This site is optimized with the Yoast SEO plugin v26.9 - https:\/\/yoast.com\/product\/yoast-seo-wordpress\/ -->\n<title>EKIPI I VOLEJBOLLIT P\u00cbR FEMRA I UNIVERSITETIT &quot;FAN S. NOLI&quot; U PRIT N\u00cb TAKIM NGA PREFEKTI I QARKUT, KOR\u00c7\u00cb, Z. NERTIL JOLE N\u00cb PRAG T\u00cb PJES\u00cbMARRJES N\u00cb LOJ\u00cbRAT EVROPIANE UNIVERSITARE - Universiteti &quot;Fan S. Noli&quot;, Kor\u00e7\u00eb<\/title>\n<meta name=\"robots\" content=\"index, follow, max-snippet:-1, max-image-preview:large, max-video-preview:-1\" \/>\n<link rel=\"canonical\" href=\"https:\/\/unkorce.edu.al\/en\/ekipi-i-volejbollit-per-femra-i-universitetit-fan-s-noli-u-prit-ne-takim-nga-prefekti-i-qarkut-korce-z-nertil-jole-ne-prag-te-pjesemarrjes-ne-lojerat-evropiane-universitare\/\" \/>\n<meta property=\"og:locale\" content=\"en_US\" \/>\n<meta property=\"og:type\" content=\"article\" \/>\n<meta property=\"og:title\" content=\"EKIPI I VOLEJBOLLIT P\u00cbR FEMRA I UNIVERSITETIT &quot;FAN S. NOLI&quot; U PRIT N\u00cb TAKIM NGA PREFEKTI I QARKUT, KOR\u00c7\u00cb, Z. NERTIL JOLE N\u00cb PRAG T\u00cb PJES\u00cbMARRJES N\u00cb LOJ\u00cbRAT EVROPIANE UNIVERSITARE - Universiteti &quot;Fan S. Noli&quot;, Kor\u00e7\u00eb\" \/>\n<meta property=\"og:description\" content=\"N\u00eb dat\u00ebn 12 korrik 2022 ekipi i volejbollit t\u00eb vajzave t\u00eb Universitetit \u201cFan S. Noli\u201d kampion n\u00eb fuqi i Kampionatit Universitar t\u00eb Volejbollit, i cili n\u00eb dat\u00ebn 17 korrik 2022 do t\u00eb marr\u00eb pjes\u00eb n\u00eb Loj\u00ebrat Evropiane Universitare n\u00eb Poloni u prit n\u00eb takim nga prefekti i Qarkut, Kor\u00e7\u00eb, z. Nertil Jole. Ai u ka...\" \/>\n<meta property=\"og:url\" content=\"https:\/\/unkorce.edu.al\/en\/ekipi-i-volejbollit-per-femra-i-universitetit-fan-s-noli-u-prit-ne-takim-nga-prefekti-i-qarkut-korce-z-nertil-jole-ne-prag-te-pjesemarrjes-ne-lojerat-evropiane-universitare\/\" \/>\n<meta property=\"og:site_name\" content=\"Universiteti &quot;Fan S. Noli&quot;, Kor\u00e7\u00eb\" \/>\n<meta property=\"article:publisher\" content=\"https:\/\/www.facebook.com\/unkorce\" \/>\n<meta property=\"article:published_time\" content=\"2022-07-12T06:27:00+00:00\" \/>\n<meta name=\"author\" content=\"Brikela Qelemeni\" \/>\n<meta name=\"twitter:card\" content=\"summary_large_image\" \/>\n<meta name=\"twitter:label1\" content=\"Written by\" \/>\n\t<meta name=\"twitter:data1\" content=\"Brikela Qelemeni\" \/>\n\t<meta name=\"twitter:label2\" content=\"Est. reading time\" \/>\n\t<meta name=\"twitter:data2\" content=\"1 minute\" \/>\n<script type=\"application\/ld+json\" class=\"yoast-schema-graph\">{\"@context\":\"https:\/\/schema.org\",\"@graph\":[{\"@type\":\"Article\",\"@id\":\"https:\/\/unkorce.edu.al\/ekipi-i-volejbollit-per-femra-i-universitetit-fan-s-noli-u-prit-ne-takim-nga-prefekti-i-qarkut-korce-z-nertil-jole-ne-prag-te-pjesemarrjes-ne-lojerat-evropiane-universitare\/#article\",\"isPartOf\":{\"@id\":\"https:\/\/unkorce.edu.al\/ekipi-i-volejbollit-per-femra-i-universitetit-fan-s-noli-u-prit-ne-takim-nga-prefekti-i-qarkut-korce-z-nertil-jole-ne-prag-te-pjesemarrjes-ne-lojerat-evropiane-universitare\/\"},\"author\":{\"name\":\"Brikela Qelemeni\",\"@id\":\"https:\/\/unkorce.edu.al\/#\/schema\/person\/faa34c53e1891c174ff76279b528558e\"},\"headline\":\"EKIPI I VOLEJBOLLIT P\u00cbR FEMRA I UNIVERSITETIT &#8220;FAN S. NOLI&#8221; U PRIT N\u00cb TAKIM NGA PREFEKTI I QARKUT, KOR\u00c7\u00cb, Z. NERTIL JOLE N\u00cb PRAG T\u00cb PJES\u00cbMARRJES N\u00cb LOJ\u00cbRAT EVROPIANE UNIVERSITARE\",\"datePublished\":\"2022-07-12T06:27:00+00:00\",\"mainEntityOfPage\":{\"@id\":\"https:\/\/unkorce.edu.al\/ekipi-i-volejbollit-per-femra-i-universitetit-fan-s-noli-u-prit-ne-takim-nga-prefekti-i-qarkut-korce-z-nertil-jole-ne-prag-te-pjesemarrjes-ne-lojerat-evropiane-universitare\/\"},\"wordCount\":232,\"commentCount\":0,\"publisher\":{\"@id\":\"https:\/\/unkorce.edu.al\/#organization\"},\"image\":{\"@id\":\"https:\/\/unkorce.edu.al\/ekipi-i-volejbollit-per-femra-i-universitetit-fan-s-noli-u-prit-ne-takim-nga-prefekti-i-qarkut-korce-z-nertil-jole-ne-prag-te-pjesemarrjes-ne-lojerat-evropiane-universitare\/#primaryimage\"},\"thumbnailUrl\":\"\",\"articleSection\":[\"Veprimtari studentore\"],\"inLanguage\":\"en-US\",\"potentialAction\":[{\"@type\":\"CommentAction\",\"name\":\"Comment\",\"target\":[\"https:\/\/unkorce.edu.al\/ekipi-i-volejbollit-per-femra-i-universitetit-fan-s-noli-u-prit-ne-takim-nga-prefekti-i-qarkut-korce-z-nertil-jole-ne-prag-te-pjesemarrjes-ne-lojerat-evropiane-universitare\/#respond\"]}]},{\"@type\":\"WebPage\",\"@id\":\"https:\/\/unkorce.edu.al\/ekipi-i-volejbollit-per-femra-i-universitetit-fan-s-noli-u-prit-ne-takim-nga-prefekti-i-qarkut-korce-z-nertil-jole-ne-prag-te-pjesemarrjes-ne-lojerat-evropiane-universitare\/\",\"url\":\"https:\/\/unkorce.edu.al\/ekipi-i-volejbollit-per-femra-i-universitetit-fan-s-noli-u-prit-ne-takim-nga-prefekti-i-qarkut-korce-z-nertil-jole-ne-prag-te-pjesemarrjes-ne-lojerat-evropiane-universitare\/\",\"name\":\"EKIPI I VOLEJBOLLIT P\u00cbR FEMRA I UNIVERSITETIT \\\"FAN S. NOLI\\\" U PRIT N\u00cb TAKIM NGA PREFEKTI I QARKUT, KOR\u00c7\u00cb, Z. NERTIL JOLE N\u00cb PRAG T\u00cb PJES\u00cbMARRJES N\u00cb LOJ\u00cbRAT EVROPIANE UNIVERSITARE - Universiteti \\\"Fan S. Noli\\\", Kor\u00e7\u00eb\",\"isPartOf\":{\"@id\":\"https:\/\/unkorce.edu.al\/#website\"},\"primaryImageOfPage\":{\"@id\":\"https:\/\/unkorce.edu.al\/ekipi-i-volejbollit-per-femra-i-universitetit-fan-s-noli-u-prit-ne-takim-nga-prefekti-i-qarkut-korce-z-nertil-jole-ne-prag-te-pjesemarrjes-ne-lojerat-evropiane-universitare\/#primaryimage\"},\"image\":{\"@id\":\"https:\/\/unkorce.edu.al\/ekipi-i-volejbollit-per-femra-i-universitetit-fan-s-noli-u-prit-ne-takim-nga-prefekti-i-qarkut-korce-z-nertil-jole-ne-prag-te-pjesemarrjes-ne-lojerat-evropiane-universitare\/#primaryimage\"},\"thumbnailUrl\":\"\",\"datePublished\":\"2022-07-12T06:27:00+00:00\",\"breadcrumb\":{\"@id\":\"https:\/\/unkorce.edu.al\/ekipi-i-volejbollit-per-femra-i-universitetit-fan-s-noli-u-prit-ne-takim-nga-prefekti-i-qarkut-korce-z-nertil-jole-ne-prag-te-pjesemarrjes-ne-lojerat-evropiane-universitare\/#breadcrumb\"},\"inLanguage\":\"en-US\",\"potentialAction\":[{\"@type\":\"ReadAction\",\"target\":[\"https:\/\/unkorce.edu.al\/ekipi-i-volejbollit-per-femra-i-universitetit-fan-s-noli-u-prit-ne-takim-nga-prefekti-i-qarkut-korce-z-nertil-jole-ne-prag-te-pjesemarrjes-ne-lojerat-evropiane-universitare\/\"]}]},{\"@type\":\"ImageObject\",\"inLanguage\":\"en-US\",\"@id\":\"https:\/\/unkorce.edu.al\/ekipi-i-volejbollit-per-femra-i-universitetit-fan-s-noli-u-prit-ne-takim-nga-prefekti-i-qarkut-korce-z-nertil-jole-ne-prag-te-pjesemarrjes-ne-lojerat-evropiane-universitare\/#primaryimage\",\"url\":\"\",\"contentUrl\":\"\"},{\"@type\":\"BreadcrumbList\",\"@id\":\"https:\/\/unkorce.edu.al\/ekipi-i-volejbollit-per-femra-i-universitetit-fan-s-noli-u-prit-ne-takim-nga-prefekti-i-qarkut-korce-z-nertil-jole-ne-prag-te-pjesemarrjes-ne-lojerat-evropiane-universitare\/#breadcrumb\",\"itemListElement\":[{\"@type\":\"ListItem\",\"position\":1,\"name\":\"Home\",\"item\":\"https:\/\/unkorce.edu.al\/\"},{\"@type\":\"ListItem\",\"position\":2,\"name\":\"EKIPI I VOLEJBOLLIT P\u00cbR FEMRA I UNIVERSITETIT &#8220;FAN S. NOLI&#8221; U PRIT N\u00cb TAKIM NGA PREFEKTI I QARKUT, KOR\u00c7\u00cb, Z. NERTIL JOLE N\u00cb PRAG T\u00cb PJES\u00cbMARRJES N\u00cb LOJ\u00cbRAT EVROPIANE UNIVERSITARE\"}]},{\"@type\":\"WebSite\",\"@id\":\"https:\/\/unkorce.edu.al\/#website\",\"url\":\"https:\/\/unkorce.edu.al\/\",\"name\":\"Universiteti \\\"Fan S. Noli\\\", Kor\u00e7\u00eb\",\"description\":\"Mir&euml;sevini n&euml; faqen zyrtare!\",\"publisher\":{\"@id\":\"https:\/\/unkorce.edu.al\/#organization\"},\"potentialAction\":[{\"@type\":\"SearchAction\",\"target\":{\"@type\":\"EntryPoint\",\"urlTemplate\":\"https:\/\/unkorce.edu.al\/?s={search_term_string}\"},\"query-input\":{\"@type\":\"PropertyValueSpecification\",\"valueRequired\":true,\"valueName\":\"search_term_string\"}}],\"inLanguage\":\"en-US\"},{\"@type\":\"Organization\",\"@id\":\"https:\/\/unkorce.edu.al\/#organization\",\"name\":\"Universiteti \\\"Fan S. Noli\\\", Kor\u00e7\u00eb\",\"url\":\"https:\/\/unkorce.edu.al\/\",\"logo\":{\"@type\":\"ImageObject\",\"inLanguage\":\"en-US\",\"@id\":\"https:\/\/unkorce.edu.al\/#\/schema\/logo\/image\/\",\"url\":\"https:\/\/unkorce.edu.al\/wp-content\/uploads\/2024\/08\/Logo_e_Universitetit__Fan_Noli_-e1726660879862.png\",\"contentUrl\":\"https:\/\/unkorce.edu.al\/wp-content\/uploads\/2024\/08\/Logo_e_Universitetit__Fan_Noli_-e1726660879862.png\",\"width\":200,\"height\":120,\"caption\":\"Universiteti \\\"Fan S. Noli\\\", Kor\u00e7\u00eb\"},\"image\":{\"@id\":\"https:\/\/unkorce.edu.al\/#\/schema\/logo\/image\/\"},\"sameAs\":[\"https:\/\/www.facebook.com\/unkorce\"]},{\"@type\":\"Person\",\"@id\":\"https:\/\/unkorce.edu.al\/#\/schema\/person\/faa34c53e1891c174ff76279b528558e\",\"name\":\"Brikela Qelemeni\",\"image\":{\"@type\":\"ImageObject\",\"inLanguage\":\"en-US\",\"@id\":\"https:\/\/unkorce.edu.al\/#\/schema\/person\/image\/\",\"url\":\"https:\/\/secure.gravatar.com\/avatar\/6c1805558a9218503040c8b9055763822c6184a1cd600127210a9abbc5aaea04?s=96&d=mm&r=g\",\"contentUrl\":\"https:\/\/secure.gravatar.com\/avatar\/6c1805558a9218503040c8b9055763822c6184a1cd600127210a9abbc5aaea04?s=96&d=mm&r=g\",\"caption\":\"Brikela Qelemeni\"},\"url\":\"https:\/\/unkorce.edu.al\/en\/author\/brikela\/\"}]}<\/script>\n<!-- \/ Yoast SEO plugin. -->","yoast_head_json":{"title":"EKIPI I VOLEJBOLLIT P\u00cbR FEMRA I UNIVERSITETIT \"FAN S. NOLI\" U PRIT N\u00cb TAKIM NGA PREFEKTI I QARKUT, KOR\u00c7\u00cb, Z. NERTIL JOLE N\u00cb PRAG T\u00cb PJES\u00cbMARRJES N\u00cb LOJ\u00cbRAT EVROPIANE UNIVERSITARE - Universiteti \"Fan S. Noli\", Kor\u00e7\u00eb","robots":{"index":"index","follow":"follow","max-snippet":"max-snippet:-1","max-image-preview":"max-image-preview:large","max-video-preview":"max-video-preview:-1"},"canonical":"https:\/\/unkorce.edu.al\/en\/ekipi-i-volejbollit-per-femra-i-universitetit-fan-s-noli-u-prit-ne-takim-nga-prefekti-i-qarkut-korce-z-nertil-jole-ne-prag-te-pjesemarrjes-ne-lojerat-evropiane-universitare\/","og_locale":"en_US","og_type":"article","og_title":"EKIPI I VOLEJBOLLIT P\u00cbR FEMRA I UNIVERSITETIT \"FAN S. NOLI\" U PRIT N\u00cb TAKIM NGA PREFEKTI I QARKUT, KOR\u00c7\u00cb, Z. NERTIL JOLE N\u00cb PRAG T\u00cb PJES\u00cbMARRJES N\u00cb LOJ\u00cbRAT EVROPIANE UNIVERSITARE - Universiteti \"Fan S. Noli\", Kor\u00e7\u00eb","og_description":"N\u00eb dat\u00ebn 12 korrik 2022 ekipi i volejbollit t\u00eb vajzave t\u00eb Universitetit \u201cFan S. Noli\u201d kampion n\u00eb fuqi i Kampionatit Universitar t\u00eb Volejbollit, i cili n\u00eb dat\u00ebn 17 korrik 2022 do t\u00eb marr\u00eb pjes\u00eb n\u00eb Loj\u00ebrat Evropiane Universitare n\u00eb Poloni u prit n\u00eb takim nga prefekti i Qarkut, Kor\u00e7\u00eb, z. Nertil Jole. Ai u ka...","og_url":"https:\/\/unkorce.edu.al\/en\/ekipi-i-volejbollit-per-femra-i-universitetit-fan-s-noli-u-prit-ne-takim-nga-prefekti-i-qarkut-korce-z-nertil-jole-ne-prag-te-pjesemarrjes-ne-lojerat-evropiane-universitare\/","og_site_name":"Universiteti \"Fan S. Noli\", Kor\u00e7\u00eb","article_publisher":"https:\/\/www.facebook.com\/unkorce","article_published_time":"2022-07-12T06:27:00+00:00","author":"Brikela Qelemeni","twitter_card":"summary_large_image","twitter_misc":{"Written by":"Brikela Qelemeni","Est. reading time":"1 minute"},"schema":{"@context":"https:\/\/schema.org","@graph":[{"@type":"Article","@id":"https:\/\/unkorce.edu.al\/ekipi-i-volejbollit-per-femra-i-universitetit-fan-s-noli-u-prit-ne-takim-nga-prefekti-i-qarkut-korce-z-nertil-jole-ne-prag-te-pjesemarrjes-ne-lojerat-evropiane-universitare\/#article","isPartOf":{"@id":"https:\/\/unkorce.edu.al\/ekipi-i-volejbollit-per-femra-i-universitetit-fan-s-noli-u-prit-ne-takim-nga-prefekti-i-qarkut-korce-z-nertil-jole-ne-prag-te-pjesemarrjes-ne-lojerat-evropiane-universitare\/"},"author":{"name":"Brikela Qelemeni","@id":"https:\/\/unkorce.edu.al\/#\/schema\/person\/faa34c53e1891c174ff76279b528558e"},"headline":"EKIPI I VOLEJBOLLIT P\u00cbR FEMRA I UNIVERSITETIT &#8220;FAN S. NOLI&#8221; U PRIT N\u00cb TAKIM NGA PREFEKTI I QARKUT, KOR\u00c7\u00cb, Z. NERTIL JOLE N\u00cb PRAG T\u00cb PJES\u00cbMARRJES N\u00cb LOJ\u00cbRAT EVROPIANE UNIVERSITARE","datePublished":"2022-07-12T06:27:00+00:00","mainEntityOfPage":{"@id":"https:\/\/unkorce.edu.al\/ekipi-i-volejbollit-per-femra-i-universitetit-fan-s-noli-u-prit-ne-takim-nga-prefekti-i-qarkut-korce-z-nertil-jole-ne-prag-te-pjesemarrjes-ne-lojerat-evropiane-universitare\/"},"wordCount":232,"commentCount":0,"publisher":{"@id":"https:\/\/unkorce.edu.al\/#organization"},"image":{"@id":"https:\/\/unkorce.edu.al\/ekipi-i-volejbollit-per-femra-i-universitetit-fan-s-noli-u-prit-ne-takim-nga-prefekti-i-qarkut-korce-z-nertil-jole-ne-prag-te-pjesemarrjes-ne-lojerat-evropiane-universitare\/#primaryimage"},"thumbnailUrl":"","articleSection":["Veprimtari studentore"],"inLanguage":"en-US","potentialAction":[{"@type":"CommentAction","name":"Comment","target":["https:\/\/unkorce.edu.al\/ekipi-i-volejbollit-per-femra-i-universitetit-fan-s-noli-u-prit-ne-takim-nga-prefekti-i-qarkut-korce-z-nertil-jole-ne-prag-te-pjesemarrjes-ne-lojerat-evropiane-universitare\/#respond"]}]},{"@type":"WebPage","@id":"https:\/\/unkorce.edu.al\/ekipi-i-volejbollit-per-femra-i-universitetit-fan-s-noli-u-prit-ne-takim-nga-prefekti-i-qarkut-korce-z-nertil-jole-ne-prag-te-pjesemarrjes-ne-lojerat-evropiane-universitare\/","url":"https:\/\/unkorce.edu.al\/ekipi-i-volejbollit-per-femra-i-universitetit-fan-s-noli-u-prit-ne-takim-nga-prefekti-i-qarkut-korce-z-nertil-jole-ne-prag-te-pjesemarrjes-ne-lojerat-evropiane-universitare\/","name":"EKIPI I VOLEJBOLLIT P\u00cbR FEMRA I UNIVERSITETIT \"FAN S. NOLI\" U PRIT N\u00cb TAKIM NGA PREFEKTI I QARKUT, KOR\u00c7\u00cb, Z. NERTIL JOLE N\u00cb PRAG T\u00cb PJES\u00cbMARRJES N\u00cb LOJ\u00cbRAT EVROPIANE UNIVERSITARE - Universiteti \"Fan S. Noli\", Kor\u00e7\u00eb","isPartOf":{"@id":"https:\/\/unkorce.edu.al\/#website"},"primaryImageOfPage":{"@id":"https:\/\/unkorce.edu.al\/ekipi-i-volejbollit-per-femra-i-universitetit-fan-s-noli-u-prit-ne-takim-nga-prefekti-i-qarkut-korce-z-nertil-jole-ne-prag-te-pjesemarrjes-ne-lojerat-evropiane-universitare\/#primaryimage"},"image":{"@id":"https:\/\/unkorce.edu.al\/ekipi-i-volejbollit-per-femra-i-universitetit-fan-s-noli-u-prit-ne-takim-nga-prefekti-i-qarkut-korce-z-nertil-jole-ne-prag-te-pjesemarrjes-ne-lojerat-evropiane-universitare\/#primaryimage"},"thumbnailUrl":"","datePublished":"2022-07-12T06:27:00+00:00","breadcrumb":{"@id":"https:\/\/unkorce.edu.al\/ekipi-i-volejbollit-per-femra-i-universitetit-fan-s-noli-u-prit-ne-takim-nga-prefekti-i-qarkut-korce-z-nertil-jole-ne-prag-te-pjesemarrjes-ne-lojerat-evropiane-universitare\/#breadcrumb"},"inLanguage":"en-US","potentialAction":[{"@type":"ReadAction","target":["https:\/\/unkorce.edu.al\/ekipi-i-volejbollit-per-femra-i-universitetit-fan-s-noli-u-prit-ne-takim-nga-prefekti-i-qarkut-korce-z-nertil-jole-ne-prag-te-pjesemarrjes-ne-lojerat-evropiane-universitare\/"]}]},{"@type":"ImageObject","inLanguage":"en-US","@id":"https:\/\/unkorce.edu.al\/ekipi-i-volejbollit-per-femra-i-universitetit-fan-s-noli-u-prit-ne-takim-nga-prefekti-i-qarkut-korce-z-nertil-jole-ne-prag-te-pjesemarrjes-ne-lojerat-evropiane-universitare\/#primaryimage","url":"","contentUrl":""},{"@type":"BreadcrumbList","@id":"https:\/\/unkorce.edu.al\/ekipi-i-volejbollit-per-femra-i-universitetit-fan-s-noli-u-prit-ne-takim-nga-prefekti-i-qarkut-korce-z-nertil-jole-ne-prag-te-pjesemarrjes-ne-lojerat-evropiane-universitare\/#breadcrumb","itemListElement":[{"@type":"ListItem","position":1,"name":"Home","item":"https:\/\/unkorce.edu.al\/"},{"@type":"ListItem","position":2,"name":"EKIPI I VOLEJBOLLIT P\u00cbR FEMRA I UNIVERSITETIT &#8220;FAN S. NOLI&#8221; U PRIT N\u00cb TAKIM NGA PREFEKTI I QARKUT, KOR\u00c7\u00cb, Z. NERTIL JOLE N\u00cb PRAG T\u00cb PJES\u00cbMARRJES N\u00cb LOJ\u00cbRAT EVROPIANE UNIVERSITARE"}]},{"@type":"WebSite","@id":"https:\/\/unkorce.edu.al\/#website","url":"https:\/\/unkorce.edu.al\/","name":"Universiteti \"Fan S. Noli\", Kor\u00e7\u00eb","description":"Mir&euml;sevini n&euml; faqen zyrtare!","publisher":{"@id":"https:\/\/unkorce.edu.al\/#organization"},"potentialAction":[{"@type":"SearchAction","target":{"@type":"EntryPoint","urlTemplate":"https:\/\/unkorce.edu.al\/?s={search_term_string}"},"query-input":{"@type":"PropertyValueSpecification","valueRequired":true,"valueName":"search_term_string"}}],"inLanguage":"en-US"},{"@type":"Organization","@id":"https:\/\/unkorce.edu.al\/#organization","name":"Universiteti \"Fan S. Noli\", Kor\u00e7\u00eb","url":"https:\/\/unkorce.edu.al\/","logo":{"@type":"ImageObject","inLanguage":"en-US","@id":"https:\/\/unkorce.edu.al\/#\/schema\/logo\/image\/","url":"https:\/\/unkorce.edu.al\/wp-content\/uploads\/2024\/08\/Logo_e_Universitetit__Fan_Noli_-e1726660879862.png","contentUrl":"https:\/\/unkorce.edu.al\/wp-content\/uploads\/2024\/08\/Logo_e_Universitetit__Fan_Noli_-e1726660879862.png","width":200,"height":120,"caption":"Universiteti \"Fan S. Noli\", Kor\u00e7\u00eb"},"image":{"@id":"https:\/\/unkorce.edu.al\/#\/schema\/logo\/image\/"},"sameAs":["https:\/\/www.facebook.com\/unkorce"]},{"@type":"Person","@id":"https:\/\/unkorce.edu.al\/#\/schema\/person\/faa34c53e1891c174ff76279b528558e","name":"Brikela Qelemeni","image":{"@type":"ImageObject","inLanguage":"en-US","@id":"https:\/\/unkorce.edu.al\/#\/schema\/person\/image\/","url":"https:\/\/secure.gravatar.com\/avatar\/6c1805558a9218503040c8b9055763822c6184a1cd600127210a9abbc5aaea04?s=96&d=mm&r=g","contentUrl":"https:\/\/secure.gravatar.com\/avatar\/6c1805558a9218503040c8b9055763822c6184a1cd600127210a9abbc5aaea04?s=96&d=mm&r=g","caption":"Brikela Qelemeni"},"url":"https:\/\/unkorce.edu.al\/en\/author\/brikela\/"}]}},"_links":{"self":[{"href":"https:\/\/unkorce.edu.al\/en\/wp-json\/wp\/v2\/posts\/12789","targetHints":{"allow":["GET"]}}],"collection":[{"href":"https:\/\/unkorce.edu.al\/en\/wp-json\/wp\/v2\/posts"}],"about":[{"href":"https:\/\/unkorce.edu.al\/en\/wp-json\/wp\/v2\/types\/post"}],"author":[{"embeddable":true,"href":"https:\/\/unkorce.edu.al\/en\/wp-json\/wp\/v2\/users\/2"}],"replies":[{"embeddable":true,"href":"https:\/\/unkorce.edu.al\/en\/wp-json\/wp\/v2\/comments?post=12789"}],"version-history":[{"count":0,"href":"https:\/\/unkorce.edu.al\/en\/wp-json\/wp\/v2\/posts\/12789\/revisions"}],"wp:featuredmedia":[{"embeddable":true,"href":"https:\/\/unkorce.edu.al\/en\/wp-json\/"}],"wp:attachment":[{"href":"https:\/\/unkorce.edu.al\/en\/wp-json\/wp\/v2\/media?parent=12789"}],"wp:term":[{"taxonomy":"category","embeddable":true,"href":"https:\/\/unkorce.edu.al\/en\/wp-json\/wp\/v2\/categories?post=12789"},{"taxonomy":"post_tag","embeddable":true,"href":"https:\/\/unkorce.edu.al\/en\/wp-json\/wp\/v2\/tags?post=12789"}],"curies":[{"name":"wp","href":"https:\/\/api.w.org\/{rel}","templated":true}]}}