{"id":12661,"date":"2021-11-26T11:13:00","date_gmt":"2021-11-26T11:13:00","guid":{"rendered":"https:\/\/unkorce.edu.al\/?p=12661"},"modified":"2021-11-26T11:13:00","modified_gmt":"2021-11-26T11:13:00","slug":"rektori-i-universitetit-fan-s-noli-dhe-autoritete-te-tjera-drejtuese-te-institucionit-zhvilluan-nje-vizite-pune-ne-universitetin-e-janines-greqi-2","status":"publish","type":"post","link":"https:\/\/unkorce.edu.al\/en\/rektori-i-universitetit-fan-s-noli-dhe-autoritete-te-tjera-drejtuese-te-institucionit-zhvilluan-nje-vizite-pune-ne-universitetin-e-janines-greqi-2\/","title":{"rendered":"REKTORI I UNIVERSITETIT &#8220;FAN S. NOLI&#8221; DHE AUTORITETE T\u00cb TJERA DREJTUESE T\u00cb INSTITUCIONIT ZHVILLUAN NJ\u00cb VIZIT\u00cb PUNE N\u00cb UNIVERSITETIN E JANIN\u00cbS, GREQI"},"content":{"rendered":"<p>N\u00eb dat\u00ebn 26 n\u00ebntor 2021, rektori i Universitetit \u201cFan S. Noli\u201d, prof. dr. Dhimitri Bello dhe autoritete t\u00eb tjera drejtuese t\u00eb Universitetit zhvilluan nj\u00eb vizit\u00eb pune n\u00eb Universitetin e Janin\u00ebs, Greqi. Q\u00ebllimi i takimit ishte konkretizimi dhe zgjerimi i bashk\u00ebpunimit midis dy universiteteve.<\/p>\n\n\n\n<p>Pas fjal\u00ebs s\u00eb mir\u00ebseardhjes nga rektori i Universitetit t\u00eb Janin\u00ebs, prof. dr. Triantafyllos Almpanis, rektori Universitetit \u201cFan S. Noli\u201d, nd\u00ebr t\u00eb tjera, vuri theksin n\u00eb krijimin e hap\u00ebsirave dhe gjetjen e mund\u00ebsive p\u00ebr nd\u00ebrkomb\u00ebtarizimin e m\u00ebtejsh\u00ebm t\u00eb institucionit q\u00eb p\u00ebrfaq\u00ebson, si dhe p\u00ebr rritjen dhe forcimin e bashk\u00ebpunimit dhe lidhjeve me universitetet e vendeve t\u00eb Bashkimit Evropian, ku b\u00ebn pjes\u00eb edhe Greqia.<\/p>\n\n\n\n<p>Gjat\u00eb takimit z\u00ebvend\u00ebsrektori p\u00ebr projektet dhe shkenc\u00ebn n\u00eb Universitetin \u201cFan S. Noli\u201d, dr. Benita Stavre dhe rektori i Universitetit t\u00eb Janin\u00ebs, prof. dr. Triantafyllos Almpanis b\u00ebn\u00eb nj\u00eb prezantim t\u00eb veprimtaris\u00eb q\u00eb zhvillon secili universitet. M\u00eb pas, biseda u fokusua n\u00eb detajimin e bashk\u00ebpunimit n\u00eb kuad\u00ebr t\u00eb veprimtarive k\u00ebrkimore, shk\u00ebmbimin e stafit dhe student\u00ebve, zhvillimin e programeve t\u00eb doktoraturave pran\u00eb Universitetit t\u00eb Janin\u00ebs, si dhe krijimi i aksesit t\u00eb stafit akademik n\u00eb bibliotek\u00ebn digjitale t\u00eb k\u00ebtij universiteti. Gjat\u00eb k\u00ebsaj vizite u zhvilluan edhe takime n\u00eb grupe me baz\u00eb fakulteti.<\/p>\n\n\n\n<p>N\u00eb fund, delegacioni i Universitetit \u201cFan S. Noli\u201d vizitoi edhe mjediset e bibliotek\u00ebs s\u00eb Universitetit t\u00eb Janin\u00ebs, ku u njoh me fondin e pasur t\u00eb saj, si: libra, artikuj shkencor\u00eb dhe dor\u00ebshkrime, si dhe me m\u00ebnyr\u00ebn e funksionimit t\u00eb k\u00ebsaj biblioteke.<\/p>\n\n\n\n<figure class=\"wp-block-gallery has-nested-images columns-default is-cropped wp-block-gallery-1 is-layout-flex wp-block-gallery-is-layout-flex\">\n<figure class=\"wp-block-image size-large\"><img decoding=\"async\" data-id=\"12666\" src=\"https:\/\/unkorce.edu.al\/wp-content\/uploads\/2022\/07\/1-45-1024x683.jpg\" alt=\"\" class=\"wp-image-12666\"\/><\/figure>\n\n\n\n<figure class=\"wp-block-image size-large\"><img decoding=\"async\" data-id=\"12663\" src=\"https:\/\/unkorce.edu.al\/wp-content\/uploads\/2022\/07\/2-44-1024x683.jpg\" alt=\"\" class=\"wp-image-12663\"\/><\/figure>\n\n\n\n<figure class=\"wp-block-image size-large\"><img decoding=\"async\" data-id=\"12662\" src=\"https:\/\/unkorce.edu.al\/wp-content\/uploads\/2022\/07\/4-30-1024x678.jpg\" alt=\"\" class=\"wp-image-12662\"\/><\/figure>\n\n\n\n<figure class=\"wp-block-image size-large\"><img decoding=\"async\" data-id=\"12664\" src=\"https:\/\/unkorce.edu.al\/wp-content\/uploads\/2022\/07\/5-29-1024x678.jpg\" alt=\"\" class=\"wp-image-12664\"\/><\/figure>\n\n\n\n<figure class=\"wp-block-image size-large\"><img decoding=\"async\" data-id=\"12667\" src=\"https:\/\/unkorce.edu.al\/wp-content\/uploads\/2022\/07\/7-19-1024x683.jpg\" alt=\"\" class=\"wp-image-12667\"\/><\/figure>\n\n\n\n<figure class=\"wp-block-image size-large\"><img decoding=\"async\" data-id=\"12665\" src=\"https:\/\/unkorce.edu.al\/wp-content\/uploads\/2022\/07\/8-18-1024x683.jpg\" alt=\"\" class=\"wp-image-12665\"\/><\/figure>\n\n\n\n<figure class=\"wp-block-image size-large\"><img decoding=\"async\" data-id=\"12668\" src=\"https:\/\/unkorce.edu.al\/wp-content\/uploads\/2022\/07\/9-16-1024x683.jpg\" alt=\"\" class=\"wp-image-12668\"\/><\/figure>\n\n\n\n<figure class=\"wp-block-image size-large\"><img decoding=\"async\" data-id=\"12671\" src=\"https:\/\/unkorce.edu.al\/wp-content\/uploads\/2022\/07\/11-3-1024x683.jpg\" alt=\"\" class=\"wp-image-12671\"\/><\/figure>\n\n\n\n<figure class=\"wp-block-image size-large\"><img decoding=\"async\" data-id=\"12670\" src=\"https:\/\/unkorce.edu.al\/wp-content\/uploads\/2022\/07\/13-6-1024x683.jpg\" alt=\"\" class=\"wp-image-12670\"\/><\/figure>\n\n\n\n<figure class=\"wp-block-image size-large\"><img decoding=\"async\" data-id=\"12669\" src=\"https:\/\/unkorce.edu.al\/wp-content\/uploads\/2022\/07\/14-4-1024x683.jpg\" alt=\"\" class=\"wp-image-12669\"\/><\/figure>\n<\/figure>","protected":false},"excerpt":{"rendered":"<p>N\u00eb dat\u00ebn 26 n\u00ebntor 2021, rektori i Universitetit \u201cFan S. Noli\u201d, prof. dr. Dhimitri Bello dhe autoritete t\u00eb tjera drejtuese t\u00eb Universitetit zhvilluan nj\u00eb vizit\u00eb pune n\u00eb Universitetin e Janin\u00ebs, Greqi. Q\u00ebllimi i takimit ishte konkretizimi dhe zgjerimi i bashk\u00ebpunimit midis dy universiteteve. Pas fjal\u00ebs s\u00eb mir\u00ebseardhjes nga rektori i Universitetit t\u00eb Janin\u00ebs, prof. dr&#8230;.<\/p>","protected":false},"author":2,"featured_media":12668,"comment_status":"open","ping_status":"open","sticky":false,"template":"","format":"standard","meta":{"_acf_changed":false,"footnotes":""},"categories":[1],"tags":[],"class_list":["post-12661","post","type-post","status-publish","format-standard","has-post-thumbnail","hentry","category-uncategorized"],"acf":[],"yoast_head":"<!-- This site is optimized with the Yoast SEO plugin v26.9 - https:\/\/yoast.com\/product\/yoast-seo-wordpress\/ -->\n<title>REKTORI I UNIVERSITETIT &quot;FAN S. NOLI&quot; DHE AUTORITETE T\u00cb TJERA DREJTUESE T\u00cb INSTITUCIONIT ZHVILLUAN NJ\u00cb VIZIT\u00cb PUNE N\u00cb UNIVERSITETIN E JANIN\u00cbS, GREQI - Universiteti &quot;Fan S. Noli&quot;, Kor\u00e7\u00eb<\/title>\n<meta name=\"robots\" content=\"index, follow, max-snippet:-1, max-image-preview:large, max-video-preview:-1\" \/>\n<link rel=\"canonical\" href=\"https:\/\/unkorce.edu.al\/en\/rektori-i-universitetit-fan-s-noli-dhe-autoritete-te-tjera-drejtuese-te-institucionit-zhvilluan-nje-vizite-pune-ne-universitetin-e-janines-greqi-2\/\" \/>\n<meta property=\"og:locale\" content=\"en_US\" \/>\n<meta property=\"og:type\" content=\"article\" \/>\n<meta property=\"og:title\" content=\"REKTORI I UNIVERSITETIT &quot;FAN S. NOLI&quot; DHE AUTORITETE T\u00cb TJERA DREJTUESE T\u00cb INSTITUCIONIT ZHVILLUAN NJ\u00cb VIZIT\u00cb PUNE N\u00cb UNIVERSITETIN E JANIN\u00cbS, GREQI - Universiteti &quot;Fan S. Noli&quot;, Kor\u00e7\u00eb\" \/>\n<meta property=\"og:description\" content=\"N\u00eb dat\u00ebn 26 n\u00ebntor 2021, rektori i Universitetit \u201cFan S. Noli\u201d, prof. dr. Dhimitri Bello dhe autoritete t\u00eb tjera drejtuese t\u00eb Universitetit zhvilluan nj\u00eb vizit\u00eb pune n\u00eb Universitetin e Janin\u00ebs, Greqi. Q\u00ebllimi i takimit ishte konkretizimi dhe zgjerimi i bashk\u00ebpunimit midis dy universiteteve. Pas fjal\u00ebs s\u00eb mir\u00ebseardhjes nga rektori i Universitetit t\u00eb Janin\u00ebs, prof. dr....\" \/>\n<meta property=\"og:url\" content=\"https:\/\/unkorce.edu.al\/en\/rektori-i-universitetit-fan-s-noli-dhe-autoritete-te-tjera-drejtuese-te-institucionit-zhvilluan-nje-vizite-pune-ne-universitetin-e-janines-greqi-2\/\" \/>\n<meta property=\"og:site_name\" content=\"Universiteti &quot;Fan S. Noli&quot;, Kor\u00e7\u00eb\" \/>\n<meta property=\"article:publisher\" content=\"https:\/\/www.facebook.com\/unkorce\" \/>\n<meta property=\"article:published_time\" content=\"2021-11-26T11:13:00+00:00\" \/>\n<meta name=\"author\" content=\"Brikela Qelemeni\" \/>\n<meta name=\"twitter:card\" content=\"summary_large_image\" \/>\n<meta name=\"twitter:label1\" content=\"Written by\" \/>\n\t<meta name=\"twitter:data1\" content=\"Brikela Qelemeni\" \/>\n\t<meta name=\"twitter:label2\" content=\"Est. reading time\" \/>\n\t<meta name=\"twitter:data2\" content=\"1 minute\" \/>\n<script type=\"application\/ld+json\" class=\"yoast-schema-graph\">{\"@context\":\"https:\/\/schema.org\",\"@graph\":[{\"@type\":\"Article\",\"@id\":\"https:\/\/unkorce.edu.al\/rektori-i-universitetit-fan-s-noli-dhe-autoritete-te-tjera-drejtuese-te-institucionit-zhvilluan-nje-vizite-pune-ne-universitetin-e-janines-greqi-2\/#article\",\"isPartOf\":{\"@id\":\"https:\/\/unkorce.edu.al\/rektori-i-universitetit-fan-s-noli-dhe-autoritete-te-tjera-drejtuese-te-institucionit-zhvilluan-nje-vizite-pune-ne-universitetin-e-janines-greqi-2\/\"},\"author\":{\"name\":\"Brikela Qelemeni\",\"@id\":\"https:\/\/unkorce.edu.al\/#\/schema\/person\/faa34c53e1891c174ff76279b528558e\"},\"headline\":\"REKTORI I UNIVERSITETIT &#8220;FAN S. NOLI&#8221; DHE AUTORITETE T\u00cb TJERA DREJTUESE T\u00cb INSTITUCIONIT ZHVILLUAN NJ\u00cb VIZIT\u00cb PUNE N\u00cb UNIVERSITETIN E JANIN\u00cbS, GREQI\",\"datePublished\":\"2021-11-26T11:13:00+00:00\",\"mainEntityOfPage\":{\"@id\":\"https:\/\/unkorce.edu.al\/rektori-i-universitetit-fan-s-noli-dhe-autoritete-te-tjera-drejtuese-te-institucionit-zhvilluan-nje-vizite-pune-ne-universitetin-e-janines-greqi-2\/\"},\"wordCount\":297,\"commentCount\":0,\"publisher\":{\"@id\":\"https:\/\/unkorce.edu.al\/#organization\"},\"image\":{\"@id\":\"https:\/\/unkorce.edu.al\/rektori-i-universitetit-fan-s-noli-dhe-autoritete-te-tjera-drejtuese-te-institucionit-zhvilluan-nje-vizite-pune-ne-universitetin-e-janines-greqi-2\/#primaryimage\"},\"thumbnailUrl\":\"\",\"inLanguage\":\"en-US\",\"potentialAction\":[{\"@type\":\"CommentAction\",\"name\":\"Comment\",\"target\":[\"https:\/\/unkorce.edu.al\/rektori-i-universitetit-fan-s-noli-dhe-autoritete-te-tjera-drejtuese-te-institucionit-zhvilluan-nje-vizite-pune-ne-universitetin-e-janines-greqi-2\/#respond\"]}]},{\"@type\":\"WebPage\",\"@id\":\"https:\/\/unkorce.edu.al\/rektori-i-universitetit-fan-s-noli-dhe-autoritete-te-tjera-drejtuese-te-institucionit-zhvilluan-nje-vizite-pune-ne-universitetin-e-janines-greqi-2\/\",\"url\":\"https:\/\/unkorce.edu.al\/rektori-i-universitetit-fan-s-noli-dhe-autoritete-te-tjera-drejtuese-te-institucionit-zhvilluan-nje-vizite-pune-ne-universitetin-e-janines-greqi-2\/\",\"name\":\"REKTORI I UNIVERSITETIT \\\"FAN S. NOLI\\\" DHE AUTORITETE T\u00cb TJERA DREJTUESE T\u00cb INSTITUCIONIT ZHVILLUAN NJ\u00cb VIZIT\u00cb PUNE N\u00cb UNIVERSITETIN E JANIN\u00cbS, GREQI - Universiteti \\\"Fan S. Noli\\\", Kor\u00e7\u00eb\",\"isPartOf\":{\"@id\":\"https:\/\/unkorce.edu.al\/#website\"},\"primaryImageOfPage\":{\"@id\":\"https:\/\/unkorce.edu.al\/rektori-i-universitetit-fan-s-noli-dhe-autoritete-te-tjera-drejtuese-te-institucionit-zhvilluan-nje-vizite-pune-ne-universitetin-e-janines-greqi-2\/#primaryimage\"},\"image\":{\"@id\":\"https:\/\/unkorce.edu.al\/rektori-i-universitetit-fan-s-noli-dhe-autoritete-te-tjera-drejtuese-te-institucionit-zhvilluan-nje-vizite-pune-ne-universitetin-e-janines-greqi-2\/#primaryimage\"},\"thumbnailUrl\":\"\",\"datePublished\":\"2021-11-26T11:13:00+00:00\",\"breadcrumb\":{\"@id\":\"https:\/\/unkorce.edu.al\/rektori-i-universitetit-fan-s-noli-dhe-autoritete-te-tjera-drejtuese-te-institucionit-zhvilluan-nje-vizite-pune-ne-universitetin-e-janines-greqi-2\/#breadcrumb\"},\"inLanguage\":\"en-US\",\"potentialAction\":[{\"@type\":\"ReadAction\",\"target\":[\"https:\/\/unkorce.edu.al\/rektori-i-universitetit-fan-s-noli-dhe-autoritete-te-tjera-drejtuese-te-institucionit-zhvilluan-nje-vizite-pune-ne-universitetin-e-janines-greqi-2\/\"]}]},{\"@type\":\"ImageObject\",\"inLanguage\":\"en-US\",\"@id\":\"https:\/\/unkorce.edu.al\/rektori-i-universitetit-fan-s-noli-dhe-autoritete-te-tjera-drejtuese-te-institucionit-zhvilluan-nje-vizite-pune-ne-universitetin-e-janines-greqi-2\/#primaryimage\",\"url\":\"\",\"contentUrl\":\"\"},{\"@type\":\"BreadcrumbList\",\"@id\":\"https:\/\/unkorce.edu.al\/rektori-i-universitetit-fan-s-noli-dhe-autoritete-te-tjera-drejtuese-te-institucionit-zhvilluan-nje-vizite-pune-ne-universitetin-e-janines-greqi-2\/#breadcrumb\",\"itemListElement\":[{\"@type\":\"ListItem\",\"position\":1,\"name\":\"Home\",\"item\":\"https:\/\/unkorce.edu.al\/\"},{\"@type\":\"ListItem\",\"position\":2,\"name\":\"REKTORI I UNIVERSITETIT &#8220;FAN S. NOLI&#8221; DHE AUTORITETE T\u00cb TJERA DREJTUESE T\u00cb INSTITUCIONIT ZHVILLUAN NJ\u00cb VIZIT\u00cb PUNE N\u00cb UNIVERSITETIN E JANIN\u00cbS, GREQI\"}]},{\"@type\":\"WebSite\",\"@id\":\"https:\/\/unkorce.edu.al\/#website\",\"url\":\"https:\/\/unkorce.edu.al\/\",\"name\":\"Universiteti \\\"Fan S. Noli\\\", Kor\u00e7\u00eb\",\"description\":\"Mir&euml;sevini n&euml; faqen zyrtare!\",\"publisher\":{\"@id\":\"https:\/\/unkorce.edu.al\/#organization\"},\"potentialAction\":[{\"@type\":\"SearchAction\",\"target\":{\"@type\":\"EntryPoint\",\"urlTemplate\":\"https:\/\/unkorce.edu.al\/?s={search_term_string}\"},\"query-input\":{\"@type\":\"PropertyValueSpecification\",\"valueRequired\":true,\"valueName\":\"search_term_string\"}}],\"inLanguage\":\"en-US\"},{\"@type\":\"Organization\",\"@id\":\"https:\/\/unkorce.edu.al\/#organization\",\"name\":\"Universiteti \\\"Fan S. Noli\\\", Kor\u00e7\u00eb\",\"url\":\"https:\/\/unkorce.edu.al\/\",\"logo\":{\"@type\":\"ImageObject\",\"inLanguage\":\"en-US\",\"@id\":\"https:\/\/unkorce.edu.al\/#\/schema\/logo\/image\/\",\"url\":\"https:\/\/unkorce.edu.al\/wp-content\/uploads\/2024\/08\/Logo_e_Universitetit__Fan_Noli_-e1726660879862.png\",\"contentUrl\":\"https:\/\/unkorce.edu.al\/wp-content\/uploads\/2024\/08\/Logo_e_Universitetit__Fan_Noli_-e1726660879862.png\",\"width\":200,\"height\":120,\"caption\":\"Universiteti \\\"Fan S. Noli\\\", Kor\u00e7\u00eb\"},\"image\":{\"@id\":\"https:\/\/unkorce.edu.al\/#\/schema\/logo\/image\/\"},\"sameAs\":[\"https:\/\/www.facebook.com\/unkorce\"]},{\"@type\":\"Person\",\"@id\":\"https:\/\/unkorce.edu.al\/#\/schema\/person\/faa34c53e1891c174ff76279b528558e\",\"name\":\"Brikela Qelemeni\",\"image\":{\"@type\":\"ImageObject\",\"inLanguage\":\"en-US\",\"@id\":\"https:\/\/unkorce.edu.al\/#\/schema\/person\/image\/\",\"url\":\"https:\/\/secure.gravatar.com\/avatar\/6c1805558a9218503040c8b9055763822c6184a1cd600127210a9abbc5aaea04?s=96&d=mm&r=g\",\"contentUrl\":\"https:\/\/secure.gravatar.com\/avatar\/6c1805558a9218503040c8b9055763822c6184a1cd600127210a9abbc5aaea04?s=96&d=mm&r=g\",\"caption\":\"Brikela Qelemeni\"},\"url\":\"https:\/\/unkorce.edu.al\/en\/author\/brikela\/\"}]}<\/script>\n<!-- \/ Yoast SEO plugin. -->","yoast_head_json":{"title":"REKTORI I UNIVERSITETIT \"FAN S. NOLI\" DHE AUTORITETE T\u00cb TJERA DREJTUESE T\u00cb INSTITUCIONIT ZHVILLUAN NJ\u00cb VIZIT\u00cb PUNE N\u00cb UNIVERSITETIN E JANIN\u00cbS, GREQI - Universiteti \"Fan S. Noli\", Kor\u00e7\u00eb","robots":{"index":"index","follow":"follow","max-snippet":"max-snippet:-1","max-image-preview":"max-image-preview:large","max-video-preview":"max-video-preview:-1"},"canonical":"https:\/\/unkorce.edu.al\/en\/rektori-i-universitetit-fan-s-noli-dhe-autoritete-te-tjera-drejtuese-te-institucionit-zhvilluan-nje-vizite-pune-ne-universitetin-e-janines-greqi-2\/","og_locale":"en_US","og_type":"article","og_title":"REKTORI I UNIVERSITETIT \"FAN S. NOLI\" DHE AUTORITETE T\u00cb TJERA DREJTUESE T\u00cb INSTITUCIONIT ZHVILLUAN NJ\u00cb VIZIT\u00cb PUNE N\u00cb UNIVERSITETIN E JANIN\u00cbS, GREQI - Universiteti \"Fan S. Noli\", Kor\u00e7\u00eb","og_description":"N\u00eb dat\u00ebn 26 n\u00ebntor 2021, rektori i Universitetit \u201cFan S. Noli\u201d, prof. dr. Dhimitri Bello dhe autoritete t\u00eb tjera drejtuese t\u00eb Universitetit zhvilluan nj\u00eb vizit\u00eb pune n\u00eb Universitetin e Janin\u00ebs, Greqi. Q\u00ebllimi i takimit ishte konkretizimi dhe zgjerimi i bashk\u00ebpunimit midis dy universiteteve. Pas fjal\u00ebs s\u00eb mir\u00ebseardhjes nga rektori i Universitetit t\u00eb Janin\u00ebs, prof. dr....","og_url":"https:\/\/unkorce.edu.al\/en\/rektori-i-universitetit-fan-s-noli-dhe-autoritete-te-tjera-drejtuese-te-institucionit-zhvilluan-nje-vizite-pune-ne-universitetin-e-janines-greqi-2\/","og_site_name":"Universiteti \"Fan S. Noli\", Kor\u00e7\u00eb","article_publisher":"https:\/\/www.facebook.com\/unkorce","article_published_time":"2021-11-26T11:13:00+00:00","author":"Brikela Qelemeni","twitter_card":"summary_large_image","twitter_misc":{"Written by":"Brikela Qelemeni","Est. reading time":"1 minute"},"schema":{"@context":"https:\/\/schema.org","@graph":[{"@type":"Article","@id":"https:\/\/unkorce.edu.al\/rektori-i-universitetit-fan-s-noli-dhe-autoritete-te-tjera-drejtuese-te-institucionit-zhvilluan-nje-vizite-pune-ne-universitetin-e-janines-greqi-2\/#article","isPartOf":{"@id":"https:\/\/unkorce.edu.al\/rektori-i-universitetit-fan-s-noli-dhe-autoritete-te-tjera-drejtuese-te-institucionit-zhvilluan-nje-vizite-pune-ne-universitetin-e-janines-greqi-2\/"},"author":{"name":"Brikela Qelemeni","@id":"https:\/\/unkorce.edu.al\/#\/schema\/person\/faa34c53e1891c174ff76279b528558e"},"headline":"REKTORI I UNIVERSITETIT &#8220;FAN S. NOLI&#8221; DHE AUTORITETE T\u00cb TJERA DREJTUESE T\u00cb INSTITUCIONIT ZHVILLUAN NJ\u00cb VIZIT\u00cb PUNE N\u00cb UNIVERSITETIN E JANIN\u00cbS, GREQI","datePublished":"2021-11-26T11:13:00+00:00","mainEntityOfPage":{"@id":"https:\/\/unkorce.edu.al\/rektori-i-universitetit-fan-s-noli-dhe-autoritete-te-tjera-drejtuese-te-institucionit-zhvilluan-nje-vizite-pune-ne-universitetin-e-janines-greqi-2\/"},"wordCount":297,"commentCount":0,"publisher":{"@id":"https:\/\/unkorce.edu.al\/#organization"},"image":{"@id":"https:\/\/unkorce.edu.al\/rektori-i-universitetit-fan-s-noli-dhe-autoritete-te-tjera-drejtuese-te-institucionit-zhvilluan-nje-vizite-pune-ne-universitetin-e-janines-greqi-2\/#primaryimage"},"thumbnailUrl":"","inLanguage":"en-US","potentialAction":[{"@type":"CommentAction","name":"Comment","target":["https:\/\/unkorce.edu.al\/rektori-i-universitetit-fan-s-noli-dhe-autoritete-te-tjera-drejtuese-te-institucionit-zhvilluan-nje-vizite-pune-ne-universitetin-e-janines-greqi-2\/#respond"]}]},{"@type":"WebPage","@id":"https:\/\/unkorce.edu.al\/rektori-i-universitetit-fan-s-noli-dhe-autoritete-te-tjera-drejtuese-te-institucionit-zhvilluan-nje-vizite-pune-ne-universitetin-e-janines-greqi-2\/","url":"https:\/\/unkorce.edu.al\/rektori-i-universitetit-fan-s-noli-dhe-autoritete-te-tjera-drejtuese-te-institucionit-zhvilluan-nje-vizite-pune-ne-universitetin-e-janines-greqi-2\/","name":"REKTORI I UNIVERSITETIT \"FAN S. NOLI\" DHE AUTORITETE T\u00cb TJERA DREJTUESE T\u00cb INSTITUCIONIT ZHVILLUAN NJ\u00cb VIZIT\u00cb PUNE N\u00cb UNIVERSITETIN E JANIN\u00cbS, GREQI - Universiteti \"Fan S. Noli\", Kor\u00e7\u00eb","isPartOf":{"@id":"https:\/\/unkorce.edu.al\/#website"},"primaryImageOfPage":{"@id":"https:\/\/unkorce.edu.al\/rektori-i-universitetit-fan-s-noli-dhe-autoritete-te-tjera-drejtuese-te-institucionit-zhvilluan-nje-vizite-pune-ne-universitetin-e-janines-greqi-2\/#primaryimage"},"image":{"@id":"https:\/\/unkorce.edu.al\/rektori-i-universitetit-fan-s-noli-dhe-autoritete-te-tjera-drejtuese-te-institucionit-zhvilluan-nje-vizite-pune-ne-universitetin-e-janines-greqi-2\/#primaryimage"},"thumbnailUrl":"","datePublished":"2021-11-26T11:13:00+00:00","breadcrumb":{"@id":"https:\/\/unkorce.edu.al\/rektori-i-universitetit-fan-s-noli-dhe-autoritete-te-tjera-drejtuese-te-institucionit-zhvilluan-nje-vizite-pune-ne-universitetin-e-janines-greqi-2\/#breadcrumb"},"inLanguage":"en-US","potentialAction":[{"@type":"ReadAction","target":["https:\/\/unkorce.edu.al\/rektori-i-universitetit-fan-s-noli-dhe-autoritete-te-tjera-drejtuese-te-institucionit-zhvilluan-nje-vizite-pune-ne-universitetin-e-janines-greqi-2\/"]}]},{"@type":"ImageObject","inLanguage":"en-US","@id":"https:\/\/unkorce.edu.al\/rektori-i-universitetit-fan-s-noli-dhe-autoritete-te-tjera-drejtuese-te-institucionit-zhvilluan-nje-vizite-pune-ne-universitetin-e-janines-greqi-2\/#primaryimage","url":"","contentUrl":""},{"@type":"BreadcrumbList","@id":"https:\/\/unkorce.edu.al\/rektori-i-universitetit-fan-s-noli-dhe-autoritete-te-tjera-drejtuese-te-institucionit-zhvilluan-nje-vizite-pune-ne-universitetin-e-janines-greqi-2\/#breadcrumb","itemListElement":[{"@type":"ListItem","position":1,"name":"Home","item":"https:\/\/unkorce.edu.al\/"},{"@type":"ListItem","position":2,"name":"REKTORI I UNIVERSITETIT &#8220;FAN S. NOLI&#8221; DHE AUTORITETE T\u00cb TJERA DREJTUESE T\u00cb INSTITUCIONIT ZHVILLUAN NJ\u00cb VIZIT\u00cb PUNE N\u00cb UNIVERSITETIN E JANIN\u00cbS, GREQI"}]},{"@type":"WebSite","@id":"https:\/\/unkorce.edu.al\/#website","url":"https:\/\/unkorce.edu.al\/","name":"Universiteti \"Fan S. Noli\", Kor\u00e7\u00eb","description":"Mir&euml;sevini n&euml; faqen zyrtare!","publisher":{"@id":"https:\/\/unkorce.edu.al\/#organization"},"potentialAction":[{"@type":"SearchAction","target":{"@type":"EntryPoint","urlTemplate":"https:\/\/unkorce.edu.al\/?s={search_term_string}"},"query-input":{"@type":"PropertyValueSpecification","valueRequired":true,"valueName":"search_term_string"}}],"inLanguage":"en-US"},{"@type":"Organization","@id":"https:\/\/unkorce.edu.al\/#organization","name":"Universiteti \"Fan S. Noli\", Kor\u00e7\u00eb","url":"https:\/\/unkorce.edu.al\/","logo":{"@type":"ImageObject","inLanguage":"en-US","@id":"https:\/\/unkorce.edu.al\/#\/schema\/logo\/image\/","url":"https:\/\/unkorce.edu.al\/wp-content\/uploads\/2024\/08\/Logo_e_Universitetit__Fan_Noli_-e1726660879862.png","contentUrl":"https:\/\/unkorce.edu.al\/wp-content\/uploads\/2024\/08\/Logo_e_Universitetit__Fan_Noli_-e1726660879862.png","width":200,"height":120,"caption":"Universiteti \"Fan S. Noli\", Kor\u00e7\u00eb"},"image":{"@id":"https:\/\/unkorce.edu.al\/#\/schema\/logo\/image\/"},"sameAs":["https:\/\/www.facebook.com\/unkorce"]},{"@type":"Person","@id":"https:\/\/unkorce.edu.al\/#\/schema\/person\/faa34c53e1891c174ff76279b528558e","name":"Brikela Qelemeni","image":{"@type":"ImageObject","inLanguage":"en-US","@id":"https:\/\/unkorce.edu.al\/#\/schema\/person\/image\/","url":"https:\/\/secure.gravatar.com\/avatar\/6c1805558a9218503040c8b9055763822c6184a1cd600127210a9abbc5aaea04?s=96&d=mm&r=g","contentUrl":"https:\/\/secure.gravatar.com\/avatar\/6c1805558a9218503040c8b9055763822c6184a1cd600127210a9abbc5aaea04?s=96&d=mm&r=g","caption":"Brikela Qelemeni"},"url":"https:\/\/unkorce.edu.al\/en\/author\/brikela\/"}]}},"_links":{"self":[{"href":"https:\/\/unkorce.edu.al\/en\/wp-json\/wp\/v2\/posts\/12661","targetHints":{"allow":["GET"]}}],"collection":[{"href":"https:\/\/unkorce.edu.al\/en\/wp-json\/wp\/v2\/posts"}],"about":[{"href":"https:\/\/unkorce.edu.al\/en\/wp-json\/wp\/v2\/types\/post"}],"author":[{"embeddable":true,"href":"https:\/\/unkorce.edu.al\/en\/wp-json\/wp\/v2\/users\/2"}],"replies":[{"embeddable":true,"href":"https:\/\/unkorce.edu.al\/en\/wp-json\/wp\/v2\/comments?post=12661"}],"version-history":[{"count":0,"href":"https:\/\/unkorce.edu.al\/en\/wp-json\/wp\/v2\/posts\/12661\/revisions"}],"wp:featuredmedia":[{"embeddable":true,"href":"https:\/\/unkorce.edu.al\/en\/wp-json\/"}],"wp:attachment":[{"href":"https:\/\/unkorce.edu.al\/en\/wp-json\/wp\/v2\/media?parent=12661"}],"wp:term":[{"taxonomy":"category","embeddable":true,"href":"https:\/\/unkorce.edu.al\/en\/wp-json\/wp\/v2\/categories?post=12661"},{"taxonomy":"post_tag","embeddable":true,"href":"https:\/\/unkorce.edu.al\/en\/wp-json\/wp\/v2\/tags?post=12661"}],"curies":[{"name":"wp","href":"https:\/\/api.w.org\/{rel}","templated":true}]}}