{"id":12467,"date":"2021-11-15T09:41:00","date_gmt":"2021-11-15T09:41:00","guid":{"rendered":"https:\/\/unkorce.edu.al\/?p=12467"},"modified":"2021-11-15T09:41:00","modified_gmt":"2021-11-15T09:41:00","slug":"debatit-universitar-prezantohet-per-studentet-e-universitetit-fan-s-noli","status":"publish","type":"post","link":"https:\/\/unkorce.edu.al\/en\/debatit-universitar-prezantohet-per-studentet-e-universitetit-fan-s-noli\/","title":{"rendered":"\u201cDEBATI UNIVERSITAR\u201d PREZANTOHET P\u00cbR STUDENT\u00cbT E UNIVERSITETIT \u201cFAN S. NOLI\u201d"},"content":{"rendered":"<p>N\u00eb dat\u00ebn 15 n\u00ebntor 2021, student\u00ebt e Universitetit t\u00eb Kor\u00e7\u00ebs u njoh\u00ebn me Programin Komb\u00ebtar t\u00eb Debatit Universitar, i cili ka p\u00ebr q\u00ebllim t\u00eb fuqizoj\u00eb t\u00eb rinjt\u00eb q\u00eb t\u00eb jen\u00eb qytetar\u00eb proaktiv\u00eb, t\u00eb mir\u00ebinformuar, t\u00eb zot\u00ebrojn\u00eb kompetenca t\u00eb t\u00eb folurit n\u00eb publik etj.&nbsp;<\/p>\n\n\n\n<p>Prezantimin e b\u00ebri specialist i Qendr\u00ebs s\u00eb Karrier\u00ebs dhe Alumnit, Universiteti &#8220;Fan S. Noli&#8221;, z. Romeo Terolli dhe n\u00eb t\u00eb mor\u00ebn pjes\u00eb student\u00eb t\u00eb t\u00eb gjitha cikleve t\u00eb studimit. N\u00eb k\u00ebt\u00eb prezantim ishte e pranishme edhe z\u00ebvend\u00ebsrektorja p\u00ebr projektet dhe shkenc\u00ebn n\u00eb UNIKO, dr. Benita Stavre, e cila tha se iniciativa t\u00eb tilla nxisin student\u00ebt t\u00eb marrin pjes\u00eb n\u00eb proceset vendimmarr\u00ebse n\u00eb komunitetin e tyre dhe n\u00eb jet\u00ebn publike, duke i ftuar ata t\u00eb angazhohen n\u00eb veprimtarite e ndryshme q\u00eb organizohen n\u00eb Universitet.<\/p>\n\n\n\n<p>Student\u00ebt gjat\u00eb prezantimit treguan interes p\u00ebr m\u00ebnyr\u00ebn e organizimit t\u00eb k\u00ebtij debati, nd\u00ebrsa u shpreh\u00ebn t\u00eb gatsh\u00ebm t\u00eb p\u00ebrfaq\u00ebsojn\u00eb n\u00eb t\u00eb Universitetin e Kor\u00e7\u00ebs n\u00eb m\u00ebnyr\u00eb sa m\u00eb dinjitoze.&nbsp;<\/p>\n\n\n\n<figure class=\"wp-block-gallery has-nested-images columns-default is-cropped wp-block-gallery-1 is-layout-flex wp-block-gallery-is-layout-flex\">\n<figure class=\"wp-block-image size-large\"><img decoding=\"async\" data-id=\"12468\" src=\"https:\/\/unkorce.edu.al\/wp-content\/uploads\/2022\/07\/WhatsApp-Image-2021-11-15-at-10.44.18-AM-1024x768.jpeg\" alt=\"\" class=\"wp-image-12468\"\/><\/figure>\n\n\n\n<figure class=\"wp-block-image size-large\"><img decoding=\"async\" data-id=\"12469\" src=\"https:\/\/unkorce.edu.al\/wp-content\/uploads\/2022\/07\/WhatsApp-Image-2021-11-15-at-10.44.20-AM-1-1024x768.jpeg\" alt=\"\" class=\"wp-image-12469\"\/><\/figure>\n\n\n\n<figure class=\"wp-block-image size-large\"><img decoding=\"async\" data-id=\"12471\" src=\"https:\/\/unkorce.edu.al\/wp-content\/uploads\/2022\/07\/WhatsApp-Image-2021-11-15-at-10.44.20-AM-2-1024x768.jpeg\" alt=\"\" class=\"wp-image-12471\"\/><\/figure>\n\n\n\n<figure class=\"wp-block-image size-large\"><img decoding=\"async\" data-id=\"12472\" src=\"https:\/\/unkorce.edu.al\/wp-content\/uploads\/2022\/07\/WhatsApp-Image-2021-11-15-at-10.44.21-AM-1024x768.jpeg\" alt=\"\" class=\"wp-image-12472\"\/><\/figure>\n\n\n\n<figure class=\"wp-block-image size-large\"><img decoding=\"async\" data-id=\"12473\" src=\"https:\/\/unkorce.edu.al\/wp-content\/uploads\/2022\/07\/WhatsApp-Image-2021-11-15-at-10.44.22-AM-1024x768.jpeg\" alt=\"\" class=\"wp-image-12473\"\/><\/figure>\n\n\n\n<figure class=\"wp-block-image\"><img decoding=\"async\" src=\"blob:https:\/\/unkorce.edu.al\/e9b7f019-f6b3-45ab-8794-52009c6eed9d\" alt=\"\"\/><\/figure>\n<\/figure>","protected":false},"excerpt":{"rendered":"<p>N\u00eb dat\u00ebn 15 n\u00ebntor 2021, student\u00ebt e Universitetit t\u00eb Kor\u00e7\u00ebs u njoh\u00ebn me Programin Komb\u00ebtar t\u00eb Debatit Universitar, i cili ka p\u00ebr q\u00ebllim t\u00eb fuqizoj\u00eb t\u00eb rinjt\u00eb q\u00eb t\u00eb jen\u00eb qytetar\u00eb proaktiv\u00eb, t\u00eb mir\u00ebinformuar, t\u00eb zot\u00ebrojn\u00eb kompetenca t\u00eb t\u00eb folurit n\u00eb publik etj.&nbsp; Prezantimin e b\u00ebri specialist i Qendr\u00ebs s\u00eb Karrier\u00ebs dhe Alumnit, Universiteti &#8220;Fan&#8230;<\/p>","protected":false},"author":2,"featured_media":12473,"comment_status":"open","ping_status":"open","sticky":false,"template":"","format":"standard","meta":{"_acf_changed":false,"footnotes":""},"categories":[27],"tags":[],"class_list":["post-12467","post","type-post","status-publish","format-standard","has-post-thumbnail","hentry","category-veprimtari-studentore"],"acf":[],"yoast_head":"<!-- This site is optimized with the Yoast SEO plugin v26.9 - https:\/\/yoast.com\/product\/yoast-seo-wordpress\/ -->\n<title>\u201cDEBATI UNIVERSITAR\u201d PREZANTOHET P\u00cbR STUDENT\u00cbT E UNIVERSITETIT \u201cFAN S. NOLI\u201d - Universiteti &quot;Fan S. Noli&quot;, Kor\u00e7\u00eb<\/title>\n<meta name=\"robots\" content=\"index, follow, max-snippet:-1, max-image-preview:large, max-video-preview:-1\" \/>\n<link rel=\"canonical\" href=\"https:\/\/unkorce.edu.al\/en\/debatit-universitar-prezantohet-per-studentet-e-universitetit-fan-s-noli\/\" \/>\n<meta property=\"og:locale\" content=\"en_US\" \/>\n<meta property=\"og:type\" content=\"article\" \/>\n<meta property=\"og:title\" content=\"\u201cDEBATI UNIVERSITAR\u201d PREZANTOHET P\u00cbR STUDENT\u00cbT E UNIVERSITETIT \u201cFAN S. NOLI\u201d - Universiteti &quot;Fan S. Noli&quot;, Kor\u00e7\u00eb\" \/>\n<meta property=\"og:description\" content=\"N\u00eb dat\u00ebn 15 n\u00ebntor 2021, student\u00ebt e Universitetit t\u00eb Kor\u00e7\u00ebs u njoh\u00ebn me Programin Komb\u00ebtar t\u00eb Debatit Universitar, i cili ka p\u00ebr q\u00ebllim t\u00eb fuqizoj\u00eb t\u00eb rinjt\u00eb q\u00eb t\u00eb jen\u00eb qytetar\u00eb proaktiv\u00eb, t\u00eb mir\u00ebinformuar, t\u00eb zot\u00ebrojn\u00eb kompetenca t\u00eb t\u00eb folurit n\u00eb publik etj.&nbsp; Prezantimin e b\u00ebri specialist i Qendr\u00ebs s\u00eb Karrier\u00ebs dhe Alumnit, Universiteti &#8220;Fan...\" \/>\n<meta property=\"og:url\" content=\"https:\/\/unkorce.edu.al\/en\/debatit-universitar-prezantohet-per-studentet-e-universitetit-fan-s-noli\/\" \/>\n<meta property=\"og:site_name\" content=\"Universiteti &quot;Fan S. Noli&quot;, Kor\u00e7\u00eb\" \/>\n<meta property=\"article:publisher\" content=\"https:\/\/www.facebook.com\/unkorce\" \/>\n<meta property=\"article:published_time\" content=\"2021-11-15T09:41:00+00:00\" \/>\n<meta name=\"author\" content=\"Brikela Qelemeni\" \/>\n<meta name=\"twitter:card\" content=\"summary_large_image\" \/>\n<meta name=\"twitter:label1\" content=\"Written by\" \/>\n\t<meta name=\"twitter:data1\" content=\"Brikela Qelemeni\" \/>\n\t<meta name=\"twitter:label2\" content=\"Est. reading time\" \/>\n\t<meta name=\"twitter:data2\" content=\"1 minute\" \/>\n<script type=\"application\/ld+json\" class=\"yoast-schema-graph\">{\"@context\":\"https:\/\/schema.org\",\"@graph\":[{\"@type\":\"Article\",\"@id\":\"https:\/\/unkorce.edu.al\/debatit-universitar-prezantohet-per-studentet-e-universitetit-fan-s-noli\/#article\",\"isPartOf\":{\"@id\":\"https:\/\/unkorce.edu.al\/debatit-universitar-prezantohet-per-studentet-e-universitetit-fan-s-noli\/\"},\"author\":{\"name\":\"Brikela Qelemeni\",\"@id\":\"https:\/\/unkorce.edu.al\/#\/schema\/person\/faa34c53e1891c174ff76279b528558e\"},\"headline\":\"\u201cDEBATI UNIVERSITAR\u201d PREZANTOHET P\u00cbR STUDENT\u00cbT E UNIVERSITETIT \u201cFAN S. NOLI\u201d\",\"datePublished\":\"2021-11-15T09:41:00+00:00\",\"mainEntityOfPage\":{\"@id\":\"https:\/\/unkorce.edu.al\/debatit-universitar-prezantohet-per-studentet-e-universitetit-fan-s-noli\/\"},\"wordCount\":201,\"commentCount\":0,\"publisher\":{\"@id\":\"https:\/\/unkorce.edu.al\/#organization\"},\"image\":{\"@id\":\"https:\/\/unkorce.edu.al\/debatit-universitar-prezantohet-per-studentet-e-universitetit-fan-s-noli\/#primaryimage\"},\"thumbnailUrl\":\"\",\"articleSection\":[\"Veprimtari studentore\"],\"inLanguage\":\"en-US\",\"potentialAction\":[{\"@type\":\"CommentAction\",\"name\":\"Comment\",\"target\":[\"https:\/\/unkorce.edu.al\/debatit-universitar-prezantohet-per-studentet-e-universitetit-fan-s-noli\/#respond\"]}]},{\"@type\":\"WebPage\",\"@id\":\"https:\/\/unkorce.edu.al\/debatit-universitar-prezantohet-per-studentet-e-universitetit-fan-s-noli\/\",\"url\":\"https:\/\/unkorce.edu.al\/debatit-universitar-prezantohet-per-studentet-e-universitetit-fan-s-noli\/\",\"name\":\"\u201cDEBATI UNIVERSITAR\u201d PREZANTOHET P\u00cbR STUDENT\u00cbT E UNIVERSITETIT \u201cFAN S. NOLI\u201d - Universiteti \\\"Fan S. Noli\\\", Kor\u00e7\u00eb\",\"isPartOf\":{\"@id\":\"https:\/\/unkorce.edu.al\/#website\"},\"primaryImageOfPage\":{\"@id\":\"https:\/\/unkorce.edu.al\/debatit-universitar-prezantohet-per-studentet-e-universitetit-fan-s-noli\/#primaryimage\"},\"image\":{\"@id\":\"https:\/\/unkorce.edu.al\/debatit-universitar-prezantohet-per-studentet-e-universitetit-fan-s-noli\/#primaryimage\"},\"thumbnailUrl\":\"\",\"datePublished\":\"2021-11-15T09:41:00+00:00\",\"breadcrumb\":{\"@id\":\"https:\/\/unkorce.edu.al\/debatit-universitar-prezantohet-per-studentet-e-universitetit-fan-s-noli\/#breadcrumb\"},\"inLanguage\":\"en-US\",\"potentialAction\":[{\"@type\":\"ReadAction\",\"target\":[\"https:\/\/unkorce.edu.al\/debatit-universitar-prezantohet-per-studentet-e-universitetit-fan-s-noli\/\"]}]},{\"@type\":\"ImageObject\",\"inLanguage\":\"en-US\",\"@id\":\"https:\/\/unkorce.edu.al\/debatit-universitar-prezantohet-per-studentet-e-universitetit-fan-s-noli\/#primaryimage\",\"url\":\"\",\"contentUrl\":\"\"},{\"@type\":\"BreadcrumbList\",\"@id\":\"https:\/\/unkorce.edu.al\/debatit-universitar-prezantohet-per-studentet-e-universitetit-fan-s-noli\/#breadcrumb\",\"itemListElement\":[{\"@type\":\"ListItem\",\"position\":1,\"name\":\"Home\",\"item\":\"https:\/\/unkorce.edu.al\/\"},{\"@type\":\"ListItem\",\"position\":2,\"name\":\"\u201cDEBATI UNIVERSITAR\u201d PREZANTOHET P\u00cbR STUDENT\u00cbT E UNIVERSITETIT \u201cFAN S. NOLI\u201d\"}]},{\"@type\":\"WebSite\",\"@id\":\"https:\/\/unkorce.edu.al\/#website\",\"url\":\"https:\/\/unkorce.edu.al\/\",\"name\":\"Universiteti \\\"Fan S. Noli\\\", Kor\u00e7\u00eb\",\"description\":\"Mir&euml;sevini n&euml; faqen zyrtare!\",\"publisher\":{\"@id\":\"https:\/\/unkorce.edu.al\/#organization\"},\"potentialAction\":[{\"@type\":\"SearchAction\",\"target\":{\"@type\":\"EntryPoint\",\"urlTemplate\":\"https:\/\/unkorce.edu.al\/?s={search_term_string}\"},\"query-input\":{\"@type\":\"PropertyValueSpecification\",\"valueRequired\":true,\"valueName\":\"search_term_string\"}}],\"inLanguage\":\"en-US\"},{\"@type\":\"Organization\",\"@id\":\"https:\/\/unkorce.edu.al\/#organization\",\"name\":\"Universiteti \\\"Fan S. Noli\\\", Kor\u00e7\u00eb\",\"url\":\"https:\/\/unkorce.edu.al\/\",\"logo\":{\"@type\":\"ImageObject\",\"inLanguage\":\"en-US\",\"@id\":\"https:\/\/unkorce.edu.al\/#\/schema\/logo\/image\/\",\"url\":\"https:\/\/unkorce.edu.al\/wp-content\/uploads\/2024\/08\/Logo_e_Universitetit__Fan_Noli_-e1726660879862.png\",\"contentUrl\":\"https:\/\/unkorce.edu.al\/wp-content\/uploads\/2024\/08\/Logo_e_Universitetit__Fan_Noli_-e1726660879862.png\",\"width\":200,\"height\":120,\"caption\":\"Universiteti \\\"Fan S. Noli\\\", Kor\u00e7\u00eb\"},\"image\":{\"@id\":\"https:\/\/unkorce.edu.al\/#\/schema\/logo\/image\/\"},\"sameAs\":[\"https:\/\/www.facebook.com\/unkorce\"]},{\"@type\":\"Person\",\"@id\":\"https:\/\/unkorce.edu.al\/#\/schema\/person\/faa34c53e1891c174ff76279b528558e\",\"name\":\"Brikela Qelemeni\",\"image\":{\"@type\":\"ImageObject\",\"inLanguage\":\"en-US\",\"@id\":\"https:\/\/unkorce.edu.al\/#\/schema\/person\/image\/\",\"url\":\"https:\/\/secure.gravatar.com\/avatar\/6c1805558a9218503040c8b9055763822c6184a1cd600127210a9abbc5aaea04?s=96&d=mm&r=g\",\"contentUrl\":\"https:\/\/secure.gravatar.com\/avatar\/6c1805558a9218503040c8b9055763822c6184a1cd600127210a9abbc5aaea04?s=96&d=mm&r=g\",\"caption\":\"Brikela Qelemeni\"},\"url\":\"https:\/\/unkorce.edu.al\/en\/author\/brikela\/\"}]}<\/script>\n<!-- \/ Yoast SEO plugin. -->","yoast_head_json":{"title":"\u201cDEBATI UNIVERSITAR\u201d PREZANTOHET P\u00cbR STUDENT\u00cbT E UNIVERSITETIT \u201cFAN S. NOLI\u201d - Universiteti \"Fan S. Noli\", Kor\u00e7\u00eb","robots":{"index":"index","follow":"follow","max-snippet":"max-snippet:-1","max-image-preview":"max-image-preview:large","max-video-preview":"max-video-preview:-1"},"canonical":"https:\/\/unkorce.edu.al\/en\/debatit-universitar-prezantohet-per-studentet-e-universitetit-fan-s-noli\/","og_locale":"en_US","og_type":"article","og_title":"\u201cDEBATI UNIVERSITAR\u201d PREZANTOHET P\u00cbR STUDENT\u00cbT E UNIVERSITETIT \u201cFAN S. NOLI\u201d - Universiteti \"Fan S. Noli\", Kor\u00e7\u00eb","og_description":"N\u00eb dat\u00ebn 15 n\u00ebntor 2021, student\u00ebt e Universitetit t\u00eb Kor\u00e7\u00ebs u njoh\u00ebn me Programin Komb\u00ebtar t\u00eb Debatit Universitar, i cili ka p\u00ebr q\u00ebllim t\u00eb fuqizoj\u00eb t\u00eb rinjt\u00eb q\u00eb t\u00eb jen\u00eb qytetar\u00eb proaktiv\u00eb, t\u00eb mir\u00ebinformuar, t\u00eb zot\u00ebrojn\u00eb kompetenca t\u00eb t\u00eb folurit n\u00eb publik etj.&nbsp; Prezantimin e b\u00ebri specialist i Qendr\u00ebs s\u00eb Karrier\u00ebs dhe Alumnit, Universiteti &#8220;Fan...","og_url":"https:\/\/unkorce.edu.al\/en\/debatit-universitar-prezantohet-per-studentet-e-universitetit-fan-s-noli\/","og_site_name":"Universiteti \"Fan S. Noli\", Kor\u00e7\u00eb","article_publisher":"https:\/\/www.facebook.com\/unkorce","article_published_time":"2021-11-15T09:41:00+00:00","author":"Brikela Qelemeni","twitter_card":"summary_large_image","twitter_misc":{"Written by":"Brikela Qelemeni","Est. reading time":"1 minute"},"schema":{"@context":"https:\/\/schema.org","@graph":[{"@type":"Article","@id":"https:\/\/unkorce.edu.al\/debatit-universitar-prezantohet-per-studentet-e-universitetit-fan-s-noli\/#article","isPartOf":{"@id":"https:\/\/unkorce.edu.al\/debatit-universitar-prezantohet-per-studentet-e-universitetit-fan-s-noli\/"},"author":{"name":"Brikela Qelemeni","@id":"https:\/\/unkorce.edu.al\/#\/schema\/person\/faa34c53e1891c174ff76279b528558e"},"headline":"\u201cDEBATI UNIVERSITAR\u201d PREZANTOHET P\u00cbR STUDENT\u00cbT E UNIVERSITETIT \u201cFAN S. NOLI\u201d","datePublished":"2021-11-15T09:41:00+00:00","mainEntityOfPage":{"@id":"https:\/\/unkorce.edu.al\/debatit-universitar-prezantohet-per-studentet-e-universitetit-fan-s-noli\/"},"wordCount":201,"commentCount":0,"publisher":{"@id":"https:\/\/unkorce.edu.al\/#organization"},"image":{"@id":"https:\/\/unkorce.edu.al\/debatit-universitar-prezantohet-per-studentet-e-universitetit-fan-s-noli\/#primaryimage"},"thumbnailUrl":"","articleSection":["Veprimtari studentore"],"inLanguage":"en-US","potentialAction":[{"@type":"CommentAction","name":"Comment","target":["https:\/\/unkorce.edu.al\/debatit-universitar-prezantohet-per-studentet-e-universitetit-fan-s-noli\/#respond"]}]},{"@type":"WebPage","@id":"https:\/\/unkorce.edu.al\/debatit-universitar-prezantohet-per-studentet-e-universitetit-fan-s-noli\/","url":"https:\/\/unkorce.edu.al\/debatit-universitar-prezantohet-per-studentet-e-universitetit-fan-s-noli\/","name":"\u201cDEBATI UNIVERSITAR\u201d PREZANTOHET P\u00cbR STUDENT\u00cbT E UNIVERSITETIT \u201cFAN S. NOLI\u201d - Universiteti \"Fan S. Noli\", Kor\u00e7\u00eb","isPartOf":{"@id":"https:\/\/unkorce.edu.al\/#website"},"primaryImageOfPage":{"@id":"https:\/\/unkorce.edu.al\/debatit-universitar-prezantohet-per-studentet-e-universitetit-fan-s-noli\/#primaryimage"},"image":{"@id":"https:\/\/unkorce.edu.al\/debatit-universitar-prezantohet-per-studentet-e-universitetit-fan-s-noli\/#primaryimage"},"thumbnailUrl":"","datePublished":"2021-11-15T09:41:00+00:00","breadcrumb":{"@id":"https:\/\/unkorce.edu.al\/debatit-universitar-prezantohet-per-studentet-e-universitetit-fan-s-noli\/#breadcrumb"},"inLanguage":"en-US","potentialAction":[{"@type":"ReadAction","target":["https:\/\/unkorce.edu.al\/debatit-universitar-prezantohet-per-studentet-e-universitetit-fan-s-noli\/"]}]},{"@type":"ImageObject","inLanguage":"en-US","@id":"https:\/\/unkorce.edu.al\/debatit-universitar-prezantohet-per-studentet-e-universitetit-fan-s-noli\/#primaryimage","url":"","contentUrl":""},{"@type":"BreadcrumbList","@id":"https:\/\/unkorce.edu.al\/debatit-universitar-prezantohet-per-studentet-e-universitetit-fan-s-noli\/#breadcrumb","itemListElement":[{"@type":"ListItem","position":1,"name":"Home","item":"https:\/\/unkorce.edu.al\/"},{"@type":"ListItem","position":2,"name":"\u201cDEBATI UNIVERSITAR\u201d PREZANTOHET P\u00cbR STUDENT\u00cbT E UNIVERSITETIT \u201cFAN S. NOLI\u201d"}]},{"@type":"WebSite","@id":"https:\/\/unkorce.edu.al\/#website","url":"https:\/\/unkorce.edu.al\/","name":"Universiteti \"Fan S. Noli\", Kor\u00e7\u00eb","description":"Mir&euml;sevini n&euml; faqen zyrtare!","publisher":{"@id":"https:\/\/unkorce.edu.al\/#organization"},"potentialAction":[{"@type":"SearchAction","target":{"@type":"EntryPoint","urlTemplate":"https:\/\/unkorce.edu.al\/?s={search_term_string}"},"query-input":{"@type":"PropertyValueSpecification","valueRequired":true,"valueName":"search_term_string"}}],"inLanguage":"en-US"},{"@type":"Organization","@id":"https:\/\/unkorce.edu.al\/#organization","name":"Universiteti \"Fan S. Noli\", Kor\u00e7\u00eb","url":"https:\/\/unkorce.edu.al\/","logo":{"@type":"ImageObject","inLanguage":"en-US","@id":"https:\/\/unkorce.edu.al\/#\/schema\/logo\/image\/","url":"https:\/\/unkorce.edu.al\/wp-content\/uploads\/2024\/08\/Logo_e_Universitetit__Fan_Noli_-e1726660879862.png","contentUrl":"https:\/\/unkorce.edu.al\/wp-content\/uploads\/2024\/08\/Logo_e_Universitetit__Fan_Noli_-e1726660879862.png","width":200,"height":120,"caption":"Universiteti \"Fan S. Noli\", Kor\u00e7\u00eb"},"image":{"@id":"https:\/\/unkorce.edu.al\/#\/schema\/logo\/image\/"},"sameAs":["https:\/\/www.facebook.com\/unkorce"]},{"@type":"Person","@id":"https:\/\/unkorce.edu.al\/#\/schema\/person\/faa34c53e1891c174ff76279b528558e","name":"Brikela Qelemeni","image":{"@type":"ImageObject","inLanguage":"en-US","@id":"https:\/\/unkorce.edu.al\/#\/schema\/person\/image\/","url":"https:\/\/secure.gravatar.com\/avatar\/6c1805558a9218503040c8b9055763822c6184a1cd600127210a9abbc5aaea04?s=96&d=mm&r=g","contentUrl":"https:\/\/secure.gravatar.com\/avatar\/6c1805558a9218503040c8b9055763822c6184a1cd600127210a9abbc5aaea04?s=96&d=mm&r=g","caption":"Brikela Qelemeni"},"url":"https:\/\/unkorce.edu.al\/en\/author\/brikela\/"}]}},"_links":{"self":[{"href":"https:\/\/unkorce.edu.al\/en\/wp-json\/wp\/v2\/posts\/12467","targetHints":{"allow":["GET"]}}],"collection":[{"href":"https:\/\/unkorce.edu.al\/en\/wp-json\/wp\/v2\/posts"}],"about":[{"href":"https:\/\/unkorce.edu.al\/en\/wp-json\/wp\/v2\/types\/post"}],"author":[{"embeddable":true,"href":"https:\/\/unkorce.edu.al\/en\/wp-json\/wp\/v2\/users\/2"}],"replies":[{"embeddable":true,"href":"https:\/\/unkorce.edu.al\/en\/wp-json\/wp\/v2\/comments?post=12467"}],"version-history":[{"count":0,"href":"https:\/\/unkorce.edu.al\/en\/wp-json\/wp\/v2\/posts\/12467\/revisions"}],"wp:featuredmedia":[{"embeddable":true,"href":"https:\/\/unkorce.edu.al\/en\/wp-json\/"}],"wp:attachment":[{"href":"https:\/\/unkorce.edu.al\/en\/wp-json\/wp\/v2\/media?parent=12467"}],"wp:term":[{"taxonomy":"category","embeddable":true,"href":"https:\/\/unkorce.edu.al\/en\/wp-json\/wp\/v2\/categories?post=12467"},{"taxonomy":"post_tag","embeddable":true,"href":"https:\/\/unkorce.edu.al\/en\/wp-json\/wp\/v2\/tags?post=12467"}],"curies":[{"name":"wp","href":"https:\/\/api.w.org\/{rel}","templated":true}]}}