{"id":12293,"date":"2021-12-15T11:51:00","date_gmt":"2021-12-15T11:51:00","guid":{"rendered":"https:\/\/unkorce.edu.al\/?p=12293"},"modified":"2021-12-15T11:51:00","modified_gmt":"2021-12-15T11:51:00","slug":"rektori-i-universitetit-fan-s-noli-priti-ne-takim-ekipin-e-hendbollit-per-djem-i-cili-u-shpall-nenkampion-i-kampionatit-universitar-qe-u-zhvillua-ne-datat-9-10-dhjetor-2021-ne-qyte","status":"publish","type":"post","link":"https:\/\/unkorce.edu.al\/en\/rektori-i-universitetit-fan-s-noli-priti-ne-takim-ekipin-e-hendbollit-per-djem-i-cili-u-shpall-nenkampion-i-kampionatit-universitar-qe-u-zhvillua-ne-datat-9-10-dhjetor-2021-ne-qyte\/","title":{"rendered":"REKTORI I UNIVERSITETIT \u201cFAN S. NOLI\u201d PRITI N\u00cb TAKIM EKIPIN E HENDBOLLIT P\u00cbR DJEM, I CILI U SHPALL N\u00cbNKAMPION I KAMPIONATIT UNIVERSITAR Q\u00cb U ZHVILLUA N\u00cb DATAT 9-10 DHJETOR 2021 N\u00cb QYTETIN E DURR\u00cbSIT"},"content":{"rendered":"<p>N\u00eb dat\u00ebn 15 dhjetor 2021, rektori i Universitetit \u201cFan S. Noli\u201d, prof. dr. Dhimitri Bello e drejtues t\u00eb tjer\u00eb prit\u00ebn n\u00eb takim djemt\u00eb e ekipit t\u00eb hendbollit, t\u00eb cil\u00ebt u shpall\u00ebn fitues t\u00eb vendit t\u00eb dyt\u00eb n\u00eb Kampionatin Universitar t\u00eb Hendbollit q\u00eb u zhvillua n\u00eb datat 9-10 dhjetor 2021, n\u00eb qytetin e Durr\u00ebsit midis universiteteve t\u00eb vendit. T\u00eb shoq\u00ebruar edhe nga trajneri dhe pedagogu, Pandush Tasellari, ata i soll\u00ebn Universitetit nj\u00eb tjet\u00ebr trofe, duke mar\u00eb edhe p\u00ebrg\u00ebzimet e drejtuesve t\u00eb Universitetit p\u00ebr k\u00ebt\u00eb fitore. Rektori i siguroi student\u00ebt e k\u00ebtij ekipi se do t\u00eb ken\u00eb gjithmon\u00eb v\u00ebmendjen dhe mb\u00ebshtetjen e institucionit q\u00eb ai drejton dhe pse jo vitin tjet\u00ebr ky ekip t\u00eb jet\u00eb fitues I vendit t\u00eb par\u00eb.<br>Sipas z\u00ebvend\u00ebsrektorit p\u00ebr m\u00ebsimin, dr. Arto Adili, ekipet e Universitetit tashm\u00eb po p\u00ebrgatiten p\u00ebr pjes\u00ebmarrje n\u00eb kompeticione t\u00eb tjera sportive brenda dhe jasht\u00eb vendit, t\u00eb cilat do t\u00eb startojn\u00eb q\u00eb n\u00eb muajin shkurt t\u00eb vitit 2022 dhe ashtu si deri m\u00eb tani, k\u00ebta t\u00eb rinj do t\u00eb vazhdojn\u00eb t\u00eb p\u00ebrfaq\u00ebsojn\u00eb denj\u00ebsisht fanel\u00ebn e institucionit ton\u00eb, duke sjell\u00eb t\u00eb tjera fitore e trofe n\u00eb Universitetin \u201cFan S. Noli\u201d. M\u00eb pas, p\u00ebr student\u00ebt u shp\u00ebrndan\u00eb edhe certifikata pjes\u00ebmarrjeje.<\/p>\n\n\n\n<figure class=\"wp-block-gallery has-nested-images columns-default is-cropped wp-block-gallery-1 is-layout-flex wp-block-gallery-is-layout-flex\">\n<figure class=\"wp-block-image size-large\"><img decoding=\"async\" data-id=\"12296\" src=\"https:\/\/unkorce.edu.al\/wp-content\/uploads\/2022\/07\/22-1-1024x768.jpg\" alt=\"\" class=\"wp-image-12296\"\/><\/figure>\n\n\n\n<figure class=\"wp-block-image size-large\"><img decoding=\"async\" data-id=\"12295\" src=\"https:\/\/unkorce.edu.al\/wp-content\/uploads\/2022\/07\/9-8-1024x768.jpg\" alt=\"\" class=\"wp-image-12295\"\/><\/figure>\n\n\n\n<figure class=\"wp-block-image size-large\"><img decoding=\"async\" data-id=\"12297\" src=\"https:\/\/unkorce.edu.al\/wp-content\/uploads\/2022\/07\/10-7-1024x768.jpg\" alt=\"\" class=\"wp-image-12297\"\/><\/figure>\n\n\n\n<figure class=\"wp-block-image size-large\"><img decoding=\"async\" data-id=\"12294\" src=\"https:\/\/unkorce.edu.al\/wp-content\/uploads\/2022\/07\/1-27-1024x768.jpg\" alt=\"\" class=\"wp-image-12294\"\/><\/figure>\n<\/figure>\n\n\n\n<figure class=\"wp-block-gallery has-nested-images columns-default is-cropped wp-block-gallery-2 is-layout-flex wp-block-gallery-is-layout-flex\">\n<figure class=\"wp-block-image size-large\"><img decoding=\"async\" data-id=\"12298\" src=\"https:\/\/unkorce.edu.al\/wp-content\/uploads\/2022\/07\/21-1024x768.jpg\" alt=\"\" class=\"wp-image-12298\"\/><\/figure>\n\n\n\n<figure class=\"wp-block-image size-large\"><img decoding=\"async\" data-id=\"12299\" src=\"https:\/\/unkorce.edu.al\/wp-content\/uploads\/2022\/07\/26-1024x768.jpg\" alt=\"\" class=\"wp-image-12299\"\/><\/figure>\n<\/figure>","protected":false},"excerpt":{"rendered":"<p>N\u00eb dat\u00ebn 15 dhjetor 2021, rektori i Universitetit \u201cFan S. Noli\u201d, prof. dr. Dhimitri Bello e drejtues t\u00eb tjer\u00eb prit\u00ebn n\u00eb takim djemt\u00eb e ekipit t\u00eb hendbollit, t\u00eb cil\u00ebt u shpall\u00ebn fitues t\u00eb vendit t\u00eb dyt\u00eb n\u00eb Kampionatin Universitar t\u00eb Hendbollit q\u00eb u zhvillua n\u00eb datat 9-10 dhjetor 2021, n\u00eb qytetin e Durr\u00ebsit midis universiteteve&#8230;<\/p>","protected":false},"author":2,"featured_media":12294,"comment_status":"open","ping_status":"open","sticky":false,"template":"","format":"standard","meta":{"_acf_changed":false,"footnotes":""},"categories":[1],"tags":[],"class_list":["post-12293","post","type-post","status-publish","format-standard","has-post-thumbnail","hentry","category-uncategorized"],"acf":[],"yoast_head":"<!-- This site is optimized with the Yoast SEO plugin v26.9 - https:\/\/yoast.com\/product\/yoast-seo-wordpress\/ -->\n<title>REKTORI I UNIVERSITETIT \u201cFAN S. NOLI\u201d PRITI N\u00cb TAKIM EKIPIN E HENDBOLLIT P\u00cbR DJEM, I CILI U SHPALL N\u00cbNKAMPION I KAMPIONATIT UNIVERSITAR Q\u00cb U ZHVILLUA N\u00cb DATAT 9-10 DHJETOR 2021 N\u00cb QYTETIN E DURR\u00cbSIT - Universiteti &quot;Fan S. Noli&quot;, Kor\u00e7\u00eb<\/title>\n<meta name=\"robots\" content=\"index, follow, max-snippet:-1, max-image-preview:large, max-video-preview:-1\" \/>\n<link rel=\"canonical\" href=\"https:\/\/unkorce.edu.al\/en\/rektori-i-universitetit-fan-s-noli-priti-ne-takim-ekipin-e-hendbollit-per-djem-i-cili-u-shpall-nenkampion-i-kampionatit-universitar-qe-u-zhvillua-ne-datat-9-10-dhjetor-2021-ne-qyte\/\" \/>\n<meta property=\"og:locale\" content=\"en_US\" \/>\n<meta property=\"og:type\" content=\"article\" \/>\n<meta property=\"og:title\" content=\"REKTORI I UNIVERSITETIT \u201cFAN S. NOLI\u201d PRITI N\u00cb TAKIM EKIPIN E HENDBOLLIT P\u00cbR DJEM, I CILI U SHPALL N\u00cbNKAMPION I KAMPIONATIT UNIVERSITAR Q\u00cb U ZHVILLUA N\u00cb DATAT 9-10 DHJETOR 2021 N\u00cb QYTETIN E DURR\u00cbSIT - Universiteti &quot;Fan S. Noli&quot;, Kor\u00e7\u00eb\" \/>\n<meta property=\"og:description\" content=\"N\u00eb dat\u00ebn 15 dhjetor 2021, rektori i Universitetit \u201cFan S. Noli\u201d, prof. dr. Dhimitri Bello e drejtues t\u00eb tjer\u00eb prit\u00ebn n\u00eb takim djemt\u00eb e ekipit t\u00eb hendbollit, t\u00eb cil\u00ebt u shpall\u00ebn fitues t\u00eb vendit t\u00eb dyt\u00eb n\u00eb Kampionatin Universitar t\u00eb Hendbollit q\u00eb u zhvillua n\u00eb datat 9-10 dhjetor 2021, n\u00eb qytetin e Durr\u00ebsit midis universiteteve...\" \/>\n<meta property=\"og:url\" content=\"https:\/\/unkorce.edu.al\/en\/rektori-i-universitetit-fan-s-noli-priti-ne-takim-ekipin-e-hendbollit-per-djem-i-cili-u-shpall-nenkampion-i-kampionatit-universitar-qe-u-zhvillua-ne-datat-9-10-dhjetor-2021-ne-qyte\/\" \/>\n<meta property=\"og:site_name\" content=\"Universiteti &quot;Fan S. Noli&quot;, Kor\u00e7\u00eb\" \/>\n<meta property=\"article:publisher\" content=\"https:\/\/www.facebook.com\/unkorce\" \/>\n<meta property=\"article:published_time\" content=\"2021-12-15T11:51:00+00:00\" \/>\n<meta name=\"author\" content=\"Brikela Qelemeni\" \/>\n<meta name=\"twitter:card\" content=\"summary_large_image\" \/>\n<meta name=\"twitter:label1\" content=\"Written by\" \/>\n\t<meta name=\"twitter:data1\" content=\"Brikela Qelemeni\" \/>\n\t<meta name=\"twitter:label2\" content=\"Est. reading time\" \/>\n\t<meta name=\"twitter:data2\" content=\"1 minute\" \/>\n<script type=\"application\/ld+json\" class=\"yoast-schema-graph\">{\"@context\":\"https:\/\/schema.org\",\"@graph\":[{\"@type\":\"Article\",\"@id\":\"https:\/\/unkorce.edu.al\/rektori-i-universitetit-fan-s-noli-priti-ne-takim-ekipin-e-hendbollit-per-djem-i-cili-u-shpall-nenkampion-i-kampionatit-universitar-qe-u-zhvillua-ne-datat-9-10-dhjetor-2021-ne-qyte\/#article\",\"isPartOf\":{\"@id\":\"https:\/\/unkorce.edu.al\/rektori-i-universitetit-fan-s-noli-priti-ne-takim-ekipin-e-hendbollit-per-djem-i-cili-u-shpall-nenkampion-i-kampionatit-universitar-qe-u-zhvillua-ne-datat-9-10-dhjetor-2021-ne-qyte\/\"},\"author\":{\"name\":\"Brikela Qelemeni\",\"@id\":\"https:\/\/unkorce.edu.al\/#\/schema\/person\/faa34c53e1891c174ff76279b528558e\"},\"headline\":\"REKTORI I UNIVERSITETIT \u201cFAN S. NOLI\u201d PRITI N\u00cb TAKIM EKIPIN E HENDBOLLIT P\u00cbR DJEM, I CILI U SHPALL N\u00cbNKAMPION I KAMPIONATIT UNIVERSITAR Q\u00cb U ZHVILLUA N\u00cb DATAT 9-10 DHJETOR 2021 N\u00cb QYTETIN E DURR\u00cbSIT\",\"datePublished\":\"2021-12-15T11:51:00+00:00\",\"mainEntityOfPage\":{\"@id\":\"https:\/\/unkorce.edu.al\/rektori-i-universitetit-fan-s-noli-priti-ne-takim-ekipin-e-hendbollit-per-djem-i-cili-u-shpall-nenkampion-i-kampionatit-universitar-qe-u-zhvillua-ne-datat-9-10-dhjetor-2021-ne-qyte\/\"},\"wordCount\":259,\"commentCount\":0,\"publisher\":{\"@id\":\"https:\/\/unkorce.edu.al\/#organization\"},\"image\":{\"@id\":\"https:\/\/unkorce.edu.al\/rektori-i-universitetit-fan-s-noli-priti-ne-takim-ekipin-e-hendbollit-per-djem-i-cili-u-shpall-nenkampion-i-kampionatit-universitar-qe-u-zhvillua-ne-datat-9-10-dhjetor-2021-ne-qyte\/#primaryimage\"},\"thumbnailUrl\":\"\",\"inLanguage\":\"en-US\",\"potentialAction\":[{\"@type\":\"CommentAction\",\"name\":\"Comment\",\"target\":[\"https:\/\/unkorce.edu.al\/rektori-i-universitetit-fan-s-noli-priti-ne-takim-ekipin-e-hendbollit-per-djem-i-cili-u-shpall-nenkampion-i-kampionatit-universitar-qe-u-zhvillua-ne-datat-9-10-dhjetor-2021-ne-qyte\/#respond\"]}]},{\"@type\":\"WebPage\",\"@id\":\"https:\/\/unkorce.edu.al\/rektori-i-universitetit-fan-s-noli-priti-ne-takim-ekipin-e-hendbollit-per-djem-i-cili-u-shpall-nenkampion-i-kampionatit-universitar-qe-u-zhvillua-ne-datat-9-10-dhjetor-2021-ne-qyte\/\",\"url\":\"https:\/\/unkorce.edu.al\/rektori-i-universitetit-fan-s-noli-priti-ne-takim-ekipin-e-hendbollit-per-djem-i-cili-u-shpall-nenkampion-i-kampionatit-universitar-qe-u-zhvillua-ne-datat-9-10-dhjetor-2021-ne-qyte\/\",\"name\":\"REKTORI I UNIVERSITETIT \u201cFAN S. NOLI\u201d PRITI N\u00cb TAKIM EKIPIN E HENDBOLLIT P\u00cbR DJEM, I CILI U SHPALL N\u00cbNKAMPION I KAMPIONATIT UNIVERSITAR Q\u00cb U ZHVILLUA N\u00cb DATAT 9-10 DHJETOR 2021 N\u00cb QYTETIN E DURR\u00cbSIT - Universiteti \\\"Fan S. Noli\\\", Kor\u00e7\u00eb\",\"isPartOf\":{\"@id\":\"https:\/\/unkorce.edu.al\/#website\"},\"primaryImageOfPage\":{\"@id\":\"https:\/\/unkorce.edu.al\/rektori-i-universitetit-fan-s-noli-priti-ne-takim-ekipin-e-hendbollit-per-djem-i-cili-u-shpall-nenkampion-i-kampionatit-universitar-qe-u-zhvillua-ne-datat-9-10-dhjetor-2021-ne-qyte\/#primaryimage\"},\"image\":{\"@id\":\"https:\/\/unkorce.edu.al\/rektori-i-universitetit-fan-s-noli-priti-ne-takim-ekipin-e-hendbollit-per-djem-i-cili-u-shpall-nenkampion-i-kampionatit-universitar-qe-u-zhvillua-ne-datat-9-10-dhjetor-2021-ne-qyte\/#primaryimage\"},\"thumbnailUrl\":\"\",\"datePublished\":\"2021-12-15T11:51:00+00:00\",\"breadcrumb\":{\"@id\":\"https:\/\/unkorce.edu.al\/rektori-i-universitetit-fan-s-noli-priti-ne-takim-ekipin-e-hendbollit-per-djem-i-cili-u-shpall-nenkampion-i-kampionatit-universitar-qe-u-zhvillua-ne-datat-9-10-dhjetor-2021-ne-qyte\/#breadcrumb\"},\"inLanguage\":\"en-US\",\"potentialAction\":[{\"@type\":\"ReadAction\",\"target\":[\"https:\/\/unkorce.edu.al\/rektori-i-universitetit-fan-s-noli-priti-ne-takim-ekipin-e-hendbollit-per-djem-i-cili-u-shpall-nenkampion-i-kampionatit-universitar-qe-u-zhvillua-ne-datat-9-10-dhjetor-2021-ne-qyte\/\"]}]},{\"@type\":\"ImageObject\",\"inLanguage\":\"en-US\",\"@id\":\"https:\/\/unkorce.edu.al\/rektori-i-universitetit-fan-s-noli-priti-ne-takim-ekipin-e-hendbollit-per-djem-i-cili-u-shpall-nenkampion-i-kampionatit-universitar-qe-u-zhvillua-ne-datat-9-10-dhjetor-2021-ne-qyte\/#primaryimage\",\"url\":\"\",\"contentUrl\":\"\"},{\"@type\":\"BreadcrumbList\",\"@id\":\"https:\/\/unkorce.edu.al\/rektori-i-universitetit-fan-s-noli-priti-ne-takim-ekipin-e-hendbollit-per-djem-i-cili-u-shpall-nenkampion-i-kampionatit-universitar-qe-u-zhvillua-ne-datat-9-10-dhjetor-2021-ne-qyte\/#breadcrumb\",\"itemListElement\":[{\"@type\":\"ListItem\",\"position\":1,\"name\":\"Home\",\"item\":\"https:\/\/unkorce.edu.al\/\"},{\"@type\":\"ListItem\",\"position\":2,\"name\":\"REKTORI I UNIVERSITETIT \u201cFAN S. NOLI\u201d PRITI N\u00cb TAKIM EKIPIN E HENDBOLLIT P\u00cbR DJEM, I CILI U SHPALL N\u00cbNKAMPION I KAMPIONATIT UNIVERSITAR Q\u00cb U ZHVILLUA N\u00cb DATAT 9-10 DHJETOR 2021 N\u00cb QYTETIN E DURR\u00cbSIT\"}]},{\"@type\":\"WebSite\",\"@id\":\"https:\/\/unkorce.edu.al\/#website\",\"url\":\"https:\/\/unkorce.edu.al\/\",\"name\":\"Universiteti \\\"Fan S. Noli\\\", Kor\u00e7\u00eb\",\"description\":\"Mir&euml;sevini n&euml; faqen zyrtare!\",\"publisher\":{\"@id\":\"https:\/\/unkorce.edu.al\/#organization\"},\"potentialAction\":[{\"@type\":\"SearchAction\",\"target\":{\"@type\":\"EntryPoint\",\"urlTemplate\":\"https:\/\/unkorce.edu.al\/?s={search_term_string}\"},\"query-input\":{\"@type\":\"PropertyValueSpecification\",\"valueRequired\":true,\"valueName\":\"search_term_string\"}}],\"inLanguage\":\"en-US\"},{\"@type\":\"Organization\",\"@id\":\"https:\/\/unkorce.edu.al\/#organization\",\"name\":\"Universiteti \\\"Fan S. Noli\\\", Kor\u00e7\u00eb\",\"url\":\"https:\/\/unkorce.edu.al\/\",\"logo\":{\"@type\":\"ImageObject\",\"inLanguage\":\"en-US\",\"@id\":\"https:\/\/unkorce.edu.al\/#\/schema\/logo\/image\/\",\"url\":\"https:\/\/unkorce.edu.al\/wp-content\/uploads\/2024\/08\/Logo_e_Universitetit__Fan_Noli_-e1726660879862.png\",\"contentUrl\":\"https:\/\/unkorce.edu.al\/wp-content\/uploads\/2024\/08\/Logo_e_Universitetit__Fan_Noli_-e1726660879862.png\",\"width\":200,\"height\":120,\"caption\":\"Universiteti \\\"Fan S. Noli\\\", Kor\u00e7\u00eb\"},\"image\":{\"@id\":\"https:\/\/unkorce.edu.al\/#\/schema\/logo\/image\/\"},\"sameAs\":[\"https:\/\/www.facebook.com\/unkorce\"]},{\"@type\":\"Person\",\"@id\":\"https:\/\/unkorce.edu.al\/#\/schema\/person\/faa34c53e1891c174ff76279b528558e\",\"name\":\"Brikela Qelemeni\",\"image\":{\"@type\":\"ImageObject\",\"inLanguage\":\"en-US\",\"@id\":\"https:\/\/unkorce.edu.al\/#\/schema\/person\/image\/\",\"url\":\"https:\/\/secure.gravatar.com\/avatar\/6c1805558a9218503040c8b9055763822c6184a1cd600127210a9abbc5aaea04?s=96&d=mm&r=g\",\"contentUrl\":\"https:\/\/secure.gravatar.com\/avatar\/6c1805558a9218503040c8b9055763822c6184a1cd600127210a9abbc5aaea04?s=96&d=mm&r=g\",\"caption\":\"Brikela Qelemeni\"},\"url\":\"https:\/\/unkorce.edu.al\/en\/author\/brikela\/\"}]}<\/script>\n<!-- \/ Yoast SEO plugin. -->","yoast_head_json":{"title":"REKTORI I UNIVERSITETIT \u201cFAN S. NOLI\u201d PRITI N\u00cb TAKIM EKIPIN E HENDBOLLIT P\u00cbR DJEM, I CILI U SHPALL N\u00cbNKAMPION I KAMPIONATIT UNIVERSITAR Q\u00cb U ZHVILLUA N\u00cb DATAT 9-10 DHJETOR 2021 N\u00cb QYTETIN E DURR\u00cbSIT - Universiteti \"Fan S. Noli\", Kor\u00e7\u00eb","robots":{"index":"index","follow":"follow","max-snippet":"max-snippet:-1","max-image-preview":"max-image-preview:large","max-video-preview":"max-video-preview:-1"},"canonical":"https:\/\/unkorce.edu.al\/en\/rektori-i-universitetit-fan-s-noli-priti-ne-takim-ekipin-e-hendbollit-per-djem-i-cili-u-shpall-nenkampion-i-kampionatit-universitar-qe-u-zhvillua-ne-datat-9-10-dhjetor-2021-ne-qyte\/","og_locale":"en_US","og_type":"article","og_title":"REKTORI I UNIVERSITETIT \u201cFAN S. NOLI\u201d PRITI N\u00cb TAKIM EKIPIN E HENDBOLLIT P\u00cbR DJEM, I CILI U SHPALL N\u00cbNKAMPION I KAMPIONATIT UNIVERSITAR Q\u00cb U ZHVILLUA N\u00cb DATAT 9-10 DHJETOR 2021 N\u00cb QYTETIN E DURR\u00cbSIT - Universiteti \"Fan S. Noli\", Kor\u00e7\u00eb","og_description":"N\u00eb dat\u00ebn 15 dhjetor 2021, rektori i Universitetit \u201cFan S. Noli\u201d, prof. dr. Dhimitri Bello e drejtues t\u00eb tjer\u00eb prit\u00ebn n\u00eb takim djemt\u00eb e ekipit t\u00eb hendbollit, t\u00eb cil\u00ebt u shpall\u00ebn fitues t\u00eb vendit t\u00eb dyt\u00eb n\u00eb Kampionatin Universitar t\u00eb Hendbollit q\u00eb u zhvillua n\u00eb datat 9-10 dhjetor 2021, n\u00eb qytetin e Durr\u00ebsit midis universiteteve...","og_url":"https:\/\/unkorce.edu.al\/en\/rektori-i-universitetit-fan-s-noli-priti-ne-takim-ekipin-e-hendbollit-per-djem-i-cili-u-shpall-nenkampion-i-kampionatit-universitar-qe-u-zhvillua-ne-datat-9-10-dhjetor-2021-ne-qyte\/","og_site_name":"Universiteti \"Fan S. Noli\", Kor\u00e7\u00eb","article_publisher":"https:\/\/www.facebook.com\/unkorce","article_published_time":"2021-12-15T11:51:00+00:00","author":"Brikela Qelemeni","twitter_card":"summary_large_image","twitter_misc":{"Written by":"Brikela Qelemeni","Est. reading time":"1 minute"},"schema":{"@context":"https:\/\/schema.org","@graph":[{"@type":"Article","@id":"https:\/\/unkorce.edu.al\/rektori-i-universitetit-fan-s-noli-priti-ne-takim-ekipin-e-hendbollit-per-djem-i-cili-u-shpall-nenkampion-i-kampionatit-universitar-qe-u-zhvillua-ne-datat-9-10-dhjetor-2021-ne-qyte\/#article","isPartOf":{"@id":"https:\/\/unkorce.edu.al\/rektori-i-universitetit-fan-s-noli-priti-ne-takim-ekipin-e-hendbollit-per-djem-i-cili-u-shpall-nenkampion-i-kampionatit-universitar-qe-u-zhvillua-ne-datat-9-10-dhjetor-2021-ne-qyte\/"},"author":{"name":"Brikela Qelemeni","@id":"https:\/\/unkorce.edu.al\/#\/schema\/person\/faa34c53e1891c174ff76279b528558e"},"headline":"REKTORI I UNIVERSITETIT \u201cFAN S. NOLI\u201d PRITI N\u00cb TAKIM EKIPIN E HENDBOLLIT P\u00cbR DJEM, I CILI U SHPALL N\u00cbNKAMPION I KAMPIONATIT UNIVERSITAR Q\u00cb U ZHVILLUA N\u00cb DATAT 9-10 DHJETOR 2021 N\u00cb QYTETIN E DURR\u00cbSIT","datePublished":"2021-12-15T11:51:00+00:00","mainEntityOfPage":{"@id":"https:\/\/unkorce.edu.al\/rektori-i-universitetit-fan-s-noli-priti-ne-takim-ekipin-e-hendbollit-per-djem-i-cili-u-shpall-nenkampion-i-kampionatit-universitar-qe-u-zhvillua-ne-datat-9-10-dhjetor-2021-ne-qyte\/"},"wordCount":259,"commentCount":0,"publisher":{"@id":"https:\/\/unkorce.edu.al\/#organization"},"image":{"@id":"https:\/\/unkorce.edu.al\/rektori-i-universitetit-fan-s-noli-priti-ne-takim-ekipin-e-hendbollit-per-djem-i-cili-u-shpall-nenkampion-i-kampionatit-universitar-qe-u-zhvillua-ne-datat-9-10-dhjetor-2021-ne-qyte\/#primaryimage"},"thumbnailUrl":"","inLanguage":"en-US","potentialAction":[{"@type":"CommentAction","name":"Comment","target":["https:\/\/unkorce.edu.al\/rektori-i-universitetit-fan-s-noli-priti-ne-takim-ekipin-e-hendbollit-per-djem-i-cili-u-shpall-nenkampion-i-kampionatit-universitar-qe-u-zhvillua-ne-datat-9-10-dhjetor-2021-ne-qyte\/#respond"]}]},{"@type":"WebPage","@id":"https:\/\/unkorce.edu.al\/rektori-i-universitetit-fan-s-noli-priti-ne-takim-ekipin-e-hendbollit-per-djem-i-cili-u-shpall-nenkampion-i-kampionatit-universitar-qe-u-zhvillua-ne-datat-9-10-dhjetor-2021-ne-qyte\/","url":"https:\/\/unkorce.edu.al\/rektori-i-universitetit-fan-s-noli-priti-ne-takim-ekipin-e-hendbollit-per-djem-i-cili-u-shpall-nenkampion-i-kampionatit-universitar-qe-u-zhvillua-ne-datat-9-10-dhjetor-2021-ne-qyte\/","name":"REKTORI I UNIVERSITETIT \u201cFAN S. NOLI\u201d PRITI N\u00cb TAKIM EKIPIN E HENDBOLLIT P\u00cbR DJEM, I CILI U SHPALL N\u00cbNKAMPION I KAMPIONATIT UNIVERSITAR Q\u00cb U ZHVILLUA N\u00cb DATAT 9-10 DHJETOR 2021 N\u00cb QYTETIN E DURR\u00cbSIT - Universiteti \"Fan S. Noli\", Kor\u00e7\u00eb","isPartOf":{"@id":"https:\/\/unkorce.edu.al\/#website"},"primaryImageOfPage":{"@id":"https:\/\/unkorce.edu.al\/rektori-i-universitetit-fan-s-noli-priti-ne-takim-ekipin-e-hendbollit-per-djem-i-cili-u-shpall-nenkampion-i-kampionatit-universitar-qe-u-zhvillua-ne-datat-9-10-dhjetor-2021-ne-qyte\/#primaryimage"},"image":{"@id":"https:\/\/unkorce.edu.al\/rektori-i-universitetit-fan-s-noli-priti-ne-takim-ekipin-e-hendbollit-per-djem-i-cili-u-shpall-nenkampion-i-kampionatit-universitar-qe-u-zhvillua-ne-datat-9-10-dhjetor-2021-ne-qyte\/#primaryimage"},"thumbnailUrl":"","datePublished":"2021-12-15T11:51:00+00:00","breadcrumb":{"@id":"https:\/\/unkorce.edu.al\/rektori-i-universitetit-fan-s-noli-priti-ne-takim-ekipin-e-hendbollit-per-djem-i-cili-u-shpall-nenkampion-i-kampionatit-universitar-qe-u-zhvillua-ne-datat-9-10-dhjetor-2021-ne-qyte\/#breadcrumb"},"inLanguage":"en-US","potentialAction":[{"@type":"ReadAction","target":["https:\/\/unkorce.edu.al\/rektori-i-universitetit-fan-s-noli-priti-ne-takim-ekipin-e-hendbollit-per-djem-i-cili-u-shpall-nenkampion-i-kampionatit-universitar-qe-u-zhvillua-ne-datat-9-10-dhjetor-2021-ne-qyte\/"]}]},{"@type":"ImageObject","inLanguage":"en-US","@id":"https:\/\/unkorce.edu.al\/rektori-i-universitetit-fan-s-noli-priti-ne-takim-ekipin-e-hendbollit-per-djem-i-cili-u-shpall-nenkampion-i-kampionatit-universitar-qe-u-zhvillua-ne-datat-9-10-dhjetor-2021-ne-qyte\/#primaryimage","url":"","contentUrl":""},{"@type":"BreadcrumbList","@id":"https:\/\/unkorce.edu.al\/rektori-i-universitetit-fan-s-noli-priti-ne-takim-ekipin-e-hendbollit-per-djem-i-cili-u-shpall-nenkampion-i-kampionatit-universitar-qe-u-zhvillua-ne-datat-9-10-dhjetor-2021-ne-qyte\/#breadcrumb","itemListElement":[{"@type":"ListItem","position":1,"name":"Home","item":"https:\/\/unkorce.edu.al\/"},{"@type":"ListItem","position":2,"name":"REKTORI I UNIVERSITETIT \u201cFAN S. NOLI\u201d PRITI N\u00cb TAKIM EKIPIN E HENDBOLLIT P\u00cbR DJEM, I CILI U SHPALL N\u00cbNKAMPION I KAMPIONATIT UNIVERSITAR Q\u00cb U ZHVILLUA N\u00cb DATAT 9-10 DHJETOR 2021 N\u00cb QYTETIN E DURR\u00cbSIT"}]},{"@type":"WebSite","@id":"https:\/\/unkorce.edu.al\/#website","url":"https:\/\/unkorce.edu.al\/","name":"Universiteti \"Fan S. Noli\", Kor\u00e7\u00eb","description":"Mir&euml;sevini n&euml; faqen zyrtare!","publisher":{"@id":"https:\/\/unkorce.edu.al\/#organization"},"potentialAction":[{"@type":"SearchAction","target":{"@type":"EntryPoint","urlTemplate":"https:\/\/unkorce.edu.al\/?s={search_term_string}"},"query-input":{"@type":"PropertyValueSpecification","valueRequired":true,"valueName":"search_term_string"}}],"inLanguage":"en-US"},{"@type":"Organization","@id":"https:\/\/unkorce.edu.al\/#organization","name":"Universiteti \"Fan S. Noli\", Kor\u00e7\u00eb","url":"https:\/\/unkorce.edu.al\/","logo":{"@type":"ImageObject","inLanguage":"en-US","@id":"https:\/\/unkorce.edu.al\/#\/schema\/logo\/image\/","url":"https:\/\/unkorce.edu.al\/wp-content\/uploads\/2024\/08\/Logo_e_Universitetit__Fan_Noli_-e1726660879862.png","contentUrl":"https:\/\/unkorce.edu.al\/wp-content\/uploads\/2024\/08\/Logo_e_Universitetit__Fan_Noli_-e1726660879862.png","width":200,"height":120,"caption":"Universiteti \"Fan S. Noli\", Kor\u00e7\u00eb"},"image":{"@id":"https:\/\/unkorce.edu.al\/#\/schema\/logo\/image\/"},"sameAs":["https:\/\/www.facebook.com\/unkorce"]},{"@type":"Person","@id":"https:\/\/unkorce.edu.al\/#\/schema\/person\/faa34c53e1891c174ff76279b528558e","name":"Brikela Qelemeni","image":{"@type":"ImageObject","inLanguage":"en-US","@id":"https:\/\/unkorce.edu.al\/#\/schema\/person\/image\/","url":"https:\/\/secure.gravatar.com\/avatar\/6c1805558a9218503040c8b9055763822c6184a1cd600127210a9abbc5aaea04?s=96&d=mm&r=g","contentUrl":"https:\/\/secure.gravatar.com\/avatar\/6c1805558a9218503040c8b9055763822c6184a1cd600127210a9abbc5aaea04?s=96&d=mm&r=g","caption":"Brikela Qelemeni"},"url":"https:\/\/unkorce.edu.al\/en\/author\/brikela\/"}]}},"_links":{"self":[{"href":"https:\/\/unkorce.edu.al\/en\/wp-json\/wp\/v2\/posts\/12293","targetHints":{"allow":["GET"]}}],"collection":[{"href":"https:\/\/unkorce.edu.al\/en\/wp-json\/wp\/v2\/posts"}],"about":[{"href":"https:\/\/unkorce.edu.al\/en\/wp-json\/wp\/v2\/types\/post"}],"author":[{"embeddable":true,"href":"https:\/\/unkorce.edu.al\/en\/wp-json\/wp\/v2\/users\/2"}],"replies":[{"embeddable":true,"href":"https:\/\/unkorce.edu.al\/en\/wp-json\/wp\/v2\/comments?post=12293"}],"version-history":[{"count":0,"href":"https:\/\/unkorce.edu.al\/en\/wp-json\/wp\/v2\/posts\/12293\/revisions"}],"wp:featuredmedia":[{"embeddable":true,"href":"https:\/\/unkorce.edu.al\/en\/wp-json\/"}],"wp:attachment":[{"href":"https:\/\/unkorce.edu.al\/en\/wp-json\/wp\/v2\/media?parent=12293"}],"wp:term":[{"taxonomy":"category","embeddable":true,"href":"https:\/\/unkorce.edu.al\/en\/wp-json\/wp\/v2\/categories?post=12293"},{"taxonomy":"post_tag","embeddable":true,"href":"https:\/\/unkorce.edu.al\/en\/wp-json\/wp\/v2\/tags?post=12293"}],"curies":[{"name":"wp","href":"https:\/\/api.w.org\/{rel}","templated":true}]}}