{"id":12250,"date":"2021-12-03T07:37:00","date_gmt":"2021-12-03T07:37:00","guid":{"rendered":"https:\/\/unkorce.edu.al\/?p=12250"},"modified":"2021-12-03T07:37:00","modified_gmt":"2021-12-03T07:37:00","slug":"fakulteti-i-ekonomise-dhe-instituti-per-politika-publike-dhe-mireqeverisje-lidhen-marreveshje-bashkepunimi","status":"publish","type":"post","link":"https:\/\/unkorce.edu.al\/en\/fakulteti-i-ekonomise-dhe-instituti-per-politika-publike-dhe-mireqeverisje-lidhen-marreveshje-bashkepunimi\/","title":{"rendered":"FAKULTETI I EKONOMIS\u00cb DHE INSTITUTI P\u00cbR POLITIKA PUBLIKE DHE MIR\u00cbQEVERISJE LIDH\u00cbN MARR\u00cbVESHJE BASHK\u00cbPUNIMI"},"content":{"rendered":"<p>N\u00eb dat\u00ebn 3 dhjetor 2021, Fakulteti i Ekonomis\u00eb i Universitetit \u201cFan S. Noli\u201d lidhi marr\u00ebveshje bashk\u00ebpunimi me Institutin p\u00ebr Politika Publike dhe Mir\u00ebqeverisje, e cila u n\u00ebnshkrua nga dekania, prof. as. dr. Ledina Alolli dhe Presidenti i Nderit i k\u00ebtij Instituti, prof. dr. Arben Malaj. N\u00eb kuad\u00ebr t\u00eb k\u00ebtij bashk\u00ebpunimi prof. Malaj mbajti edhe nj\u00eb leksion t\u00eb hapur me pedagog\u00eb e student\u00eb t\u00eb k\u00ebtij fakulteti. Ai tha se kjo marr\u00ebveshje do t\u00eb jet\u00eb pika m\u00eb e fort\u00eb e bashk\u00ebpunimit q\u00eb do t\u00eb vijoj\u00eb mes Institutit dhe Universitetit, duke u ofruar mund\u00ebsi reale si pedagog\u00ebve, ashtu edhe student\u00ebve t\u00eb b\u00ebhen pjes\u00eb e analizave, gjetjeve dhe rekomandimeve n\u00eb kuad\u00ebr t\u00eb takimeve q\u00eb do t\u00eb zhvillohen n\u00eb gjasht\u00eb bashki t\u00eb vendit. Sipas tij, qeverisja vendore \u00ebsht\u00eb ajo q\u00eb ka edhe nj\u00eb ndikim m\u00eb t\u00eb madh te qytetar\u00ebt.<\/p>\n\n\n\n<p>Po gjithashtu profesor Malaj u prezantoi pjes\u00ebmarr\u00ebsve edhe librin e p\u00ebrkthyer prej tij \u201cNj\u00eb histori e shkurt\u00ebr e financave euforike\u201d.<\/p>\n\n\n\n<figure class=\"wp-block-gallery has-nested-images columns-default is-cropped wp-block-gallery-1 is-layout-flex wp-block-gallery-is-layout-flex\">\n<figure class=\"wp-block-image size-large\"><img decoding=\"async\" data-id=\"12254\" src=\"https:\/\/unkorce.edu.al\/wp-content\/uploads\/2022\/07\/1-24-1024x943.jpg\" alt=\"\" class=\"wp-image-12254\"\/><\/figure>\n\n\n\n<figure class=\"wp-block-image size-large\"><img decoding=\"async\" data-id=\"12251\" src=\"https:\/\/unkorce.edu.al\/wp-content\/uploads\/2022\/07\/2-22-1024x542.jpg\" alt=\"\" class=\"wp-image-12251\"\/><\/figure>\n\n\n\n<figure class=\"wp-block-image size-large\"><img decoding=\"async\" data-id=\"12253\" src=\"https:\/\/unkorce.edu.al\/wp-content\/uploads\/2022\/07\/6-6-1024x768.jpg\" alt=\"\" class=\"wp-image-12253\"\/><\/figure>\n\n\n\n<figure class=\"wp-block-image size-large\"><img decoding=\"async\" data-id=\"12255\" src=\"https:\/\/unkorce.edu.al\/wp-content\/uploads\/2022\/07\/7-9-1024x768.jpg\" alt=\"\" class=\"wp-image-12255\"\/><\/figure>\n\n\n\n<figure class=\"wp-block-image size-large\"><img decoding=\"async\" data-id=\"12256\" src=\"https:\/\/unkorce.edu.al\/wp-content\/uploads\/2022\/07\/8-6-1024x768.jpg\" alt=\"\" class=\"wp-image-12256\"\/><\/figure>\n\n\n\n<figure class=\"wp-block-image size-large\"><img decoding=\"async\" data-id=\"12252\" src=\"https:\/\/unkorce.edu.al\/wp-content\/uploads\/2022\/07\/9-6-1024x768.jpg\" alt=\"\" class=\"wp-image-12252\"\/><\/figure>\n\n\n\n<figure class=\"wp-block-image size-large\"><img decoding=\"async\" data-id=\"12257\" src=\"https:\/\/unkorce.edu.al\/wp-content\/uploads\/2022\/07\/10-6-1024x768.jpg\" alt=\"\" class=\"wp-image-12257\"\/><\/figure>\n\n\n\n<figure class=\"wp-block-image size-large\"><img decoding=\"async\" data-id=\"12258\" src=\"https:\/\/unkorce.edu.al\/wp-content\/uploads\/2022\/07\/12-3-1024x768.jpg\" alt=\"\" class=\"wp-image-12258\"\/><\/figure>\n<\/figure>","protected":false},"excerpt":{"rendered":"<p>N\u00eb dat\u00ebn 3 dhjetor 2021, Fakulteti i Ekonomis\u00eb i Universitetit \u201cFan S. Noli\u201d lidhi marr\u00ebveshje bashk\u00ebpunimi me Institutin p\u00ebr Politika Publike dhe Mir\u00ebqeverisje, e cila u n\u00ebnshkrua nga dekania, prof. as. dr. Ledina Alolli dhe Presidenti i Nderit i k\u00ebtij Instituti, prof. dr. Arben Malaj. N\u00eb kuad\u00ebr t\u00eb k\u00ebtij bashk\u00ebpunimi prof. Malaj mbajti edhe nj\u00eb&#8230;<\/p>","protected":false},"author":2,"featured_media":12258,"comment_status":"open","ping_status":"open","sticky":false,"template":"","format":"standard","meta":{"_acf_changed":false,"footnotes":""},"categories":[6],"tags":[],"class_list":["post-12250","post","type-post","status-publish","format-standard","has-post-thumbnail","hentry","category-fakulteti-i-ekonomise"],"acf":[],"yoast_head":"<!-- This site is optimized with the Yoast SEO plugin v26.9 - https:\/\/yoast.com\/product\/yoast-seo-wordpress\/ -->\n<title>FAKULTETI I EKONOMIS\u00cb DHE INSTITUTI P\u00cbR POLITIKA PUBLIKE DHE MIR\u00cbQEVERISJE LIDH\u00cbN MARR\u00cbVESHJE BASHK\u00cbPUNIMI - Universiteti &quot;Fan S. Noli&quot;, Kor\u00e7\u00eb<\/title>\n<meta name=\"robots\" content=\"index, follow, max-snippet:-1, max-image-preview:large, max-video-preview:-1\" \/>\n<link rel=\"canonical\" href=\"https:\/\/unkorce.edu.al\/en\/fakulteti-i-ekonomise-dhe-instituti-per-politika-publike-dhe-mireqeverisje-lidhen-marreveshje-bashkepunimi\/\" \/>\n<meta property=\"og:locale\" content=\"en_US\" \/>\n<meta property=\"og:type\" content=\"article\" \/>\n<meta property=\"og:title\" content=\"FAKULTETI I EKONOMIS\u00cb DHE INSTITUTI P\u00cbR POLITIKA PUBLIKE DHE MIR\u00cbQEVERISJE LIDH\u00cbN MARR\u00cbVESHJE BASHK\u00cbPUNIMI - Universiteti &quot;Fan S. Noli&quot;, Kor\u00e7\u00eb\" \/>\n<meta property=\"og:description\" content=\"N\u00eb dat\u00ebn 3 dhjetor 2021, Fakulteti i Ekonomis\u00eb i Universitetit \u201cFan S. Noli\u201d lidhi marr\u00ebveshje bashk\u00ebpunimi me Institutin p\u00ebr Politika Publike dhe Mir\u00ebqeverisje, e cila u n\u00ebnshkrua nga dekania, prof. as. dr. Ledina Alolli dhe Presidenti i Nderit i k\u00ebtij Instituti, prof. dr. Arben Malaj. N\u00eb kuad\u00ebr t\u00eb k\u00ebtij bashk\u00ebpunimi prof. Malaj mbajti edhe nj\u00eb...\" \/>\n<meta property=\"og:url\" content=\"https:\/\/unkorce.edu.al\/en\/fakulteti-i-ekonomise-dhe-instituti-per-politika-publike-dhe-mireqeverisje-lidhen-marreveshje-bashkepunimi\/\" \/>\n<meta property=\"og:site_name\" content=\"Universiteti &quot;Fan S. Noli&quot;, Kor\u00e7\u00eb\" \/>\n<meta property=\"article:publisher\" content=\"https:\/\/www.facebook.com\/unkorce\" \/>\n<meta property=\"article:published_time\" content=\"2021-12-03T07:37:00+00:00\" \/>\n<meta name=\"author\" content=\"Brikela Qelemeni\" \/>\n<meta name=\"twitter:card\" content=\"summary_large_image\" \/>\n<meta name=\"twitter:label1\" content=\"Written by\" \/>\n\t<meta name=\"twitter:data1\" content=\"Brikela Qelemeni\" \/>\n\t<meta name=\"twitter:label2\" content=\"Est. reading time\" \/>\n\t<meta name=\"twitter:data2\" content=\"1 minute\" \/>\n<script type=\"application\/ld+json\" class=\"yoast-schema-graph\">{\"@context\":\"https:\/\/schema.org\",\"@graph\":[{\"@type\":\"Article\",\"@id\":\"https:\/\/unkorce.edu.al\/fakulteti-i-ekonomise-dhe-instituti-per-politika-publike-dhe-mireqeverisje-lidhen-marreveshje-bashkepunimi\/#article\",\"isPartOf\":{\"@id\":\"https:\/\/unkorce.edu.al\/fakulteti-i-ekonomise-dhe-instituti-per-politika-publike-dhe-mireqeverisje-lidhen-marreveshje-bashkepunimi\/\"},\"author\":{\"name\":\"Brikela Qelemeni\",\"@id\":\"https:\/\/unkorce.edu.al\/#\/schema\/person\/faa34c53e1891c174ff76279b528558e\"},\"headline\":\"FAKULTETI I EKONOMIS\u00cb DHE INSTITUTI P\u00cbR POLITIKA PUBLIKE DHE MIR\u00cbQEVERISJE LIDH\u00cbN MARR\u00cbVESHJE BASHK\u00cbPUNIMI\",\"datePublished\":\"2021-12-03T07:37:00+00:00\",\"mainEntityOfPage\":{\"@id\":\"https:\/\/unkorce.edu.al\/fakulteti-i-ekonomise-dhe-instituti-per-politika-publike-dhe-mireqeverisje-lidhen-marreveshje-bashkepunimi\/\"},\"wordCount\":193,\"commentCount\":0,\"publisher\":{\"@id\":\"https:\/\/unkorce.edu.al\/#organization\"},\"image\":{\"@id\":\"https:\/\/unkorce.edu.al\/fakulteti-i-ekonomise-dhe-instituti-per-politika-publike-dhe-mireqeverisje-lidhen-marreveshje-bashkepunimi\/#primaryimage\"},\"thumbnailUrl\":\"\",\"articleSection\":[\"Fakulteti i Ekonomise\"],\"inLanguage\":\"en-US\",\"potentialAction\":[{\"@type\":\"CommentAction\",\"name\":\"Comment\",\"target\":[\"https:\/\/unkorce.edu.al\/fakulteti-i-ekonomise-dhe-instituti-per-politika-publike-dhe-mireqeverisje-lidhen-marreveshje-bashkepunimi\/#respond\"]}]},{\"@type\":\"WebPage\",\"@id\":\"https:\/\/unkorce.edu.al\/fakulteti-i-ekonomise-dhe-instituti-per-politika-publike-dhe-mireqeverisje-lidhen-marreveshje-bashkepunimi\/\",\"url\":\"https:\/\/unkorce.edu.al\/fakulteti-i-ekonomise-dhe-instituti-per-politika-publike-dhe-mireqeverisje-lidhen-marreveshje-bashkepunimi\/\",\"name\":\"FAKULTETI I EKONOMIS\u00cb DHE INSTITUTI P\u00cbR POLITIKA PUBLIKE DHE MIR\u00cbQEVERISJE LIDH\u00cbN MARR\u00cbVESHJE BASHK\u00cbPUNIMI - Universiteti \\\"Fan S. Noli\\\", Kor\u00e7\u00eb\",\"isPartOf\":{\"@id\":\"https:\/\/unkorce.edu.al\/#website\"},\"primaryImageOfPage\":{\"@id\":\"https:\/\/unkorce.edu.al\/fakulteti-i-ekonomise-dhe-instituti-per-politika-publike-dhe-mireqeverisje-lidhen-marreveshje-bashkepunimi\/#primaryimage\"},\"image\":{\"@id\":\"https:\/\/unkorce.edu.al\/fakulteti-i-ekonomise-dhe-instituti-per-politika-publike-dhe-mireqeverisje-lidhen-marreveshje-bashkepunimi\/#primaryimage\"},\"thumbnailUrl\":\"\",\"datePublished\":\"2021-12-03T07:37:00+00:00\",\"breadcrumb\":{\"@id\":\"https:\/\/unkorce.edu.al\/fakulteti-i-ekonomise-dhe-instituti-per-politika-publike-dhe-mireqeverisje-lidhen-marreveshje-bashkepunimi\/#breadcrumb\"},\"inLanguage\":\"en-US\",\"potentialAction\":[{\"@type\":\"ReadAction\",\"target\":[\"https:\/\/unkorce.edu.al\/fakulteti-i-ekonomise-dhe-instituti-per-politika-publike-dhe-mireqeverisje-lidhen-marreveshje-bashkepunimi\/\"]}]},{\"@type\":\"ImageObject\",\"inLanguage\":\"en-US\",\"@id\":\"https:\/\/unkorce.edu.al\/fakulteti-i-ekonomise-dhe-instituti-per-politika-publike-dhe-mireqeverisje-lidhen-marreveshje-bashkepunimi\/#primaryimage\",\"url\":\"\",\"contentUrl\":\"\"},{\"@type\":\"BreadcrumbList\",\"@id\":\"https:\/\/unkorce.edu.al\/fakulteti-i-ekonomise-dhe-instituti-per-politika-publike-dhe-mireqeverisje-lidhen-marreveshje-bashkepunimi\/#breadcrumb\",\"itemListElement\":[{\"@type\":\"ListItem\",\"position\":1,\"name\":\"Home\",\"item\":\"https:\/\/unkorce.edu.al\/\"},{\"@type\":\"ListItem\",\"position\":2,\"name\":\"FAKULTETI I EKONOMIS\u00cb DHE INSTITUTI P\u00cbR POLITIKA PUBLIKE DHE MIR\u00cbQEVERISJE LIDH\u00cbN MARR\u00cbVESHJE BASHK\u00cbPUNIMI\"}]},{\"@type\":\"WebSite\",\"@id\":\"https:\/\/unkorce.edu.al\/#website\",\"url\":\"https:\/\/unkorce.edu.al\/\",\"name\":\"Universiteti \\\"Fan S. Noli\\\", Kor\u00e7\u00eb\",\"description\":\"Mir&euml;sevini n&euml; faqen zyrtare!\",\"publisher\":{\"@id\":\"https:\/\/unkorce.edu.al\/#organization\"},\"potentialAction\":[{\"@type\":\"SearchAction\",\"target\":{\"@type\":\"EntryPoint\",\"urlTemplate\":\"https:\/\/unkorce.edu.al\/?s={search_term_string}\"},\"query-input\":{\"@type\":\"PropertyValueSpecification\",\"valueRequired\":true,\"valueName\":\"search_term_string\"}}],\"inLanguage\":\"en-US\"},{\"@type\":\"Organization\",\"@id\":\"https:\/\/unkorce.edu.al\/#organization\",\"name\":\"Universiteti \\\"Fan S. Noli\\\", Kor\u00e7\u00eb\",\"url\":\"https:\/\/unkorce.edu.al\/\",\"logo\":{\"@type\":\"ImageObject\",\"inLanguage\":\"en-US\",\"@id\":\"https:\/\/unkorce.edu.al\/#\/schema\/logo\/image\/\",\"url\":\"https:\/\/unkorce.edu.al\/wp-content\/uploads\/2024\/08\/Logo_e_Universitetit__Fan_Noli_-e1726660879862.png\",\"contentUrl\":\"https:\/\/unkorce.edu.al\/wp-content\/uploads\/2024\/08\/Logo_e_Universitetit__Fan_Noli_-e1726660879862.png\",\"width\":200,\"height\":120,\"caption\":\"Universiteti \\\"Fan S. Noli\\\", Kor\u00e7\u00eb\"},\"image\":{\"@id\":\"https:\/\/unkorce.edu.al\/#\/schema\/logo\/image\/\"},\"sameAs\":[\"https:\/\/www.facebook.com\/unkorce\"]},{\"@type\":\"Person\",\"@id\":\"https:\/\/unkorce.edu.al\/#\/schema\/person\/faa34c53e1891c174ff76279b528558e\",\"name\":\"Brikela Qelemeni\",\"image\":{\"@type\":\"ImageObject\",\"inLanguage\":\"en-US\",\"@id\":\"https:\/\/unkorce.edu.al\/#\/schema\/person\/image\/\",\"url\":\"https:\/\/secure.gravatar.com\/avatar\/6c1805558a9218503040c8b9055763822c6184a1cd600127210a9abbc5aaea04?s=96&d=mm&r=g\",\"contentUrl\":\"https:\/\/secure.gravatar.com\/avatar\/6c1805558a9218503040c8b9055763822c6184a1cd600127210a9abbc5aaea04?s=96&d=mm&r=g\",\"caption\":\"Brikela Qelemeni\"},\"url\":\"https:\/\/unkorce.edu.al\/en\/author\/brikela\/\"}]}<\/script>\n<!-- \/ Yoast SEO plugin. -->","yoast_head_json":{"title":"FAKULTETI I EKONOMIS\u00cb DHE INSTITUTI P\u00cbR POLITIKA PUBLIKE DHE MIR\u00cbQEVERISJE LIDH\u00cbN MARR\u00cbVESHJE BASHK\u00cbPUNIMI - Universiteti \"Fan S. Noli\", Kor\u00e7\u00eb","robots":{"index":"index","follow":"follow","max-snippet":"max-snippet:-1","max-image-preview":"max-image-preview:large","max-video-preview":"max-video-preview:-1"},"canonical":"https:\/\/unkorce.edu.al\/en\/fakulteti-i-ekonomise-dhe-instituti-per-politika-publike-dhe-mireqeverisje-lidhen-marreveshje-bashkepunimi\/","og_locale":"en_US","og_type":"article","og_title":"FAKULTETI I EKONOMIS\u00cb DHE INSTITUTI P\u00cbR POLITIKA PUBLIKE DHE MIR\u00cbQEVERISJE LIDH\u00cbN MARR\u00cbVESHJE BASHK\u00cbPUNIMI - Universiteti \"Fan S. Noli\", Kor\u00e7\u00eb","og_description":"N\u00eb dat\u00ebn 3 dhjetor 2021, Fakulteti i Ekonomis\u00eb i Universitetit \u201cFan S. Noli\u201d lidhi marr\u00ebveshje bashk\u00ebpunimi me Institutin p\u00ebr Politika Publike dhe Mir\u00ebqeverisje, e cila u n\u00ebnshkrua nga dekania, prof. as. dr. Ledina Alolli dhe Presidenti i Nderit i k\u00ebtij Instituti, prof. dr. Arben Malaj. N\u00eb kuad\u00ebr t\u00eb k\u00ebtij bashk\u00ebpunimi prof. Malaj mbajti edhe nj\u00eb...","og_url":"https:\/\/unkorce.edu.al\/en\/fakulteti-i-ekonomise-dhe-instituti-per-politika-publike-dhe-mireqeverisje-lidhen-marreveshje-bashkepunimi\/","og_site_name":"Universiteti \"Fan S. Noli\", Kor\u00e7\u00eb","article_publisher":"https:\/\/www.facebook.com\/unkorce","article_published_time":"2021-12-03T07:37:00+00:00","author":"Brikela Qelemeni","twitter_card":"summary_large_image","twitter_misc":{"Written by":"Brikela Qelemeni","Est. reading time":"1 minute"},"schema":{"@context":"https:\/\/schema.org","@graph":[{"@type":"Article","@id":"https:\/\/unkorce.edu.al\/fakulteti-i-ekonomise-dhe-instituti-per-politika-publike-dhe-mireqeverisje-lidhen-marreveshje-bashkepunimi\/#article","isPartOf":{"@id":"https:\/\/unkorce.edu.al\/fakulteti-i-ekonomise-dhe-instituti-per-politika-publike-dhe-mireqeverisje-lidhen-marreveshje-bashkepunimi\/"},"author":{"name":"Brikela Qelemeni","@id":"https:\/\/unkorce.edu.al\/#\/schema\/person\/faa34c53e1891c174ff76279b528558e"},"headline":"FAKULTETI I EKONOMIS\u00cb DHE INSTITUTI P\u00cbR POLITIKA PUBLIKE DHE MIR\u00cbQEVERISJE LIDH\u00cbN MARR\u00cbVESHJE BASHK\u00cbPUNIMI","datePublished":"2021-12-03T07:37:00+00:00","mainEntityOfPage":{"@id":"https:\/\/unkorce.edu.al\/fakulteti-i-ekonomise-dhe-instituti-per-politika-publike-dhe-mireqeverisje-lidhen-marreveshje-bashkepunimi\/"},"wordCount":193,"commentCount":0,"publisher":{"@id":"https:\/\/unkorce.edu.al\/#organization"},"image":{"@id":"https:\/\/unkorce.edu.al\/fakulteti-i-ekonomise-dhe-instituti-per-politika-publike-dhe-mireqeverisje-lidhen-marreveshje-bashkepunimi\/#primaryimage"},"thumbnailUrl":"","articleSection":["Fakulteti i Ekonomise"],"inLanguage":"en-US","potentialAction":[{"@type":"CommentAction","name":"Comment","target":["https:\/\/unkorce.edu.al\/fakulteti-i-ekonomise-dhe-instituti-per-politika-publike-dhe-mireqeverisje-lidhen-marreveshje-bashkepunimi\/#respond"]}]},{"@type":"WebPage","@id":"https:\/\/unkorce.edu.al\/fakulteti-i-ekonomise-dhe-instituti-per-politika-publike-dhe-mireqeverisje-lidhen-marreveshje-bashkepunimi\/","url":"https:\/\/unkorce.edu.al\/fakulteti-i-ekonomise-dhe-instituti-per-politika-publike-dhe-mireqeverisje-lidhen-marreveshje-bashkepunimi\/","name":"FAKULTETI I EKONOMIS\u00cb DHE INSTITUTI P\u00cbR POLITIKA PUBLIKE DHE MIR\u00cbQEVERISJE LIDH\u00cbN MARR\u00cbVESHJE BASHK\u00cbPUNIMI - Universiteti \"Fan S. Noli\", Kor\u00e7\u00eb","isPartOf":{"@id":"https:\/\/unkorce.edu.al\/#website"},"primaryImageOfPage":{"@id":"https:\/\/unkorce.edu.al\/fakulteti-i-ekonomise-dhe-instituti-per-politika-publike-dhe-mireqeverisje-lidhen-marreveshje-bashkepunimi\/#primaryimage"},"image":{"@id":"https:\/\/unkorce.edu.al\/fakulteti-i-ekonomise-dhe-instituti-per-politika-publike-dhe-mireqeverisje-lidhen-marreveshje-bashkepunimi\/#primaryimage"},"thumbnailUrl":"","datePublished":"2021-12-03T07:37:00+00:00","breadcrumb":{"@id":"https:\/\/unkorce.edu.al\/fakulteti-i-ekonomise-dhe-instituti-per-politika-publike-dhe-mireqeverisje-lidhen-marreveshje-bashkepunimi\/#breadcrumb"},"inLanguage":"en-US","potentialAction":[{"@type":"ReadAction","target":["https:\/\/unkorce.edu.al\/fakulteti-i-ekonomise-dhe-instituti-per-politika-publike-dhe-mireqeverisje-lidhen-marreveshje-bashkepunimi\/"]}]},{"@type":"ImageObject","inLanguage":"en-US","@id":"https:\/\/unkorce.edu.al\/fakulteti-i-ekonomise-dhe-instituti-per-politika-publike-dhe-mireqeverisje-lidhen-marreveshje-bashkepunimi\/#primaryimage","url":"","contentUrl":""},{"@type":"BreadcrumbList","@id":"https:\/\/unkorce.edu.al\/fakulteti-i-ekonomise-dhe-instituti-per-politika-publike-dhe-mireqeverisje-lidhen-marreveshje-bashkepunimi\/#breadcrumb","itemListElement":[{"@type":"ListItem","position":1,"name":"Home","item":"https:\/\/unkorce.edu.al\/"},{"@type":"ListItem","position":2,"name":"FAKULTETI I EKONOMIS\u00cb DHE INSTITUTI P\u00cbR POLITIKA PUBLIKE DHE MIR\u00cbQEVERISJE LIDH\u00cbN MARR\u00cbVESHJE BASHK\u00cbPUNIMI"}]},{"@type":"WebSite","@id":"https:\/\/unkorce.edu.al\/#website","url":"https:\/\/unkorce.edu.al\/","name":"Universiteti \"Fan S. Noli\", Kor\u00e7\u00eb","description":"Mir&euml;sevini n&euml; faqen zyrtare!","publisher":{"@id":"https:\/\/unkorce.edu.al\/#organization"},"potentialAction":[{"@type":"SearchAction","target":{"@type":"EntryPoint","urlTemplate":"https:\/\/unkorce.edu.al\/?s={search_term_string}"},"query-input":{"@type":"PropertyValueSpecification","valueRequired":true,"valueName":"search_term_string"}}],"inLanguage":"en-US"},{"@type":"Organization","@id":"https:\/\/unkorce.edu.al\/#organization","name":"Universiteti \"Fan S. Noli\", Kor\u00e7\u00eb","url":"https:\/\/unkorce.edu.al\/","logo":{"@type":"ImageObject","inLanguage":"en-US","@id":"https:\/\/unkorce.edu.al\/#\/schema\/logo\/image\/","url":"https:\/\/unkorce.edu.al\/wp-content\/uploads\/2024\/08\/Logo_e_Universitetit__Fan_Noli_-e1726660879862.png","contentUrl":"https:\/\/unkorce.edu.al\/wp-content\/uploads\/2024\/08\/Logo_e_Universitetit__Fan_Noli_-e1726660879862.png","width":200,"height":120,"caption":"Universiteti \"Fan S. Noli\", Kor\u00e7\u00eb"},"image":{"@id":"https:\/\/unkorce.edu.al\/#\/schema\/logo\/image\/"},"sameAs":["https:\/\/www.facebook.com\/unkorce"]},{"@type":"Person","@id":"https:\/\/unkorce.edu.al\/#\/schema\/person\/faa34c53e1891c174ff76279b528558e","name":"Brikela Qelemeni","image":{"@type":"ImageObject","inLanguage":"en-US","@id":"https:\/\/unkorce.edu.al\/#\/schema\/person\/image\/","url":"https:\/\/secure.gravatar.com\/avatar\/6c1805558a9218503040c8b9055763822c6184a1cd600127210a9abbc5aaea04?s=96&d=mm&r=g","contentUrl":"https:\/\/secure.gravatar.com\/avatar\/6c1805558a9218503040c8b9055763822c6184a1cd600127210a9abbc5aaea04?s=96&d=mm&r=g","caption":"Brikela Qelemeni"},"url":"https:\/\/unkorce.edu.al\/en\/author\/brikela\/"}]}},"_links":{"self":[{"href":"https:\/\/unkorce.edu.al\/en\/wp-json\/wp\/v2\/posts\/12250","targetHints":{"allow":["GET"]}}],"collection":[{"href":"https:\/\/unkorce.edu.al\/en\/wp-json\/wp\/v2\/posts"}],"about":[{"href":"https:\/\/unkorce.edu.al\/en\/wp-json\/wp\/v2\/types\/post"}],"author":[{"embeddable":true,"href":"https:\/\/unkorce.edu.al\/en\/wp-json\/wp\/v2\/users\/2"}],"replies":[{"embeddable":true,"href":"https:\/\/unkorce.edu.al\/en\/wp-json\/wp\/v2\/comments?post=12250"}],"version-history":[{"count":0,"href":"https:\/\/unkorce.edu.al\/en\/wp-json\/wp\/v2\/posts\/12250\/revisions"}],"wp:featuredmedia":[{"embeddable":true,"href":"https:\/\/unkorce.edu.al\/en\/wp-json\/"}],"wp:attachment":[{"href":"https:\/\/unkorce.edu.al\/en\/wp-json\/wp\/v2\/media?parent=12250"}],"wp:term":[{"taxonomy":"category","embeddable":true,"href":"https:\/\/unkorce.edu.al\/en\/wp-json\/wp\/v2\/categories?post=12250"},{"taxonomy":"post_tag","embeddable":true,"href":"https:\/\/unkorce.edu.al\/en\/wp-json\/wp\/v2\/tags?post=12250"}],"curies":[{"name":"wp","href":"https:\/\/api.w.org\/{rel}","templated":true}]}}