{"id":11988,"date":"2022-05-19T07:46:00","date_gmt":"2022-05-19T07:46:00","guid":{"rendered":"https:\/\/unkorce.edu.al\/?p=11988"},"modified":"2022-05-19T07:46:00","modified_gmt":"2022-05-19T07:46:00","slug":"studente-e-fe-takim-informues-me-specialist-te-zyres-rajonale-te-punesimit","status":"publish","type":"post","link":"https:\/\/unkorce.edu.al\/en\/studente-e-fe-takim-informues-me-specialist-te-zyres-rajonale-te-punesimit\/","title":{"rendered":"STUDENT\u00cb E FE TAKIM INFORMUES ME SPECIALIST T\u00cb ZYR\u00cbS RAJONALE T\u00cb PUN\u00cbSIMIT"},"content":{"rendered":"<p>N\u00eb dat\u00ebn 19 maj 2022 student\u00eb t\u00eb programeve \u201cMaster Profesional\u201d n\u00eb \u201cFinanc\u00eb-Kontabilitet\u201d dhe \u201cBank\u00eb e Sigurime\u201d zhvilluan nj\u00eb takim me specialist\u00eb t\u00eb Zyr\u00ebs s\u00eb Pun\u00ebsimit, Kor\u00e7\u00eb. Gjat\u00eb takimit student\u00ebt morr\u00ebn informacion t\u00eb holl\u00ebsish\u00ebm n\u00eb lidhje me sh\u00ebrbimet q\u00eb ofron Agjencia Komb\u00ebtare e Pun\u00ebsimit dhe Aft\u00ebsive sa i takon Programit t\u00eb Pun\u00ebsimit, Nxitjes s\u00eb Pun\u00ebsimit, Programit t\u00eb Praktiave Profesionale, si dhe sh\u00ebrbimeve t\u00eb tjera t\u00eb ofruara nga kjo agjenci. Student\u00ebt than\u00eb se takime t\u00eb tilla informuese i njohin dhe i orientojne edhe m\u00eb mir\u00eb me tregun e pun\u00ebs.<\/p>\n\n\n\n<figure class=\"wp-block-gallery has-nested-images columns-default is-cropped wp-block-gallery-1 is-layout-flex wp-block-gallery-is-layout-flex\">\n<figure class=\"wp-block-image size-large\"><img decoding=\"async\" data-id=\"11992\" src=\"https:\/\/unkorce.edu.al\/wp-content\/uploads\/2022\/07\/1-5-1024x768.jpg\" alt=\"\" class=\"wp-image-11992\"\/><\/figure>\n\n\n\n<figure class=\"wp-block-image size-large\"><img decoding=\"async\" data-id=\"11989\" src=\"https:\/\/unkorce.edu.al\/wp-content\/uploads\/2022\/07\/2-4-1024x768.jpg\" alt=\"\" class=\"wp-image-11989\"\/><\/figure>\n\n\n\n<figure class=\"wp-block-image size-large\"><img decoding=\"async\" data-id=\"11990\" src=\"https:\/\/unkorce.edu.al\/wp-content\/uploads\/2022\/07\/3-4-1024x768.jpg\" alt=\"\" class=\"wp-image-11990\"\/><\/figure>\n\n\n\n<figure class=\"wp-block-image size-large\"><img decoding=\"async\" data-id=\"11991\" src=\"https:\/\/unkorce.edu.al\/wp-content\/uploads\/2022\/07\/4-3-1024x768.jpg\" alt=\"\" class=\"wp-image-11991\"\/><\/figure>\n<\/figure>","protected":false},"excerpt":{"rendered":"<p>N\u00eb dat\u00ebn 19 maj 2022 student\u00eb t\u00eb programeve \u201cMaster Profesional\u201d n\u00eb \u201cFinanc\u00eb-Kontabilitet\u201d dhe \u201cBank\u00eb e Sigurime\u201d zhvilluan nj\u00eb takim me specialist\u00eb t\u00eb Zyr\u00ebs s\u00eb Pun\u00ebsimit, Kor\u00e7\u00eb. Gjat\u00eb takimit student\u00ebt morr\u00ebn informacion t\u00eb holl\u00ebsish\u00ebm n\u00eb lidhje me sh\u00ebrbimet q\u00eb ofron Agjencia Komb\u00ebtare e Pun\u00ebsimit dhe Aft\u00ebsive sa i takon Programit t\u00eb Pun\u00ebsimit, Nxitjes s\u00eb Pun\u00ebsimit, Programit&#8230;<\/p>","protected":false},"author":2,"featured_media":11991,"comment_status":"open","ping_status":"open","sticky":false,"template":"","format":"standard","meta":{"_acf_changed":false,"footnotes":""},"categories":[6],"tags":[],"class_list":["post-11988","post","type-post","status-publish","format-standard","has-post-thumbnail","hentry","category-fakulteti-i-ekonomise"],"acf":[],"yoast_head":"<!-- This site is optimized with the Yoast SEO plugin v26.9 - https:\/\/yoast.com\/product\/yoast-seo-wordpress\/ -->\n<title>STUDENT\u00cb E FE TAKIM INFORMUES ME SPECIALIST T\u00cb ZYR\u00cbS RAJONALE T\u00cb PUN\u00cbSIMIT - Universiteti &quot;Fan S. Noli&quot;, Kor\u00e7\u00eb<\/title>\n<meta name=\"robots\" content=\"index, follow, max-snippet:-1, max-image-preview:large, max-video-preview:-1\" \/>\n<link rel=\"canonical\" href=\"https:\/\/unkorce.edu.al\/en\/studente-e-fe-takim-informues-me-specialist-te-zyres-rajonale-te-punesimit\/\" \/>\n<meta property=\"og:locale\" content=\"en_US\" \/>\n<meta property=\"og:type\" content=\"article\" \/>\n<meta property=\"og:title\" content=\"STUDENT\u00cb E FE TAKIM INFORMUES ME SPECIALIST T\u00cb ZYR\u00cbS RAJONALE T\u00cb PUN\u00cbSIMIT - Universiteti &quot;Fan S. Noli&quot;, Kor\u00e7\u00eb\" \/>\n<meta property=\"og:description\" content=\"N\u00eb dat\u00ebn 19 maj 2022 student\u00eb t\u00eb programeve \u201cMaster Profesional\u201d n\u00eb \u201cFinanc\u00eb-Kontabilitet\u201d dhe \u201cBank\u00eb e Sigurime\u201d zhvilluan nj\u00eb takim me specialist\u00eb t\u00eb Zyr\u00ebs s\u00eb Pun\u00ebsimit, Kor\u00e7\u00eb. Gjat\u00eb takimit student\u00ebt morr\u00ebn informacion t\u00eb holl\u00ebsish\u00ebm n\u00eb lidhje me sh\u00ebrbimet q\u00eb ofron Agjencia Komb\u00ebtare e Pun\u00ebsimit dhe Aft\u00ebsive sa i takon Programit t\u00eb Pun\u00ebsimit, Nxitjes s\u00eb Pun\u00ebsimit, Programit...\" \/>\n<meta property=\"og:url\" content=\"https:\/\/unkorce.edu.al\/en\/studente-e-fe-takim-informues-me-specialist-te-zyres-rajonale-te-punesimit\/\" \/>\n<meta property=\"og:site_name\" content=\"Universiteti &quot;Fan S. Noli&quot;, Kor\u00e7\u00eb\" \/>\n<meta property=\"article:publisher\" content=\"https:\/\/www.facebook.com\/unkorce\" \/>\n<meta property=\"article:published_time\" content=\"2022-05-19T07:46:00+00:00\" \/>\n<meta name=\"author\" content=\"Brikela Qelemeni\" \/>\n<meta name=\"twitter:card\" content=\"summary_large_image\" \/>\n<meta name=\"twitter:label1\" content=\"Written by\" \/>\n\t<meta name=\"twitter:data1\" content=\"Brikela Qelemeni\" \/>\n\t<meta name=\"twitter:label2\" content=\"Est. reading time\" \/>\n\t<meta name=\"twitter:data2\" content=\"1 minute\" \/>\n<script type=\"application\/ld+json\" class=\"yoast-schema-graph\">{\"@context\":\"https:\/\/schema.org\",\"@graph\":[{\"@type\":\"Article\",\"@id\":\"https:\/\/unkorce.edu.al\/studente-e-fe-takim-informues-me-specialist-te-zyres-rajonale-te-punesimit\/#article\",\"isPartOf\":{\"@id\":\"https:\/\/unkorce.edu.al\/studente-e-fe-takim-informues-me-specialist-te-zyres-rajonale-te-punesimit\/\"},\"author\":{\"name\":\"Brikela Qelemeni\",\"@id\":\"https:\/\/unkorce.edu.al\/#\/schema\/person\/faa34c53e1891c174ff76279b528558e\"},\"headline\":\"STUDENT\u00cb E FE TAKIM INFORMUES ME SPECIALIST T\u00cb ZYR\u00cbS RAJONALE T\u00cb PUN\u00cbSIMIT\",\"datePublished\":\"2022-05-19T07:46:00+00:00\",\"mainEntityOfPage\":{\"@id\":\"https:\/\/unkorce.edu.al\/studente-e-fe-takim-informues-me-specialist-te-zyres-rajonale-te-punesimit\/\"},\"wordCount\":116,\"commentCount\":0,\"publisher\":{\"@id\":\"https:\/\/unkorce.edu.al\/#organization\"},\"image\":{\"@id\":\"https:\/\/unkorce.edu.al\/studente-e-fe-takim-informues-me-specialist-te-zyres-rajonale-te-punesimit\/#primaryimage\"},\"thumbnailUrl\":\"\",\"articleSection\":[\"Fakulteti i Ekonomise\"],\"inLanguage\":\"en-US\",\"potentialAction\":[{\"@type\":\"CommentAction\",\"name\":\"Comment\",\"target\":[\"https:\/\/unkorce.edu.al\/studente-e-fe-takim-informues-me-specialist-te-zyres-rajonale-te-punesimit\/#respond\"]}]},{\"@type\":\"WebPage\",\"@id\":\"https:\/\/unkorce.edu.al\/studente-e-fe-takim-informues-me-specialist-te-zyres-rajonale-te-punesimit\/\",\"url\":\"https:\/\/unkorce.edu.al\/studente-e-fe-takim-informues-me-specialist-te-zyres-rajonale-te-punesimit\/\",\"name\":\"STUDENT\u00cb E FE TAKIM INFORMUES ME SPECIALIST T\u00cb ZYR\u00cbS RAJONALE T\u00cb PUN\u00cbSIMIT - Universiteti \\\"Fan S. Noli\\\", Kor\u00e7\u00eb\",\"isPartOf\":{\"@id\":\"https:\/\/unkorce.edu.al\/#website\"},\"primaryImageOfPage\":{\"@id\":\"https:\/\/unkorce.edu.al\/studente-e-fe-takim-informues-me-specialist-te-zyres-rajonale-te-punesimit\/#primaryimage\"},\"image\":{\"@id\":\"https:\/\/unkorce.edu.al\/studente-e-fe-takim-informues-me-specialist-te-zyres-rajonale-te-punesimit\/#primaryimage\"},\"thumbnailUrl\":\"\",\"datePublished\":\"2022-05-19T07:46:00+00:00\",\"breadcrumb\":{\"@id\":\"https:\/\/unkorce.edu.al\/studente-e-fe-takim-informues-me-specialist-te-zyres-rajonale-te-punesimit\/#breadcrumb\"},\"inLanguage\":\"en-US\",\"potentialAction\":[{\"@type\":\"ReadAction\",\"target\":[\"https:\/\/unkorce.edu.al\/studente-e-fe-takim-informues-me-specialist-te-zyres-rajonale-te-punesimit\/\"]}]},{\"@type\":\"ImageObject\",\"inLanguage\":\"en-US\",\"@id\":\"https:\/\/unkorce.edu.al\/studente-e-fe-takim-informues-me-specialist-te-zyres-rajonale-te-punesimit\/#primaryimage\",\"url\":\"\",\"contentUrl\":\"\"},{\"@type\":\"BreadcrumbList\",\"@id\":\"https:\/\/unkorce.edu.al\/studente-e-fe-takim-informues-me-specialist-te-zyres-rajonale-te-punesimit\/#breadcrumb\",\"itemListElement\":[{\"@type\":\"ListItem\",\"position\":1,\"name\":\"Home\",\"item\":\"https:\/\/unkorce.edu.al\/\"},{\"@type\":\"ListItem\",\"position\":2,\"name\":\"STUDENT\u00cb E FE TAKIM INFORMUES ME SPECIALIST T\u00cb ZYR\u00cbS RAJONALE T\u00cb PUN\u00cbSIMIT\"}]},{\"@type\":\"WebSite\",\"@id\":\"https:\/\/unkorce.edu.al\/#website\",\"url\":\"https:\/\/unkorce.edu.al\/\",\"name\":\"Universiteti \\\"Fan S. Noli\\\", Kor\u00e7\u00eb\",\"description\":\"Mir&euml;sevini n&euml; faqen zyrtare!\",\"publisher\":{\"@id\":\"https:\/\/unkorce.edu.al\/#organization\"},\"potentialAction\":[{\"@type\":\"SearchAction\",\"target\":{\"@type\":\"EntryPoint\",\"urlTemplate\":\"https:\/\/unkorce.edu.al\/?s={search_term_string}\"},\"query-input\":{\"@type\":\"PropertyValueSpecification\",\"valueRequired\":true,\"valueName\":\"search_term_string\"}}],\"inLanguage\":\"en-US\"},{\"@type\":\"Organization\",\"@id\":\"https:\/\/unkorce.edu.al\/#organization\",\"name\":\"Universiteti \\\"Fan S. Noli\\\", Kor\u00e7\u00eb\",\"url\":\"https:\/\/unkorce.edu.al\/\",\"logo\":{\"@type\":\"ImageObject\",\"inLanguage\":\"en-US\",\"@id\":\"https:\/\/unkorce.edu.al\/#\/schema\/logo\/image\/\",\"url\":\"https:\/\/unkorce.edu.al\/wp-content\/uploads\/2024\/08\/Logo_e_Universitetit__Fan_Noli_-e1726660879862.png\",\"contentUrl\":\"https:\/\/unkorce.edu.al\/wp-content\/uploads\/2024\/08\/Logo_e_Universitetit__Fan_Noli_-e1726660879862.png\",\"width\":200,\"height\":120,\"caption\":\"Universiteti \\\"Fan S. Noli\\\", Kor\u00e7\u00eb\"},\"image\":{\"@id\":\"https:\/\/unkorce.edu.al\/#\/schema\/logo\/image\/\"},\"sameAs\":[\"https:\/\/www.facebook.com\/unkorce\"]},{\"@type\":\"Person\",\"@id\":\"https:\/\/unkorce.edu.al\/#\/schema\/person\/faa34c53e1891c174ff76279b528558e\",\"name\":\"Brikela Qelemeni\",\"image\":{\"@type\":\"ImageObject\",\"inLanguage\":\"en-US\",\"@id\":\"https:\/\/unkorce.edu.al\/#\/schema\/person\/image\/\",\"url\":\"https:\/\/secure.gravatar.com\/avatar\/6c1805558a9218503040c8b9055763822c6184a1cd600127210a9abbc5aaea04?s=96&d=mm&r=g\",\"contentUrl\":\"https:\/\/secure.gravatar.com\/avatar\/6c1805558a9218503040c8b9055763822c6184a1cd600127210a9abbc5aaea04?s=96&d=mm&r=g\",\"caption\":\"Brikela Qelemeni\"},\"url\":\"https:\/\/unkorce.edu.al\/en\/author\/brikela\/\"}]}<\/script>\n<!-- \/ Yoast SEO plugin. -->","yoast_head_json":{"title":"STUDENT\u00cb E FE TAKIM INFORMUES ME SPECIALIST T\u00cb ZYR\u00cbS RAJONALE T\u00cb PUN\u00cbSIMIT - Universiteti \"Fan S. Noli\", Kor\u00e7\u00eb","robots":{"index":"index","follow":"follow","max-snippet":"max-snippet:-1","max-image-preview":"max-image-preview:large","max-video-preview":"max-video-preview:-1"},"canonical":"https:\/\/unkorce.edu.al\/en\/studente-e-fe-takim-informues-me-specialist-te-zyres-rajonale-te-punesimit\/","og_locale":"en_US","og_type":"article","og_title":"STUDENT\u00cb E FE TAKIM INFORMUES ME SPECIALIST T\u00cb ZYR\u00cbS RAJONALE T\u00cb PUN\u00cbSIMIT - Universiteti \"Fan S. Noli\", Kor\u00e7\u00eb","og_description":"N\u00eb dat\u00ebn 19 maj 2022 student\u00eb t\u00eb programeve \u201cMaster Profesional\u201d n\u00eb \u201cFinanc\u00eb-Kontabilitet\u201d dhe \u201cBank\u00eb e Sigurime\u201d zhvilluan nj\u00eb takim me specialist\u00eb t\u00eb Zyr\u00ebs s\u00eb Pun\u00ebsimit, Kor\u00e7\u00eb. Gjat\u00eb takimit student\u00ebt morr\u00ebn informacion t\u00eb holl\u00ebsish\u00ebm n\u00eb lidhje me sh\u00ebrbimet q\u00eb ofron Agjencia Komb\u00ebtare e Pun\u00ebsimit dhe Aft\u00ebsive sa i takon Programit t\u00eb Pun\u00ebsimit, Nxitjes s\u00eb Pun\u00ebsimit, Programit...","og_url":"https:\/\/unkorce.edu.al\/en\/studente-e-fe-takim-informues-me-specialist-te-zyres-rajonale-te-punesimit\/","og_site_name":"Universiteti \"Fan S. Noli\", Kor\u00e7\u00eb","article_publisher":"https:\/\/www.facebook.com\/unkorce","article_published_time":"2022-05-19T07:46:00+00:00","author":"Brikela Qelemeni","twitter_card":"summary_large_image","twitter_misc":{"Written by":"Brikela Qelemeni","Est. reading time":"1 minute"},"schema":{"@context":"https:\/\/schema.org","@graph":[{"@type":"Article","@id":"https:\/\/unkorce.edu.al\/studente-e-fe-takim-informues-me-specialist-te-zyres-rajonale-te-punesimit\/#article","isPartOf":{"@id":"https:\/\/unkorce.edu.al\/studente-e-fe-takim-informues-me-specialist-te-zyres-rajonale-te-punesimit\/"},"author":{"name":"Brikela Qelemeni","@id":"https:\/\/unkorce.edu.al\/#\/schema\/person\/faa34c53e1891c174ff76279b528558e"},"headline":"STUDENT\u00cb E FE TAKIM INFORMUES ME SPECIALIST T\u00cb ZYR\u00cbS RAJONALE T\u00cb PUN\u00cbSIMIT","datePublished":"2022-05-19T07:46:00+00:00","mainEntityOfPage":{"@id":"https:\/\/unkorce.edu.al\/studente-e-fe-takim-informues-me-specialist-te-zyres-rajonale-te-punesimit\/"},"wordCount":116,"commentCount":0,"publisher":{"@id":"https:\/\/unkorce.edu.al\/#organization"},"image":{"@id":"https:\/\/unkorce.edu.al\/studente-e-fe-takim-informues-me-specialist-te-zyres-rajonale-te-punesimit\/#primaryimage"},"thumbnailUrl":"","articleSection":["Fakulteti i Ekonomise"],"inLanguage":"en-US","potentialAction":[{"@type":"CommentAction","name":"Comment","target":["https:\/\/unkorce.edu.al\/studente-e-fe-takim-informues-me-specialist-te-zyres-rajonale-te-punesimit\/#respond"]}]},{"@type":"WebPage","@id":"https:\/\/unkorce.edu.al\/studente-e-fe-takim-informues-me-specialist-te-zyres-rajonale-te-punesimit\/","url":"https:\/\/unkorce.edu.al\/studente-e-fe-takim-informues-me-specialist-te-zyres-rajonale-te-punesimit\/","name":"STUDENT\u00cb E FE TAKIM INFORMUES ME SPECIALIST T\u00cb ZYR\u00cbS RAJONALE T\u00cb PUN\u00cbSIMIT - Universiteti \"Fan S. Noli\", Kor\u00e7\u00eb","isPartOf":{"@id":"https:\/\/unkorce.edu.al\/#website"},"primaryImageOfPage":{"@id":"https:\/\/unkorce.edu.al\/studente-e-fe-takim-informues-me-specialist-te-zyres-rajonale-te-punesimit\/#primaryimage"},"image":{"@id":"https:\/\/unkorce.edu.al\/studente-e-fe-takim-informues-me-specialist-te-zyres-rajonale-te-punesimit\/#primaryimage"},"thumbnailUrl":"","datePublished":"2022-05-19T07:46:00+00:00","breadcrumb":{"@id":"https:\/\/unkorce.edu.al\/studente-e-fe-takim-informues-me-specialist-te-zyres-rajonale-te-punesimit\/#breadcrumb"},"inLanguage":"en-US","potentialAction":[{"@type":"ReadAction","target":["https:\/\/unkorce.edu.al\/studente-e-fe-takim-informues-me-specialist-te-zyres-rajonale-te-punesimit\/"]}]},{"@type":"ImageObject","inLanguage":"en-US","@id":"https:\/\/unkorce.edu.al\/studente-e-fe-takim-informues-me-specialist-te-zyres-rajonale-te-punesimit\/#primaryimage","url":"","contentUrl":""},{"@type":"BreadcrumbList","@id":"https:\/\/unkorce.edu.al\/studente-e-fe-takim-informues-me-specialist-te-zyres-rajonale-te-punesimit\/#breadcrumb","itemListElement":[{"@type":"ListItem","position":1,"name":"Home","item":"https:\/\/unkorce.edu.al\/"},{"@type":"ListItem","position":2,"name":"STUDENT\u00cb E FE TAKIM INFORMUES ME SPECIALIST T\u00cb ZYR\u00cbS RAJONALE T\u00cb PUN\u00cbSIMIT"}]},{"@type":"WebSite","@id":"https:\/\/unkorce.edu.al\/#website","url":"https:\/\/unkorce.edu.al\/","name":"Universiteti \"Fan S. Noli\", Kor\u00e7\u00eb","description":"Mir&euml;sevini n&euml; faqen zyrtare!","publisher":{"@id":"https:\/\/unkorce.edu.al\/#organization"},"potentialAction":[{"@type":"SearchAction","target":{"@type":"EntryPoint","urlTemplate":"https:\/\/unkorce.edu.al\/?s={search_term_string}"},"query-input":{"@type":"PropertyValueSpecification","valueRequired":true,"valueName":"search_term_string"}}],"inLanguage":"en-US"},{"@type":"Organization","@id":"https:\/\/unkorce.edu.al\/#organization","name":"Universiteti \"Fan S. Noli\", Kor\u00e7\u00eb","url":"https:\/\/unkorce.edu.al\/","logo":{"@type":"ImageObject","inLanguage":"en-US","@id":"https:\/\/unkorce.edu.al\/#\/schema\/logo\/image\/","url":"https:\/\/unkorce.edu.al\/wp-content\/uploads\/2024\/08\/Logo_e_Universitetit__Fan_Noli_-e1726660879862.png","contentUrl":"https:\/\/unkorce.edu.al\/wp-content\/uploads\/2024\/08\/Logo_e_Universitetit__Fan_Noli_-e1726660879862.png","width":200,"height":120,"caption":"Universiteti \"Fan S. Noli\", Kor\u00e7\u00eb"},"image":{"@id":"https:\/\/unkorce.edu.al\/#\/schema\/logo\/image\/"},"sameAs":["https:\/\/www.facebook.com\/unkorce"]},{"@type":"Person","@id":"https:\/\/unkorce.edu.al\/#\/schema\/person\/faa34c53e1891c174ff76279b528558e","name":"Brikela Qelemeni","image":{"@type":"ImageObject","inLanguage":"en-US","@id":"https:\/\/unkorce.edu.al\/#\/schema\/person\/image\/","url":"https:\/\/secure.gravatar.com\/avatar\/6c1805558a9218503040c8b9055763822c6184a1cd600127210a9abbc5aaea04?s=96&d=mm&r=g","contentUrl":"https:\/\/secure.gravatar.com\/avatar\/6c1805558a9218503040c8b9055763822c6184a1cd600127210a9abbc5aaea04?s=96&d=mm&r=g","caption":"Brikela Qelemeni"},"url":"https:\/\/unkorce.edu.al\/en\/author\/brikela\/"}]}},"_links":{"self":[{"href":"https:\/\/unkorce.edu.al\/en\/wp-json\/wp\/v2\/posts\/11988","targetHints":{"allow":["GET"]}}],"collection":[{"href":"https:\/\/unkorce.edu.al\/en\/wp-json\/wp\/v2\/posts"}],"about":[{"href":"https:\/\/unkorce.edu.al\/en\/wp-json\/wp\/v2\/types\/post"}],"author":[{"embeddable":true,"href":"https:\/\/unkorce.edu.al\/en\/wp-json\/wp\/v2\/users\/2"}],"replies":[{"embeddable":true,"href":"https:\/\/unkorce.edu.al\/en\/wp-json\/wp\/v2\/comments?post=11988"}],"version-history":[{"count":0,"href":"https:\/\/unkorce.edu.al\/en\/wp-json\/wp\/v2\/posts\/11988\/revisions"}],"wp:featuredmedia":[{"embeddable":true,"href":"https:\/\/unkorce.edu.al\/en\/wp-json\/"}],"wp:attachment":[{"href":"https:\/\/unkorce.edu.al\/en\/wp-json\/wp\/v2\/media?parent=11988"}],"wp:term":[{"taxonomy":"category","embeddable":true,"href":"https:\/\/unkorce.edu.al\/en\/wp-json\/wp\/v2\/categories?post=11988"},{"taxonomy":"post_tag","embeddable":true,"href":"https:\/\/unkorce.edu.al\/en\/wp-json\/wp\/v2\/tags?post=11988"}],"curies":[{"name":"wp","href":"https:\/\/api.w.org\/{rel}","templated":true}]}}