{"id":10806,"date":"2022-04-15T12:31:00","date_gmt":"2022-04-15T12:31:00","guid":{"rendered":"https:\/\/unkorce.edu.al\/?p=10806"},"modified":"2022-04-15T12:31:00","modified_gmt":"2022-04-15T12:31:00","slug":"universiteti-fan-s-noli-veprimtari-ne-diten-nderkombetare-te-artit","status":"publish","type":"post","link":"https:\/\/unkorce.edu.al\/en\/universiteti-fan-s-noli-veprimtari-ne-diten-nderkombetare-te-artit\/","title":{"rendered":"UNIVERSITETI \u201cFAN S. NOLI\u201d-VEPRIMTARI N\u00cb DIT\u00cbN ND\u00cbRKOMB\u00cbTARE T\u00cb ARTIT"},"content":{"rendered":"<p>N\u00eb dat\u00ebn 15 prill 2022 n\u00eb kuad\u00ebr t\u00eb Dit\u00ebs Nd\u00ebrkomb\u00ebtare t\u00eb Artit, n\u00eb Universitetin \u201cFan S. Noli\u201d u zhvillua nj\u00eb veprimtari artistike, e cila erdhi si nj\u00eb bashk\u00ebpunim midis departamenteve t\u00eb Fakultetit t\u00eb Edukimit dhe Filologjis\u00eb. Pjes\u00eb e k\u00ebsaj veprimtarie ishte edhe nj\u00eb ekspozit\u00eb me punime n\u00eb piktur\u00eb t\u00eb nx\u00ebn\u00ebsve t\u00eb shkoll\u00ebs s\u00eb mesme artistike \u201cTefta Tashko Ko\u00e7o\u201d dhe me punime artistike t\u00eb t\u00eb rinjve t\u00eb Qendr\u00ebs Ditore t\u00eb Zhvillimit Atelje n\u00eb Kor\u00e7\u00eb. N\u00eb fjal\u00ebn e saj dekania e FEF, prof. as. dr. Jonela Spaho tha se ndryshe nga her\u00ebt e tjera stafi \u00ebsht\u00eb spektator i asaj \u00e7`ka student\u00ebt kan\u00eb organizuar dhe po u dhurojn\u00eb. \u201cAjo q\u00eb \u00ebsht\u00eb m\u00eb e bukura m\u00eb e pafajshmja dhe m\u00eb e v\u00ebrteta n\u00eb shpitrtin tuaj \u00ebsh\u00ebt arti q\u00eb ju krijoni\u201d. Takimin e p\u00ebrsh\u00ebndet\u00ebn edhe p\u00ebrgjegj\u00ebsja e departamentit t\u00eb gjuh\u00ebve t\u00eb Huaja, phd. Daniela Stoica dhe pedagogu, dr. Eris Rusi nj\u00ebher\u00ebsh edhe kryetar i klubit t\u00eb shkrimtar\u00ebve \u201cBota e re\u201d, i cili tha se \u00ebsht\u00eb e ve\u00e7ant\u00eb q\u00eb mjedisi universitar t\u00eb shnd\u00ebrohet n\u00eb nj\u00eb sken\u00eb t\u00eb fjal\u00ebs artistike. Sipas tij, bashk\u00ebpunimet q\u00eb shikojn\u00eb koordinimin e veprimtarive me gjimnazet e qytetit u ofrojn\u00eb mund\u00ebsi maturant\u00ebve t\u00eb njohin nga af\u00ebr Universitetin, stafin dhe student\u00ebt.<\/p>\n\n\n\n<p>Veprimtaria vijoi m\u00eb pas me poezi n\u00eb gjuh\u00eb t\u00eb ndryshme, t\u00eb cilat jan\u00eb edhe pjes\u00eb e kurrikul\u00ebs s\u00eb k\u00ebtyre Departamenteve, t\u00eb interpretuara nga student\u00eb dhe t\u00eb ftuar t\u00eb tjer\u00eb. E ve\u00e7ant\u00eb ishte edhe p\u00ebrsh\u00ebndetja me dy pjes\u00eb muzikore t\u00eb interpretuara nga violinist\u00ebt e shkoll\u00ebs s\u00eb mesme artistike \u201cTefta Tashko Ko\u00e7o\u201d.<\/p>\n\n\n\n<figure class=\"wp-block-gallery has-nested-images columns-default is-cropped wp-block-gallery-1 is-layout-flex wp-block-gallery-is-layout-flex\">\n<figure class=\"wp-block-image size-large\"><img decoding=\"async\" data-id=\"10811\" src=\"https:\/\/unkorce.edu.al\/wp-content\/uploads\/2022\/06\/IMG_2126.jpg\" alt=\"\" class=\"wp-image-10811\" \/><\/figure>\n\n\n\n<figure class=\"wp-block-image size-large\"><img decoding=\"async\" data-id=\"10813\" src=\"https:\/\/unkorce.edu.al\/wp-content\/uploads\/2022\/06\/IMG_2130.jpg\" alt=\"\" class=\"wp-image-10813\" \/><\/figure>\n\n\n\n<figure class=\"wp-block-image size-large\"><img decoding=\"async\" data-id=\"10812\" src=\"https:\/\/unkorce.edu.al\/wp-content\/uploads\/2022\/06\/IMG_2127.jpg\" alt=\"\" class=\"wp-image-10812\" \/><\/figure>\n\n\n\n<figure class=\"wp-block-image size-large\"><img decoding=\"async\" data-id=\"10814\" src=\"https:\/\/unkorce.edu.al\/wp-content\/uploads\/2022\/06\/IMG_2133.jpg\" alt=\"\" class=\"wp-image-10814\" \/><\/figure>\n\n\n\n<figure class=\"wp-block-image size-large\"><img decoding=\"async\" data-id=\"10815\" src=\"https:\/\/unkorce.edu.al\/wp-content\/uploads\/2022\/06\/IMG_2134.jpg\" alt=\"\" class=\"wp-image-10815\" \/><\/figure>\n\n\n\n<figure class=\"wp-block-image size-large\"><img decoding=\"async\" data-id=\"10816\" src=\"https:\/\/unkorce.edu.al\/wp-content\/uploads\/2022\/06\/IMG_2137.jpg\" alt=\"\" class=\"wp-image-10816\" \/><\/figure>\n\n\n\n<figure class=\"wp-block-image size-large\"><img decoding=\"async\" data-id=\"10817\" src=\"https:\/\/unkorce.edu.al\/wp-content\/uploads\/2022\/06\/IMG_2139.jpg\" alt=\"\" class=\"wp-image-10817\" \/><\/figure>\n\n\n\n<figure class=\"wp-block-image size-large\"><img decoding=\"async\" data-id=\"10818\" src=\"https:\/\/unkorce.edu.al\/wp-content\/uploads\/2022\/06\/IMG_2151.jpg\" alt=\"\" class=\"wp-image-10818\" \/><\/figure>\n<\/figure>","protected":false},"excerpt":{"rendered":"<p>N\u00eb dat\u00ebn 15 prill 2022 n\u00eb kuad\u00ebr t\u00eb Dit\u00ebs Nd\u00ebrkomb\u00ebtare t\u00eb Artit, n\u00eb Universitetin \u201cFan S. Noli\u201d u zhvillua nj\u00eb veprimtari artistike, e cila erdhi si nj\u00eb bashk\u00ebpunim midis departamenteve t\u00eb Fakultetit t\u00eb Edukimit dhe Filologjis\u00eb. Pjes\u00eb e k\u00ebsaj veprimtarie ishte edhe nj\u00eb ekspozit\u00eb me punime n\u00eb piktur\u00eb t\u00eb nx\u00ebn\u00ebsve t\u00eb shkoll\u00ebs s\u00eb mesme artistike&#8230;<\/p>","protected":false},"author":2,"featured_media":10810,"comment_status":"open","ping_status":"open","sticky":false,"template":"","format":"standard","meta":{"_acf_changed":false,"footnotes":""},"categories":[5],"tags":[],"class_list":["post-10806","post","type-post","status-publish","format-standard","has-post-thumbnail","hentry","category-fakulteti-i-edukimit-dhe-filologjise"],"acf":[],"yoast_head":"<!-- This site is optimized with the Yoast SEO plugin v26.9 - https:\/\/yoast.com\/product\/yoast-seo-wordpress\/ -->\n<title>UNIVERSITETI \u201cFAN S. NOLI\u201d-VEPRIMTARI N\u00cb DIT\u00cbN ND\u00cbRKOMB\u00cbTARE T\u00cb ARTIT - Universiteti &quot;Fan S. Noli&quot;, Kor\u00e7\u00eb<\/title>\n<meta name=\"robots\" content=\"index, follow, max-snippet:-1, max-image-preview:large, max-video-preview:-1\" \/>\n<link rel=\"canonical\" href=\"https:\/\/unkorce.edu.al\/en\/universiteti-fan-s-noli-veprimtari-ne-diten-nderkombetare-te-artit\/\" \/>\n<meta property=\"og:locale\" content=\"en_US\" \/>\n<meta property=\"og:type\" content=\"article\" \/>\n<meta property=\"og:title\" content=\"UNIVERSITETI \u201cFAN S. NOLI\u201d-VEPRIMTARI N\u00cb DIT\u00cbN ND\u00cbRKOMB\u00cbTARE T\u00cb ARTIT - Universiteti &quot;Fan S. Noli&quot;, Kor\u00e7\u00eb\" \/>\n<meta property=\"og:description\" content=\"N\u00eb dat\u00ebn 15 prill 2022 n\u00eb kuad\u00ebr t\u00eb Dit\u00ebs Nd\u00ebrkomb\u00ebtare t\u00eb Artit, n\u00eb Universitetin \u201cFan S. Noli\u201d u zhvillua nj\u00eb veprimtari artistike, e cila erdhi si nj\u00eb bashk\u00ebpunim midis departamenteve t\u00eb Fakultetit t\u00eb Edukimit dhe Filologjis\u00eb. Pjes\u00eb e k\u00ebsaj veprimtarie ishte edhe nj\u00eb ekspozit\u00eb me punime n\u00eb piktur\u00eb t\u00eb nx\u00ebn\u00ebsve t\u00eb shkoll\u00ebs s\u00eb mesme artistike...\" \/>\n<meta property=\"og:url\" content=\"https:\/\/unkorce.edu.al\/en\/universiteti-fan-s-noli-veprimtari-ne-diten-nderkombetare-te-artit\/\" \/>\n<meta property=\"og:site_name\" content=\"Universiteti &quot;Fan S. Noli&quot;, Kor\u00e7\u00eb\" \/>\n<meta property=\"article:publisher\" content=\"https:\/\/www.facebook.com\/unkorce\" \/>\n<meta property=\"article:published_time\" content=\"2022-04-15T12:31:00+00:00\" \/>\n<meta name=\"author\" content=\"Brikela Qelemeni\" \/>\n<meta name=\"twitter:card\" content=\"summary_large_image\" \/>\n<meta name=\"twitter:label1\" content=\"Written by\" \/>\n\t<meta name=\"twitter:data1\" content=\"Brikela Qelemeni\" \/>\n\t<meta name=\"twitter:label2\" content=\"Est. reading time\" \/>\n\t<meta name=\"twitter:data2\" content=\"1 minute\" \/>\n<script type=\"application\/ld+json\" class=\"yoast-schema-graph\">{\"@context\":\"https:\/\/schema.org\",\"@graph\":[{\"@type\":\"Article\",\"@id\":\"https:\/\/unkorce.edu.al\/universiteti-fan-s-noli-veprimtari-ne-diten-nderkombetare-te-artit\/#article\",\"isPartOf\":{\"@id\":\"https:\/\/unkorce.edu.al\/universiteti-fan-s-noli-veprimtari-ne-diten-nderkombetare-te-artit\/\"},\"author\":{\"name\":\"Brikela Qelemeni\",\"@id\":\"https:\/\/unkorce.edu.al\/#\/schema\/person\/faa34c53e1891c174ff76279b528558e\"},\"headline\":\"UNIVERSITETI \u201cFAN S. NOLI\u201d-VEPRIMTARI N\u00cb DIT\u00cbN ND\u00cbRKOMB\u00cbTARE T\u00cb ARTIT\",\"datePublished\":\"2022-04-15T12:31:00+00:00\",\"mainEntityOfPage\":{\"@id\":\"https:\/\/unkorce.edu.al\/universiteti-fan-s-noli-veprimtari-ne-diten-nderkombetare-te-artit\/\"},\"wordCount\":300,\"commentCount\":0,\"publisher\":{\"@id\":\"https:\/\/unkorce.edu.al\/#organization\"},\"image\":{\"@id\":\"https:\/\/unkorce.edu.al\/universiteti-fan-s-noli-veprimtari-ne-diten-nderkombetare-te-artit\/#primaryimage\"},\"thumbnailUrl\":\"\",\"articleSection\":[\"Fakulteti i Edukimit dhe Filologjise\"],\"inLanguage\":\"en-US\",\"potentialAction\":[{\"@type\":\"CommentAction\",\"name\":\"Comment\",\"target\":[\"https:\/\/unkorce.edu.al\/universiteti-fan-s-noli-veprimtari-ne-diten-nderkombetare-te-artit\/#respond\"]}]},{\"@type\":\"WebPage\",\"@id\":\"https:\/\/unkorce.edu.al\/universiteti-fan-s-noli-veprimtari-ne-diten-nderkombetare-te-artit\/\",\"url\":\"https:\/\/unkorce.edu.al\/universiteti-fan-s-noli-veprimtari-ne-diten-nderkombetare-te-artit\/\",\"name\":\"UNIVERSITETI \u201cFAN S. NOLI\u201d-VEPRIMTARI N\u00cb DIT\u00cbN ND\u00cbRKOMB\u00cbTARE T\u00cb ARTIT - Universiteti \\\"Fan S. Noli\\\", Kor\u00e7\u00eb\",\"isPartOf\":{\"@id\":\"https:\/\/unkorce.edu.al\/#website\"},\"primaryImageOfPage\":{\"@id\":\"https:\/\/unkorce.edu.al\/universiteti-fan-s-noli-veprimtari-ne-diten-nderkombetare-te-artit\/#primaryimage\"},\"image\":{\"@id\":\"https:\/\/unkorce.edu.al\/universiteti-fan-s-noli-veprimtari-ne-diten-nderkombetare-te-artit\/#primaryimage\"},\"thumbnailUrl\":\"\",\"datePublished\":\"2022-04-15T12:31:00+00:00\",\"breadcrumb\":{\"@id\":\"https:\/\/unkorce.edu.al\/universiteti-fan-s-noli-veprimtari-ne-diten-nderkombetare-te-artit\/#breadcrumb\"},\"inLanguage\":\"en-US\",\"potentialAction\":[{\"@type\":\"ReadAction\",\"target\":[\"https:\/\/unkorce.edu.al\/universiteti-fan-s-noli-veprimtari-ne-diten-nderkombetare-te-artit\/\"]}]},{\"@type\":\"ImageObject\",\"inLanguage\":\"en-US\",\"@id\":\"https:\/\/unkorce.edu.al\/universiteti-fan-s-noli-veprimtari-ne-diten-nderkombetare-te-artit\/#primaryimage\",\"url\":\"\",\"contentUrl\":\"\"},{\"@type\":\"BreadcrumbList\",\"@id\":\"https:\/\/unkorce.edu.al\/universiteti-fan-s-noli-veprimtari-ne-diten-nderkombetare-te-artit\/#breadcrumb\",\"itemListElement\":[{\"@type\":\"ListItem\",\"position\":1,\"name\":\"Home\",\"item\":\"https:\/\/unkorce.edu.al\/\"},{\"@type\":\"ListItem\",\"position\":2,\"name\":\"UNIVERSITETI \u201cFAN S. NOLI\u201d-VEPRIMTARI N\u00cb DIT\u00cbN ND\u00cbRKOMB\u00cbTARE T\u00cb ARTIT\"}]},{\"@type\":\"WebSite\",\"@id\":\"https:\/\/unkorce.edu.al\/#website\",\"url\":\"https:\/\/unkorce.edu.al\/\",\"name\":\"Universiteti \\\"Fan S. Noli\\\", Kor\u00e7\u00eb\",\"description\":\"Mir&euml;sevini n&euml; faqen zyrtare!\",\"publisher\":{\"@id\":\"https:\/\/unkorce.edu.al\/#organization\"},\"potentialAction\":[{\"@type\":\"SearchAction\",\"target\":{\"@type\":\"EntryPoint\",\"urlTemplate\":\"https:\/\/unkorce.edu.al\/?s={search_term_string}\"},\"query-input\":{\"@type\":\"PropertyValueSpecification\",\"valueRequired\":true,\"valueName\":\"search_term_string\"}}],\"inLanguage\":\"en-US\"},{\"@type\":\"Organization\",\"@id\":\"https:\/\/unkorce.edu.al\/#organization\",\"name\":\"Universiteti \\\"Fan S. Noli\\\", Kor\u00e7\u00eb\",\"url\":\"https:\/\/unkorce.edu.al\/\",\"logo\":{\"@type\":\"ImageObject\",\"inLanguage\":\"en-US\",\"@id\":\"https:\/\/unkorce.edu.al\/#\/schema\/logo\/image\/\",\"url\":\"https:\/\/unkorce.edu.al\/wp-content\/uploads\/2024\/08\/Logo_e_Universitetit__Fan_Noli_-e1726660879862.png\",\"contentUrl\":\"https:\/\/unkorce.edu.al\/wp-content\/uploads\/2024\/08\/Logo_e_Universitetit__Fan_Noli_-e1726660879862.png\",\"width\":200,\"height\":120,\"caption\":\"Universiteti \\\"Fan S. Noli\\\", Kor\u00e7\u00eb\"},\"image\":{\"@id\":\"https:\/\/unkorce.edu.al\/#\/schema\/logo\/image\/\"},\"sameAs\":[\"https:\/\/www.facebook.com\/unkorce\"]},{\"@type\":\"Person\",\"@id\":\"https:\/\/unkorce.edu.al\/#\/schema\/person\/faa34c53e1891c174ff76279b528558e\",\"name\":\"Brikela Qelemeni\",\"image\":{\"@type\":\"ImageObject\",\"inLanguage\":\"en-US\",\"@id\":\"https:\/\/unkorce.edu.al\/#\/schema\/person\/image\/\",\"url\":\"https:\/\/secure.gravatar.com\/avatar\/6c1805558a9218503040c8b9055763822c6184a1cd600127210a9abbc5aaea04?s=96&d=mm&r=g\",\"contentUrl\":\"https:\/\/secure.gravatar.com\/avatar\/6c1805558a9218503040c8b9055763822c6184a1cd600127210a9abbc5aaea04?s=96&d=mm&r=g\",\"caption\":\"Brikela Qelemeni\"},\"url\":\"https:\/\/unkorce.edu.al\/en\/author\/brikela\/\"}]}<\/script>\n<!-- \/ Yoast SEO plugin. -->","yoast_head_json":{"title":"UNIVERSITETI \u201cFAN S. NOLI\u201d-VEPRIMTARI N\u00cb DIT\u00cbN ND\u00cbRKOMB\u00cbTARE T\u00cb ARTIT - Universiteti \"Fan S. Noli\", Kor\u00e7\u00eb","robots":{"index":"index","follow":"follow","max-snippet":"max-snippet:-1","max-image-preview":"max-image-preview:large","max-video-preview":"max-video-preview:-1"},"canonical":"https:\/\/unkorce.edu.al\/en\/universiteti-fan-s-noli-veprimtari-ne-diten-nderkombetare-te-artit\/","og_locale":"en_US","og_type":"article","og_title":"UNIVERSITETI \u201cFAN S. NOLI\u201d-VEPRIMTARI N\u00cb DIT\u00cbN ND\u00cbRKOMB\u00cbTARE T\u00cb ARTIT - Universiteti \"Fan S. Noli\", Kor\u00e7\u00eb","og_description":"N\u00eb dat\u00ebn 15 prill 2022 n\u00eb kuad\u00ebr t\u00eb Dit\u00ebs Nd\u00ebrkomb\u00ebtare t\u00eb Artit, n\u00eb Universitetin \u201cFan S. Noli\u201d u zhvillua nj\u00eb veprimtari artistike, e cila erdhi si nj\u00eb bashk\u00ebpunim midis departamenteve t\u00eb Fakultetit t\u00eb Edukimit dhe Filologjis\u00eb. Pjes\u00eb e k\u00ebsaj veprimtarie ishte edhe nj\u00eb ekspozit\u00eb me punime n\u00eb piktur\u00eb t\u00eb nx\u00ebn\u00ebsve t\u00eb shkoll\u00ebs s\u00eb mesme artistike...","og_url":"https:\/\/unkorce.edu.al\/en\/universiteti-fan-s-noli-veprimtari-ne-diten-nderkombetare-te-artit\/","og_site_name":"Universiteti \"Fan S. Noli\", Kor\u00e7\u00eb","article_publisher":"https:\/\/www.facebook.com\/unkorce","article_published_time":"2022-04-15T12:31:00+00:00","author":"Brikela Qelemeni","twitter_card":"summary_large_image","twitter_misc":{"Written by":"Brikela Qelemeni","Est. reading time":"1 minute"},"schema":{"@context":"https:\/\/schema.org","@graph":[{"@type":"Article","@id":"https:\/\/unkorce.edu.al\/universiteti-fan-s-noli-veprimtari-ne-diten-nderkombetare-te-artit\/#article","isPartOf":{"@id":"https:\/\/unkorce.edu.al\/universiteti-fan-s-noli-veprimtari-ne-diten-nderkombetare-te-artit\/"},"author":{"name":"Brikela Qelemeni","@id":"https:\/\/unkorce.edu.al\/#\/schema\/person\/faa34c53e1891c174ff76279b528558e"},"headline":"UNIVERSITETI \u201cFAN S. NOLI\u201d-VEPRIMTARI N\u00cb DIT\u00cbN ND\u00cbRKOMB\u00cbTARE T\u00cb ARTIT","datePublished":"2022-04-15T12:31:00+00:00","mainEntityOfPage":{"@id":"https:\/\/unkorce.edu.al\/universiteti-fan-s-noli-veprimtari-ne-diten-nderkombetare-te-artit\/"},"wordCount":300,"commentCount":0,"publisher":{"@id":"https:\/\/unkorce.edu.al\/#organization"},"image":{"@id":"https:\/\/unkorce.edu.al\/universiteti-fan-s-noli-veprimtari-ne-diten-nderkombetare-te-artit\/#primaryimage"},"thumbnailUrl":"","articleSection":["Fakulteti i Edukimit dhe Filologjise"],"inLanguage":"en-US","potentialAction":[{"@type":"CommentAction","name":"Comment","target":["https:\/\/unkorce.edu.al\/universiteti-fan-s-noli-veprimtari-ne-diten-nderkombetare-te-artit\/#respond"]}]},{"@type":"WebPage","@id":"https:\/\/unkorce.edu.al\/universiteti-fan-s-noli-veprimtari-ne-diten-nderkombetare-te-artit\/","url":"https:\/\/unkorce.edu.al\/universiteti-fan-s-noli-veprimtari-ne-diten-nderkombetare-te-artit\/","name":"UNIVERSITETI \u201cFAN S. NOLI\u201d-VEPRIMTARI N\u00cb DIT\u00cbN ND\u00cbRKOMB\u00cbTARE T\u00cb ARTIT - Universiteti \"Fan S. Noli\", Kor\u00e7\u00eb","isPartOf":{"@id":"https:\/\/unkorce.edu.al\/#website"},"primaryImageOfPage":{"@id":"https:\/\/unkorce.edu.al\/universiteti-fan-s-noli-veprimtari-ne-diten-nderkombetare-te-artit\/#primaryimage"},"image":{"@id":"https:\/\/unkorce.edu.al\/universiteti-fan-s-noli-veprimtari-ne-diten-nderkombetare-te-artit\/#primaryimage"},"thumbnailUrl":"","datePublished":"2022-04-15T12:31:00+00:00","breadcrumb":{"@id":"https:\/\/unkorce.edu.al\/universiteti-fan-s-noli-veprimtari-ne-diten-nderkombetare-te-artit\/#breadcrumb"},"inLanguage":"en-US","potentialAction":[{"@type":"ReadAction","target":["https:\/\/unkorce.edu.al\/universiteti-fan-s-noli-veprimtari-ne-diten-nderkombetare-te-artit\/"]}]},{"@type":"ImageObject","inLanguage":"en-US","@id":"https:\/\/unkorce.edu.al\/universiteti-fan-s-noli-veprimtari-ne-diten-nderkombetare-te-artit\/#primaryimage","url":"","contentUrl":""},{"@type":"BreadcrumbList","@id":"https:\/\/unkorce.edu.al\/universiteti-fan-s-noli-veprimtari-ne-diten-nderkombetare-te-artit\/#breadcrumb","itemListElement":[{"@type":"ListItem","position":1,"name":"Home","item":"https:\/\/unkorce.edu.al\/"},{"@type":"ListItem","position":2,"name":"UNIVERSITETI \u201cFAN S. NOLI\u201d-VEPRIMTARI N\u00cb DIT\u00cbN ND\u00cbRKOMB\u00cbTARE T\u00cb ARTIT"}]},{"@type":"WebSite","@id":"https:\/\/unkorce.edu.al\/#website","url":"https:\/\/unkorce.edu.al\/","name":"Universiteti \"Fan S. Noli\", Kor\u00e7\u00eb","description":"Mir&euml;sevini n&euml; faqen zyrtare!","publisher":{"@id":"https:\/\/unkorce.edu.al\/#organization"},"potentialAction":[{"@type":"SearchAction","target":{"@type":"EntryPoint","urlTemplate":"https:\/\/unkorce.edu.al\/?s={search_term_string}"},"query-input":{"@type":"PropertyValueSpecification","valueRequired":true,"valueName":"search_term_string"}}],"inLanguage":"en-US"},{"@type":"Organization","@id":"https:\/\/unkorce.edu.al\/#organization","name":"Universiteti \"Fan S. Noli\", Kor\u00e7\u00eb","url":"https:\/\/unkorce.edu.al\/","logo":{"@type":"ImageObject","inLanguage":"en-US","@id":"https:\/\/unkorce.edu.al\/#\/schema\/logo\/image\/","url":"https:\/\/unkorce.edu.al\/wp-content\/uploads\/2024\/08\/Logo_e_Universitetit__Fan_Noli_-e1726660879862.png","contentUrl":"https:\/\/unkorce.edu.al\/wp-content\/uploads\/2024\/08\/Logo_e_Universitetit__Fan_Noli_-e1726660879862.png","width":200,"height":120,"caption":"Universiteti \"Fan S. Noli\", Kor\u00e7\u00eb"},"image":{"@id":"https:\/\/unkorce.edu.al\/#\/schema\/logo\/image\/"},"sameAs":["https:\/\/www.facebook.com\/unkorce"]},{"@type":"Person","@id":"https:\/\/unkorce.edu.al\/#\/schema\/person\/faa34c53e1891c174ff76279b528558e","name":"Brikela Qelemeni","image":{"@type":"ImageObject","inLanguage":"en-US","@id":"https:\/\/unkorce.edu.al\/#\/schema\/person\/image\/","url":"https:\/\/secure.gravatar.com\/avatar\/6c1805558a9218503040c8b9055763822c6184a1cd600127210a9abbc5aaea04?s=96&d=mm&r=g","contentUrl":"https:\/\/secure.gravatar.com\/avatar\/6c1805558a9218503040c8b9055763822c6184a1cd600127210a9abbc5aaea04?s=96&d=mm&r=g","caption":"Brikela Qelemeni"},"url":"https:\/\/unkorce.edu.al\/en\/author\/brikela\/"}]}},"_links":{"self":[{"href":"https:\/\/unkorce.edu.al\/en\/wp-json\/wp\/v2\/posts\/10806","targetHints":{"allow":["GET"]}}],"collection":[{"href":"https:\/\/unkorce.edu.al\/en\/wp-json\/wp\/v2\/posts"}],"about":[{"href":"https:\/\/unkorce.edu.al\/en\/wp-json\/wp\/v2\/types\/post"}],"author":[{"embeddable":true,"href":"https:\/\/unkorce.edu.al\/en\/wp-json\/wp\/v2\/users\/2"}],"replies":[{"embeddable":true,"href":"https:\/\/unkorce.edu.al\/en\/wp-json\/wp\/v2\/comments?post=10806"}],"version-history":[{"count":0,"href":"https:\/\/unkorce.edu.al\/en\/wp-json\/wp\/v2\/posts\/10806\/revisions"}],"wp:featuredmedia":[{"embeddable":true,"href":"https:\/\/unkorce.edu.al\/en\/wp-json\/"}],"wp:attachment":[{"href":"https:\/\/unkorce.edu.al\/en\/wp-json\/wp\/v2\/media?parent=10806"}],"wp:term":[{"taxonomy":"category","embeddable":true,"href":"https:\/\/unkorce.edu.al\/en\/wp-json\/wp\/v2\/categories?post=10806"},{"taxonomy":"post_tag","embeddable":true,"href":"https:\/\/unkorce.edu.al\/en\/wp-json\/wp\/v2\/tags?post=10806"}],"curies":[{"name":"wp","href":"https:\/\/api.w.org\/{rel}","templated":true}]}}