{"id":10391,"date":"2022-05-31T07:20:00","date_gmt":"2022-05-31T07:20:00","guid":{"rendered":"https:\/\/unkorce.edu.al\/?p=10391"},"modified":"2022-05-31T07:20:00","modified_gmt":"2022-05-31T07:20:00","slug":"instituti-i-gjuhesise-dhe-i-letersise-prane-akademise-se-studimeve-albanologjike-ne-bashkepunim-me-fakultetin-e-edukimit-dhe-filologjise-te-universitetit-te-korces-organizojne-promovimin-e-revistes","status":"publish","type":"post","link":"https:\/\/unkorce.edu.al\/en\/instituti-i-gjuhesise-dhe-i-letersise-prane-akademise-se-studimeve-albanologjike-ne-bashkepunim-me-fakultetin-e-edukimit-dhe-filologjise-te-universitetit-te-korces-organizojne-promovimin-e-revistes\/","title":{"rendered":"INSTITUTI I GJUH\u00cbSIS\u00cb DHE I LET\u00cbRSIS\u00cb PRAN\u00cb AKADEMIS\u00cb S\u00cb STUDIMEVE ALBANOLOGJIKE, N\u00cb BASHK\u00cbPUNIM ME FAKULTETIN E EDUKIMIT DHE FILOLOGJIS\u00cb T\u00cb UNIVERSITETIT T\u00cb KOR\u00c7\u00cbS, ORGANIZOJN\u00cb PROMOVIMIN E REVIST\u00cbS \u201cSTUDIME FILOLOGJIKE\u201d, SI EDHE PARAQITJEN E VEPRAVE T\u00cb P\u00cbRGATITURA NGA PUNONJ\u00cbSIT SHKENCOR\u00cb T\u00cb IGJL"},"content":{"rendered":"<p>N\u00eb dat\u00ebn 31 maj 2022, n\u00eb kuad\u00ebr t\u00eb realizimit t\u00eb nj\u00eb prej p\u00ebrpar\u00ebsive m\u00eb t\u00eb r\u00ebnd\u00ebsishme t\u00eb strategjis\u00eb s\u00eb vet, Instituti i Gjuh\u00ebsis\u00eb dhe i Let\u00ebrsis\u00eb, Akademia e Studimeve Albanologjike, n\u00eb bashk\u00ebpunim me Fakultetin e Edukimit dhe t\u00eb Filologjis\u00eb t\u00eb Universitetit \u201cFan S. Noli\u201d, organizoi nj\u00eb veprimtari n\u00eb t\u00eb cil\u00ebn u promovua revista \u201cStudime filologjike\u201d, si dhe u paraqit\u00ebn veprat e p\u00ebrgatitura nga punonj\u00ebsit shkencor\u00eb t\u00eb k\u00ebtij instituti.<\/p>\n\n\n\n<p>N\u00eb fjal\u00ebn e saj dekania e Fakultetit t\u00eb Edukimit dhe Filologjis\u00eb, prof. as. dr. Jonela Spaho theksoi se botimet q\u00eb prezantohen n\u00eb k\u00ebt\u00eb veprimtari kan\u00eb nj\u00eb r\u00ebnd\u00ebsi t\u00eb ve\u00e7ant\u00eb pasi ato jan\u00eb fjala e fundit e shkenc\u00ebs albanologjik\u00eb n\u00eb fush\u00ebn e gjuh\u00ebsis\u00eb dhe let\u00ebrsis\u00eb. Sipas saj, ky institut \u00ebsht\u00eb n\u00eb maj\u00eb t\u00eb studimeve albanologjike shqiptare dhe natyrisht, mendimi i tyre \u00ebsht\u00eb shum\u00eb i r\u00ebnd\u00ebsish\u00ebm p\u00ebr ne si studiues dhe p\u00ebr student\u00ebt tan\u00eb, sepse informacioni shkencor q\u00eb vjen n\u00eb k\u00ebt\u00eb veprimtari do t\u00eb \u00e7el\u00eb hap\u00ebsira t\u00eb reja n\u00eb fush\u00ebn e gjuh\u00ebsis\u00eb dhe t\u00eb let\u00ebrsis\u00eb p\u00ebr stafin akademik, por edhe p\u00ebr student\u00ebt tan\u00eb.<\/p>\n\n\n\n<p>Veprimtarin\u00eb e p\u00ebrsh\u00ebndeti edhe rektori i Universitetit \u201cFan S. Noli\u201d, prof. dr. Dhimitri Bello, i cili nd\u00ebr t\u00eb tjera theksoi bashk\u00ebpunimin e hersh\u00ebm midis Universitetit t\u00eb Kor\u00e7\u00ebs dhe Akademis\u00eb s\u00eb Studimeve Albanologjike, bashk\u00ebpunim i cili \u00ebsht\u00eb konkretizuar me organizimet e p\u00ebrbashk\u00ebta t\u00eb konferencave, pasurimin e bibliotek\u00ebs s\u00eb Fakultetit t\u00eb Edukimit dhe Filologjis\u00eb dhe Bibliotek\u00ebs Shkencore t\u00eb universitetit me t\u00eb gjitha botimet e tij dhe nga ana tjet\u00ebr ka sh\u00ebrbyer si institucioni ku kan\u00eb marr\u00eb kualifikimet shkencore nj\u00eb pjes\u00eb e mir\u00eb e stafit akademik.<\/p>\n\n\n\n<p>Drejtori i Institutit t\u00eb Gjuh\u00ebsis\u00eb dhe Let\u00ebrsis\u00eb, prof. dr. Artur Lama, mes t\u00eb tjerash theksoi se kjo veprimtari synon q\u00eb m\u00ebtimin dhe vizionin shkencor t\u00eb botimeve t\u00eb k\u00ebtij instituti ta ndaj\u00eb s\u00eb bashku me mendime dhe kritik\u00eb shkencore objektive me universitetet, n\u00eb m\u00ebnyr\u00eb q\u00eb lexuesi shkencor t\u00eb njihet me rezultatet e k\u00ebrkimeve t\u00eb realizuara n\u00eb grup n\u00eb kuad\u00ebr t\u00eb projekteve t\u00eb p\u00ebrbashk\u00ebta, me t\u00eb rejat dhe rezultatet m\u00eb t\u00eb fundit t\u00eb pun\u00ebs k\u00ebrkimore rreth \u00e7\u00ebshtjeve shkencore aktuale, tezave e hipotezave etj. M\u00eb pas, ai b\u00ebri nj\u00eb pasqyrim t\u00eb t\u00eb detajuar rreth ecuris\u00eb s\u00eb pun\u00ebs shkencore n\u00eb Institutin e Gjuh\u00ebsis\u00eb dhe Let\u00ebrsis\u00eb, ku u prezantuan botimet e fundit t\u00eb k\u00ebtij instituti dhe projektet e planifikuara p\u00ebr n\u00eb vazhdim.<\/p>\n\n\n\n<p>Z\u00ebvend\u00ebsrektori i Akademis\u00eb s\u00eb Studimeve Albanologjike, prof. dr. Valter Memisha vler\u00ebsoi bashk\u00ebpunimin e dyansh\u00ebm e shum\u00ebdrejtim\u00ebsh midis Akademis\u00eb s\u00eb Studimeve Albanologjike dhe Universitetit \u201cFan S. Noli\u201d , duke krijuar nj\u00eb tradit\u00eb dhe p\u00ebrvoj\u00eb t\u00eb vyer e t\u00eb suksesshme. Kjo veprimtari, sipas tij, \u00e7el udh\u00ebtimin promovues t\u00eb botimeve t\u00eb dy institucioneve tona dhe mendojm\u00eb se do t\u00eb jet\u00eb nj\u00eb veprimtari e p\u00ebrvitshme dhe e institucionalizuar.<\/p>\n\n\n\n<p>Sipas tij, nuk \u00ebsht\u00eb rast\u00ebsi q\u00eb kjo paraqitje institucionale e botimeve t\u00eb ASA-s zhvillohet n\u00eb k\u00ebt\u00eb universitet t\u00eb njohur n\u00eb m\u00ebsimdh\u00ebnien akademike e n\u00eb organizimin e veprimtarive shkencore t\u00eb nivelit t\u00eb lart\u00eb, nj\u00eb universitet me nj\u00eb prestigj komb\u00ebtar, ballkanik, mbar\u00ebkomb\u00ebtar e m\u00eb gjer\u00eb. Vler\u00ebsime dhe fal\u00ebnderime p\u00ebr bashk\u00ebpunimin dhe mb\u00ebshtetjen e Institutit t\u00eb Gjuh\u00ebsis\u00eb dhe Let\u00ebrsis\u00eb n\u00eb ve\u00e7anti dhe Akademis\u00eb s\u00eb Studimeve Albanologjike n\u00eb p\u00ebrgjith\u00ebsi, shprehu edhe prof. dr. Ali Jashari, si studiues dhe ish-drejtues, por dhe si bashk\u00ebpun\u00ebtor i ngusht\u00eb i k\u00ebtij instituti prej vitesh.<\/p>\n\n\n\n<p>Veprimtaria vijoi me promovimin e revist\u00ebs shkencore \u201cStudime filologjike\u201d, numrat 1-2 dhe 3-4, 2019, t\u00eb cil\u00ebt u paraqit\u00ebn nga prof. dr. Anila Omari dhe prof. as. dr. Evalda Paci.<\/p>\n\n\n\n<p>Sipas studiueses Omari, numri 1-2 i vitit 2019 i revist\u00ebs \u201cStudime filologjike\u201d u ka dh\u00ebn\u00eb hap\u00ebsir\u00eb artikujve q\u00eb u lexuan fillimisht si kumtesa n\u00eb gjuh\u00ebn shqipe n\u00eb konferenc\u00ebn shkencore me tem\u00eb: \u201cKultura e hershme e shkrimit shqip (shek. XVI-XVIII) \u2013 n\u00eb fokusin e filologjis\u00eb dhe t\u00eb leksikografis\u00eb historike t\u00eb koh\u00ebs son\u00eb\u201d, mbajtur n\u00eb 27 shtator 2019 n\u00eb Bu\u00e7imas t\u00eb Pogradecit, me organizimin e p\u00ebrbashk\u00ebt t\u00eb Institutit t\u00eb Gjuh\u00ebsis\u00eb dhe t\u00eb Let\u00ebrsis\u00eb, Akademia e Studimeve Albanologjike dhe t\u00eb Institutit t\u00eb Gjuh\u00ebsis\u00eb s\u00eb Krahasuar e Indoevropiane dhe t\u00eb Albanologjis\u00eb n\u00eb Universitetin e Mynihut. T\u00eb gjitha punimet u analizuan n\u00eb m\u00ebnyr\u00eb t\u00eb holl\u00ebsishme nga studiuesja Anila Omari, \u00e7ka u prit me interes nga t\u00eb pranishmit.<\/p>\n\n\n\n<p>Prof. as. dr. Evalda Paci paraqiti numrin 3-4 t\u00eb vitit 2019 t\u00eb revist\u00ebs \u201cStudime filologjike\u201d, i cili sipas studiueses Paci paraqitet me nj\u00eb korpus t\u00eb k\u00ebnaqsh\u00ebm kontributesh nga disa fusha studimore t\u00eb dijes s\u00eb albanologjis\u00eb si: \u00e7\u00ebshtje t\u00eb historis\u00eb s\u00eb let\u00ebrsis\u00eb s\u00eb shkruar shqipe, dukuri t\u00eb ve\u00e7anta q\u00eb kan\u00eb t\u00eb b\u00ebjn\u00eb dhe me historin\u00eb e shkrimit t\u00eb shqipes, v\u00ebshtrime t\u00eb posa\u00e7me t\u00eb krijimeve gjinore q\u00eb p\u00ebrb\u00ebjn\u00eb aspekte t\u00eb ve\u00e7anta n\u00eb kuad\u00ebr t\u00eb shkrimtaris\u00eb s\u00eb autor\u00ebve t\u00eb caktuar, trajtesa q\u00eb thellohen n\u00eb \u00e7\u00ebshtje t\u00eb studimit t\u00eb leksikut t\u00eb shqipes, por dhe n\u00eb analiza tiparesh t\u00eb varianteve gjuh\u00ebsore n\u00eb lokalitete jasht\u00eb vendit. Edhe punimet e k\u00ebtij numri u paraqit\u00ebn me nj\u00eb analiz\u00eb t\u00eb detajuar nga studiuesja Evalda Paci dhe u prit\u00ebn me interes nga t\u00eb pranishmit.<\/p>\n\n\n\n<p>Veprimtaria vazhdoi m\u00eb tej me prezantimin e botimeve \u201cStudime p\u00ebr fjal\u00ebn shqipe 5-6\u201d (p\u00ebrmbledhje artikujsh) nga prof. Valter Memisha, t\u00eb cilat u paraqit\u00ebn nga pedagog\u00ebt e Universitetit t\u00eb Kor\u00e7\u00ebs prof. dr. Ali Jashari dhe Lonora Hysolli. N\u00eb k\u00ebt\u00eb prezantim u vun\u00eb n\u00eb dukje trajtimet e thuk\u00ebta analitike nga autori n\u00eb lidhje me fjal\u00ebn si nj\u00ebsi e leksikut dhe fjal\u00ebn si nj\u00ebsi leksikografike; duke iu referuar gjuh\u00ebs s\u00eb disa personaliteteve t\u00eb spikatura n\u00eb kultur\u00ebn ton\u00eb komb\u00ebtare dhe ndihmes\u00ebs s\u00eb disa personaliteteve t\u00eb gjuh\u00ebsis\u00eb p\u00ebr leksikografin\u00eb e gjuh\u00ebs shqipe, si dhe trajtimi i disa dukurive gjuh\u00ebsore me vler\u00eb p\u00ebr t\u2019u trajtuar m\u00eb tej n\u00eb fush\u00ebn e k\u00ebrkimeve gjuh\u00ebsore shqiptare, kryesisht n\u00eb fush\u00ebn leksikore e semantike.<\/p>\n\n\n\n<p>Vepra \u201cPasuri t\u00eb ligj\u00ebrimit shqip II\u201d (V\u00ebshtrime leksikore e sociolinguistike) nga prof. Artur Lama u paraqit nga pedagog\u00ebt e Universitetit t\u00eb Kor\u00e7\u00ebs, prof. as. dr. Anyla Sara\u00e7i dhe Olger Brame. Autor\u00ebt theksuan risin\u00eb q\u00eb sjell kjo vep\u00ebr, me nj\u00eb l\u00ebnd\u00eb v\u00ebllimore q\u00eb me plot bindje mund t\u00eb konsiderohet pasuri e ligj\u00ebrimit shqip, l\u00ebnd\u00eb e cila b\u00ebhet objekt studimi si i kritikut letrar e historianit t\u00eb let\u00ebrsis\u00eb, ashtu edhe i gjuh\u00ebtarit, p\u00ebr t\u00eb d\u00ebshmuar pasurin\u00eb e fjal\u00ebs shqipe, frazeologjis\u00eb popullore, apo aspekteve t\u00eb etnosociolinguistik\u00ebs. N\u00eb k\u00ebt\u00eb prezantim u paraqit nj\u00eb analiz\u00eb p\u00ebr t\u00eb 4 pjes\u00ebt e p\u00ebrmbledhjes n\u00eb fjal\u00eb, duke nxjerr\u00eb n\u00eb pah trajtesat mjaft t\u00eb thuk\u00ebta shkencore t\u00eb autorit, p\u00ebrmas\u00ebn nd\u00ebrdisiplinore t\u00eb studiuesit, k\u00ebndv\u00ebshtrimet, analizat dhe vler\u00ebsimet e autorit mbi \u00e7\u00ebshtje t\u00eb ligj\u00ebrimit shqip etj. N\u00eb fund u theksua se analizat dhe refleksionet shkencore t\u00eb autorit n\u00eb k\u00ebt\u00eb p\u00ebrmbledhje e b\u00ebjn\u00eb vepr\u00ebn nj\u00eb pasuri me vler\u00eb p\u00ebr ligj\u00ebrimin shqip, ku jo vet\u00ebm lexuesi i thjesht\u00eb, por edhe studiuesi, reflekton dhe nxjerr n\u00eb pah vlera t\u00eb k\u00ebtij ligj\u00ebrimi.<\/p>\n\n\n\n<p>Paraqitja e veprave \u201cFjalor i gjuh\u00ebs shqipe\u201d p\u00ebr grupmosh\u00ebn nga 5 vje\u00e7 deri n\u00eb 11 vje\u00e7 dhe \u201cFjalor i gjuh\u00ebs shqipe i ilustruar\u201d mbi 12 vje\u00e7, me autor\u00eb prof. as. dr. Anila Kananaj dhe prof. dr. Shezai Rrokaj, u b\u00eb nga prof. dr. Valter Memisha i cili theksoi se p\u00ebrve\u00e7 faktit se k\u00ebta fjalor\u00eb p\u00ebrmbajn\u00eb mbi 16.000 fjal\u00eb, sjellin edhe nj\u00eb risi t\u00eb fjalor\u00ebve shpjegues sepse p\u00ebrfshijn\u00eb mbi 1600 ilustrime me foto dhe vizatime origjinale me ngjyra, q\u00eb pritet t\u2019u sh\u00ebrbejn\u00eb nx\u00ebn\u00ebsve t\u00eb shkollave 9-vje\u00e7are. K\u00ebta fjalor\u00eb p\u00ebrfshijn\u00eb nj\u00eb korpus prej rreth 100 milion fjal\u00ebformash. E ve\u00e7anta e tyre \u00ebsht\u00eb se shpjegimet b\u00ebhen p\u00ebrmes perifrazimeve t\u00eb thjeshta n\u00eb p\u00ebrshtatje me zhvillimin gjuh\u00ebsor dhe psikik t\u00eb secil\u00ebs grupmosh\u00eb.<\/p>\n\n\n\n<p>Gjithashtu fjalor\u00ebt kan\u00eb nj\u00eb num\u00ebr fjal\u00ebsh dhe shpjegimesh q\u00eb nuk gjenden n\u00eb fjalor\u00ebt shpjegues t\u00eb shqipes. Fal\u00ebnderime p\u00ebr prezantimin e fjalor\u00ebve shprehu edhe vet\u00eb autorja Anila Kananaj, e cila theksoi se \u00ebsht\u00eb nj\u00eb vep\u00ebr q\u00eb synon t\u00eb p\u00ebrdoret n\u00eb m\u00ebnyr\u00eb praktike nga prind\u00ebrit, f\u00ebmij\u00ebt por edhe t\u00eb p\u00ebrdoren si materiale ndihm\u00ebse n\u00eb institucionet arsimore.<\/p>\n\n\n\n<p>Veprimtaria u mbyll me diskutime nga auditori dhe dhurime librash p\u00ebr bibliotek\u00ebn e Universitetit t\u00eb Kor\u00e7\u00ebs.<\/p>\n\n\n\n<figure class=\"wp-block-gallery has-nested-images columns-default is-cropped wp-block-gallery-1 is-layout-flex wp-block-gallery-is-layout-flex\">\n<figure class=\"wp-block-image size-large\"><img decoding=\"async\" data-id=\"10409\" src=\"https:\/\/unkorce.edu.al\/wp-content\/uploads\/2022\/06\/IMG_2590-Copy.jpg\" alt=\"\" class=\"wp-image-10409\" \/><\/figure>\n<\/figure>\n\n\n\n<figure class=\"wp-block-gallery has-nested-images columns-default is-cropped wp-block-gallery-2 is-layout-flex wp-block-gallery-is-layout-flex\">\n<figure class=\"wp-block-image size-large\"><img decoding=\"async\" data-id=\"10393\" src=\"https:\/\/unkorce.edu.al\/wp-content\/uploads\/2022\/06\/IMG_2614-Copy-Copy-2.jpg\" alt=\"\" class=\"wp-image-10393\" \/><\/figure>\n<\/figure>\n\n\n\n<figure class=\"wp-block-gallery has-nested-images columns-default is-cropped wp-block-gallery-3 is-layout-flex wp-block-gallery-is-layout-flex\">\n<figure class=\"wp-block-image size-large\"><img decoding=\"async\" data-id=\"10394\" src=\"https:\/\/unkorce.edu.al\/wp-content\/uploads\/2022\/06\/IMG_2622-Copy-Copy-2.jpg\" alt=\"\" class=\"wp-image-10394\" \/><\/figure>\n<\/figure>\n\n\n\n<figure class=\"wp-block-gallery has-nested-images columns-default is-cropped wp-block-gallery-4 is-layout-flex wp-block-gallery-is-layout-flex\">\n<figure class=\"wp-block-image size-large\"><img decoding=\"async\" data-id=\"10398\" src=\"https:\/\/unkorce.edu.al\/wp-content\/uploads\/2022\/06\/IMG_2599-Copy-Copy-2.jpg\" alt=\"\" class=\"wp-image-10398\" \/><\/figure>\n\n\n\n<figure class=\"wp-block-image size-large\"><img decoding=\"async\" data-id=\"10397\" src=\"https:\/\/unkorce.edu.al\/wp-content\/uploads\/2022\/06\/IMG_2597-Copy-Copy-2.jpg\" alt=\"\" class=\"wp-image-10397\" \/><\/figure>\n\n\n\n<figure class=\"wp-block-image size-large\"><img decoding=\"async\" data-id=\"10395\" src=\"https:\/\/unkorce.edu.al\/wp-content\/uploads\/2022\/06\/IMG_2598-Copy-Copy-2.jpg\" alt=\"\" class=\"wp-image-10395\" \/><\/figure>\n\n\n\n<figure class=\"wp-block-image size-large\"><img decoding=\"async\" data-id=\"10399\" src=\"https:\/\/unkorce.edu.al\/wp-content\/uploads\/2022\/06\/IMG_2604-Copy-Copy-2.jpg\" alt=\"\" class=\"wp-image-10399\" \/><\/figure>\n\n\n\n<figure class=\"wp-block-image size-large\"><img decoding=\"async\" data-id=\"10396\" src=\"https:\/\/unkorce.edu.al\/wp-content\/uploads\/2022\/06\/IMG_2605-Copy-Copy-2.jpg\" alt=\"\" class=\"wp-image-10396\" \/><\/figure>\n\n\n\n<figure class=\"wp-block-image size-large\"><img decoding=\"async\" data-id=\"10400\" src=\"https:\/\/unkorce.edu.al\/wp-content\/uploads\/2022\/06\/IMG_2608-Copy-Copy-2.jpg\" alt=\"\" class=\"wp-image-10400\" \/><\/figure>\n\n\n\n<figure class=\"wp-block-image size-large\"><img decoding=\"async\" data-id=\"10402\" src=\"https:\/\/unkorce.edu.al\/wp-content\/uploads\/2022\/06\/IMG_2622-Copy-Copy-2-1.jpg\" alt=\"\" class=\"wp-image-10402\" \/><\/figure>\n\n\n\n<figure class=\"wp-block-image size-large\"><img decoding=\"async\" data-id=\"10403\" src=\"https:\/\/unkorce.edu.al\/wp-content\/uploads\/2022\/06\/IMG_2626-Copy-Copy-2.jpg\" alt=\"\" class=\"wp-image-10403\" \/><\/figure>\n\n\n\n<figure class=\"wp-block-image size-large\"><img decoding=\"async\" data-id=\"10401\" src=\"https:\/\/unkorce.edu.al\/wp-content\/uploads\/2022\/06\/IMG_2627-Copy-Copy-2.jpg\" alt=\"\" class=\"wp-image-10401\" \/><\/figure>\n\n\n\n<figure class=\"wp-block-image size-large\"><img decoding=\"async\" data-id=\"10404\" src=\"https:\/\/unkorce.edu.al\/wp-content\/uploads\/2022\/06\/IMG_2631.jpg\" alt=\"\" class=\"wp-image-10404\" \/><\/figure>\n\n\n\n<figure class=\"wp-block-image size-large\"><img decoding=\"async\" data-id=\"10406\" src=\"https:\/\/unkorce.edu.al\/wp-content\/uploads\/2022\/06\/IMG_2636.jpg\" alt=\"\" class=\"wp-image-10406\" \/><\/figure>\n\n\n\n<figure class=\"wp-block-image size-large\"><img decoding=\"async\" data-id=\"10405\" src=\"https:\/\/unkorce.edu.al\/wp-content\/uploads\/2022\/06\/IMG_2639.jpg\" alt=\"\" class=\"wp-image-10405\" \/><\/figure>\n\n\n\n<figure class=\"wp-block-image size-large\"><img decoding=\"async\" data-id=\"10407\" src=\"https:\/\/unkorce.edu.al\/wp-content\/uploads\/2022\/06\/IMG_2643.jpg\" alt=\"\" class=\"wp-image-10407\" \/><\/figure>\n\n\n\n<figure class=\"wp-block-image size-large\"><img decoding=\"async\" data-id=\"10408\" src=\"https:\/\/unkorce.edu.al\/wp-content\/uploads\/2022\/06\/IMG_2653-Copy.jpg\" alt=\"\" class=\"wp-image-10408\" \/><\/figure>\n<\/figure>","protected":false},"excerpt":{"rendered":"<p>N\u00eb dat\u00ebn 31 maj 2022, n\u00eb kuad\u00ebr t\u00eb realizimit t\u00eb nj\u00eb prej p\u00ebrpar\u00ebsive m\u00eb t\u00eb r\u00ebnd\u00ebsishme t\u00eb strategjis\u00eb s\u00eb vet, Instituti i Gjuh\u00ebsis\u00eb dhe i Let\u00ebrsis\u00eb, Akademia e Studimeve Albanologjike, n\u00eb bashk\u00ebpunim me Fakultetin e Edukimit dhe t\u00eb Filologjis\u00eb t\u00eb Universitetit \u201cFan S. Noli\u201d, organizoi nj\u00eb veprimtari n\u00eb t\u00eb cil\u00ebn u promovua revista \u201cStudime filologjike\u201d,&#8230;<\/p>","protected":false},"author":2,"featured_media":10409,"comment_status":"open","ping_status":"open","sticky":false,"template":"","format":"standard","meta":{"_acf_changed":false,"footnotes":""},"categories":[1],"tags":[],"class_list":["post-10391","post","type-post","status-publish","format-standard","has-post-thumbnail","hentry","category-uncategorized"],"acf":[],"yoast_head":"<!-- This site is optimized with the Yoast SEO plugin v26.9 - https:\/\/yoast.com\/product\/yoast-seo-wordpress\/ -->\n<title>INSTITUTI I GJUH\u00cbSIS\u00cb DHE I LET\u00cbRSIS\u00cb PRAN\u00cb AKADEMIS\u00cb S\u00cb STUDIMEVE ALBANOLOGJIKE, N\u00cb BASHK\u00cbPUNIM ME FAKULTETIN E EDUKIMIT DHE FILOLOGJIS\u00cb T\u00cb UNIVERSITETIT T\u00cb KOR\u00c7\u00cbS, ORGANIZOJN\u00cb PROMOVIMIN E REVIST\u00cbS \u201cSTUDIME FILOLOGJIKE\u201d, SI EDHE PARAQITJEN E VEPRAVE T\u00cb P\u00cbRGATITURA NGA PUNONJ\u00cbSIT SHKENCOR\u00cb T\u00cb IGJL - Universiteti &quot;Fan S. Noli&quot;, Kor\u00e7\u00eb<\/title>\n<meta name=\"robots\" content=\"index, follow, max-snippet:-1, max-image-preview:large, max-video-preview:-1\" \/>\n<link rel=\"canonical\" href=\"https:\/\/unkorce.edu.al\/en\/instituti-i-gjuhesise-dhe-i-letersise-prane-akademise-se-studimeve-albanologjike-ne-bashkepunim-me-fakultetin-e-edukimit-dhe-filologjise-te-universitetit-te-korces-organizojne-promovimin-e-revistes\/\" \/>\n<meta property=\"og:locale\" content=\"en_US\" \/>\n<meta property=\"og:type\" content=\"article\" \/>\n<meta property=\"og:title\" content=\"INSTITUTI I GJUH\u00cbSIS\u00cb DHE I LET\u00cbRSIS\u00cb PRAN\u00cb AKADEMIS\u00cb S\u00cb STUDIMEVE ALBANOLOGJIKE, N\u00cb BASHK\u00cbPUNIM ME FAKULTETIN E EDUKIMIT DHE FILOLOGJIS\u00cb T\u00cb UNIVERSITETIT T\u00cb KOR\u00c7\u00cbS, ORGANIZOJN\u00cb PROMOVIMIN E REVIST\u00cbS \u201cSTUDIME FILOLOGJIKE\u201d, SI EDHE PARAQITJEN E VEPRAVE T\u00cb P\u00cbRGATITURA NGA PUNONJ\u00cbSIT SHKENCOR\u00cb T\u00cb IGJL - Universiteti &quot;Fan S. Noli&quot;, Kor\u00e7\u00eb\" \/>\n<meta property=\"og:description\" content=\"N\u00eb dat\u00ebn 31 maj 2022, n\u00eb kuad\u00ebr t\u00eb realizimit t\u00eb nj\u00eb prej p\u00ebrpar\u00ebsive m\u00eb t\u00eb r\u00ebnd\u00ebsishme t\u00eb strategjis\u00eb s\u00eb vet, Instituti i Gjuh\u00ebsis\u00eb dhe i Let\u00ebrsis\u00eb, Akademia e Studimeve Albanologjike, n\u00eb bashk\u00ebpunim me Fakultetin e Edukimit dhe t\u00eb Filologjis\u00eb t\u00eb Universitetit \u201cFan S. Noli\u201d, organizoi nj\u00eb veprimtari n\u00eb t\u00eb cil\u00ebn u promovua revista \u201cStudime filologjike\u201d,...\" \/>\n<meta property=\"og:url\" content=\"https:\/\/unkorce.edu.al\/en\/instituti-i-gjuhesise-dhe-i-letersise-prane-akademise-se-studimeve-albanologjike-ne-bashkepunim-me-fakultetin-e-edukimit-dhe-filologjise-te-universitetit-te-korces-organizojne-promovimin-e-revistes\/\" \/>\n<meta property=\"og:site_name\" content=\"Universiteti &quot;Fan S. Noli&quot;, Kor\u00e7\u00eb\" \/>\n<meta property=\"article:publisher\" content=\"https:\/\/www.facebook.com\/unkorce\" \/>\n<meta property=\"article:published_time\" content=\"2022-05-31T07:20:00+00:00\" \/>\n<meta name=\"author\" content=\"Brikela Qelemeni\" \/>\n<meta name=\"twitter:card\" content=\"summary_large_image\" \/>\n<meta name=\"twitter:label1\" content=\"Written by\" \/>\n\t<meta name=\"twitter:data1\" content=\"Brikela Qelemeni\" \/>\n\t<meta name=\"twitter:label2\" content=\"Est. reading time\" \/>\n\t<meta name=\"twitter:data2\" content=\"7 minutes\" \/>\n<script type=\"application\/ld+json\" class=\"yoast-schema-graph\">{\"@context\":\"https:\/\/schema.org\",\"@graph\":[{\"@type\":\"Article\",\"@id\":\"https:\/\/unkorce.edu.al\/instituti-i-gjuhesise-dhe-i-letersise-prane-akademise-se-studimeve-albanologjike-ne-bashkepunim-me-fakultetin-e-edukimit-dhe-filologjise-te-universitetit-te-korces-organizojne-promovimin-e-revistes\/#article\",\"isPartOf\":{\"@id\":\"https:\/\/unkorce.edu.al\/instituti-i-gjuhesise-dhe-i-letersise-prane-akademise-se-studimeve-albanologjike-ne-bashkepunim-me-fakultetin-e-edukimit-dhe-filologjise-te-universitetit-te-korces-organizojne-promovimin-e-revistes\/\"},\"author\":{\"name\":\"Brikela Qelemeni\",\"@id\":\"https:\/\/unkorce.edu.al\/#\/schema\/person\/faa34c53e1891c174ff76279b528558e\"},\"headline\":\"INSTITUTI I GJUH\u00cbSIS\u00cb DHE I LET\u00cbRSIS\u00cb PRAN\u00cb AKADEMIS\u00cb S\u00cb STUDIMEVE ALBANOLOGJIKE, N\u00cb BASHK\u00cbPUNIM ME FAKULTETIN E EDUKIMIT DHE FILOLOGJIS\u00cb T\u00cb UNIVERSITETIT T\u00cb KOR\u00c7\u00cbS, ORGANIZOJN\u00cb PROMOVIMIN E REVIST\u00cbS \u201cSTUDIME FILOLOGJIKE\u201d, SI EDHE PARAQITJEN E VEPRAVE T\u00cb P\u00cbRGATITURA NGA PUNONJ\u00cbSIT SHKENCOR\u00cb T\u00cb IGJL\",\"datePublished\":\"2022-05-31T07:20:00+00:00\",\"mainEntityOfPage\":{\"@id\":\"https:\/\/unkorce.edu.al\/instituti-i-gjuhesise-dhe-i-letersise-prane-akademise-se-studimeve-albanologjike-ne-bashkepunim-me-fakultetin-e-edukimit-dhe-filologjise-te-universitetit-te-korces-organizojne-promovimin-e-revistes\/\"},\"wordCount\":1520,\"commentCount\":0,\"publisher\":{\"@id\":\"https:\/\/unkorce.edu.al\/#organization\"},\"image\":{\"@id\":\"https:\/\/unkorce.edu.al\/instituti-i-gjuhesise-dhe-i-letersise-prane-akademise-se-studimeve-albanologjike-ne-bashkepunim-me-fakultetin-e-edukimit-dhe-filologjise-te-universitetit-te-korces-organizojne-promovimin-e-revistes\/#primaryimage\"},\"thumbnailUrl\":\"\",\"inLanguage\":\"en-US\",\"potentialAction\":[{\"@type\":\"CommentAction\",\"name\":\"Comment\",\"target\":[\"https:\/\/unkorce.edu.al\/instituti-i-gjuhesise-dhe-i-letersise-prane-akademise-se-studimeve-albanologjike-ne-bashkepunim-me-fakultetin-e-edukimit-dhe-filologjise-te-universitetit-te-korces-organizojne-promovimin-e-revistes\/#respond\"]}]},{\"@type\":\"WebPage\",\"@id\":\"https:\/\/unkorce.edu.al\/instituti-i-gjuhesise-dhe-i-letersise-prane-akademise-se-studimeve-albanologjike-ne-bashkepunim-me-fakultetin-e-edukimit-dhe-filologjise-te-universitetit-te-korces-organizojne-promovimin-e-revistes\/\",\"url\":\"https:\/\/unkorce.edu.al\/instituti-i-gjuhesise-dhe-i-letersise-prane-akademise-se-studimeve-albanologjike-ne-bashkepunim-me-fakultetin-e-edukimit-dhe-filologjise-te-universitetit-te-korces-organizojne-promovimin-e-revistes\/\",\"name\":\"INSTITUTI I GJUH\u00cbSIS\u00cb DHE I LET\u00cbRSIS\u00cb PRAN\u00cb AKADEMIS\u00cb S\u00cb STUDIMEVE ALBANOLOGJIKE, N\u00cb BASHK\u00cbPUNIM ME FAKULTETIN E EDUKIMIT DHE FILOLOGJIS\u00cb T\u00cb UNIVERSITETIT T\u00cb KOR\u00c7\u00cbS, ORGANIZOJN\u00cb PROMOVIMIN E REVIST\u00cbS \u201cSTUDIME FILOLOGJIKE\u201d, SI EDHE PARAQITJEN E VEPRAVE T\u00cb P\u00cbRGATITURA NGA PUNONJ\u00cbSIT SHKENCOR\u00cb T\u00cb IGJL - Universiteti \\\"Fan S. Noli\\\", Kor\u00e7\u00eb\",\"isPartOf\":{\"@id\":\"https:\/\/unkorce.edu.al\/#website\"},\"primaryImageOfPage\":{\"@id\":\"https:\/\/unkorce.edu.al\/instituti-i-gjuhesise-dhe-i-letersise-prane-akademise-se-studimeve-albanologjike-ne-bashkepunim-me-fakultetin-e-edukimit-dhe-filologjise-te-universitetit-te-korces-organizojne-promovimin-e-revistes\/#primaryimage\"},\"image\":{\"@id\":\"https:\/\/unkorce.edu.al\/instituti-i-gjuhesise-dhe-i-letersise-prane-akademise-se-studimeve-albanologjike-ne-bashkepunim-me-fakultetin-e-edukimit-dhe-filologjise-te-universitetit-te-korces-organizojne-promovimin-e-revistes\/#primaryimage\"},\"thumbnailUrl\":\"\",\"datePublished\":\"2022-05-31T07:20:00+00:00\",\"breadcrumb\":{\"@id\":\"https:\/\/unkorce.edu.al\/instituti-i-gjuhesise-dhe-i-letersise-prane-akademise-se-studimeve-albanologjike-ne-bashkepunim-me-fakultetin-e-edukimit-dhe-filologjise-te-universitetit-te-korces-organizojne-promovimin-e-revistes\/#breadcrumb\"},\"inLanguage\":\"en-US\",\"potentialAction\":[{\"@type\":\"ReadAction\",\"target\":[\"https:\/\/unkorce.edu.al\/instituti-i-gjuhesise-dhe-i-letersise-prane-akademise-se-studimeve-albanologjike-ne-bashkepunim-me-fakultetin-e-edukimit-dhe-filologjise-te-universitetit-te-korces-organizojne-promovimin-e-revistes\/\"]}]},{\"@type\":\"ImageObject\",\"inLanguage\":\"en-US\",\"@id\":\"https:\/\/unkorce.edu.al\/instituti-i-gjuhesise-dhe-i-letersise-prane-akademise-se-studimeve-albanologjike-ne-bashkepunim-me-fakultetin-e-edukimit-dhe-filologjise-te-universitetit-te-korces-organizojne-promovimin-e-revistes\/#primaryimage\",\"url\":\"\",\"contentUrl\":\"\"},{\"@type\":\"BreadcrumbList\",\"@id\":\"https:\/\/unkorce.edu.al\/instituti-i-gjuhesise-dhe-i-letersise-prane-akademise-se-studimeve-albanologjike-ne-bashkepunim-me-fakultetin-e-edukimit-dhe-filologjise-te-universitetit-te-korces-organizojne-promovimin-e-revistes\/#breadcrumb\",\"itemListElement\":[{\"@type\":\"ListItem\",\"position\":1,\"name\":\"Home\",\"item\":\"https:\/\/unkorce.edu.al\/\"},{\"@type\":\"ListItem\",\"position\":2,\"name\":\"INSTITUTI I GJUH\u00cbSIS\u00cb DHE I LET\u00cbRSIS\u00cb PRAN\u00cb AKADEMIS\u00cb S\u00cb STUDIMEVE ALBANOLOGJIKE, N\u00cb BASHK\u00cbPUNIM ME FAKULTETIN E EDUKIMIT DHE FILOLOGJIS\u00cb T\u00cb UNIVERSITETIT T\u00cb KOR\u00c7\u00cbS, ORGANIZOJN\u00cb PROMOVIMIN E REVIST\u00cbS \u201cSTUDIME FILOLOGJIKE\u201d, SI EDHE PARAQITJEN E VEPRAVE T\u00cb P\u00cbRGATITURA NGA PUNONJ\u00cbSIT SHKENCOR\u00cb T\u00cb IGJL\"}]},{\"@type\":\"WebSite\",\"@id\":\"https:\/\/unkorce.edu.al\/#website\",\"url\":\"https:\/\/unkorce.edu.al\/\",\"name\":\"Universiteti \\\"Fan S. Noli\\\", Kor\u00e7\u00eb\",\"description\":\"Mir&euml;sevini n&euml; faqen zyrtare!\",\"publisher\":{\"@id\":\"https:\/\/unkorce.edu.al\/#organization\"},\"potentialAction\":[{\"@type\":\"SearchAction\",\"target\":{\"@type\":\"EntryPoint\",\"urlTemplate\":\"https:\/\/unkorce.edu.al\/?s={search_term_string}\"},\"query-input\":{\"@type\":\"PropertyValueSpecification\",\"valueRequired\":true,\"valueName\":\"search_term_string\"}}],\"inLanguage\":\"en-US\"},{\"@type\":\"Organization\",\"@id\":\"https:\/\/unkorce.edu.al\/#organization\",\"name\":\"Universiteti \\\"Fan S. Noli\\\", Kor\u00e7\u00eb\",\"url\":\"https:\/\/unkorce.edu.al\/\",\"logo\":{\"@type\":\"ImageObject\",\"inLanguage\":\"en-US\",\"@id\":\"https:\/\/unkorce.edu.al\/#\/schema\/logo\/image\/\",\"url\":\"https:\/\/unkorce.edu.al\/wp-content\/uploads\/2024\/08\/Logo_e_Universitetit__Fan_Noli_-e1726660879862.png\",\"contentUrl\":\"https:\/\/unkorce.edu.al\/wp-content\/uploads\/2024\/08\/Logo_e_Universitetit__Fan_Noli_-e1726660879862.png\",\"width\":200,\"height\":120,\"caption\":\"Universiteti \\\"Fan S. Noli\\\", Kor\u00e7\u00eb\"},\"image\":{\"@id\":\"https:\/\/unkorce.edu.al\/#\/schema\/logo\/image\/\"},\"sameAs\":[\"https:\/\/www.facebook.com\/unkorce\"]},{\"@type\":\"Person\",\"@id\":\"https:\/\/unkorce.edu.al\/#\/schema\/person\/faa34c53e1891c174ff76279b528558e\",\"name\":\"Brikela Qelemeni\",\"image\":{\"@type\":\"ImageObject\",\"inLanguage\":\"en-US\",\"@id\":\"https:\/\/unkorce.edu.al\/#\/schema\/person\/image\/\",\"url\":\"https:\/\/secure.gravatar.com\/avatar\/6c1805558a9218503040c8b9055763822c6184a1cd600127210a9abbc5aaea04?s=96&d=mm&r=g\",\"contentUrl\":\"https:\/\/secure.gravatar.com\/avatar\/6c1805558a9218503040c8b9055763822c6184a1cd600127210a9abbc5aaea04?s=96&d=mm&r=g\",\"caption\":\"Brikela Qelemeni\"},\"url\":\"https:\/\/unkorce.edu.al\/en\/author\/brikela\/\"}]}<\/script>\n<!-- \/ Yoast SEO plugin. -->","yoast_head_json":{"title":"INSTITUTI I GJUH\u00cbSIS\u00cb DHE I LET\u00cbRSIS\u00cb PRAN\u00cb AKADEMIS\u00cb S\u00cb STUDIMEVE ALBANOLOGJIKE, N\u00cb BASHK\u00cbPUNIM ME FAKULTETIN E EDUKIMIT DHE FILOLOGJIS\u00cb T\u00cb UNIVERSITETIT T\u00cb KOR\u00c7\u00cbS, ORGANIZOJN\u00cb PROMOVIMIN E REVIST\u00cbS \u201cSTUDIME FILOLOGJIKE\u201d, SI EDHE PARAQITJEN E VEPRAVE T\u00cb P\u00cbRGATITURA NGA PUNONJ\u00cbSIT SHKENCOR\u00cb T\u00cb IGJL - Universiteti \"Fan S. Noli\", Kor\u00e7\u00eb","robots":{"index":"index","follow":"follow","max-snippet":"max-snippet:-1","max-image-preview":"max-image-preview:large","max-video-preview":"max-video-preview:-1"},"canonical":"https:\/\/unkorce.edu.al\/en\/instituti-i-gjuhesise-dhe-i-letersise-prane-akademise-se-studimeve-albanologjike-ne-bashkepunim-me-fakultetin-e-edukimit-dhe-filologjise-te-universitetit-te-korces-organizojne-promovimin-e-revistes\/","og_locale":"en_US","og_type":"article","og_title":"INSTITUTI I GJUH\u00cbSIS\u00cb DHE I LET\u00cbRSIS\u00cb PRAN\u00cb AKADEMIS\u00cb S\u00cb STUDIMEVE ALBANOLOGJIKE, N\u00cb BASHK\u00cbPUNIM ME FAKULTETIN E EDUKIMIT DHE FILOLOGJIS\u00cb T\u00cb UNIVERSITETIT T\u00cb KOR\u00c7\u00cbS, ORGANIZOJN\u00cb PROMOVIMIN E REVIST\u00cbS \u201cSTUDIME FILOLOGJIKE\u201d, SI EDHE PARAQITJEN E VEPRAVE T\u00cb P\u00cbRGATITURA NGA PUNONJ\u00cbSIT SHKENCOR\u00cb T\u00cb IGJL - Universiteti \"Fan S. Noli\", Kor\u00e7\u00eb","og_description":"N\u00eb dat\u00ebn 31 maj 2022, n\u00eb kuad\u00ebr t\u00eb realizimit t\u00eb nj\u00eb prej p\u00ebrpar\u00ebsive m\u00eb t\u00eb r\u00ebnd\u00ebsishme t\u00eb strategjis\u00eb s\u00eb vet, Instituti i Gjuh\u00ebsis\u00eb dhe i Let\u00ebrsis\u00eb, Akademia e Studimeve Albanologjike, n\u00eb bashk\u00ebpunim me Fakultetin e Edukimit dhe t\u00eb Filologjis\u00eb t\u00eb Universitetit \u201cFan S. Noli\u201d, organizoi nj\u00eb veprimtari n\u00eb t\u00eb cil\u00ebn u promovua revista \u201cStudime filologjike\u201d,...","og_url":"https:\/\/unkorce.edu.al\/en\/instituti-i-gjuhesise-dhe-i-letersise-prane-akademise-se-studimeve-albanologjike-ne-bashkepunim-me-fakultetin-e-edukimit-dhe-filologjise-te-universitetit-te-korces-organizojne-promovimin-e-revistes\/","og_site_name":"Universiteti \"Fan S. Noli\", Kor\u00e7\u00eb","article_publisher":"https:\/\/www.facebook.com\/unkorce","article_published_time":"2022-05-31T07:20:00+00:00","author":"Brikela Qelemeni","twitter_card":"summary_large_image","twitter_misc":{"Written by":"Brikela Qelemeni","Est. reading time":"7 minutes"},"schema":{"@context":"https:\/\/schema.org","@graph":[{"@type":"Article","@id":"https:\/\/unkorce.edu.al\/instituti-i-gjuhesise-dhe-i-letersise-prane-akademise-se-studimeve-albanologjike-ne-bashkepunim-me-fakultetin-e-edukimit-dhe-filologjise-te-universitetit-te-korces-organizojne-promovimin-e-revistes\/#article","isPartOf":{"@id":"https:\/\/unkorce.edu.al\/instituti-i-gjuhesise-dhe-i-letersise-prane-akademise-se-studimeve-albanologjike-ne-bashkepunim-me-fakultetin-e-edukimit-dhe-filologjise-te-universitetit-te-korces-organizojne-promovimin-e-revistes\/"},"author":{"name":"Brikela Qelemeni","@id":"https:\/\/unkorce.edu.al\/#\/schema\/person\/faa34c53e1891c174ff76279b528558e"},"headline":"INSTITUTI I GJUH\u00cbSIS\u00cb DHE I LET\u00cbRSIS\u00cb PRAN\u00cb AKADEMIS\u00cb S\u00cb STUDIMEVE ALBANOLOGJIKE, N\u00cb BASHK\u00cbPUNIM ME FAKULTETIN E EDUKIMIT DHE FILOLOGJIS\u00cb T\u00cb UNIVERSITETIT T\u00cb KOR\u00c7\u00cbS, ORGANIZOJN\u00cb PROMOVIMIN E REVIST\u00cbS \u201cSTUDIME FILOLOGJIKE\u201d, SI EDHE PARAQITJEN E VEPRAVE T\u00cb P\u00cbRGATITURA NGA PUNONJ\u00cbSIT SHKENCOR\u00cb T\u00cb IGJL","datePublished":"2022-05-31T07:20:00+00:00","mainEntityOfPage":{"@id":"https:\/\/unkorce.edu.al\/instituti-i-gjuhesise-dhe-i-letersise-prane-akademise-se-studimeve-albanologjike-ne-bashkepunim-me-fakultetin-e-edukimit-dhe-filologjise-te-universitetit-te-korces-organizojne-promovimin-e-revistes\/"},"wordCount":1520,"commentCount":0,"publisher":{"@id":"https:\/\/unkorce.edu.al\/#organization"},"image":{"@id":"https:\/\/unkorce.edu.al\/instituti-i-gjuhesise-dhe-i-letersise-prane-akademise-se-studimeve-albanologjike-ne-bashkepunim-me-fakultetin-e-edukimit-dhe-filologjise-te-universitetit-te-korces-organizojne-promovimin-e-revistes\/#primaryimage"},"thumbnailUrl":"","inLanguage":"en-US","potentialAction":[{"@type":"CommentAction","name":"Comment","target":["https:\/\/unkorce.edu.al\/instituti-i-gjuhesise-dhe-i-letersise-prane-akademise-se-studimeve-albanologjike-ne-bashkepunim-me-fakultetin-e-edukimit-dhe-filologjise-te-universitetit-te-korces-organizojne-promovimin-e-revistes\/#respond"]}]},{"@type":"WebPage","@id":"https:\/\/unkorce.edu.al\/instituti-i-gjuhesise-dhe-i-letersise-prane-akademise-se-studimeve-albanologjike-ne-bashkepunim-me-fakultetin-e-edukimit-dhe-filologjise-te-universitetit-te-korces-organizojne-promovimin-e-revistes\/","url":"https:\/\/unkorce.edu.al\/instituti-i-gjuhesise-dhe-i-letersise-prane-akademise-se-studimeve-albanologjike-ne-bashkepunim-me-fakultetin-e-edukimit-dhe-filologjise-te-universitetit-te-korces-organizojne-promovimin-e-revistes\/","name":"INSTITUTI I GJUH\u00cbSIS\u00cb DHE I LET\u00cbRSIS\u00cb PRAN\u00cb AKADEMIS\u00cb S\u00cb STUDIMEVE ALBANOLOGJIKE, N\u00cb BASHK\u00cbPUNIM ME FAKULTETIN E EDUKIMIT DHE FILOLOGJIS\u00cb T\u00cb UNIVERSITETIT T\u00cb KOR\u00c7\u00cbS, ORGANIZOJN\u00cb PROMOVIMIN E REVIST\u00cbS \u201cSTUDIME FILOLOGJIKE\u201d, SI EDHE PARAQITJEN E VEPRAVE T\u00cb P\u00cbRGATITURA NGA PUNONJ\u00cbSIT SHKENCOR\u00cb T\u00cb IGJL - Universiteti \"Fan S. Noli\", Kor\u00e7\u00eb","isPartOf":{"@id":"https:\/\/unkorce.edu.al\/#website"},"primaryImageOfPage":{"@id":"https:\/\/unkorce.edu.al\/instituti-i-gjuhesise-dhe-i-letersise-prane-akademise-se-studimeve-albanologjike-ne-bashkepunim-me-fakultetin-e-edukimit-dhe-filologjise-te-universitetit-te-korces-organizojne-promovimin-e-revistes\/#primaryimage"},"image":{"@id":"https:\/\/unkorce.edu.al\/instituti-i-gjuhesise-dhe-i-letersise-prane-akademise-se-studimeve-albanologjike-ne-bashkepunim-me-fakultetin-e-edukimit-dhe-filologjise-te-universitetit-te-korces-organizojne-promovimin-e-revistes\/#primaryimage"},"thumbnailUrl":"","datePublished":"2022-05-31T07:20:00+00:00","breadcrumb":{"@id":"https:\/\/unkorce.edu.al\/instituti-i-gjuhesise-dhe-i-letersise-prane-akademise-se-studimeve-albanologjike-ne-bashkepunim-me-fakultetin-e-edukimit-dhe-filologjise-te-universitetit-te-korces-organizojne-promovimin-e-revistes\/#breadcrumb"},"inLanguage":"en-US","potentialAction":[{"@type":"ReadAction","target":["https:\/\/unkorce.edu.al\/instituti-i-gjuhesise-dhe-i-letersise-prane-akademise-se-studimeve-albanologjike-ne-bashkepunim-me-fakultetin-e-edukimit-dhe-filologjise-te-universitetit-te-korces-organizojne-promovimin-e-revistes\/"]}]},{"@type":"ImageObject","inLanguage":"en-US","@id":"https:\/\/unkorce.edu.al\/instituti-i-gjuhesise-dhe-i-letersise-prane-akademise-se-studimeve-albanologjike-ne-bashkepunim-me-fakultetin-e-edukimit-dhe-filologjise-te-universitetit-te-korces-organizojne-promovimin-e-revistes\/#primaryimage","url":"","contentUrl":""},{"@type":"BreadcrumbList","@id":"https:\/\/unkorce.edu.al\/instituti-i-gjuhesise-dhe-i-letersise-prane-akademise-se-studimeve-albanologjike-ne-bashkepunim-me-fakultetin-e-edukimit-dhe-filologjise-te-universitetit-te-korces-organizojne-promovimin-e-revistes\/#breadcrumb","itemListElement":[{"@type":"ListItem","position":1,"name":"Home","item":"https:\/\/unkorce.edu.al\/"},{"@type":"ListItem","position":2,"name":"INSTITUTI I GJUH\u00cbSIS\u00cb DHE I LET\u00cbRSIS\u00cb PRAN\u00cb AKADEMIS\u00cb S\u00cb STUDIMEVE ALBANOLOGJIKE, N\u00cb BASHK\u00cbPUNIM ME FAKULTETIN E EDUKIMIT DHE FILOLOGJIS\u00cb T\u00cb UNIVERSITETIT T\u00cb KOR\u00c7\u00cbS, ORGANIZOJN\u00cb PROMOVIMIN E REVIST\u00cbS \u201cSTUDIME FILOLOGJIKE\u201d, SI EDHE PARAQITJEN E VEPRAVE T\u00cb P\u00cbRGATITURA NGA PUNONJ\u00cbSIT SHKENCOR\u00cb T\u00cb IGJL"}]},{"@type":"WebSite","@id":"https:\/\/unkorce.edu.al\/#website","url":"https:\/\/unkorce.edu.al\/","name":"Universiteti \"Fan S. Noli\", Kor\u00e7\u00eb","description":"Mir&euml;sevini n&euml; faqen zyrtare!","publisher":{"@id":"https:\/\/unkorce.edu.al\/#organization"},"potentialAction":[{"@type":"SearchAction","target":{"@type":"EntryPoint","urlTemplate":"https:\/\/unkorce.edu.al\/?s={search_term_string}"},"query-input":{"@type":"PropertyValueSpecification","valueRequired":true,"valueName":"search_term_string"}}],"inLanguage":"en-US"},{"@type":"Organization","@id":"https:\/\/unkorce.edu.al\/#organization","name":"Universiteti \"Fan S. Noli\", Kor\u00e7\u00eb","url":"https:\/\/unkorce.edu.al\/","logo":{"@type":"ImageObject","inLanguage":"en-US","@id":"https:\/\/unkorce.edu.al\/#\/schema\/logo\/image\/","url":"https:\/\/unkorce.edu.al\/wp-content\/uploads\/2024\/08\/Logo_e_Universitetit__Fan_Noli_-e1726660879862.png","contentUrl":"https:\/\/unkorce.edu.al\/wp-content\/uploads\/2024\/08\/Logo_e_Universitetit__Fan_Noli_-e1726660879862.png","width":200,"height":120,"caption":"Universiteti \"Fan S. Noli\", Kor\u00e7\u00eb"},"image":{"@id":"https:\/\/unkorce.edu.al\/#\/schema\/logo\/image\/"},"sameAs":["https:\/\/www.facebook.com\/unkorce"]},{"@type":"Person","@id":"https:\/\/unkorce.edu.al\/#\/schema\/person\/faa34c53e1891c174ff76279b528558e","name":"Brikela Qelemeni","image":{"@type":"ImageObject","inLanguage":"en-US","@id":"https:\/\/unkorce.edu.al\/#\/schema\/person\/image\/","url":"https:\/\/secure.gravatar.com\/avatar\/6c1805558a9218503040c8b9055763822c6184a1cd600127210a9abbc5aaea04?s=96&d=mm&r=g","contentUrl":"https:\/\/secure.gravatar.com\/avatar\/6c1805558a9218503040c8b9055763822c6184a1cd600127210a9abbc5aaea04?s=96&d=mm&r=g","caption":"Brikela Qelemeni"},"url":"https:\/\/unkorce.edu.al\/en\/author\/brikela\/"}]}},"_links":{"self":[{"href":"https:\/\/unkorce.edu.al\/en\/wp-json\/wp\/v2\/posts\/10391","targetHints":{"allow":["GET"]}}],"collection":[{"href":"https:\/\/unkorce.edu.al\/en\/wp-json\/wp\/v2\/posts"}],"about":[{"href":"https:\/\/unkorce.edu.al\/en\/wp-json\/wp\/v2\/types\/post"}],"author":[{"embeddable":true,"href":"https:\/\/unkorce.edu.al\/en\/wp-json\/wp\/v2\/users\/2"}],"replies":[{"embeddable":true,"href":"https:\/\/unkorce.edu.al\/en\/wp-json\/wp\/v2\/comments?post=10391"}],"version-history":[{"count":0,"href":"https:\/\/unkorce.edu.al\/en\/wp-json\/wp\/v2\/posts\/10391\/revisions"}],"wp:featuredmedia":[{"embeddable":true,"href":"https:\/\/unkorce.edu.al\/en\/wp-json\/"}],"wp:attachment":[{"href":"https:\/\/unkorce.edu.al\/en\/wp-json\/wp\/v2\/media?parent=10391"}],"wp:term":[{"taxonomy":"category","embeddable":true,"href":"https:\/\/unkorce.edu.al\/en\/wp-json\/wp\/v2\/categories?post=10391"},{"taxonomy":"post_tag","embeddable":true,"href":"https:\/\/unkorce.edu.al\/en\/wp-json\/wp\/v2\/tags?post=10391"}],"curies":[{"name":"wp","href":"https:\/\/api.w.org\/{rel}","templated":true}]}}