{"id":10236,"date":"2022-05-13T08:21:00","date_gmt":"2022-05-13T08:21:00","guid":{"rendered":"https:\/\/unkorce.edu.al\/?p=10236"},"modified":"2022-05-13T08:21:00","modified_gmt":"2022-05-13T08:21:00","slug":"ne-daten-13-maj-2022-ne-mjediset-e-bibliotekes-shkencore-poeti-skender-sherifi-prezantoi-veprimtarine-e-tij-botuese-per-studentet-dhe-pedagoget-e-universitetit-fan-s-noli","status":"publish","type":"post","link":"https:\/\/unkorce.edu.al\/en\/ne-daten-13-maj-2022-ne-mjediset-e-bibliotekes-shkencore-poeti-skender-sherifi-prezantoi-veprimtarine-e-tij-botuese-per-studentet-dhe-pedagoget-e-universitetit-fan-s-noli\/","title":{"rendered":"N\u00eb dat\u00ebn 13 maj 2022, n\u00eb mjediset e Bibliotek\u00ebs Shkencore, poeti Sk\u00ebnder Sherifi prezantoi veprimtarin\u00eb e tij botuese p\u00ebr student\u00ebt dhe pedagog\u00ebt e Universitetit &#8220;Fan S. Noli&#8221;."},"content":{"rendered":"<p>Veprimtarin\u00eb e hapi pedagogia e departamentit t\u00eb Edukimit, prof. dr. Irena Nikaj, e cila pasi fal\u00ebnderoi shkrimtarin p\u00ebr pranin\u00eb e tij, b\u00ebri nj\u00eb prezantim t\u00eb librave, duke e inkurajuar z. Sherifi q\u00eb k\u00ebto libra t&#8217;i promovoj\u00eb edhe n\u00eb mjedise t\u00eb tjera. N\u00eb k\u00ebt\u00eb takim ishin t\u00eb pranish\u00ebm edhe p\u00ebrfaq\u00ebsues t\u00eb Qarkut, Kor\u00e7\u00eb, p\u00ebrfaq\u00ebsues t\u00eb Aleanc\u00ebs Franceze, t\u00eb klubit t\u00eb shkrimtar\u00ebve &#8220;Bota e re&#8221;, t\u00eb shkollave t\u00eb qytetit etj. Poeti Sk\u00ebnder Sherifi b\u00ebri nj\u00eb prezantim t\u00eb disa prej momenteve kryesore t\u00eb jet\u00ebs s\u00eb tij, q\u00eb e frym\u00ebzuan p\u00ebr t\u00eb botuar poezit\u00eb e tij. Veprimtaria vijoi me pyetje dhe diskutime nga t\u00eb pranishmit.<\/p>\n\n\n\n<figure class=\"wp-block-gallery has-nested-images columns-default is-cropped wp-block-gallery-1 is-layout-flex wp-block-gallery-is-layout-flex\">\n<figure class=\"wp-block-image size-large\"><img decoding=\"async\" data-id=\"10237\" src=\"https:\/\/unkorce.edu.al\/wp-content\/uploads\/2022\/05\/280378867_5439058479452161_6489037551732672579_n-1024x768.jpg\" alt=\"\" class=\"wp-image-10237\"\/><\/figure>\n\n\n\n<figure class=\"wp-block-image size-large\"><img decoding=\"async\" data-id=\"10241\" src=\"https:\/\/unkorce.edu.al\/wp-content\/uploads\/2022\/05\/280391263_5439058679452141_734103361812156671_n-1024x580.jpg\" alt=\"\" class=\"wp-image-10241\"\/><\/figure>\n\n\n\n<figure class=\"wp-block-image size-large\"><img decoding=\"async\" data-id=\"10239\" src=\"https:\/\/unkorce.edu.al\/wp-content\/uploads\/2022\/05\/280397255_5439058296118846_7506049967985509309_n-1024x516.jpg\" alt=\"\" class=\"wp-image-10239\"\/><\/figure>\n\n\n\n<figure class=\"wp-block-image size-large\"><img decoding=\"async\" data-id=\"10238\" src=\"https:\/\/unkorce.edu.al\/wp-content\/uploads\/2022\/05\/280417901_5439058489452160_6186241065380887538_n-1024x768.jpg\" alt=\"\" class=\"wp-image-10238\"\/><\/figure>\n\n\n\n<figure class=\"wp-block-image size-large\"><img decoding=\"async\" data-id=\"10240\" src=\"https:\/\/unkorce.edu.al\/wp-content\/uploads\/2022\/05\/280501447_5439058809452128_2262309323499894309_n-1024x587.jpg\" alt=\"\" class=\"wp-image-10240\"\/><\/figure>\n\n\n\n<figure class=\"wp-block-image size-large\"><img decoding=\"async\" data-id=\"10242\" src=\"https:\/\/unkorce.edu.al\/wp-content\/uploads\/2022\/05\/280504117_5439058699452139_6415434594360123507_n-1024x702.jpg\" alt=\"\" class=\"wp-image-10242\"\/><\/figure>\n<\/figure>","protected":false},"excerpt":{"rendered":"<p>Veprimtarin\u00eb e hapi pedagogia e departamentit t\u00eb Edukimit, prof. dr. Irena Nikaj, e cila pasi fal\u00ebnderoi shkrimtarin p\u00ebr pranin\u00eb e tij, b\u00ebri nj\u00eb prezantim t\u00eb librave, duke e inkurajuar z. Sherifi q\u00eb k\u00ebto libra t&#8217;i promovoj\u00eb edhe n\u00eb mjedise t\u00eb tjera. N\u00eb k\u00ebt\u00eb takim ishin t\u00eb pranish\u00ebm edhe p\u00ebrfaq\u00ebsues t\u00eb Qarkut, Kor\u00e7\u00eb, p\u00ebrfaq\u00ebsues t\u00eb Aleanc\u00ebs&#8230;<\/p>","protected":false},"author":122,"featured_media":0,"comment_status":"open","ping_status":"open","sticky":false,"template":"","format":"standard","meta":{"_acf_changed":false,"footnotes":""},"categories":[31],"tags":[],"class_list":["post-10236","post","type-post","status-publish","format-standard","hentry","category-biblioteka-shkencore"],"acf":[],"yoast_head":"<!-- This site is optimized with the Yoast SEO plugin v26.9 - https:\/\/yoast.com\/product\/yoast-seo-wordpress\/ -->\n<title>N\u00eb dat\u00ebn 13 maj 2022, n\u00eb mjediset e Bibliotek\u00ebs Shkencore, poeti Sk\u00ebnder Sherifi prezantoi veprimtarin\u00eb e tij botuese p\u00ebr student\u00ebt dhe pedagog\u00ebt e Universitetit &quot;Fan S. Noli&quot;. - Universiteti &quot;Fan S. Noli&quot;, Kor\u00e7\u00eb<\/title>\n<meta name=\"robots\" content=\"index, follow, max-snippet:-1, max-image-preview:large, max-video-preview:-1\" \/>\n<link rel=\"canonical\" href=\"https:\/\/unkorce.edu.al\/en\/ne-daten-13-maj-2022-ne-mjediset-e-bibliotekes-shkencore-poeti-skender-sherifi-prezantoi-veprimtarine-e-tij-botuese-per-studentet-dhe-pedagoget-e-universitetit-fan-s-noli\/\" \/>\n<meta property=\"og:locale\" content=\"en_US\" \/>\n<meta property=\"og:type\" content=\"article\" \/>\n<meta property=\"og:title\" content=\"N\u00eb dat\u00ebn 13 maj 2022, n\u00eb mjediset e Bibliotek\u00ebs Shkencore, poeti Sk\u00ebnder Sherifi prezantoi veprimtarin\u00eb e tij botuese p\u00ebr student\u00ebt dhe pedagog\u00ebt e Universitetit &quot;Fan S. Noli&quot;. - Universiteti &quot;Fan S. Noli&quot;, Kor\u00e7\u00eb\" \/>\n<meta property=\"og:description\" content=\"Veprimtarin\u00eb e hapi pedagogia e departamentit t\u00eb Edukimit, prof. dr. Irena Nikaj, e cila pasi fal\u00ebnderoi shkrimtarin p\u00ebr pranin\u00eb e tij, b\u00ebri nj\u00eb prezantim t\u00eb librave, duke e inkurajuar z. Sherifi q\u00eb k\u00ebto libra t&#8217;i promovoj\u00eb edhe n\u00eb mjedise t\u00eb tjera. N\u00eb k\u00ebt\u00eb takim ishin t\u00eb pranish\u00ebm edhe p\u00ebrfaq\u00ebsues t\u00eb Qarkut, Kor\u00e7\u00eb, p\u00ebrfaq\u00ebsues t\u00eb Aleanc\u00ebs...\" \/>\n<meta property=\"og:url\" content=\"https:\/\/unkorce.edu.al\/en\/ne-daten-13-maj-2022-ne-mjediset-e-bibliotekes-shkencore-poeti-skender-sherifi-prezantoi-veprimtarine-e-tij-botuese-per-studentet-dhe-pedagoget-e-universitetit-fan-s-noli\/\" \/>\n<meta property=\"og:site_name\" content=\"Universiteti &quot;Fan S. Noli&quot;, Kor\u00e7\u00eb\" \/>\n<meta property=\"article:publisher\" content=\"https:\/\/www.facebook.com\/unkorce\" \/>\n<meta property=\"article:published_time\" content=\"2022-05-13T08:21:00+00:00\" \/>\n<meta name=\"author\" content=\"admin\" \/>\n<meta name=\"twitter:card\" content=\"summary_large_image\" \/>\n<meta name=\"twitter:label1\" content=\"Written by\" \/>\n\t<meta name=\"twitter:data1\" content=\"admin\" \/>\n\t<meta name=\"twitter:label2\" content=\"Est. reading time\" \/>\n\t<meta name=\"twitter:data2\" content=\"1 minute\" \/>\n<script type=\"application\/ld+json\" class=\"yoast-schema-graph\">{\"@context\":\"https:\/\/schema.org\",\"@graph\":[{\"@type\":\"Article\",\"@id\":\"https:\/\/unkorce.edu.al\/ne-daten-13-maj-2022-ne-mjediset-e-bibliotekes-shkencore-poeti-skender-sherifi-prezantoi-veprimtarine-e-tij-botuese-per-studentet-dhe-pedagoget-e-universitetit-fan-s-noli\/#article\",\"isPartOf\":{\"@id\":\"https:\/\/unkorce.edu.al\/ne-daten-13-maj-2022-ne-mjediset-e-bibliotekes-shkencore-poeti-skender-sherifi-prezantoi-veprimtarine-e-tij-botuese-per-studentet-dhe-pedagoget-e-universitetit-fan-s-noli\/\"},\"author\":{\"name\":\"admin\",\"@id\":\"https:\/\/unkorce.edu.al\/#\/schema\/person\/e335f987920788de76832aa7395b35c9\"},\"headline\":\"N\u00eb dat\u00ebn 13 maj 2022, n\u00eb mjediset e Bibliotek\u00ebs Shkencore, poeti Sk\u00ebnder Sherifi prezantoi veprimtarin\u00eb e tij botuese p\u00ebr student\u00ebt dhe pedagog\u00ebt e Universitetit &#8220;Fan S. Noli&#8221;.\",\"datePublished\":\"2022-05-13T08:21:00+00:00\",\"mainEntityOfPage\":{\"@id\":\"https:\/\/unkorce.edu.al\/ne-daten-13-maj-2022-ne-mjediset-e-bibliotekes-shkencore-poeti-skender-sherifi-prezantoi-veprimtarine-e-tij-botuese-per-studentet-dhe-pedagoget-e-universitetit-fan-s-noli\/\"},\"wordCount\":150,\"commentCount\":0,\"publisher\":{\"@id\":\"https:\/\/unkorce.edu.al\/#organization\"},\"image\":{\"@id\":\"https:\/\/unkorce.edu.al\/ne-daten-13-maj-2022-ne-mjediset-e-bibliotekes-shkencore-poeti-skender-sherifi-prezantoi-veprimtarine-e-tij-botuese-per-studentet-dhe-pedagoget-e-universitetit-fan-s-noli\/#primaryimage\"},\"thumbnailUrl\":\"https:\/\/unkorce.edu.al\/wp-content\/uploads\/2022\/05\/280378867_5439058479452161_6489037551732672579_n-1024x768.jpg\",\"articleSection\":[\"Biblioteka shkencore\"],\"inLanguage\":\"en-US\",\"potentialAction\":[{\"@type\":\"CommentAction\",\"name\":\"Comment\",\"target\":[\"https:\/\/unkorce.edu.al\/ne-daten-13-maj-2022-ne-mjediset-e-bibliotekes-shkencore-poeti-skender-sherifi-prezantoi-veprimtarine-e-tij-botuese-per-studentet-dhe-pedagoget-e-universitetit-fan-s-noli\/#respond\"]}]},{\"@type\":\"WebPage\",\"@id\":\"https:\/\/unkorce.edu.al\/ne-daten-13-maj-2022-ne-mjediset-e-bibliotekes-shkencore-poeti-skender-sherifi-prezantoi-veprimtarine-e-tij-botuese-per-studentet-dhe-pedagoget-e-universitetit-fan-s-noli\/\",\"url\":\"https:\/\/unkorce.edu.al\/ne-daten-13-maj-2022-ne-mjediset-e-bibliotekes-shkencore-poeti-skender-sherifi-prezantoi-veprimtarine-e-tij-botuese-per-studentet-dhe-pedagoget-e-universitetit-fan-s-noli\/\",\"name\":\"N\u00eb dat\u00ebn 13 maj 2022, n\u00eb mjediset e Bibliotek\u00ebs Shkencore, poeti Sk\u00ebnder Sherifi prezantoi veprimtarin\u00eb e tij botuese p\u00ebr student\u00ebt dhe pedagog\u00ebt e Universitetit \\\"Fan S. Noli\\\". - Universiteti \\\"Fan S. Noli\\\", Kor\u00e7\u00eb\",\"isPartOf\":{\"@id\":\"https:\/\/unkorce.edu.al\/#website\"},\"primaryImageOfPage\":{\"@id\":\"https:\/\/unkorce.edu.al\/ne-daten-13-maj-2022-ne-mjediset-e-bibliotekes-shkencore-poeti-skender-sherifi-prezantoi-veprimtarine-e-tij-botuese-per-studentet-dhe-pedagoget-e-universitetit-fan-s-noli\/#primaryimage\"},\"image\":{\"@id\":\"https:\/\/unkorce.edu.al\/ne-daten-13-maj-2022-ne-mjediset-e-bibliotekes-shkencore-poeti-skender-sherifi-prezantoi-veprimtarine-e-tij-botuese-per-studentet-dhe-pedagoget-e-universitetit-fan-s-noli\/#primaryimage\"},\"thumbnailUrl\":\"https:\/\/unkorce.edu.al\/wp-content\/uploads\/2022\/05\/280378867_5439058479452161_6489037551732672579_n-1024x768.jpg\",\"datePublished\":\"2022-05-13T08:21:00+00:00\",\"breadcrumb\":{\"@id\":\"https:\/\/unkorce.edu.al\/ne-daten-13-maj-2022-ne-mjediset-e-bibliotekes-shkencore-poeti-skender-sherifi-prezantoi-veprimtarine-e-tij-botuese-per-studentet-dhe-pedagoget-e-universitetit-fan-s-noli\/#breadcrumb\"},\"inLanguage\":\"en-US\",\"potentialAction\":[{\"@type\":\"ReadAction\",\"target\":[\"https:\/\/unkorce.edu.al\/ne-daten-13-maj-2022-ne-mjediset-e-bibliotekes-shkencore-poeti-skender-sherifi-prezantoi-veprimtarine-e-tij-botuese-per-studentet-dhe-pedagoget-e-universitetit-fan-s-noli\/\"]}]},{\"@type\":\"ImageObject\",\"inLanguage\":\"en-US\",\"@id\":\"https:\/\/unkorce.edu.al\/ne-daten-13-maj-2022-ne-mjediset-e-bibliotekes-shkencore-poeti-skender-sherifi-prezantoi-veprimtarine-e-tij-botuese-per-studentet-dhe-pedagoget-e-universitetit-fan-s-noli\/#primaryimage\",\"url\":\"https:\/\/unkorce.edu.al\/wp-content\/uploads\/2022\/05\/280378867_5439058479452161_6489037551732672579_n-1024x768.jpg\",\"contentUrl\":\"https:\/\/unkorce.edu.al\/wp-content\/uploads\/2022\/05\/280378867_5439058479452161_6489037551732672579_n-1024x768.jpg\"},{\"@type\":\"BreadcrumbList\",\"@id\":\"https:\/\/unkorce.edu.al\/ne-daten-13-maj-2022-ne-mjediset-e-bibliotekes-shkencore-poeti-skender-sherifi-prezantoi-veprimtarine-e-tij-botuese-per-studentet-dhe-pedagoget-e-universitetit-fan-s-noli\/#breadcrumb\",\"itemListElement\":[{\"@type\":\"ListItem\",\"position\":1,\"name\":\"Home\",\"item\":\"https:\/\/unkorce.edu.al\/\"},{\"@type\":\"ListItem\",\"position\":2,\"name\":\"N\u00eb dat\u00ebn 13 maj 2022, n\u00eb mjediset e Bibliotek\u00ebs Shkencore, poeti Sk\u00ebnder Sherifi prezantoi veprimtarin\u00eb e tij botuese p\u00ebr student\u00ebt dhe pedagog\u00ebt e Universitetit &#8220;Fan S. Noli&#8221;.\"}]},{\"@type\":\"WebSite\",\"@id\":\"https:\/\/unkorce.edu.al\/#website\",\"url\":\"https:\/\/unkorce.edu.al\/\",\"name\":\"Universiteti \\\"Fan S. Noli\\\", Kor\u00e7\u00eb\",\"description\":\"Mir&euml;sevini n&euml; faqen zyrtare!\",\"publisher\":{\"@id\":\"https:\/\/unkorce.edu.al\/#organization\"},\"potentialAction\":[{\"@type\":\"SearchAction\",\"target\":{\"@type\":\"EntryPoint\",\"urlTemplate\":\"https:\/\/unkorce.edu.al\/?s={search_term_string}\"},\"query-input\":{\"@type\":\"PropertyValueSpecification\",\"valueRequired\":true,\"valueName\":\"search_term_string\"}}],\"inLanguage\":\"en-US\"},{\"@type\":\"Organization\",\"@id\":\"https:\/\/unkorce.edu.al\/#organization\",\"name\":\"Universiteti \\\"Fan S. Noli\\\", Kor\u00e7\u00eb\",\"url\":\"https:\/\/unkorce.edu.al\/\",\"logo\":{\"@type\":\"ImageObject\",\"inLanguage\":\"en-US\",\"@id\":\"https:\/\/unkorce.edu.al\/#\/schema\/logo\/image\/\",\"url\":\"https:\/\/unkorce.edu.al\/wp-content\/uploads\/2024\/08\/Logo_e_Universitetit__Fan_Noli_-e1726660879862.png\",\"contentUrl\":\"https:\/\/unkorce.edu.al\/wp-content\/uploads\/2024\/08\/Logo_e_Universitetit__Fan_Noli_-e1726660879862.png\",\"width\":200,\"height\":120,\"caption\":\"Universiteti \\\"Fan S. Noli\\\", Kor\u00e7\u00eb\"},\"image\":{\"@id\":\"https:\/\/unkorce.edu.al\/#\/schema\/logo\/image\/\"},\"sameAs\":[\"https:\/\/www.facebook.com\/unkorce\"]},{\"@type\":\"Person\",\"@id\":\"https:\/\/unkorce.edu.al\/#\/schema\/person\/e335f987920788de76832aa7395b35c9\",\"name\":\"admin\",\"image\":{\"@type\":\"ImageObject\",\"inLanguage\":\"en-US\",\"@id\":\"https:\/\/unkorce.edu.al\/#\/schema\/person\/image\/\",\"url\":\"https:\/\/secure.gravatar.com\/avatar\/d6fa2e689697624268cddf82455237bf01dcca0f1b110a0e0ee6f60a81605cf4?s=96&d=mm&r=g\",\"contentUrl\":\"https:\/\/secure.gravatar.com\/avatar\/d6fa2e689697624268cddf82455237bf01dcca0f1b110a0e0ee6f60a81605cf4?s=96&d=mm&r=g\",\"caption\":\"admin\"},\"sameAs\":[\"http:\/\/unkorce.edu.al\"],\"url\":\"https:\/\/unkorce.edu.al\/en\/author\/unkorce\/\"}]}<\/script>\n<!-- \/ Yoast SEO plugin. -->","yoast_head_json":{"title":"N\u00eb dat\u00ebn 13 maj 2022, n\u00eb mjediset e Bibliotek\u00ebs Shkencore, poeti Sk\u00ebnder Sherifi prezantoi veprimtarin\u00eb e tij botuese p\u00ebr student\u00ebt dhe pedagog\u00ebt e Universitetit \"Fan S. Noli\". - Universiteti \"Fan S. Noli\", Kor\u00e7\u00eb","robots":{"index":"index","follow":"follow","max-snippet":"max-snippet:-1","max-image-preview":"max-image-preview:large","max-video-preview":"max-video-preview:-1"},"canonical":"https:\/\/unkorce.edu.al\/en\/ne-daten-13-maj-2022-ne-mjediset-e-bibliotekes-shkencore-poeti-skender-sherifi-prezantoi-veprimtarine-e-tij-botuese-per-studentet-dhe-pedagoget-e-universitetit-fan-s-noli\/","og_locale":"en_US","og_type":"article","og_title":"N\u00eb dat\u00ebn 13 maj 2022, n\u00eb mjediset e Bibliotek\u00ebs Shkencore, poeti Sk\u00ebnder Sherifi prezantoi veprimtarin\u00eb e tij botuese p\u00ebr student\u00ebt dhe pedagog\u00ebt e Universitetit \"Fan S. Noli\". - Universiteti \"Fan S. Noli\", Kor\u00e7\u00eb","og_description":"Veprimtarin\u00eb e hapi pedagogia e departamentit t\u00eb Edukimit, prof. dr. Irena Nikaj, e cila pasi fal\u00ebnderoi shkrimtarin p\u00ebr pranin\u00eb e tij, b\u00ebri nj\u00eb prezantim t\u00eb librave, duke e inkurajuar z. Sherifi q\u00eb k\u00ebto libra t&#8217;i promovoj\u00eb edhe n\u00eb mjedise t\u00eb tjera. N\u00eb k\u00ebt\u00eb takim ishin t\u00eb pranish\u00ebm edhe p\u00ebrfaq\u00ebsues t\u00eb Qarkut, Kor\u00e7\u00eb, p\u00ebrfaq\u00ebsues t\u00eb Aleanc\u00ebs...","og_url":"https:\/\/unkorce.edu.al\/en\/ne-daten-13-maj-2022-ne-mjediset-e-bibliotekes-shkencore-poeti-skender-sherifi-prezantoi-veprimtarine-e-tij-botuese-per-studentet-dhe-pedagoget-e-universitetit-fan-s-noli\/","og_site_name":"Universiteti \"Fan S. Noli\", Kor\u00e7\u00eb","article_publisher":"https:\/\/www.facebook.com\/unkorce","article_published_time":"2022-05-13T08:21:00+00:00","author":"admin","twitter_card":"summary_large_image","twitter_misc":{"Written by":"admin","Est. reading time":"1 minute"},"schema":{"@context":"https:\/\/schema.org","@graph":[{"@type":"Article","@id":"https:\/\/unkorce.edu.al\/ne-daten-13-maj-2022-ne-mjediset-e-bibliotekes-shkencore-poeti-skender-sherifi-prezantoi-veprimtarine-e-tij-botuese-per-studentet-dhe-pedagoget-e-universitetit-fan-s-noli\/#article","isPartOf":{"@id":"https:\/\/unkorce.edu.al\/ne-daten-13-maj-2022-ne-mjediset-e-bibliotekes-shkencore-poeti-skender-sherifi-prezantoi-veprimtarine-e-tij-botuese-per-studentet-dhe-pedagoget-e-universitetit-fan-s-noli\/"},"author":{"name":"admin","@id":"https:\/\/unkorce.edu.al\/#\/schema\/person\/e335f987920788de76832aa7395b35c9"},"headline":"N\u00eb dat\u00ebn 13 maj 2022, n\u00eb mjediset e Bibliotek\u00ebs Shkencore, poeti Sk\u00ebnder Sherifi prezantoi veprimtarin\u00eb e tij botuese p\u00ebr student\u00ebt dhe pedagog\u00ebt e Universitetit &#8220;Fan S. Noli&#8221;.","datePublished":"2022-05-13T08:21:00+00:00","mainEntityOfPage":{"@id":"https:\/\/unkorce.edu.al\/ne-daten-13-maj-2022-ne-mjediset-e-bibliotekes-shkencore-poeti-skender-sherifi-prezantoi-veprimtarine-e-tij-botuese-per-studentet-dhe-pedagoget-e-universitetit-fan-s-noli\/"},"wordCount":150,"commentCount":0,"publisher":{"@id":"https:\/\/unkorce.edu.al\/#organization"},"image":{"@id":"https:\/\/unkorce.edu.al\/ne-daten-13-maj-2022-ne-mjediset-e-bibliotekes-shkencore-poeti-skender-sherifi-prezantoi-veprimtarine-e-tij-botuese-per-studentet-dhe-pedagoget-e-universitetit-fan-s-noli\/#primaryimage"},"thumbnailUrl":"https:\/\/unkorce.edu.al\/wp-content\/uploads\/2022\/05\/280378867_5439058479452161_6489037551732672579_n-1024x768.jpg","articleSection":["Biblioteka shkencore"],"inLanguage":"en-US","potentialAction":[{"@type":"CommentAction","name":"Comment","target":["https:\/\/unkorce.edu.al\/ne-daten-13-maj-2022-ne-mjediset-e-bibliotekes-shkencore-poeti-skender-sherifi-prezantoi-veprimtarine-e-tij-botuese-per-studentet-dhe-pedagoget-e-universitetit-fan-s-noli\/#respond"]}]},{"@type":"WebPage","@id":"https:\/\/unkorce.edu.al\/ne-daten-13-maj-2022-ne-mjediset-e-bibliotekes-shkencore-poeti-skender-sherifi-prezantoi-veprimtarine-e-tij-botuese-per-studentet-dhe-pedagoget-e-universitetit-fan-s-noli\/","url":"https:\/\/unkorce.edu.al\/ne-daten-13-maj-2022-ne-mjediset-e-bibliotekes-shkencore-poeti-skender-sherifi-prezantoi-veprimtarine-e-tij-botuese-per-studentet-dhe-pedagoget-e-universitetit-fan-s-noli\/","name":"N\u00eb dat\u00ebn 13 maj 2022, n\u00eb mjediset e Bibliotek\u00ebs Shkencore, poeti Sk\u00ebnder Sherifi prezantoi veprimtarin\u00eb e tij botuese p\u00ebr student\u00ebt dhe pedagog\u00ebt e Universitetit \"Fan S. Noli\". - Universiteti \"Fan S. Noli\", Kor\u00e7\u00eb","isPartOf":{"@id":"https:\/\/unkorce.edu.al\/#website"},"primaryImageOfPage":{"@id":"https:\/\/unkorce.edu.al\/ne-daten-13-maj-2022-ne-mjediset-e-bibliotekes-shkencore-poeti-skender-sherifi-prezantoi-veprimtarine-e-tij-botuese-per-studentet-dhe-pedagoget-e-universitetit-fan-s-noli\/#primaryimage"},"image":{"@id":"https:\/\/unkorce.edu.al\/ne-daten-13-maj-2022-ne-mjediset-e-bibliotekes-shkencore-poeti-skender-sherifi-prezantoi-veprimtarine-e-tij-botuese-per-studentet-dhe-pedagoget-e-universitetit-fan-s-noli\/#primaryimage"},"thumbnailUrl":"https:\/\/unkorce.edu.al\/wp-content\/uploads\/2022\/05\/280378867_5439058479452161_6489037551732672579_n-1024x768.jpg","datePublished":"2022-05-13T08:21:00+00:00","breadcrumb":{"@id":"https:\/\/unkorce.edu.al\/ne-daten-13-maj-2022-ne-mjediset-e-bibliotekes-shkencore-poeti-skender-sherifi-prezantoi-veprimtarine-e-tij-botuese-per-studentet-dhe-pedagoget-e-universitetit-fan-s-noli\/#breadcrumb"},"inLanguage":"en-US","potentialAction":[{"@type":"ReadAction","target":["https:\/\/unkorce.edu.al\/ne-daten-13-maj-2022-ne-mjediset-e-bibliotekes-shkencore-poeti-skender-sherifi-prezantoi-veprimtarine-e-tij-botuese-per-studentet-dhe-pedagoget-e-universitetit-fan-s-noli\/"]}]},{"@type":"ImageObject","inLanguage":"en-US","@id":"https:\/\/unkorce.edu.al\/ne-daten-13-maj-2022-ne-mjediset-e-bibliotekes-shkencore-poeti-skender-sherifi-prezantoi-veprimtarine-e-tij-botuese-per-studentet-dhe-pedagoget-e-universitetit-fan-s-noli\/#primaryimage","url":"https:\/\/unkorce.edu.al\/wp-content\/uploads\/2022\/05\/280378867_5439058479452161_6489037551732672579_n-1024x768.jpg","contentUrl":"https:\/\/unkorce.edu.al\/wp-content\/uploads\/2022\/05\/280378867_5439058479452161_6489037551732672579_n-1024x768.jpg"},{"@type":"BreadcrumbList","@id":"https:\/\/unkorce.edu.al\/ne-daten-13-maj-2022-ne-mjediset-e-bibliotekes-shkencore-poeti-skender-sherifi-prezantoi-veprimtarine-e-tij-botuese-per-studentet-dhe-pedagoget-e-universitetit-fan-s-noli\/#breadcrumb","itemListElement":[{"@type":"ListItem","position":1,"name":"Home","item":"https:\/\/unkorce.edu.al\/"},{"@type":"ListItem","position":2,"name":"N\u00eb dat\u00ebn 13 maj 2022, n\u00eb mjediset e Bibliotek\u00ebs Shkencore, poeti Sk\u00ebnder Sherifi prezantoi veprimtarin\u00eb e tij botuese p\u00ebr student\u00ebt dhe pedagog\u00ebt e Universitetit &#8220;Fan S. Noli&#8221;."}]},{"@type":"WebSite","@id":"https:\/\/unkorce.edu.al\/#website","url":"https:\/\/unkorce.edu.al\/","name":"Universiteti \"Fan S. Noli\", Kor\u00e7\u00eb","description":"Mir&euml;sevini n&euml; faqen zyrtare!","publisher":{"@id":"https:\/\/unkorce.edu.al\/#organization"},"potentialAction":[{"@type":"SearchAction","target":{"@type":"EntryPoint","urlTemplate":"https:\/\/unkorce.edu.al\/?s={search_term_string}"},"query-input":{"@type":"PropertyValueSpecification","valueRequired":true,"valueName":"search_term_string"}}],"inLanguage":"en-US"},{"@type":"Organization","@id":"https:\/\/unkorce.edu.al\/#organization","name":"Universiteti \"Fan S. Noli\", Kor\u00e7\u00eb","url":"https:\/\/unkorce.edu.al\/","logo":{"@type":"ImageObject","inLanguage":"en-US","@id":"https:\/\/unkorce.edu.al\/#\/schema\/logo\/image\/","url":"https:\/\/unkorce.edu.al\/wp-content\/uploads\/2024\/08\/Logo_e_Universitetit__Fan_Noli_-e1726660879862.png","contentUrl":"https:\/\/unkorce.edu.al\/wp-content\/uploads\/2024\/08\/Logo_e_Universitetit__Fan_Noli_-e1726660879862.png","width":200,"height":120,"caption":"Universiteti \"Fan S. Noli\", Kor\u00e7\u00eb"},"image":{"@id":"https:\/\/unkorce.edu.al\/#\/schema\/logo\/image\/"},"sameAs":["https:\/\/www.facebook.com\/unkorce"]},{"@type":"Person","@id":"https:\/\/unkorce.edu.al\/#\/schema\/person\/e335f987920788de76832aa7395b35c9","name":"admin","image":{"@type":"ImageObject","inLanguage":"en-US","@id":"https:\/\/unkorce.edu.al\/#\/schema\/person\/image\/","url":"https:\/\/secure.gravatar.com\/avatar\/d6fa2e689697624268cddf82455237bf01dcca0f1b110a0e0ee6f60a81605cf4?s=96&d=mm&r=g","contentUrl":"https:\/\/secure.gravatar.com\/avatar\/d6fa2e689697624268cddf82455237bf01dcca0f1b110a0e0ee6f60a81605cf4?s=96&d=mm&r=g","caption":"admin"},"sameAs":["http:\/\/unkorce.edu.al"],"url":"https:\/\/unkorce.edu.al\/en\/author\/unkorce\/"}]}},"_links":{"self":[{"href":"https:\/\/unkorce.edu.al\/en\/wp-json\/wp\/v2\/posts\/10236","targetHints":{"allow":["GET"]}}],"collection":[{"href":"https:\/\/unkorce.edu.al\/en\/wp-json\/wp\/v2\/posts"}],"about":[{"href":"https:\/\/unkorce.edu.al\/en\/wp-json\/wp\/v2\/types\/post"}],"author":[{"embeddable":true,"href":"https:\/\/unkorce.edu.al\/en\/wp-json\/wp\/v2\/users\/122"}],"replies":[{"embeddable":true,"href":"https:\/\/unkorce.edu.al\/en\/wp-json\/wp\/v2\/comments?post=10236"}],"version-history":[{"count":0,"href":"https:\/\/unkorce.edu.al\/en\/wp-json\/wp\/v2\/posts\/10236\/revisions"}],"wp:attachment":[{"href":"https:\/\/unkorce.edu.al\/en\/wp-json\/wp\/v2\/media?parent=10236"}],"wp:term":[{"taxonomy":"category","embeddable":true,"href":"https:\/\/unkorce.edu.al\/en\/wp-json\/wp\/v2\/categories?post=10236"},{"taxonomy":"post_tag","embeddable":true,"href":"https:\/\/unkorce.edu.al\/en\/wp-json\/wp\/v2\/tags?post=10236"}],"curies":[{"name":"wp","href":"https:\/\/api.w.org\/{rel}","templated":true}]}}